
{"id":58846,"date":"2015-01-31T14:20:44","date_gmt":"2015-01-31T16:20:44","guid":{"rendered":"http:\/\/www.oarcanjo.net\/site\/?p=58846"},"modified":"2015-03-19T10:58:13","modified_gmt":"2015-03-19T13:58:13","slug":"presidente-da-cnbb-abre-consulta-as-dioceses-sobre-o-sinodo-da-familia","status":"publish","type":"post","link":"https:\/\/www.oarcanjo.net\/site\/presidente-da-cnbb-abre-consulta-as-dioceses-sobre-o-sinodo-da-familia\/","title":{"rendered":"CNBB abre consulta \u00e0s dioceses sobre o S\u00ednodo da Fam\u00edlia"},"content":{"rendered":"<p>&#8220;Ficaria muito grato se o senhor promovesse uma consulta ampla com o Povo de Deus da sua diocese para o bom \u00eaxito do processo sinodal que se concluir\u00e1 com a segunda e \u00faltima etapa do S\u00ednodo sobre a Fam\u00edlia, em outubro pr\u00f3ximo. Aproveito para pedir as ora\u00e7\u00f5es de sua diocese para a fam\u00edlia e a pr\u00f3xima Assembleia Sinodal&#8221;, disse o arcebispo de Aparecida (SP) e presidente da Confer\u00eancia Nacional dos Bispos do Brasil (CNBB), cardeal Raymundo Damasceno Assis, em carta enviada aos bispos do Brasil. Acesse o\u00a0<a title=\"Question\u00e1rio\" href=\"http:\/\/www.vatican.va\/roman_curia\/synod\/documents\/rc_synod_doc_20141209_lineamenta-xiv-assembly_po.html\" target=\"_blank\"><strong>question\u00e1rio<\/strong> <strong>disponibilizado pelo Vaticano<\/strong><\/a><strong>.<\/strong><\/p>\n<p>A iniciativa do presidente da CNBB \u00e9 motivada a partir do comunicado do secret\u00e1rio-geral do S\u00ednodo, cardeal Lorenzo Baldisseri, que pede a realiza\u00e7\u00e3o de &#8220;uma ampla consulta com todo o povo de Deus sobre a fam\u00edlia segunda a orienta\u00e7\u00e3o do processo sinodal&#8221;.<\/p>\n<p>Diante da solicita\u00e7\u00e3o da Santa S\u00e9, dom Raymundo Damasceno, tamb\u00e9m delegado-presidente do S\u00ednodo, pede a contribui\u00e7\u00e3o das dioceses do Brasil com a consulta sobre a fam\u00edlia.<\/p>\n<p>O texto de trabalho (<em>Instrumentum laboris<\/em>) da primeira fase do S\u00ednodo, tamb\u00e9m contou com a colabora\u00e7\u00e3o das dioceses de diversos pa\u00edses. A consulta ao povo \u00e9 um pedido do papa Francisco, que tem incentivado a participa\u00e7\u00e3o das comunidades nas reflex\u00f5es do S\u00ednodo. A <em>3\u00aa Assembleia Extraordin\u00e1ria<\/em>\u00a0do S\u00ednodo dos Bispos foi realizada de 5 a 19 de outubro, no Vaticano.<\/p>\n<p><strong>Ouvir o povo<\/strong><\/p>\n<p>O primeiro dos documentos da 3\u00aa Assembleia Geral Extraordin\u00e1ria do S\u00ednodo dos Bispos, os\u00a0<a href=\"http:\/\/www.vatican.va\/roman_curia\/synod\/documents\/rc_synod_doc_20141209_lineamenta-xiv-assembly_po.html\" target=\"_blank\">Lineamenta<\/a>, al\u00e9m das reflex\u00f5es, apresenta uma s\u00e9rie de perguntas. O objetivo \u00e9 avaliar o texto produzido pelos bispos e solicitar o aprofundamento do trabalho come\u00e7ado durante a Assembleia. Ao todo, o documento prop\u00f5e 46 quest\u00f5es para serem refletidas e orientadas a partir de tem\u00e1ticas:<\/p>\n<p>&#8220;O contexto sociocultural&#8221;, &#8220;A relev\u00e2ncia da vida afetiva&#8221;, &#8220;A fam\u00edlia no des\u00edgnio salv\u00edfico de Deus&#8221;, &#8220;A indissolubilidade do matrim\u00f4nio e a alegria de viver juntos&#8221;, &#8220;Cura pastoral de quantos vivem no matrim\u00f4nio civil ou convivem&#8221;, &#8220;A aten\u00e7\u00e3o pastoral \u00e0s pessoas com tend\u00eancia homossexual&#8221;, &#8220;O desafio da educa\u00e7\u00e3o e o papel da fam\u00edlia na evangeliza\u00e7\u00e3o&#8221;.<\/p>\n<p><strong>Orienta\u00e7\u00f5es<\/strong><\/p>\n<p>No site do Vaticano est\u00e1 dispon\u00edvel o question\u00e1rio (<a href=\"http:\/\/www.vatican.va\/roman_curia\/synod\/documents\/rc_synod_doc_20141209_lineamenta-xiv-assembly_po.html\" target=\"_blank\"><strong>baixe aqui<\/strong><\/a>) que dever\u00e1 nortear os trabalhos de estudos nas dioceses, sob orienta\u00e7\u00e3o do bispo local ou respons\u00e1vel. A CNBB ir\u00e1 receber as contribui\u00e7\u00f5es e produzir\u00e1 uma s\u00edntese do material coletado nas igrejas particulares. Posteriormente, esse conte\u00fado ser\u00e1 enviado \u00e0 secretaria geral do S\u00ednodo, respons\u00e1vel em preparar o texto de trabalho para a 14\u00aa Assembleia Geral Ordin\u00e1ria, que ocorrer\u00e1 de 4 a 25 de outubro pr\u00f3ximo, no Vaticano. O tema proposto ser\u00e1 &#8220;A voca\u00e7\u00e3o e a miss\u00e3o da fam\u00edlia na Igreja e no mundo contempor\u00e2neo&#8221;.<\/p>\n<p>A secretaria do S\u00ednodo orienta, ainda, que as Confer\u00eancias Episcopais escolham as modalidades adequadas para produzir as reflex\u00f5es, conforme orienta o documento. Outra sugest\u00e3o \u00e9 que agentes de pastorais das Igrejas particulares e institui\u00e7\u00f5es acad\u00eamicas, organiza\u00e7\u00f5es, movimentos laicais e outras inst\u00e2ncias eclesiais sejam envolvidos no trabalho.<\/p>\n<p><em>Fonte: CNBB com informa\u00e7\u00f5es da Secretaria do S\u00ednodo\/Vaticano<\/em><\/p>\n<div id=\"themify_builder_content-58846\" data-postid=\"58846\" class=\"themify_builder_content themify_builder_content-58846 themify_builder themify_builder_front\">\n\t<\/div>\n<!-- \/themify_builder_content -->","protected":false},"excerpt":{"rendered":"<p>Em carta enviada aos bispos, o presidente da CNBB pede que se fa\u00e7a uma consulta ampla para o bom \u00eaxito do processo que se encerrar\u00e1 com a \u00faltima etapa do S\u00ednodo sobre a Fam\u00edlia, em outubro<\/p>\n","protected":false},"author":3,"featured_media":58847,"comment_status":"open","ping_status":"open","sticky":false,"template":"","format":"standard","meta":{"ngg_post_thumbnail":0,"footnotes":""},"categories":[8],"tags":[63,119,2787,32,34],"yoast_head":"<!-- This site is optimized with the Yoast SEO plugin v23.5 - https:\/\/yoast.com\/wordpress\/plugins\/seo\/ -->\n<title>CNBB abre consulta \u00e0s dioceses sobre o S\u00ednodo da Fam\u00edlia - O Arcanjo no ar<\/title>\n<meta name=\"robots\" content=\"index, follow, max-snippet:-1, max-image-preview:large, max-video-preview:-1\" \/>\n<link rel=\"canonical\" href=\"https:\/\/www.oarcanjo.net\/site\/presidente-da-cnbb-abre-consulta-as-dioceses-sobre-o-sinodo-da-familia\/\" \/>\n<meta property=\"og:locale\" content=\"pt_BR\" \/>\n<meta property=\"og:type\" content=\"article\" \/>\n<meta property=\"og:title\" content=\"CNBB abre consulta \u00e0s dioceses sobre o S\u00ednodo da Fam\u00edlia - O Arcanjo no ar\" \/>\n<meta property=\"og:description\" content=\"Em carta enviada aos bispos, o presidente da CNBB pede que se fa\u00e7a uma consulta ampla para o bom \u00eaxito do processo que se encerrar\u00e1 com a \u00faltima etapa do S\u00ednodo sobre a Fam\u00edlia, em outubro\" \/>\n<meta property=\"og:url\" content=\"https:\/\/www.oarcanjo.net\/site\/presidente-da-cnbb-abre-consulta-as-dioceses-sobre-o-sinodo-da-familia\/\" \/>\n<meta property=\"og:site_name\" content=\"O Arcanjo no ar\" \/>\n<meta property=\"article:publisher\" content=\"https:\/\/www.facebook.com\/OArcanjoNoAr\/\" \/>\n<meta property=\"article:published_time\" content=\"2015-01-31T16:20:44+00:00\" \/>\n<meta property=\"article:modified_time\" content=\"2015-03-19T13:58:13+00:00\" \/>\n<meta property=\"og:image\" content=\"https:\/\/www.oarcanjo.net\/site\/wp-content\/uploads\/banner-LINEAMENTA-jan-2015.jpg\" \/>\n\t<meta property=\"og:image:width\" content=\"700\" \/>\n\t<meta property=\"og:image:height\" content=\"320\" \/>\n\t<meta property=\"og:image:type\" content=\"image\/jpeg\" \/>\n<meta name=\"author\" content=\"miriam.meyer\" \/>\n<meta name=\"twitter:card\" content=\"summary_large_image\" \/>\n<meta name=\"twitter:label1\" content=\"Escrito por\" \/>\n\t<meta name=\"twitter:data1\" content=\"miriam.meyer\" \/>\n\t<meta name=\"twitter:label2\" content=\"Est. tempo de leitura\" \/>\n\t<meta name=\"twitter:data2\" content=\"3 minutos\" \/>\n<script type=\"application\/ld+json\" class=\"yoast-schema-graph\">{\"@context\":\"https:\/\/schema.org\",\"@graph\":[{\"@type\":\"Article\",\"@id\":\"https:\/\/www.oarcanjo.net\/site\/presidente-da-cnbb-abre-consulta-as-dioceses-sobre-o-sinodo-da-familia\/#article\",\"isPartOf\":{\"@id\":\"https:\/\/www.oarcanjo.net\/site\/presidente-da-cnbb-abre-consulta-as-dioceses-sobre-o-sinodo-da-familia\/\"},\"author\":{\"name\":\"miriam.meyer\",\"@id\":\"https:\/\/www.oarcanjo.net\/site\/#\/schema\/person\/ce0fba3450314a09c6442cfee983a3d8\"},\"headline\":\"CNBB abre consulta \u00e0s dioceses sobre o S\u00ednodo da Fam\u00edlia\",\"datePublished\":\"2015-01-31T16:20:44+00:00\",\"dateModified\":\"2015-03-19T13:58:13+00:00\",\"mainEntityOfPage\":{\"@id\":\"https:\/\/www.oarcanjo.net\/site\/presidente-da-cnbb-abre-consulta-as-dioceses-sobre-o-sinodo-da-familia\/\"},\"wordCount\":555,\"commentCount\":0,\"publisher\":{\"@id\":\"https:\/\/www.oarcanjo.net\/site\/#organization\"},\"image\":{\"@id\":\"https:\/\/www.oarcanjo.net\/site\/presidente-da-cnbb-abre-consulta-as-dioceses-sobre-o-sinodo-da-familia\/#primaryimage\"},\"thumbnailUrl\":\"https:\/\/www.oarcanjo.net\/site\/wp-content\/uploads\/banner-LINEAMENTA-jan-2015.jpg\",\"keywords\":[\"CNBB\",\"fam\u00edlia\",\"Question\u00e1rio\",\"s\u00ednodo\",\"vaticano\"],\"articleSection\":[\"Not\u00edcias\"],\"inLanguage\":\"pt-BR\",\"potentialAction\":[{\"@type\":\"CommentAction\",\"name\":\"Comment\",\"target\":[\"https:\/\/www.oarcanjo.net\/site\/presidente-da-cnbb-abre-consulta-as-dioceses-sobre-o-sinodo-da-familia\/#respond\"]}]},{\"@type\":\"WebPage\",\"@id\":\"https:\/\/www.oarcanjo.net\/site\/presidente-da-cnbb-abre-consulta-as-dioceses-sobre-o-sinodo-da-familia\/\",\"url\":\"https:\/\/www.oarcanjo.net\/site\/presidente-da-cnbb-abre-consulta-as-dioceses-sobre-o-sinodo-da-familia\/\",\"name\":\"CNBB abre consulta \u00e0s dioceses sobre o S\u00ednodo da Fam\u00edlia - O Arcanjo no ar\",\"isPartOf\":{\"@id\":\"https:\/\/www.oarcanjo.net\/site\/#website\"},\"primaryImageOfPage\":{\"@id\":\"https:\/\/www.oarcanjo.net\/site\/presidente-da-cnbb-abre-consulta-as-dioceses-sobre-o-sinodo-da-familia\/#primaryimage\"},\"image\":{\"@id\":\"https:\/\/www.oarcanjo.net\/site\/presidente-da-cnbb-abre-consulta-as-dioceses-sobre-o-sinodo-da-familia\/#primaryimage\"},\"thumbnailUrl\":\"https:\/\/www.oarcanjo.net\/site\/wp-content\/uploads\/banner-LINEAMENTA-jan-2015.jpg\",\"datePublished\":\"2015-01-31T16:20:44+00:00\",\"dateModified\":\"2015-03-19T13:58:13+00:00\",\"breadcrumb\":{\"@id\":\"https:\/\/www.oarcanjo.net\/site\/presidente-da-cnbb-abre-consulta-as-dioceses-sobre-o-sinodo-da-familia\/#breadcrumb\"},\"inLanguage\":\"pt-BR\",\"potentialAction\":[{\"@type\":\"ReadAction\",\"target\":[\"https:\/\/www.oarcanjo.net\/site\/presidente-da-cnbb-abre-consulta-as-dioceses-sobre-o-sinodo-da-familia\/\"]}]},{\"@type\":\"ImageObject\",\"inLanguage\":\"pt-BR\",\"@id\":\"https:\/\/www.oarcanjo.net\/site\/presidente-da-cnbb-abre-consulta-as-dioceses-sobre-o-sinodo-da-familia\/#primaryimage\",\"url\":\"https:\/\/www.oarcanjo.net\/site\/wp-content\/uploads\/banner-LINEAMENTA-jan-2015.jpg\",\"contentUrl\":\"https:\/\/www.oarcanjo.net\/site\/wp-content\/uploads\/banner-LINEAMENTA-jan-2015.jpg\",\"width\":700,\"height\":320},{\"@type\":\"BreadcrumbList\",\"@id\":\"https:\/\/www.oarcanjo.net\/site\/presidente-da-cnbb-abre-consulta-as-dioceses-sobre-o-sinodo-da-familia\/#breadcrumb\",\"itemListElement\":[{\"@type\":\"ListItem\",\"position\":1,\"name\":\"In\u00edcio\",\"item\":\"https:\/\/www.oarcanjo.net\/site\/\"},{\"@type\":\"ListItem\",\"position\":2,\"name\":\"CNBB abre consulta \u00e0s dioceses sobre o S\u00ednodo da Fam\u00edlia\"}]},{\"@type\":\"WebSite\",\"@id\":\"https:\/\/www.oarcanjo.net\/site\/#website\",\"url\":\"https:\/\/www.oarcanjo.net\/site\/\",\"name\":\"O Arcanjo no ar\",\"description\":\"Site da Par\u00f3quia S\u00e3o Miguel Arcanjo (Arquidiocese de SP)\",\"publisher\":{\"@id\":\"https:\/\/www.oarcanjo.net\/site\/#organization\"},\"potentialAction\":[{\"@type\":\"SearchAction\",\"target\":{\"@type\":\"EntryPoint\",\"urlTemplate\":\"https:\/\/www.oarcanjo.net\/site\/?s={search_term_string}\"},\"query-input\":{\"@type\":\"PropertyValueSpecification\",\"valueRequired\":true,\"valueName\":\"search_term_string\"}}],\"inLanguage\":\"pt-BR\"},{\"@type\":\"Organization\",\"@id\":\"https:\/\/www.oarcanjo.net\/site\/#organization\",\"name\":\"Par\u00f3quia S\u00e3o Miguel Arcanjo\",\"url\":\"https:\/\/www.oarcanjo.net\/site\/\",\"logo\":{\"@type\":\"ImageObject\",\"inLanguage\":\"pt-BR\",\"@id\":\"https:\/\/www.oarcanjo.net\/site\/#\/schema\/logo\/image\/\",\"url\":\"https:\/\/www.oarcanjo.net\/site\/wp-content\/uploads\/LogoOArcanjo.png\",\"contentUrl\":\"https:\/\/www.oarcanjo.net\/site\/wp-content\/uploads\/LogoOArcanjo.png\",\"width\":319,\"height\":99,\"caption\":\"Par\u00f3quia S\u00e3o Miguel Arcanjo\"},\"image\":{\"@id\":\"https:\/\/www.oarcanjo.net\/site\/#\/schema\/logo\/image\/\"},\"sameAs\":[\"https:\/\/www.facebook.com\/OArcanjoNoAr\/\"]},{\"@type\":\"Person\",\"@id\":\"https:\/\/www.oarcanjo.net\/site\/#\/schema\/person\/ce0fba3450314a09c6442cfee983a3d8\",\"name\":\"miriam.meyer\"}]}<\/script>\n<!-- \/ Yoast SEO plugin. -->","yoast_head_json":{"title":"CNBB abre consulta \u00e0s dioceses sobre o S\u00ednodo da Fam\u00edlia - O Arcanjo no ar","robots":{"index":"index","follow":"follow","max-snippet":"max-snippet:-1","max-image-preview":"max-image-preview:large","max-video-preview":"max-video-preview:-1"},"canonical":"https:\/\/www.oarcanjo.net\/site\/presidente-da-cnbb-abre-consulta-as-dioceses-sobre-o-sinodo-da-familia\/","og_locale":"pt_BR","og_type":"article","og_title":"CNBB abre consulta \u00e0s dioceses sobre o S\u00ednodo da Fam\u00edlia - O Arcanjo no ar","og_description":"Em carta enviada aos bispos, o presidente da CNBB pede que se fa\u00e7a uma consulta ampla para o bom \u00eaxito do processo que se encerrar\u00e1 com a \u00faltima etapa do S\u00ednodo sobre a Fam\u00edlia, em outubro","og_url":"https:\/\/www.oarcanjo.net\/site\/presidente-da-cnbb-abre-consulta-as-dioceses-sobre-o-sinodo-da-familia\/","og_site_name":"O Arcanjo no ar","article_publisher":"https:\/\/www.facebook.com\/OArcanjoNoAr\/","article_published_time":"2015-01-31T16:20:44+00:00","article_modified_time":"2015-03-19T13:58:13+00:00","og_image":[{"width":700,"height":320,"url":"https:\/\/www.oarcanjo.net\/site\/wp-content\/uploads\/banner-LINEAMENTA-jan-2015.jpg","type":"image\/jpeg"}],"author":"miriam.meyer","twitter_card":"summary_large_image","twitter_misc":{"Escrito por":"miriam.meyer","Est. tempo de leitura":"3 minutos"},"schema":{"@context":"https:\/\/schema.org","@graph":[{"@type":"Article","@id":"https:\/\/www.oarcanjo.net\/site\/presidente-da-cnbb-abre-consulta-as-dioceses-sobre-o-sinodo-da-familia\/#article","isPartOf":{"@id":"https:\/\/www.oarcanjo.net\/site\/presidente-da-cnbb-abre-consulta-as-dioceses-sobre-o-sinodo-da-familia\/"},"author":{"name":"miriam.meyer","@id":"https:\/\/www.oarcanjo.net\/site\/#\/schema\/person\/ce0fba3450314a09c6442cfee983a3d8"},"headline":"CNBB abre consulta \u00e0s dioceses sobre o S\u00ednodo da Fam\u00edlia","datePublished":"2015-01-31T16:20:44+00:00","dateModified":"2015-03-19T13:58:13+00:00","mainEntityOfPage":{"@id":"https:\/\/www.oarcanjo.net\/site\/presidente-da-cnbb-abre-consulta-as-dioceses-sobre-o-sinodo-da-familia\/"},"wordCount":555,"commentCount":0,"publisher":{"@id":"https:\/\/www.oarcanjo.net\/site\/#organization"},"image":{"@id":"https:\/\/www.oarcanjo.net\/site\/presidente-da-cnbb-abre-consulta-as-dioceses-sobre-o-sinodo-da-familia\/#primaryimage"},"thumbnailUrl":"https:\/\/www.oarcanjo.net\/site\/wp-content\/uploads\/banner-LINEAMENTA-jan-2015.jpg","keywords":["CNBB","fam\u00edlia","Question\u00e1rio","s\u00ednodo","vaticano"],"articleSection":["Not\u00edcias"],"inLanguage":"pt-BR","potentialAction":[{"@type":"CommentAction","name":"Comment","target":["https:\/\/www.oarcanjo.net\/site\/presidente-da-cnbb-abre-consulta-as-dioceses-sobre-o-sinodo-da-familia\/#respond"]}]},{"@type":"WebPage","@id":"https:\/\/www.oarcanjo.net\/site\/presidente-da-cnbb-abre-consulta-as-dioceses-sobre-o-sinodo-da-familia\/","url":"https:\/\/www.oarcanjo.net\/site\/presidente-da-cnbb-abre-consulta-as-dioceses-sobre-o-sinodo-da-familia\/","name":"CNBB abre consulta \u00e0s dioceses sobre o S\u00ednodo da Fam\u00edlia - O Arcanjo no ar","isPartOf":{"@id":"https:\/\/www.oarcanjo.net\/site\/#website"},"primaryImageOfPage":{"@id":"https:\/\/www.oarcanjo.net\/site\/presidente-da-cnbb-abre-consulta-as-dioceses-sobre-o-sinodo-da-familia\/#primaryimage"},"image":{"@id":"https:\/\/www.oarcanjo.net\/site\/presidente-da-cnbb-abre-consulta-as-dioceses-sobre-o-sinodo-da-familia\/#primaryimage"},"thumbnailUrl":"https:\/\/www.oarcanjo.net\/site\/wp-content\/uploads\/banner-LINEAMENTA-jan-2015.jpg","datePublished":"2015-01-31T16:20:44+00:00","dateModified":"2015-03-19T13:58:13+00:00","breadcrumb":{"@id":"https:\/\/www.oarcanjo.net\/site\/presidente-da-cnbb-abre-consulta-as-dioceses-sobre-o-sinodo-da-familia\/#breadcrumb"},"inLanguage":"pt-BR","potentialAction":[{"@type":"ReadAction","target":["https:\/\/www.oarcanjo.net\/site\/presidente-da-cnbb-abre-consulta-as-dioceses-sobre-o-sinodo-da-familia\/"]}]},{"@type":"ImageObject","inLanguage":"pt-BR","@id":"https:\/\/www.oarcanjo.net\/site\/presidente-da-cnbb-abre-consulta-as-dioceses-sobre-o-sinodo-da-familia\/#primaryimage","url":"https:\/\/www.oarcanjo.net\/site\/wp-content\/uploads\/banner-LINEAMENTA-jan-2015.jpg","contentUrl":"https:\/\/www.oarcanjo.net\/site\/wp-content\/uploads\/banner-LINEAMENTA-jan-2015.jpg","width":700,"height":320},{"@type":"BreadcrumbList","@id":"https:\/\/www.oarcanjo.net\/site\/presidente-da-cnbb-abre-consulta-as-dioceses-sobre-o-sinodo-da-familia\/#breadcrumb","itemListElement":[{"@type":"ListItem","position":1,"name":"In\u00edcio","item":"https:\/\/www.oarcanjo.net\/site\/"},{"@type":"ListItem","position":2,"name":"CNBB abre consulta \u00e0s dioceses sobre o S\u00ednodo da Fam\u00edlia"}]},{"@type":"WebSite","@id":"https:\/\/www.oarcanjo.net\/site\/#website","url":"https:\/\/www.oarcanjo.net\/site\/","name":"O Arcanjo no ar","description":"Site da Par\u00f3quia S\u00e3o Miguel Arcanjo (Arquidiocese de SP)","publisher":{"@id":"https:\/\/www.oarcanjo.net\/site\/#organization"},"potentialAction":[{"@type":"SearchAction","target":{"@type":"EntryPoint","urlTemplate":"https:\/\/www.oarcanjo.net\/site\/?s={search_term_string}"},"query-input":{"@type":"PropertyValueSpecification","valueRequired":true,"valueName":"search_term_string"}}],"inLanguage":"pt-BR"},{"@type":"Organization","@id":"https:\/\/www.oarcanjo.net\/site\/#organization","name":"Par\u00f3quia S\u00e3o Miguel Arcanjo","url":"https:\/\/www.oarcanjo.net\/site\/","logo":{"@type":"ImageObject","inLanguage":"pt-BR","@id":"https:\/\/www.oarcanjo.net\/site\/#\/schema\/logo\/image\/","url":"https:\/\/www.oarcanjo.net\/site\/wp-content\/uploads\/LogoOArcanjo.png","contentUrl":"https:\/\/www.oarcanjo.net\/site\/wp-content\/uploads\/LogoOArcanjo.png","width":319,"height":99,"caption":"Par\u00f3quia S\u00e3o Miguel Arcanjo"},"image":{"@id":"https:\/\/www.oarcanjo.net\/site\/#\/schema\/logo\/image\/"},"sameAs":["https:\/\/www.facebook.com\/OArcanjoNoAr\/"]},{"@type":"Person","@id":"https:\/\/www.oarcanjo.net\/site\/#\/schema\/person\/ce0fba3450314a09c6442cfee983a3d8","name":"miriam.meyer"}]}},"publishpress_future_action":{"enabled":false,"date":"2026-05-09 06:08:59","action":"category","newStatus":"draft","terms":[],"taxonomy":"category"},"publishpress_future_workflow_manual_trigger":{"enabledWorkflows":[]},"_links":{"self":[{"href":"https:\/\/www.oarcanjo.net\/site\/wp-json\/wp\/v2\/posts\/58846"}],"collection":[{"href":"https:\/\/www.oarcanjo.net\/site\/wp-json\/wp\/v2\/posts"}],"about":[{"href":"https:\/\/www.oarcanjo.net\/site\/wp-json\/wp\/v2\/types\/post"}],"author":[{"embeddable":true,"href":"https:\/\/www.oarcanjo.net\/site\/wp-json\/wp\/v2\/users\/3"}],"replies":[{"embeddable":true,"href":"https:\/\/www.oarcanjo.net\/site\/wp-json\/wp\/v2\/comments?post=58846"}],"version-history":[{"count":0,"href":"https:\/\/www.oarcanjo.net\/site\/wp-json\/wp\/v2\/posts\/58846\/revisions"}],"wp:featuredmedia":[{"embeddable":true,"href":"https:\/\/www.oarcanjo.net\/site\/wp-json\/wp\/v2\/media\/58847"}],"wp:attachment":[{"href":"https:\/\/www.oarcanjo.net\/site\/wp-json\/wp\/v2\/media?parent=58846"}],"wp:term":[{"taxonomy":"category","embeddable":true,"href":"https:\/\/www.oarcanjo.net\/site\/wp-json\/wp\/v2\/categories?post=58846"},{"taxonomy":"post_tag","embeddable":true,"href":"https:\/\/www.oarcanjo.net\/site\/wp-json\/wp\/v2\/tags?post=58846"}],"curies":[{"name":"wp","href":"https:\/\/api.w.org\/{rel}","templated":true}]}}