
{"id":58889,"date":"2015-02-03T23:54:23","date_gmt":"2015-02-04T01:54:23","guid":{"rendered":"http:\/\/www.oarcanjo.net\/site\/?p=58889"},"modified":"2015-02-19T12:24:32","modified_gmt":"2015-02-19T14:24:32","slug":"papa-reconhece-dom-oscar-romero-como-martir","status":"publish","type":"post","link":"https:\/\/www.oarcanjo.net\/site\/papa-reconhece-dom-oscar-romero-como-martir\/","title":{"rendered":"Papa reconhece Dom Oscar Romero como m\u00e1rtir"},"content":{"rendered":"<p>O Papa Francisco autorizou, nesta ter\u00e7a-feira, a promulga\u00e7\u00e3o do decreto concernente ao mart\u00edrio do arcebispo de San Salvador, em El Salvador, Dom Oscar Arnulfo Romero Gald\u00e1mez, assassinado em 24 de mar\u00e7o de 1980 enquanto presidia a uma celebra\u00e7\u00e3o eucar\u00edstica.<\/p>\n<p>O arcebispo italiano postulador da Causa, Dom Vincenzo Paglia, falar\u00e1 nesta quarta-feira ao meio-dia e meia, hora local, na Sala de Imprensa da Santa S\u00e9, sobre a Beatifica\u00e7\u00e3o, proximamente, do arcebispo salvadorenho.<\/p>\n<p>Entrevistado pela R\u00e1dio Vaticano, Dom Paglia \u2013 que \u00e9 tamb\u00e9m presidente do Pontif\u00edcio Conselho para a Fam\u00edlia \u2013 expressa seus sentimentos:<\/p>\n<p><strong>Dom Vincenzo Paglia:-<\/strong> Estou realmente comovido porque depois de tantos anos, finalmente, se chega \u00e0 conclus\u00e3o deste longo processo, desta longa causa, e a alegria \u00e9 redobrada. N\u00e3o somente porque os pareceres foram un\u00e2nimes, tanto da parte dos te\u00f3logos quanto da parte dos cardeais, mas tamb\u00e9m porque h\u00e1 um \u201cquid providencial\u201d no fato de Romero estar prestes a ser declarado Beato pelo primeiro Papa sul-americano da hist\u00f3ria. Um Papa que pede uma Igreja pobre para os pobres, o que Romero viveu at\u00e9 a efus\u00e3o do sangue. \u00c9 uma alegria que significa tamb\u00e9m uma grande responsabilidade para todos: ainda hoje testemunhas como Romero continuam presentes para dizer que o amor at\u00e9 o limite extremo, o de dar a vida, \u00e9 aquilo que transforma o mundo e que d\u00e1 esperan\u00e7a.\u201d<\/p>\n<p><strong>RV: O processo que chega agora \u00e0 promulga\u00e7\u00e3o do decreto reconhecendo o mart\u00edrio de Dom Romero foi bastante longo. O que o senhor pode nos dizer a esse prop\u00f3sito?<\/strong><\/p>\n<p><strong>Dom Vincenzo Paglia:-<\/strong> \u201cO processo foi longo, meticuloso e superou todo tipo de problema e, gra\u00e7as a Deus, tamb\u00e9m todo tipo de oposi\u00e7\u00e3o.\u201d<\/p>\n<p><strong>RV: O que a Beatifica\u00e7\u00e3o \u2013 proximamente \u2013 de Dom Romero, tem a dizer \u00e0 Igreja de hoje?<\/strong><\/p>\n<p><strong>Dom Vincenzo Paglia:<\/strong>&#8211; \u201cVejo Romero como um m\u00e1rtir da Igreja que brotou do Conc\u00edlio, querida por aquela assembleia dos Padres conciliares que pediam que se tomasse o caminho do bom samaritano, colocando-se ao lado dos pobres e dos mais fracos, dos muitos meio mortos, e Romero se fez t\u00e3o pr\u00f3ximo destes que ele mesmo acabou morrendo.\u201d<\/p>\n<p><strong>RV: Qual o maior ensinamento deixado por Dom Romero?<\/strong><\/p>\n<p><strong>Dom Vincenzo Paglia:<\/strong>&#8211; \u201cEra um homem de ora\u00e7\u00e3o, um homem de Deus, um homem da Igreja, um homem das santas Escrituras, um homem de tradi\u00e7\u00f5es profundas, que escolheu ficar no meio dos pobres, sabendo que o Reino de Deus, como diz Jesus, est\u00e1 no meio dos mais pobres e caminha com eles. \u00c9 o ensinamento que une a figura de Romero aos muitos m\u00e1rtires de hoje e ao Papa Francisco, que busca levar-nos todos para o caminho de proximidade e de amor aos mais pobres.\u201d<\/p>\n<p><strong>RV: H\u00e1 uma frase ou um pensamento de Dom Romero que o senhor gostaria partilhar conosco?<\/strong><\/p>\n<p><strong>Dom Vincenzo Paglia:<\/strong>&#8211; \u201cQuando lhe pediram que se afastasse da arquidiocese porque circulavam vozes preocupantes concernentes \u00e0 incolumidade sua, ele disse: o pastor est\u00e1 com o povo, sobretudo quando o povo \u00e9 oprimido, jamais foge, mesmo que custe a vida.\u201d (RL)<\/p>\n<p><em>Fonte: R\u00e1dio Vaticano<\/em><\/p>\n<hr \/>\n<p>Assista abaixo a uma sele\u00e7\u00e3o de v\u00eddeos sobre D. Oscar Romero:<\/p>\n<p><iframe loading=\"lazy\" title=\"YouTube video player\" src=\"http:\/\/www.youtube.com\/embed\/bD_UWbq4i2E?rel=0\" width=\"480\" height=\"390\" frameborder=\"0\"><\/iframe><\/p>\n<p><iframe loading=\"lazy\" title=\"YouTube video player\" src=\"http:\/\/www.youtube.com\/embed\/b4hiVfbx0ns?rel=0\" width=\"480\" height=\"390\" frameborder=\"0\"><\/iframe><\/p>\n<p><iframe loading=\"lazy\" title=\"YouTube video player\" src=\"http:\/\/www.youtube.com\/embed\/kjAOpV_UtKc?rel=0\" width=\"480\" height=\"390\" frameborder=\"0\"><\/iframe><\/p>\n<p><iframe loading=\"lazy\" title=\"YouTube video player\" src=\"http:\/\/www.youtube.com\/embed\/HzolVOuD1j8?rel=0\" width=\"480\" height=\"390\" frameborder=\"0\"><\/iframe><\/p>\n<p><iframe loading=\"lazy\" title=\"YouTube video player\" src=\"http:\/\/www.youtube.com\/embed\/DsuIuEqKT9M?rel=0\" width=\"480\" height=\"390\" frameborder=\"0\"><\/iframe><\/p>\n<div id=\"themify_builder_content-58889\" data-postid=\"58889\" class=\"themify_builder_content themify_builder_content-58889 themify_builder themify_builder_front\">\n\t<\/div>\n<!-- \/themify_builder_content -->","protected":false},"excerpt":{"rendered":"<p>O Papa Francisco autorizou, nesta ter\u00e7a-feira, a promulga\u00e7\u00e3o do decreto concernente ao mart\u00edrio do arcebispo de San Salvador, em El Salvador, Dom Oscar Arnulfo Romero Gald\u00e1mez, assassinado em 24 de mar\u00e7o de 1980 enquanto presidia a uma celebra\u00e7\u00e3o eucar\u00edstica. O arcebispo italiano postulador da Causa, Dom Vincenzo Paglia, falar\u00e1 nesta quarta-feira ao meio-dia e meia, [&hellip;]<\/p>\n","protected":false},"author":3,"featured_media":58892,"comment_status":"open","ping_status":"open","sticky":false,"template":"","format":"standard","meta":{"ngg_post_thumbnail":0,"footnotes":""},"categories":[8],"tags":[1451,2999,392,252],"yoast_head":"<!-- This site is optimized with the Yoast SEO plugin v23.5 - https:\/\/yoast.com\/wordpress\/plugins\/seo\/ -->\n<title>Papa reconhece Dom Oscar Romero como m\u00e1rtir - O Arcanjo no ar<\/title>\n<meta name=\"robots\" content=\"index, follow, max-snippet:-1, max-image-preview:large, max-video-preview:-1\" \/>\n<link rel=\"canonical\" href=\"https:\/\/www.oarcanjo.net\/site\/papa-reconhece-dom-oscar-romero-como-martir\/\" \/>\n<meta property=\"og:locale\" content=\"pt_BR\" \/>\n<meta property=\"og:type\" content=\"article\" \/>\n<meta property=\"og:title\" content=\"Papa reconhece Dom Oscar Romero como m\u00e1rtir - O Arcanjo no ar\" \/>\n<meta property=\"og:description\" content=\"O Papa Francisco autorizou, nesta ter\u00e7a-feira, a promulga\u00e7\u00e3o do decreto concernente ao mart\u00edrio do arcebispo de San Salvador, em El Salvador, Dom Oscar Arnulfo Romero Gald\u00e1mez, assassinado em 24 de mar\u00e7o de 1980 enquanto presidia a uma celebra\u00e7\u00e3o eucar\u00edstica. O arcebispo italiano postulador da Causa, Dom Vincenzo Paglia, falar\u00e1 nesta quarta-feira ao meio-dia e meia, [&hellip;]\" \/>\n<meta property=\"og:url\" content=\"https:\/\/www.oarcanjo.net\/site\/papa-reconhece-dom-oscar-romero-como-martir\/\" \/>\n<meta property=\"og:site_name\" content=\"O Arcanjo no ar\" \/>\n<meta property=\"article:publisher\" content=\"https:\/\/www.facebook.com\/OArcanjoNoAr\/\" \/>\n<meta property=\"article:published_time\" content=\"2015-02-04T01:54:23+00:00\" \/>\n<meta property=\"article:modified_time\" content=\"2015-02-19T14:24:32+00:00\" \/>\n<meta property=\"og:image\" content=\"https:\/\/www.oarcanjo.net\/site\/wp-content\/uploads\/banner-dom-oscar-romero-martir-jan-2015.jpg\" \/>\n\t<meta property=\"og:image:width\" content=\"700\" \/>\n\t<meta property=\"og:image:height\" content=\"320\" \/>\n\t<meta property=\"og:image:type\" content=\"image\/jpeg\" \/>\n<meta name=\"author\" content=\"miriam.meyer\" \/>\n<meta name=\"twitter:card\" content=\"summary_large_image\" \/>\n<meta name=\"twitter:label1\" content=\"Escrito por\" \/>\n\t<meta name=\"twitter:data1\" content=\"miriam.meyer\" \/>\n\t<meta name=\"twitter:label2\" content=\"Est. tempo de leitura\" \/>\n\t<meta name=\"twitter:data2\" content=\"3 minutos\" \/>\n<script type=\"application\/ld+json\" class=\"yoast-schema-graph\">{\"@context\":\"https:\/\/schema.org\",\"@graph\":[{\"@type\":\"Article\",\"@id\":\"https:\/\/www.oarcanjo.net\/site\/papa-reconhece-dom-oscar-romero-como-martir\/#article\",\"isPartOf\":{\"@id\":\"https:\/\/www.oarcanjo.net\/site\/papa-reconhece-dom-oscar-romero-como-martir\/\"},\"author\":{\"name\":\"miriam.meyer\",\"@id\":\"https:\/\/www.oarcanjo.net\/site\/#\/schema\/person\/ce0fba3450314a09c6442cfee983a3d8\"},\"headline\":\"Papa reconhece Dom Oscar Romero como m\u00e1rtir\",\"datePublished\":\"2015-02-04T01:54:23+00:00\",\"dateModified\":\"2015-02-19T14:24:32+00:00\",\"mainEntityOfPage\":{\"@id\":\"https:\/\/www.oarcanjo.net\/site\/papa-reconhece-dom-oscar-romero-como-martir\/\"},\"wordCount\":546,\"commentCount\":1,\"publisher\":{\"@id\":\"https:\/\/www.oarcanjo.net\/site\/#organization\"},\"image\":{\"@id\":\"https:\/\/www.oarcanjo.net\/site\/papa-reconhece-dom-oscar-romero-como-martir\/#primaryimage\"},\"thumbnailUrl\":\"https:\/\/www.oarcanjo.net\/site\/wp-content\/uploads\/banner-dom-oscar-romero-martir-jan-2015.jpg\",\"keywords\":[\"beatifica\u00e7\u00e3o\",\"Beato\",\"Dom Oscar Romero\",\"m\u00e1rtir\"],\"articleSection\":[\"Not\u00edcias\"],\"inLanguage\":\"pt-BR\",\"potentialAction\":[{\"@type\":\"CommentAction\",\"name\":\"Comment\",\"target\":[\"https:\/\/www.oarcanjo.net\/site\/papa-reconhece-dom-oscar-romero-como-martir\/#respond\"]}]},{\"@type\":\"WebPage\",\"@id\":\"https:\/\/www.oarcanjo.net\/site\/papa-reconhece-dom-oscar-romero-como-martir\/\",\"url\":\"https:\/\/www.oarcanjo.net\/site\/papa-reconhece-dom-oscar-romero-como-martir\/\",\"name\":\"Papa reconhece Dom Oscar Romero como m\u00e1rtir - O Arcanjo no ar\",\"isPartOf\":{\"@id\":\"https:\/\/www.oarcanjo.net\/site\/#website\"},\"primaryImageOfPage\":{\"@id\":\"https:\/\/www.oarcanjo.net\/site\/papa-reconhece-dom-oscar-romero-como-martir\/#primaryimage\"},\"image\":{\"@id\":\"https:\/\/www.oarcanjo.net\/site\/papa-reconhece-dom-oscar-romero-como-martir\/#primaryimage\"},\"thumbnailUrl\":\"https:\/\/www.oarcanjo.net\/site\/wp-content\/uploads\/banner-dom-oscar-romero-martir-jan-2015.jpg\",\"datePublished\":\"2015-02-04T01:54:23+00:00\",\"dateModified\":\"2015-02-19T14:24:32+00:00\",\"breadcrumb\":{\"@id\":\"https:\/\/www.oarcanjo.net\/site\/papa-reconhece-dom-oscar-romero-como-martir\/#breadcrumb\"},\"inLanguage\":\"pt-BR\",\"potentialAction\":[{\"@type\":\"ReadAction\",\"target\":[\"https:\/\/www.oarcanjo.net\/site\/papa-reconhece-dom-oscar-romero-como-martir\/\"]}]},{\"@type\":\"ImageObject\",\"inLanguage\":\"pt-BR\",\"@id\":\"https:\/\/www.oarcanjo.net\/site\/papa-reconhece-dom-oscar-romero-como-martir\/#primaryimage\",\"url\":\"https:\/\/www.oarcanjo.net\/site\/wp-content\/uploads\/banner-dom-oscar-romero-martir-jan-2015.jpg\",\"contentUrl\":\"https:\/\/www.oarcanjo.net\/site\/wp-content\/uploads\/banner-dom-oscar-romero-martir-jan-2015.jpg\",\"width\":700,\"height\":320},{\"@type\":\"BreadcrumbList\",\"@id\":\"https:\/\/www.oarcanjo.net\/site\/papa-reconhece-dom-oscar-romero-como-martir\/#breadcrumb\",\"itemListElement\":[{\"@type\":\"ListItem\",\"position\":1,\"name\":\"In\u00edcio\",\"item\":\"https:\/\/www.oarcanjo.net\/site\/\"},{\"@type\":\"ListItem\",\"position\":2,\"name\":\"Papa reconhece Dom Oscar Romero como m\u00e1rtir\"}]},{\"@type\":\"WebSite\",\"@id\":\"https:\/\/www.oarcanjo.net\/site\/#website\",\"url\":\"https:\/\/www.oarcanjo.net\/site\/\",\"name\":\"O Arcanjo no ar\",\"description\":\"Site da Par\u00f3quia S\u00e3o Miguel Arcanjo (Arquidiocese de SP)\",\"publisher\":{\"@id\":\"https:\/\/www.oarcanjo.net\/site\/#organization\"},\"potentialAction\":[{\"@type\":\"SearchAction\",\"target\":{\"@type\":\"EntryPoint\",\"urlTemplate\":\"https:\/\/www.oarcanjo.net\/site\/?s={search_term_string}\"},\"query-input\":{\"@type\":\"PropertyValueSpecification\",\"valueRequired\":true,\"valueName\":\"search_term_string\"}}],\"inLanguage\":\"pt-BR\"},{\"@type\":\"Organization\",\"@id\":\"https:\/\/www.oarcanjo.net\/site\/#organization\",\"name\":\"Par\u00f3quia S\u00e3o Miguel Arcanjo\",\"url\":\"https:\/\/www.oarcanjo.net\/site\/\",\"logo\":{\"@type\":\"ImageObject\",\"inLanguage\":\"pt-BR\",\"@id\":\"https:\/\/www.oarcanjo.net\/site\/#\/schema\/logo\/image\/\",\"url\":\"https:\/\/www.oarcanjo.net\/site\/wp-content\/uploads\/LogoOArcanjo.png\",\"contentUrl\":\"https:\/\/www.oarcanjo.net\/site\/wp-content\/uploads\/LogoOArcanjo.png\",\"width\":319,\"height\":99,\"caption\":\"Par\u00f3quia S\u00e3o Miguel Arcanjo\"},\"image\":{\"@id\":\"https:\/\/www.oarcanjo.net\/site\/#\/schema\/logo\/image\/\"},\"sameAs\":[\"https:\/\/www.facebook.com\/OArcanjoNoAr\/\"]},{\"@type\":\"Person\",\"@id\":\"https:\/\/www.oarcanjo.net\/site\/#\/schema\/person\/ce0fba3450314a09c6442cfee983a3d8\",\"name\":\"miriam.meyer\"}]}<\/script>\n<!-- \/ Yoast SEO plugin. -->","yoast_head_json":{"title":"Papa reconhece Dom Oscar Romero como m\u00e1rtir - O Arcanjo no ar","robots":{"index":"index","follow":"follow","max-snippet":"max-snippet:-1","max-image-preview":"max-image-preview:large","max-video-preview":"max-video-preview:-1"},"canonical":"https:\/\/www.oarcanjo.net\/site\/papa-reconhece-dom-oscar-romero-como-martir\/","og_locale":"pt_BR","og_type":"article","og_title":"Papa reconhece Dom Oscar Romero como m\u00e1rtir - O Arcanjo no ar","og_description":"O Papa Francisco autorizou, nesta ter\u00e7a-feira, a promulga\u00e7\u00e3o do decreto concernente ao mart\u00edrio do arcebispo de San Salvador, em El Salvador, Dom Oscar Arnulfo Romero Gald\u00e1mez, assassinado em 24 de mar\u00e7o de 1980 enquanto presidia a uma celebra\u00e7\u00e3o eucar\u00edstica. O arcebispo italiano postulador da Causa, Dom Vincenzo Paglia, falar\u00e1 nesta quarta-feira ao meio-dia e meia, [&hellip;]","og_url":"https:\/\/www.oarcanjo.net\/site\/papa-reconhece-dom-oscar-romero-como-martir\/","og_site_name":"O Arcanjo no ar","article_publisher":"https:\/\/www.facebook.com\/OArcanjoNoAr\/","article_published_time":"2015-02-04T01:54:23+00:00","article_modified_time":"2015-02-19T14:24:32+00:00","og_image":[{"width":700,"height":320,"url":"https:\/\/www.oarcanjo.net\/site\/wp-content\/uploads\/banner-dom-oscar-romero-martir-jan-2015.jpg","type":"image\/jpeg"}],"author":"miriam.meyer","twitter_card":"summary_large_image","twitter_misc":{"Escrito por":"miriam.meyer","Est. tempo de leitura":"3 minutos"},"schema":{"@context":"https:\/\/schema.org","@graph":[{"@type":"Article","@id":"https:\/\/www.oarcanjo.net\/site\/papa-reconhece-dom-oscar-romero-como-martir\/#article","isPartOf":{"@id":"https:\/\/www.oarcanjo.net\/site\/papa-reconhece-dom-oscar-romero-como-martir\/"},"author":{"name":"miriam.meyer","@id":"https:\/\/www.oarcanjo.net\/site\/#\/schema\/person\/ce0fba3450314a09c6442cfee983a3d8"},"headline":"Papa reconhece Dom Oscar Romero como m\u00e1rtir","datePublished":"2015-02-04T01:54:23+00:00","dateModified":"2015-02-19T14:24:32+00:00","mainEntityOfPage":{"@id":"https:\/\/www.oarcanjo.net\/site\/papa-reconhece-dom-oscar-romero-como-martir\/"},"wordCount":546,"commentCount":1,"publisher":{"@id":"https:\/\/www.oarcanjo.net\/site\/#organization"},"image":{"@id":"https:\/\/www.oarcanjo.net\/site\/papa-reconhece-dom-oscar-romero-como-martir\/#primaryimage"},"thumbnailUrl":"https:\/\/www.oarcanjo.net\/site\/wp-content\/uploads\/banner-dom-oscar-romero-martir-jan-2015.jpg","keywords":["beatifica\u00e7\u00e3o","Beato","Dom Oscar Romero","m\u00e1rtir"],"articleSection":["Not\u00edcias"],"inLanguage":"pt-BR","potentialAction":[{"@type":"CommentAction","name":"Comment","target":["https:\/\/www.oarcanjo.net\/site\/papa-reconhece-dom-oscar-romero-como-martir\/#respond"]}]},{"@type":"WebPage","@id":"https:\/\/www.oarcanjo.net\/site\/papa-reconhece-dom-oscar-romero-como-martir\/","url":"https:\/\/www.oarcanjo.net\/site\/papa-reconhece-dom-oscar-romero-como-martir\/","name":"Papa reconhece Dom Oscar Romero como m\u00e1rtir - O Arcanjo no ar","isPartOf":{"@id":"https:\/\/www.oarcanjo.net\/site\/#website"},"primaryImageOfPage":{"@id":"https:\/\/www.oarcanjo.net\/site\/papa-reconhece-dom-oscar-romero-como-martir\/#primaryimage"},"image":{"@id":"https:\/\/www.oarcanjo.net\/site\/papa-reconhece-dom-oscar-romero-como-martir\/#primaryimage"},"thumbnailUrl":"https:\/\/www.oarcanjo.net\/site\/wp-content\/uploads\/banner-dom-oscar-romero-martir-jan-2015.jpg","datePublished":"2015-02-04T01:54:23+00:00","dateModified":"2015-02-19T14:24:32+00:00","breadcrumb":{"@id":"https:\/\/www.oarcanjo.net\/site\/papa-reconhece-dom-oscar-romero-como-martir\/#breadcrumb"},"inLanguage":"pt-BR","potentialAction":[{"@type":"ReadAction","target":["https:\/\/www.oarcanjo.net\/site\/papa-reconhece-dom-oscar-romero-como-martir\/"]}]},{"@type":"ImageObject","inLanguage":"pt-BR","@id":"https:\/\/www.oarcanjo.net\/site\/papa-reconhece-dom-oscar-romero-como-martir\/#primaryimage","url":"https:\/\/www.oarcanjo.net\/site\/wp-content\/uploads\/banner-dom-oscar-romero-martir-jan-2015.jpg","contentUrl":"https:\/\/www.oarcanjo.net\/site\/wp-content\/uploads\/banner-dom-oscar-romero-martir-jan-2015.jpg","width":700,"height":320},{"@type":"BreadcrumbList","@id":"https:\/\/www.oarcanjo.net\/site\/papa-reconhece-dom-oscar-romero-como-martir\/#breadcrumb","itemListElement":[{"@type":"ListItem","position":1,"name":"In\u00edcio","item":"https:\/\/www.oarcanjo.net\/site\/"},{"@type":"ListItem","position":2,"name":"Papa reconhece Dom Oscar Romero como m\u00e1rtir"}]},{"@type":"WebSite","@id":"https:\/\/www.oarcanjo.net\/site\/#website","url":"https:\/\/www.oarcanjo.net\/site\/","name":"O Arcanjo no ar","description":"Site da Par\u00f3quia S\u00e3o Miguel Arcanjo (Arquidiocese de SP)","publisher":{"@id":"https:\/\/www.oarcanjo.net\/site\/#organization"},"potentialAction":[{"@type":"SearchAction","target":{"@type":"EntryPoint","urlTemplate":"https:\/\/www.oarcanjo.net\/site\/?s={search_term_string}"},"query-input":{"@type":"PropertyValueSpecification","valueRequired":true,"valueName":"search_term_string"}}],"inLanguage":"pt-BR"},{"@type":"Organization","@id":"https:\/\/www.oarcanjo.net\/site\/#organization","name":"Par\u00f3quia S\u00e3o Miguel Arcanjo","url":"https:\/\/www.oarcanjo.net\/site\/","logo":{"@type":"ImageObject","inLanguage":"pt-BR","@id":"https:\/\/www.oarcanjo.net\/site\/#\/schema\/logo\/image\/","url":"https:\/\/www.oarcanjo.net\/site\/wp-content\/uploads\/LogoOArcanjo.png","contentUrl":"https:\/\/www.oarcanjo.net\/site\/wp-content\/uploads\/LogoOArcanjo.png","width":319,"height":99,"caption":"Par\u00f3quia S\u00e3o Miguel Arcanjo"},"image":{"@id":"https:\/\/www.oarcanjo.net\/site\/#\/schema\/logo\/image\/"},"sameAs":["https:\/\/www.facebook.com\/OArcanjoNoAr\/"]},{"@type":"Person","@id":"https:\/\/www.oarcanjo.net\/site\/#\/schema\/person\/ce0fba3450314a09c6442cfee983a3d8","name":"miriam.meyer"}]}},"publishpress_future_action":{"enabled":false,"date":"2026-05-09 09:04:54","action":"category","newStatus":"draft","terms":[],"taxonomy":"category"},"publishpress_future_workflow_manual_trigger":{"enabledWorkflows":[]},"_links":{"self":[{"href":"https:\/\/www.oarcanjo.net\/site\/wp-json\/wp\/v2\/posts\/58889"}],"collection":[{"href":"https:\/\/www.oarcanjo.net\/site\/wp-json\/wp\/v2\/posts"}],"about":[{"href":"https:\/\/www.oarcanjo.net\/site\/wp-json\/wp\/v2\/types\/post"}],"author":[{"embeddable":true,"href":"https:\/\/www.oarcanjo.net\/site\/wp-json\/wp\/v2\/users\/3"}],"replies":[{"embeddable":true,"href":"https:\/\/www.oarcanjo.net\/site\/wp-json\/wp\/v2\/comments?post=58889"}],"version-history":[{"count":0,"href":"https:\/\/www.oarcanjo.net\/site\/wp-json\/wp\/v2\/posts\/58889\/revisions"}],"wp:featuredmedia":[{"embeddable":true,"href":"https:\/\/www.oarcanjo.net\/site\/wp-json\/wp\/v2\/media\/58892"}],"wp:attachment":[{"href":"https:\/\/www.oarcanjo.net\/site\/wp-json\/wp\/v2\/media?parent=58889"}],"wp:term":[{"taxonomy":"category","embeddable":true,"href":"https:\/\/www.oarcanjo.net\/site\/wp-json\/wp\/v2\/categories?post=58889"},{"taxonomy":"post_tag","embeddable":true,"href":"https:\/\/www.oarcanjo.net\/site\/wp-json\/wp\/v2\/tags?post=58889"}],"curies":[{"name":"wp","href":"https:\/\/api.w.org\/{rel}","templated":true}]}}