
{"id":58897,"date":"2015-02-09T10:33:48","date_gmt":"2015-02-09T12:33:48","guid":{"rendered":"http:\/\/www.oarcanjo.net\/site\/?p=58897"},"modified":"2015-02-09T10:52:37","modified_gmt":"2015-02-09T12:52:37","slug":"igreja-tera-missa-quarta-feiras-a-noite-a-partir-da-quaresma","status":"publish","type":"post","link":"https:\/\/www.oarcanjo.net\/site\/igreja-tera-missa-quarta-feiras-a-noite-a-partir-da-quaresma\/","title":{"rendered":"Igreja ter\u00e1 missa quarta-feira \u00e0 noite a partir da Quaresma"},"content":{"rendered":"<p>A partir da quarta-feira de cinzas, 18\/02, haver\u00e1 missa \u00e0s 19h30 na S\u00e3o Miguel Arcanjo, que ter\u00e1 expediente at\u00e9 \u00e0s 20h. Hoje a igreja permanece fechada \u00e0 noite durante a semana.<\/p>\n<p>Mais detalhes nos avisos da semana, que iniciam com a fala do Pe. Julio Lancellotti sobre o reconhecimento do mart\u00edrio de Dom Oscar Romero, arcebispo de San Salvador, assassinado em 1980:<\/p>\n<p><iframe loading=\"lazy\" src=\"https:\/\/www.youtube.com\/embed\/JJ7_Ls598qo?rel=0\" width=\"640\" height=\"360\" frameborder=\"0\" allowfullscreen=\"allowfullscreen\"><\/iframe><\/p>\n<p>Grava\u00e7\u00e3o realizada na missa das 18h de 08\/02\/2015.<\/p>\n<hr \/>\n<p>Leia tamb\u00e9m sobre <strong>Dom Oscar Romero<\/strong>:<\/p>\n<p>* <a href=\"http:\/\/www.oarcanjo.net\/site\/index.php\/testemunhos\/oscar-romero\/\">Quem foi Oscar Romero<\/a><\/p>\n<p>* <a href=\"http:\/\/www.oarcanjo.net\/site\/index.php\/blog\/d-oscar-romero-vive\/\">Dom Oscar Romero! VIVE!<\/a><\/p>\n<p>* <a href=\"http:\/\/www.oarcanjo.net\/site\/index.php\/videos\/33-anos-do-martirio-de-dom-oscar-romero\/\">33 anos do mart\u00edrio de Dom Oscar Romero<\/a><\/p>\n<p>* <a href=\"http:\/\/www.oarcanjo.net\/site\/index.php\/testemunhos\/d-oscar-romero-testemunhos\/30-anos-do-martirio-de-oscar-romero\/\">Artigo de Fernando Altemeyer Jr.<\/a><\/p>\n<p>* <a href=\"http:\/\/www.oarcanjo.net\/site\/index.php\/testemunhos\/d-oscar-romero-testemunhos\/monsenhor-oscar-romero-trinta-anos-de-um-martirio\/\">Artigo de Maria Clara Bingemer<\/a><\/p>\n<p>Assista abaixo a uma sele\u00e7\u00e3o de v\u00eddeos sobre <strong>D. Oscar Romero<\/strong>:<\/p>\n<p><iframe loading=\"lazy\" title=\"YouTube video player\" src=\"http:\/\/www.youtube.com\/embed\/bD_UWbq4i2E?rel=0\" width=\"480\" height=\"390\" frameborder=\"0\"><\/iframe><\/p>\n<p><iframe loading=\"lazy\" title=\"YouTube video player\" src=\"http:\/\/www.youtube.com\/embed\/b4hiVfbx0ns?rel=0\" width=\"480\" height=\"390\" frameborder=\"0\"><\/iframe><\/p>\n<p><iframe loading=\"lazy\" title=\"YouTube video player\" src=\"http:\/\/www.youtube.com\/embed\/kjAOpV_UtKc?rel=0\" width=\"480\" height=\"390\" frameborder=\"0\"><\/iframe><\/p>\n<p><iframe loading=\"lazy\" title=\"YouTube video player\" src=\"http:\/\/www.youtube.com\/embed\/HzolVOuD1j8?rel=0\" width=\"480\" height=\"390\" frameborder=\"0\"><\/iframe><\/p>\n<p><iframe loading=\"lazy\" title=\"YouTube video player\" src=\"http:\/\/www.youtube.com\/embed\/DsuIuEqKT9M?rel=0\" width=\"480\" height=\"390\" frameborder=\"0\"><\/iframe><\/p>\n<div id=\"themify_builder_content-58897\" data-postid=\"58897\" class=\"themify_builder_content themify_builder_content-58897 themify_builder themify_builder_front\">\n\t<\/div>\n<!-- \/themify_builder_content -->","protected":false},"excerpt":{"rendered":"<p>A partir da quarta-feira de cinzas, 18\/02, haver\u00e1 missa \u00e0s 19h30 na igreja S\u00e3o Miguel Arcanjo, que ter\u00e1 expediente at\u00e9 \u00e0s 20h. Hoje a igreja permanece fechada \u00e0 noite durante a semana<\/p>\n","protected":false},"author":5,"featured_media":0,"comment_status":"open","ping_status":"open","sticky":false,"template":"","format":"standard","meta":{"ngg_post_thumbnail":0,"footnotes":""},"categories":[476,8],"tags":[1827,1244,2433,227,1843,2473],"yoast_head":"<!-- This site is optimized with the Yoast SEO plugin v23.5 - https:\/\/yoast.com\/wordpress\/plugins\/seo\/ -->\n<title>Igreja ter\u00e1 missa quarta-feira \u00e0 noite a partir da Quaresma - O Arcanjo no ar<\/title>\n<meta name=\"robots\" content=\"index, follow, max-snippet:-1, max-image-preview:large, max-video-preview:-1\" \/>\n<link rel=\"canonical\" href=\"https:\/\/www.oarcanjo.net\/site\/igreja-tera-missa-quarta-feiras-a-noite-a-partir-da-quaresma\/\" \/>\n<meta property=\"og:locale\" content=\"pt_BR\" \/>\n<meta property=\"og:type\" content=\"article\" \/>\n<meta property=\"og:title\" content=\"Igreja ter\u00e1 missa quarta-feira \u00e0 noite a partir da Quaresma - O Arcanjo no ar\" \/>\n<meta property=\"og:description\" content=\"A partir da quarta-feira de cinzas, 18\/02, haver\u00e1 missa \u00e0s 19h30 na igreja S\u00e3o Miguel Arcanjo, que ter\u00e1 expediente at\u00e9 \u00e0s 20h. Hoje a igreja permanece fechada \u00e0 noite durante a semana\" \/>\n<meta property=\"og:url\" content=\"https:\/\/www.oarcanjo.net\/site\/igreja-tera-missa-quarta-feiras-a-noite-a-partir-da-quaresma\/\" \/>\n<meta property=\"og:site_name\" content=\"O Arcanjo no ar\" \/>\n<meta property=\"article:publisher\" content=\"https:\/\/www.facebook.com\/OArcanjoNoAr\/\" \/>\n<meta property=\"article:published_time\" content=\"2015-02-09T12:33:48+00:00\" \/>\n<meta property=\"article:modified_time\" content=\"2015-02-09T12:52:37+00:00\" \/>\n<meta property=\"og:image\" content=\"https:\/\/www.oarcanjo.net\/site\/wp-content\/uploads\/logo-o-arcanjo-no-ar-facebook.png\" \/>\n\t<meta property=\"og:image:width\" content=\"300\" \/>\n\t<meta property=\"og:image:height\" content=\"300\" \/>\n\t<meta property=\"og:image:type\" content=\"image\/png\" \/>\n<meta name=\"author\" content=\"editor\" \/>\n<meta name=\"twitter:card\" content=\"summary_large_image\" \/>\n<meta name=\"twitter:label1\" content=\"Escrito por\" \/>\n\t<meta name=\"twitter:data1\" content=\"editor\" \/>\n\t<meta name=\"twitter:label2\" content=\"Est. tempo de leitura\" \/>\n\t<meta name=\"twitter:data2\" content=\"1 minuto\" \/>\n<script type=\"application\/ld+json\" class=\"yoast-schema-graph\">{\"@context\":\"https:\/\/schema.org\",\"@graph\":[{\"@type\":\"Article\",\"@id\":\"https:\/\/www.oarcanjo.net\/site\/igreja-tera-missa-quarta-feiras-a-noite-a-partir-da-quaresma\/#article\",\"isPartOf\":{\"@id\":\"https:\/\/www.oarcanjo.net\/site\/igreja-tera-missa-quarta-feiras-a-noite-a-partir-da-quaresma\/\"},\"author\":{\"name\":\"editor\",\"@id\":\"https:\/\/www.oarcanjo.net\/site\/#\/schema\/person\/f7024d007863202483a31326673a0838\"},\"headline\":\"Igreja ter\u00e1 missa quarta-feira \u00e0 noite a partir da Quaresma\",\"datePublished\":\"2015-02-09T12:33:48+00:00\",\"dateModified\":\"2015-02-09T12:52:37+00:00\",\"mainEntityOfPage\":{\"@id\":\"https:\/\/www.oarcanjo.net\/site\/igreja-tera-missa-quarta-feiras-a-noite-a-partir-da-quaresma\/\"},\"wordCount\":124,\"commentCount\":0,\"publisher\":{\"@id\":\"https:\/\/www.oarcanjo.net\/site\/#organization\"},\"keywords\":[\"Bakhita\",\"Oscar Romero\",\"Papa Francisco\",\"Quaresma\",\"Quarta-feira de Cinzas\",\"Santa Gianna Baretta Mola\"],\"articleSection\":[\"Avisos\",\"Not\u00edcias\"],\"inLanguage\":\"pt-BR\",\"potentialAction\":[{\"@type\":\"CommentAction\",\"name\":\"Comment\",\"target\":[\"https:\/\/www.oarcanjo.net\/site\/igreja-tera-missa-quarta-feiras-a-noite-a-partir-da-quaresma\/#respond\"]}]},{\"@type\":\"WebPage\",\"@id\":\"https:\/\/www.oarcanjo.net\/site\/igreja-tera-missa-quarta-feiras-a-noite-a-partir-da-quaresma\/\",\"url\":\"https:\/\/www.oarcanjo.net\/site\/igreja-tera-missa-quarta-feiras-a-noite-a-partir-da-quaresma\/\",\"name\":\"Igreja ter\u00e1 missa quarta-feira \u00e0 noite a partir da Quaresma - O Arcanjo no ar\",\"isPartOf\":{\"@id\":\"https:\/\/www.oarcanjo.net\/site\/#website\"},\"datePublished\":\"2015-02-09T12:33:48+00:00\",\"dateModified\":\"2015-02-09T12:52:37+00:00\",\"breadcrumb\":{\"@id\":\"https:\/\/www.oarcanjo.net\/site\/igreja-tera-missa-quarta-feiras-a-noite-a-partir-da-quaresma\/#breadcrumb\"},\"inLanguage\":\"pt-BR\",\"potentialAction\":[{\"@type\":\"ReadAction\",\"target\":[\"https:\/\/www.oarcanjo.net\/site\/igreja-tera-missa-quarta-feiras-a-noite-a-partir-da-quaresma\/\"]}]},{\"@type\":\"BreadcrumbList\",\"@id\":\"https:\/\/www.oarcanjo.net\/site\/igreja-tera-missa-quarta-feiras-a-noite-a-partir-da-quaresma\/#breadcrumb\",\"itemListElement\":[{\"@type\":\"ListItem\",\"position\":1,\"name\":\"In\u00edcio\",\"item\":\"https:\/\/www.oarcanjo.net\/site\/\"},{\"@type\":\"ListItem\",\"position\":2,\"name\":\"Igreja ter\u00e1 missa quarta-feira \u00e0 noite a partir da Quaresma\"}]},{\"@type\":\"WebSite\",\"@id\":\"https:\/\/www.oarcanjo.net\/site\/#website\",\"url\":\"https:\/\/www.oarcanjo.net\/site\/\",\"name\":\"O Arcanjo no ar\",\"description\":\"Site da Par\u00f3quia S\u00e3o Miguel Arcanjo (Arquidiocese de SP)\",\"publisher\":{\"@id\":\"https:\/\/www.oarcanjo.net\/site\/#organization\"},\"potentialAction\":[{\"@type\":\"SearchAction\",\"target\":{\"@type\":\"EntryPoint\",\"urlTemplate\":\"https:\/\/www.oarcanjo.net\/site\/?s={search_term_string}\"},\"query-input\":{\"@type\":\"PropertyValueSpecification\",\"valueRequired\":true,\"valueName\":\"search_term_string\"}}],\"inLanguage\":\"pt-BR\"},{\"@type\":\"Organization\",\"@id\":\"https:\/\/www.oarcanjo.net\/site\/#organization\",\"name\":\"Par\u00f3quia S\u00e3o Miguel Arcanjo\",\"url\":\"https:\/\/www.oarcanjo.net\/site\/\",\"logo\":{\"@type\":\"ImageObject\",\"inLanguage\":\"pt-BR\",\"@id\":\"https:\/\/www.oarcanjo.net\/site\/#\/schema\/logo\/image\/\",\"url\":\"https:\/\/www.oarcanjo.net\/site\/wp-content\/uploads\/LogoOArcanjo.png\",\"contentUrl\":\"https:\/\/www.oarcanjo.net\/site\/wp-content\/uploads\/LogoOArcanjo.png\",\"width\":319,\"height\":99,\"caption\":\"Par\u00f3quia S\u00e3o Miguel Arcanjo\"},\"image\":{\"@id\":\"https:\/\/www.oarcanjo.net\/site\/#\/schema\/logo\/image\/\"},\"sameAs\":[\"https:\/\/www.facebook.com\/OArcanjoNoAr\/\"]},{\"@type\":\"Person\",\"@id\":\"https:\/\/www.oarcanjo.net\/site\/#\/schema\/person\/f7024d007863202483a31326673a0838\",\"name\":\"editor\",\"sameAs\":[\"http:\/\/www.oarcanjo.net\"]}]}<\/script>\n<!-- \/ Yoast SEO plugin. -->","yoast_head_json":{"title":"Igreja ter\u00e1 missa quarta-feira \u00e0 noite a partir da Quaresma - O Arcanjo no ar","robots":{"index":"index","follow":"follow","max-snippet":"max-snippet:-1","max-image-preview":"max-image-preview:large","max-video-preview":"max-video-preview:-1"},"canonical":"https:\/\/www.oarcanjo.net\/site\/igreja-tera-missa-quarta-feiras-a-noite-a-partir-da-quaresma\/","og_locale":"pt_BR","og_type":"article","og_title":"Igreja ter\u00e1 missa quarta-feira \u00e0 noite a partir da Quaresma - O Arcanjo no ar","og_description":"A partir da quarta-feira de cinzas, 18\/02, haver\u00e1 missa \u00e0s 19h30 na igreja S\u00e3o Miguel Arcanjo, que ter\u00e1 expediente at\u00e9 \u00e0s 20h. Hoje a igreja permanece fechada \u00e0 noite durante a semana","og_url":"https:\/\/www.oarcanjo.net\/site\/igreja-tera-missa-quarta-feiras-a-noite-a-partir-da-quaresma\/","og_site_name":"O Arcanjo no ar","article_publisher":"https:\/\/www.facebook.com\/OArcanjoNoAr\/","article_published_time":"2015-02-09T12:33:48+00:00","article_modified_time":"2015-02-09T12:52:37+00:00","og_image":[{"width":300,"height":300,"url":"https:\/\/www.oarcanjo.net\/site\/wp-content\/uploads\/logo-o-arcanjo-no-ar-facebook.png","type":"image\/png"}],"author":"editor","twitter_card":"summary_large_image","twitter_misc":{"Escrito por":"editor","Est. tempo de leitura":"1 minuto"},"schema":{"@context":"https:\/\/schema.org","@graph":[{"@type":"Article","@id":"https:\/\/www.oarcanjo.net\/site\/igreja-tera-missa-quarta-feiras-a-noite-a-partir-da-quaresma\/#article","isPartOf":{"@id":"https:\/\/www.oarcanjo.net\/site\/igreja-tera-missa-quarta-feiras-a-noite-a-partir-da-quaresma\/"},"author":{"name":"editor","@id":"https:\/\/www.oarcanjo.net\/site\/#\/schema\/person\/f7024d007863202483a31326673a0838"},"headline":"Igreja ter\u00e1 missa quarta-feira \u00e0 noite a partir da Quaresma","datePublished":"2015-02-09T12:33:48+00:00","dateModified":"2015-02-09T12:52:37+00:00","mainEntityOfPage":{"@id":"https:\/\/www.oarcanjo.net\/site\/igreja-tera-missa-quarta-feiras-a-noite-a-partir-da-quaresma\/"},"wordCount":124,"commentCount":0,"publisher":{"@id":"https:\/\/www.oarcanjo.net\/site\/#organization"},"keywords":["Bakhita","Oscar Romero","Papa Francisco","Quaresma","Quarta-feira de Cinzas","Santa Gianna Baretta Mola"],"articleSection":["Avisos","Not\u00edcias"],"inLanguage":"pt-BR","potentialAction":[{"@type":"CommentAction","name":"Comment","target":["https:\/\/www.oarcanjo.net\/site\/igreja-tera-missa-quarta-feiras-a-noite-a-partir-da-quaresma\/#respond"]}]},{"@type":"WebPage","@id":"https:\/\/www.oarcanjo.net\/site\/igreja-tera-missa-quarta-feiras-a-noite-a-partir-da-quaresma\/","url":"https:\/\/www.oarcanjo.net\/site\/igreja-tera-missa-quarta-feiras-a-noite-a-partir-da-quaresma\/","name":"Igreja ter\u00e1 missa quarta-feira \u00e0 noite a partir da Quaresma - O Arcanjo no ar","isPartOf":{"@id":"https:\/\/www.oarcanjo.net\/site\/#website"},"datePublished":"2015-02-09T12:33:48+00:00","dateModified":"2015-02-09T12:52:37+00:00","breadcrumb":{"@id":"https:\/\/www.oarcanjo.net\/site\/igreja-tera-missa-quarta-feiras-a-noite-a-partir-da-quaresma\/#breadcrumb"},"inLanguage":"pt-BR","potentialAction":[{"@type":"ReadAction","target":["https:\/\/www.oarcanjo.net\/site\/igreja-tera-missa-quarta-feiras-a-noite-a-partir-da-quaresma\/"]}]},{"@type":"BreadcrumbList","@id":"https:\/\/www.oarcanjo.net\/site\/igreja-tera-missa-quarta-feiras-a-noite-a-partir-da-quaresma\/#breadcrumb","itemListElement":[{"@type":"ListItem","position":1,"name":"In\u00edcio","item":"https:\/\/www.oarcanjo.net\/site\/"},{"@type":"ListItem","position":2,"name":"Igreja ter\u00e1 missa quarta-feira \u00e0 noite a partir da Quaresma"}]},{"@type":"WebSite","@id":"https:\/\/www.oarcanjo.net\/site\/#website","url":"https:\/\/www.oarcanjo.net\/site\/","name":"O Arcanjo no ar","description":"Site da Par\u00f3quia S\u00e3o Miguel Arcanjo (Arquidiocese de SP)","publisher":{"@id":"https:\/\/www.oarcanjo.net\/site\/#organization"},"potentialAction":[{"@type":"SearchAction","target":{"@type":"EntryPoint","urlTemplate":"https:\/\/www.oarcanjo.net\/site\/?s={search_term_string}"},"query-input":{"@type":"PropertyValueSpecification","valueRequired":true,"valueName":"search_term_string"}}],"inLanguage":"pt-BR"},{"@type":"Organization","@id":"https:\/\/www.oarcanjo.net\/site\/#organization","name":"Par\u00f3quia S\u00e3o Miguel Arcanjo","url":"https:\/\/www.oarcanjo.net\/site\/","logo":{"@type":"ImageObject","inLanguage":"pt-BR","@id":"https:\/\/www.oarcanjo.net\/site\/#\/schema\/logo\/image\/","url":"https:\/\/www.oarcanjo.net\/site\/wp-content\/uploads\/LogoOArcanjo.png","contentUrl":"https:\/\/www.oarcanjo.net\/site\/wp-content\/uploads\/LogoOArcanjo.png","width":319,"height":99,"caption":"Par\u00f3quia S\u00e3o Miguel Arcanjo"},"image":{"@id":"https:\/\/www.oarcanjo.net\/site\/#\/schema\/logo\/image\/"},"sameAs":["https:\/\/www.facebook.com\/OArcanjoNoAr\/"]},{"@type":"Person","@id":"https:\/\/www.oarcanjo.net\/site\/#\/schema\/person\/f7024d007863202483a31326673a0838","name":"editor","sameAs":["http:\/\/www.oarcanjo.net"]}]}},"publishpress_future_action":{"enabled":false,"date":"2026-05-09 10:36:04","action":"category","newStatus":"draft","terms":[],"taxonomy":"category"},"publishpress_future_workflow_manual_trigger":{"enabledWorkflows":[]},"_links":{"self":[{"href":"https:\/\/www.oarcanjo.net\/site\/wp-json\/wp\/v2\/posts\/58897"}],"collection":[{"href":"https:\/\/www.oarcanjo.net\/site\/wp-json\/wp\/v2\/posts"}],"about":[{"href":"https:\/\/www.oarcanjo.net\/site\/wp-json\/wp\/v2\/types\/post"}],"author":[{"embeddable":true,"href":"https:\/\/www.oarcanjo.net\/site\/wp-json\/wp\/v2\/users\/5"}],"replies":[{"embeddable":true,"href":"https:\/\/www.oarcanjo.net\/site\/wp-json\/wp\/v2\/comments?post=58897"}],"version-history":[{"count":0,"href":"https:\/\/www.oarcanjo.net\/site\/wp-json\/wp\/v2\/posts\/58897\/revisions"}],"wp:attachment":[{"href":"https:\/\/www.oarcanjo.net\/site\/wp-json\/wp\/v2\/media?parent=58897"}],"wp:term":[{"taxonomy":"category","embeddable":true,"href":"https:\/\/www.oarcanjo.net\/site\/wp-json\/wp\/v2\/categories?post=58897"},{"taxonomy":"post_tag","embeddable":true,"href":"https:\/\/www.oarcanjo.net\/site\/wp-json\/wp\/v2\/tags?post=58897"}],"curies":[{"name":"wp","href":"https:\/\/api.w.org\/{rel}","templated":true}]}}