
{"id":58918,"date":"2015-02-12T23:05:06","date_gmt":"2015-02-13T01:05:06","guid":{"rendered":"http:\/\/www.oarcanjo.net\/site\/?p=58918"},"modified":"2015-02-19T12:24:26","modified_gmt":"2015-02-19T14:24:26","slug":"dorothy-stang-vitima-do-latifundio","status":"publish","type":"post","link":"https:\/\/www.oarcanjo.net\/site\/dorothy-stang-vitima-do-latifundio\/","title":{"rendered":"Dorothy Stang, v\u00edtima do latif\u00fandio"},"content":{"rendered":"<p>Frei Betto<\/p>\n<p>Eram 7h30 da manh\u00e3 de 12 de fevereiro de 2005. Irm\u00e3 Dorothy Stang, religiosa estadunidense naturalizada brasileira, 73, se dirigia \u00e0 \u00e1rea do Projeto Esperan\u00e7a de Desenvolvimento Sustent\u00e1vel, em Anapu (PA).<\/p>\n<p>No caminho, Rayfran das Neves a abordou. Perguntou se estava armada. Dorothy exibiu a B\u00edblia: \u201cEis a minha arma.\u201d E leu trechos em voz alta.<\/p>\n<p>O rapaz n\u00e3o se intimidou. A recompensa pelo crime importava mais que a vida da mission\u00e1ria que defendia pequenos agricultores, posseiros e sem-terras. Sacou a arma e descarregou nela sete tiros, sendo um na cabe\u00e7a.<\/p>\n<p>H\u00e1 tempos, Dorothy sofria amea\u00e7as. Poucos dias antes havia escrito: \u201cN\u00e3o vou fugir nem abandonar a luta desses agricultores desprotegidos no meio da floresta. Eles t\u00eam o sagrado direito a uma vida melhor numa terra onde possam viver e produzir com dignidade sem devastar.\u201d<\/p>\n<p>Rayfran, condenado a 27 anos de pris\u00e3o, teve como mandante o fazendeiro Vitalmiro Bastos de Moura, o Bida, condenado, em 2013, a 30 anos. Passou por tr\u00eas julgamentos. O primeiro, em 2007, deu-lhe igual penalidade. Por receber pena superior a 20 anos, teve direito, em 2008, a novo j\u00fari. Foi absolvido! O Minist\u00e9rio P\u00fablico recorreu, anulou-se a senten\u00e7a, e o j\u00fari de 2013 confirmou a pena de 30 anos de pris\u00e3o.<\/p>\n<p>Dorothy Stang mereceu pr\u00eamio de direitos humanos da OAB, em 2004. Homenageou-a, em 2005, o document\u00e1rio-livro \u201cAmaz\u00f4nia revelada\u201d, patrocinado pelo CNPq e o Minist\u00e9rio dos Transportes.<\/p>\n<p>O document\u00e1rio de Daniel Junge, \u201cMataram irm\u00e3 Dorothy\u201d, produzido nos EUA e narrado por Wagner Moura, retrata a trajet\u00f3ria da religiosa. O artista Cl\u00e1udio Pastro incluiu o perfil dela no painel, em azulejos, \u201cAs mulheres santas\u201d, na bas\u00edlica de Aparecida (SP).<\/p>\n<p>Quem de fato matou Dorothy Stang foi o latif\u00fandio, conforme den\u00fancia dos bispos cat\u00f3licos brasileiros reunidos em Aparecida, em abril de 2013.<\/p>\n<p>Reza o documento por eles aprovado: \u201cA sempre prometida reforma agr\u00e1ria n\u00e3o foi prioridade de nenhum dos governos democr\u00e1ticos. As decis\u00f5es governamentais, nestas tr\u00eas d\u00e9cadas, foram, quase sempre, tomadas para favorecer o latif\u00fandio e o agroneg\u00f3cio: financiamentos alt\u00edssimos, subven\u00e7\u00f5es, e at\u00e9 anistia para os endividados, impunidade e regulariza\u00e7\u00e3o da grilagem, legisla\u00e7\u00e3o favor\u00e1vel aos interesses da bancada ruralista.<\/p>\n<p>\u00c9 injustific\u00e1vel que os \u00edndices de produtividade, essenciais para provar a fun\u00e7\u00e3o social da propriedade, ainda sejam os do tempo da ditadura militar.\u201d<\/p>\n<p>Outros assassinatos ocorrer\u00e3o se o governo n\u00e3o promover a reforma agr\u00e1ria e defender os direitos de \u00edndios, quilombolas, atingidos por barragens, posseiros e sem-terra.<\/p>\n<p>Segundo a Comiss\u00e3o Pastoral da Terra, de 1985 a 2011,\u00a0 registros revelam que 1.610 pessoas foram assassinadas no campo, julgadas apenas 96 ocorr\u00eancias e condenados 21 mandantes e 75 executores. A impunidade faz do Brasil uma na\u00e7\u00e3o violenta.<\/p>\n<div id=\"themify_builder_content-58918\" data-postid=\"58918\" class=\"themify_builder_content themify_builder_content-58918 themify_builder themify_builder_front\">\n\t<\/div>\n<!-- \/themify_builder_content -->","protected":false},"excerpt":{"rendered":"<p>Leia o artigo do Frei Betto sobre os 10 anos do assassinato da Ir. Dorothy Stang, v\u00edtima do latif\u00fandio num pa\u00eds que ainda luta pela reforma agr\u00e1ria<\/p>\n","protected":false},"author":5,"featured_media":58931,"comment_status":"open","ping_status":"open","sticky":false,"template":"","format":"standard","meta":{"ngg_post_thumbnail":0,"footnotes":""},"categories":[769],"tags":[],"yoast_head":"<!-- This site is optimized with the Yoast SEO plugin v23.5 - https:\/\/yoast.com\/wordpress\/plugins\/seo\/ -->\n<title>Dorothy Stang, v\u00edtima do latif\u00fandio - O Arcanjo no ar<\/title>\n<meta name=\"robots\" content=\"index, follow, max-snippet:-1, max-image-preview:large, max-video-preview:-1\" \/>\n<link rel=\"canonical\" href=\"https:\/\/www.oarcanjo.net\/site\/dorothy-stang-vitima-do-latifundio\/\" \/>\n<meta property=\"og:locale\" content=\"pt_BR\" \/>\n<meta property=\"og:type\" content=\"article\" \/>\n<meta property=\"og:title\" content=\"Dorothy Stang, v\u00edtima do latif\u00fandio - O Arcanjo no ar\" \/>\n<meta property=\"og:description\" content=\"Leia o artigo do Frei Betto sobre os 10 anos do assassinato da Ir. Dorothy Stang, v\u00edtima do latif\u00fandio num pa\u00eds que ainda luta pela reforma agr\u00e1ria\" \/>\n<meta property=\"og:url\" content=\"https:\/\/www.oarcanjo.net\/site\/dorothy-stang-vitima-do-latifundio\/\" \/>\n<meta property=\"og:site_name\" content=\"O Arcanjo no ar\" \/>\n<meta property=\"article:publisher\" content=\"https:\/\/www.facebook.com\/OArcanjoNoAr\/\" \/>\n<meta property=\"article:published_time\" content=\"2015-02-13T01:05:06+00:00\" \/>\n<meta property=\"article:modified_time\" content=\"2015-02-19T14:24:26+00:00\" \/>\n<meta property=\"og:image\" content=\"https:\/\/www.oarcanjo.net\/site\/wp-content\/uploads\/ir-dorothy-700.jpg\" \/>\n\t<meta property=\"og:image:width\" content=\"700\" \/>\n\t<meta property=\"og:image:height\" content=\"320\" \/>\n\t<meta property=\"og:image:type\" content=\"image\/jpeg\" \/>\n<meta name=\"author\" content=\"editor\" \/>\n<meta name=\"twitter:card\" content=\"summary_large_image\" \/>\n<meta name=\"twitter:label1\" content=\"Escrito por\" \/>\n\t<meta name=\"twitter:data1\" content=\"editor\" \/>\n\t<meta name=\"twitter:label2\" content=\"Est. tempo de leitura\" \/>\n\t<meta name=\"twitter:data2\" content=\"2 minutos\" \/>\n<script type=\"application\/ld+json\" class=\"yoast-schema-graph\">{\"@context\":\"https:\/\/schema.org\",\"@graph\":[{\"@type\":\"Article\",\"@id\":\"https:\/\/www.oarcanjo.net\/site\/dorothy-stang-vitima-do-latifundio\/#article\",\"isPartOf\":{\"@id\":\"https:\/\/www.oarcanjo.net\/site\/dorothy-stang-vitima-do-latifundio\/\"},\"author\":{\"name\":\"editor\",\"@id\":\"https:\/\/www.oarcanjo.net\/site\/#\/schema\/person\/f7024d007863202483a31326673a0838\"},\"headline\":\"Dorothy Stang, v\u00edtima do latif\u00fandio\",\"datePublished\":\"2015-02-13T01:05:06+00:00\",\"dateModified\":\"2015-02-19T14:24:26+00:00\",\"mainEntityOfPage\":{\"@id\":\"https:\/\/www.oarcanjo.net\/site\/dorothy-stang-vitima-do-latifundio\/\"},\"wordCount\":473,\"commentCount\":0,\"publisher\":{\"@id\":\"https:\/\/www.oarcanjo.net\/site\/#organization\"},\"image\":{\"@id\":\"https:\/\/www.oarcanjo.net\/site\/dorothy-stang-vitima-do-latifundio\/#primaryimage\"},\"thumbnailUrl\":\"https:\/\/www.oarcanjo.net\/site\/wp-content\/uploads\/ir-dorothy-700.jpg\",\"articleSection\":[\"Ir. Dorothy Stang\"],\"inLanguage\":\"pt-BR\",\"potentialAction\":[{\"@type\":\"CommentAction\",\"name\":\"Comment\",\"target\":[\"https:\/\/www.oarcanjo.net\/site\/dorothy-stang-vitima-do-latifundio\/#respond\"]}]},{\"@type\":\"WebPage\",\"@id\":\"https:\/\/www.oarcanjo.net\/site\/dorothy-stang-vitima-do-latifundio\/\",\"url\":\"https:\/\/www.oarcanjo.net\/site\/dorothy-stang-vitima-do-latifundio\/\",\"name\":\"Dorothy Stang, v\u00edtima do latif\u00fandio - O Arcanjo no ar\",\"isPartOf\":{\"@id\":\"https:\/\/www.oarcanjo.net\/site\/#website\"},\"primaryImageOfPage\":{\"@id\":\"https:\/\/www.oarcanjo.net\/site\/dorothy-stang-vitima-do-latifundio\/#primaryimage\"},\"image\":{\"@id\":\"https:\/\/www.oarcanjo.net\/site\/dorothy-stang-vitima-do-latifundio\/#primaryimage\"},\"thumbnailUrl\":\"https:\/\/www.oarcanjo.net\/site\/wp-content\/uploads\/ir-dorothy-700.jpg\",\"datePublished\":\"2015-02-13T01:05:06+00:00\",\"dateModified\":\"2015-02-19T14:24:26+00:00\",\"breadcrumb\":{\"@id\":\"https:\/\/www.oarcanjo.net\/site\/dorothy-stang-vitima-do-latifundio\/#breadcrumb\"},\"inLanguage\":\"pt-BR\",\"potentialAction\":[{\"@type\":\"ReadAction\",\"target\":[\"https:\/\/www.oarcanjo.net\/site\/dorothy-stang-vitima-do-latifundio\/\"]}]},{\"@type\":\"ImageObject\",\"inLanguage\":\"pt-BR\",\"@id\":\"https:\/\/www.oarcanjo.net\/site\/dorothy-stang-vitima-do-latifundio\/#primaryimage\",\"url\":\"https:\/\/www.oarcanjo.net\/site\/wp-content\/uploads\/ir-dorothy-700.jpg\",\"contentUrl\":\"https:\/\/www.oarcanjo.net\/site\/wp-content\/uploads\/ir-dorothy-700.jpg\",\"width\":700,\"height\":320},{\"@type\":\"BreadcrumbList\",\"@id\":\"https:\/\/www.oarcanjo.net\/site\/dorothy-stang-vitima-do-latifundio\/#breadcrumb\",\"itemListElement\":[{\"@type\":\"ListItem\",\"position\":1,\"name\":\"In\u00edcio\",\"item\":\"https:\/\/www.oarcanjo.net\/site\/\"},{\"@type\":\"ListItem\",\"position\":2,\"name\":\"Dorothy Stang, v\u00edtima do latif\u00fandio\"}]},{\"@type\":\"WebSite\",\"@id\":\"https:\/\/www.oarcanjo.net\/site\/#website\",\"url\":\"https:\/\/www.oarcanjo.net\/site\/\",\"name\":\"O Arcanjo no ar\",\"description\":\"Site da Par\u00f3quia S\u00e3o Miguel Arcanjo (Arquidiocese de SP)\",\"publisher\":{\"@id\":\"https:\/\/www.oarcanjo.net\/site\/#organization\"},\"potentialAction\":[{\"@type\":\"SearchAction\",\"target\":{\"@type\":\"EntryPoint\",\"urlTemplate\":\"https:\/\/www.oarcanjo.net\/site\/?s={search_term_string}\"},\"query-input\":{\"@type\":\"PropertyValueSpecification\",\"valueRequired\":true,\"valueName\":\"search_term_string\"}}],\"inLanguage\":\"pt-BR\"},{\"@type\":\"Organization\",\"@id\":\"https:\/\/www.oarcanjo.net\/site\/#organization\",\"name\":\"Par\u00f3quia S\u00e3o Miguel Arcanjo\",\"url\":\"https:\/\/www.oarcanjo.net\/site\/\",\"logo\":{\"@type\":\"ImageObject\",\"inLanguage\":\"pt-BR\",\"@id\":\"https:\/\/www.oarcanjo.net\/site\/#\/schema\/logo\/image\/\",\"url\":\"https:\/\/www.oarcanjo.net\/site\/wp-content\/uploads\/LogoOArcanjo.png\",\"contentUrl\":\"https:\/\/www.oarcanjo.net\/site\/wp-content\/uploads\/LogoOArcanjo.png\",\"width\":319,\"height\":99,\"caption\":\"Par\u00f3quia S\u00e3o Miguel Arcanjo\"},\"image\":{\"@id\":\"https:\/\/www.oarcanjo.net\/site\/#\/schema\/logo\/image\/\"},\"sameAs\":[\"https:\/\/www.facebook.com\/OArcanjoNoAr\/\"]},{\"@type\":\"Person\",\"@id\":\"https:\/\/www.oarcanjo.net\/site\/#\/schema\/person\/f7024d007863202483a31326673a0838\",\"name\":\"editor\",\"sameAs\":[\"http:\/\/www.oarcanjo.net\"]}]}<\/script>\n<!-- \/ Yoast SEO plugin. -->","yoast_head_json":{"title":"Dorothy Stang, v\u00edtima do latif\u00fandio - O Arcanjo no ar","robots":{"index":"index","follow":"follow","max-snippet":"max-snippet:-1","max-image-preview":"max-image-preview:large","max-video-preview":"max-video-preview:-1"},"canonical":"https:\/\/www.oarcanjo.net\/site\/dorothy-stang-vitima-do-latifundio\/","og_locale":"pt_BR","og_type":"article","og_title":"Dorothy Stang, v\u00edtima do latif\u00fandio - O Arcanjo no ar","og_description":"Leia o artigo do Frei Betto sobre os 10 anos do assassinato da Ir. Dorothy Stang, v\u00edtima do latif\u00fandio num pa\u00eds que ainda luta pela reforma agr\u00e1ria","og_url":"https:\/\/www.oarcanjo.net\/site\/dorothy-stang-vitima-do-latifundio\/","og_site_name":"O Arcanjo no ar","article_publisher":"https:\/\/www.facebook.com\/OArcanjoNoAr\/","article_published_time":"2015-02-13T01:05:06+00:00","article_modified_time":"2015-02-19T14:24:26+00:00","og_image":[{"width":700,"height":320,"url":"https:\/\/www.oarcanjo.net\/site\/wp-content\/uploads\/ir-dorothy-700.jpg","type":"image\/jpeg"}],"author":"editor","twitter_card":"summary_large_image","twitter_misc":{"Escrito por":"editor","Est. tempo de leitura":"2 minutos"},"schema":{"@context":"https:\/\/schema.org","@graph":[{"@type":"Article","@id":"https:\/\/www.oarcanjo.net\/site\/dorothy-stang-vitima-do-latifundio\/#article","isPartOf":{"@id":"https:\/\/www.oarcanjo.net\/site\/dorothy-stang-vitima-do-latifundio\/"},"author":{"name":"editor","@id":"https:\/\/www.oarcanjo.net\/site\/#\/schema\/person\/f7024d007863202483a31326673a0838"},"headline":"Dorothy Stang, v\u00edtima do latif\u00fandio","datePublished":"2015-02-13T01:05:06+00:00","dateModified":"2015-02-19T14:24:26+00:00","mainEntityOfPage":{"@id":"https:\/\/www.oarcanjo.net\/site\/dorothy-stang-vitima-do-latifundio\/"},"wordCount":473,"commentCount":0,"publisher":{"@id":"https:\/\/www.oarcanjo.net\/site\/#organization"},"image":{"@id":"https:\/\/www.oarcanjo.net\/site\/dorothy-stang-vitima-do-latifundio\/#primaryimage"},"thumbnailUrl":"https:\/\/www.oarcanjo.net\/site\/wp-content\/uploads\/ir-dorothy-700.jpg","articleSection":["Ir. Dorothy Stang"],"inLanguage":"pt-BR","potentialAction":[{"@type":"CommentAction","name":"Comment","target":["https:\/\/www.oarcanjo.net\/site\/dorothy-stang-vitima-do-latifundio\/#respond"]}]},{"@type":"WebPage","@id":"https:\/\/www.oarcanjo.net\/site\/dorothy-stang-vitima-do-latifundio\/","url":"https:\/\/www.oarcanjo.net\/site\/dorothy-stang-vitima-do-latifundio\/","name":"Dorothy Stang, v\u00edtima do latif\u00fandio - O Arcanjo no ar","isPartOf":{"@id":"https:\/\/www.oarcanjo.net\/site\/#website"},"primaryImageOfPage":{"@id":"https:\/\/www.oarcanjo.net\/site\/dorothy-stang-vitima-do-latifundio\/#primaryimage"},"image":{"@id":"https:\/\/www.oarcanjo.net\/site\/dorothy-stang-vitima-do-latifundio\/#primaryimage"},"thumbnailUrl":"https:\/\/www.oarcanjo.net\/site\/wp-content\/uploads\/ir-dorothy-700.jpg","datePublished":"2015-02-13T01:05:06+00:00","dateModified":"2015-02-19T14:24:26+00:00","breadcrumb":{"@id":"https:\/\/www.oarcanjo.net\/site\/dorothy-stang-vitima-do-latifundio\/#breadcrumb"},"inLanguage":"pt-BR","potentialAction":[{"@type":"ReadAction","target":["https:\/\/www.oarcanjo.net\/site\/dorothy-stang-vitima-do-latifundio\/"]}]},{"@type":"ImageObject","inLanguage":"pt-BR","@id":"https:\/\/www.oarcanjo.net\/site\/dorothy-stang-vitima-do-latifundio\/#primaryimage","url":"https:\/\/www.oarcanjo.net\/site\/wp-content\/uploads\/ir-dorothy-700.jpg","contentUrl":"https:\/\/www.oarcanjo.net\/site\/wp-content\/uploads\/ir-dorothy-700.jpg","width":700,"height":320},{"@type":"BreadcrumbList","@id":"https:\/\/www.oarcanjo.net\/site\/dorothy-stang-vitima-do-latifundio\/#breadcrumb","itemListElement":[{"@type":"ListItem","position":1,"name":"In\u00edcio","item":"https:\/\/www.oarcanjo.net\/site\/"},{"@type":"ListItem","position":2,"name":"Dorothy Stang, v\u00edtima do latif\u00fandio"}]},{"@type":"WebSite","@id":"https:\/\/www.oarcanjo.net\/site\/#website","url":"https:\/\/www.oarcanjo.net\/site\/","name":"O Arcanjo no ar","description":"Site da Par\u00f3quia S\u00e3o Miguel Arcanjo (Arquidiocese de SP)","publisher":{"@id":"https:\/\/www.oarcanjo.net\/site\/#organization"},"potentialAction":[{"@type":"SearchAction","target":{"@type":"EntryPoint","urlTemplate":"https:\/\/www.oarcanjo.net\/site\/?s={search_term_string}"},"query-input":{"@type":"PropertyValueSpecification","valueRequired":true,"valueName":"search_term_string"}}],"inLanguage":"pt-BR"},{"@type":"Organization","@id":"https:\/\/www.oarcanjo.net\/site\/#organization","name":"Par\u00f3quia S\u00e3o Miguel Arcanjo","url":"https:\/\/www.oarcanjo.net\/site\/","logo":{"@type":"ImageObject","inLanguage":"pt-BR","@id":"https:\/\/www.oarcanjo.net\/site\/#\/schema\/logo\/image\/","url":"https:\/\/www.oarcanjo.net\/site\/wp-content\/uploads\/LogoOArcanjo.png","contentUrl":"https:\/\/www.oarcanjo.net\/site\/wp-content\/uploads\/LogoOArcanjo.png","width":319,"height":99,"caption":"Par\u00f3quia S\u00e3o Miguel Arcanjo"},"image":{"@id":"https:\/\/www.oarcanjo.net\/site\/#\/schema\/logo\/image\/"},"sameAs":["https:\/\/www.facebook.com\/OArcanjoNoAr\/"]},{"@type":"Person","@id":"https:\/\/www.oarcanjo.net\/site\/#\/schema\/person\/f7024d007863202483a31326673a0838","name":"editor","sameAs":["http:\/\/www.oarcanjo.net"]}]}},"publishpress_future_action":{"enabled":false,"date":"2026-05-07 07:34:08","action":"category","newStatus":"draft","terms":[],"taxonomy":"category"},"publishpress_future_workflow_manual_trigger":{"enabledWorkflows":[]},"_links":{"self":[{"href":"https:\/\/www.oarcanjo.net\/site\/wp-json\/wp\/v2\/posts\/58918"}],"collection":[{"href":"https:\/\/www.oarcanjo.net\/site\/wp-json\/wp\/v2\/posts"}],"about":[{"href":"https:\/\/www.oarcanjo.net\/site\/wp-json\/wp\/v2\/types\/post"}],"author":[{"embeddable":true,"href":"https:\/\/www.oarcanjo.net\/site\/wp-json\/wp\/v2\/users\/5"}],"replies":[{"embeddable":true,"href":"https:\/\/www.oarcanjo.net\/site\/wp-json\/wp\/v2\/comments?post=58918"}],"version-history":[{"count":0,"href":"https:\/\/www.oarcanjo.net\/site\/wp-json\/wp\/v2\/posts\/58918\/revisions"}],"wp:featuredmedia":[{"embeddable":true,"href":"https:\/\/www.oarcanjo.net\/site\/wp-json\/wp\/v2\/media\/58931"}],"wp:attachment":[{"href":"https:\/\/www.oarcanjo.net\/site\/wp-json\/wp\/v2\/media?parent=58918"}],"wp:term":[{"taxonomy":"category","embeddable":true,"href":"https:\/\/www.oarcanjo.net\/site\/wp-json\/wp\/v2\/categories?post=58918"},{"taxonomy":"post_tag","embeddable":true,"href":"https:\/\/www.oarcanjo.net\/site\/wp-json\/wp\/v2\/tags?post=58918"}],"curies":[{"name":"wp","href":"https:\/\/api.w.org\/{rel}","templated":true}]}}