
{"id":5892,"date":"2009-11-03T21:14:35","date_gmt":"2009-11-04T00:14:35","guid":{"rendered":"http:\/\/www.oarcanjo.net\/site\/?p=5892"},"modified":"2009-11-03T21:14:35","modified_gmt":"2009-11-04T00:14:35","slug":"tortura-nas-prisoes-de-santa-catarina","status":"publish","type":"post","link":"https:\/\/www.oarcanjo.net\/site\/tortura-nas-prisoes-de-santa-catarina\/","title":{"rendered":"Tortura nas pris\u00f5es de Santa Catarina"},"content":{"rendered":"<p>Nota da Pastoral Carcer\u00e1ria Sul IV<\/p>\n<p>Ap\u00f3s conquista do t\u00e3o sonhado Estado de Direito previsto na Constitui\u00e7\u00e3o Federal; ap\u00f3s vivenciarmos a dura experi\u00eancia de uma ditadura improvisada; e ap\u00f3s diversos clamores pelo fim da tortura no pa\u00eds, ainda convivemos com cenas absurdas de tortura nas pris\u00f5es catarinenses e outros ambientes desta p\u00e1tria.<\/p>\n<p>Infelizmente, provid\u00eancias t\u00eam que ser tomadas quando a m\u00eddia entra em cena. Se emissoras influentes apresentam as cenas, logo, a verdade e as exig\u00eancias de medidas urgentes ganham for\u00e7as. Ser\u00e1 que a verdade \u00e9 somente o que a m\u00eddia apresenta? Como ficam os gritos de m\u00e3es, movimentos sociais e da Pastoral Carcer\u00e1ria, que vivenciam a superlota\u00e7\u00e3o e toda esp\u00e9cie de desumanidades nas pris\u00f5es catarinenses? Falta de relat\u00f3rios sobre o sistema e outras den\u00fancias de maus tratos sabemos que n\u00e3o s\u00e3o, visto que a CPI do Sistema Penitenci\u00e1rio relatou e que a Pastoral Carcer\u00e1ria enviou ao pr\u00f3prio secret\u00e1rio de seguran\u00e7a p\u00fablica relat\u00f3rio sobre o sistema.<\/p>\n<p>No entanto, j\u00e1 que a m\u00eddia fez da tortura uma noticia nacional, a busca de culpados come\u00e7ou. Entretanto, a apresenta\u00e7\u00e3o dos mesmos vir\u00e1, mas dificilmente atingir\u00e1 o &#8220;chef\u00e3o&#8221; da DEAP, mesmo tendo ele participado das opera\u00e7\u00f5es que resultaram na pr\u00e1tica criminosa da tortura. A responsabilidade poder\u00e1 cair no agente prisional, aquele que trabalha sob press\u00e3o no sistema prisional arcaico de Santa Catarina e com o sal\u00e1rio de mis\u00e9ria que o governo insiste em preservar.<\/p>\n<p>N\u00e3o se faz seguran\u00e7a p\u00fablica pela repress\u00e3o e descaso com o sistema prisional. \u00c9 lament\u00e1vel que a DEAP esteja em m\u00e3os de pessoas pouco preparadas para a fun\u00e7\u00e3o. Todavia, as cenas de tortura ser\u00e3o aplaudidas por partid\u00e1rios da pena de morte. Os mesmos que n\u00e3o conseguem enxergar um palmo a frente do pr\u00f3prio nariz. N\u00e3o temos a pena capital porque conquistamos um modelo de Estado no qual a compet\u00eancia para sanar conflitos e para humanizar um desumanizado pela viol\u00eancia e outros crimes est\u00e3o previstas em leis como a Lei de Execu\u00e7\u00e3o Penal 7210\/84. Um dia o preso voltar\u00e1 para o nosso meio social. Como ser\u00e1 seu comportamento na sociedade que o lan\u00e7ou na sucursal do inferno prisional?<\/p>\n<p>Portanto, a Pastoral Carcer\u00e1ria de Santa Catarina vem pedir justi\u00e7a, mas que a mesma n\u00e3o seja limitada aos agentes prisionais. Em qualquer pres\u00eddio h\u00e1 gerente ou diretor respons\u00e1vel. Se n\u00e3o h\u00e1 compet\u00eancia, que os respons\u00e1veis, por uma quest\u00e3o \u00e9tica, sejam imediatamente afastados e responsabilizados. Tortura nunca mais!<\/p>\n<p>Padre C\u00e9lio S Ribeiro<br \/>\nCoordenador Estadual da Pastoral Carcer\u00e1ria<br \/>\nCNBB &#8211; Regional Sul IV<\/p>\n<div id=\"themify_builder_content-5892\" data-postid=\"5892\" class=\"themify_builder_content themify_builder_content-5892 themify_builder themify_builder_front\">\n\t<\/div>\n<!-- \/themify_builder_content -->","protected":false},"excerpt":{"rendered":"<p>Nota da Pastoral Carcer\u00e1ria Sul IV Ap\u00f3s conquista do t\u00e3o sonhado Estado de Direito previsto na Constitui\u00e7\u00e3o Federal; ap\u00f3s vivenciarmos a dura experi\u00eancia de uma ditadura improvisada; e ap\u00f3s diversos clamores pelo fim da tortura no pa\u00eds, ainda convivemos com cenas absurdas de tortura nas pris\u00f5es catarinenses e outros ambientes desta p\u00e1tria. Infelizmente, provid\u00eancias t\u00eam [&hellip;]<\/p>\n","protected":false},"author":5,"featured_media":0,"comment_status":"open","ping_status":"open","sticky":false,"template":"","format":"standard","meta":{"ngg_post_thumbnail":0,"footnotes":""},"categories":[8],"tags":[43,746,662,130,410,738,20],"yoast_head":"<!-- This site is optimized with the Yoast SEO plugin v23.5 - https:\/\/yoast.com\/wordpress\/plugins\/seo\/ -->\n<title>Tortura nas pris\u00f5es de Santa Catarina - O Arcanjo no ar<\/title>\n<meta name=\"robots\" content=\"index, follow, max-snippet:-1, max-image-preview:large, max-video-preview:-1\" \/>\n<link rel=\"canonical\" href=\"https:\/\/www.oarcanjo.net\/site\/tortura-nas-prisoes-de-santa-catarina\/\" \/>\n<meta property=\"og:locale\" content=\"pt_BR\" \/>\n<meta property=\"og:type\" content=\"article\" \/>\n<meta property=\"og:title\" content=\"Tortura nas pris\u00f5es de Santa Catarina - O Arcanjo no ar\" \/>\n<meta property=\"og:description\" content=\"Nota da Pastoral Carcer\u00e1ria Sul IV Ap\u00f3s conquista do t\u00e3o sonhado Estado de Direito previsto na Constitui\u00e7\u00e3o Federal; ap\u00f3s vivenciarmos a dura experi\u00eancia de uma ditadura improvisada; e ap\u00f3s diversos clamores pelo fim da tortura no pa\u00eds, ainda convivemos com cenas absurdas de tortura nas pris\u00f5es catarinenses e outros ambientes desta p\u00e1tria. Infelizmente, provid\u00eancias t\u00eam [&hellip;]\" \/>\n<meta property=\"og:url\" content=\"https:\/\/www.oarcanjo.net\/site\/tortura-nas-prisoes-de-santa-catarina\/\" \/>\n<meta property=\"og:site_name\" content=\"O Arcanjo no ar\" \/>\n<meta property=\"article:publisher\" content=\"https:\/\/www.facebook.com\/OArcanjoNoAr\/\" \/>\n<meta property=\"article:published_time\" content=\"2009-11-04T00:14:35+00:00\" \/>\n<meta property=\"og:image\" content=\"https:\/\/www.oarcanjo.net\/site\/wp-content\/uploads\/logo-o-arcanjo-no-ar-facebook.png\" \/>\n\t<meta property=\"og:image:width\" content=\"300\" \/>\n\t<meta property=\"og:image:height\" content=\"300\" \/>\n\t<meta property=\"og:image:type\" content=\"image\/png\" \/>\n<meta name=\"author\" content=\"editor\" \/>\n<meta name=\"twitter:card\" content=\"summary_large_image\" \/>\n<meta name=\"twitter:label1\" content=\"Escrito por\" \/>\n\t<meta name=\"twitter:data1\" content=\"editor\" \/>\n\t<meta name=\"twitter:label2\" content=\"Est. tempo de leitura\" \/>\n\t<meta name=\"twitter:data2\" content=\"2 minutos\" \/>\n<script type=\"application\/ld+json\" class=\"yoast-schema-graph\">{\"@context\":\"https:\/\/schema.org\",\"@graph\":[{\"@type\":\"Article\",\"@id\":\"https:\/\/www.oarcanjo.net\/site\/tortura-nas-prisoes-de-santa-catarina\/#article\",\"isPartOf\":{\"@id\":\"https:\/\/www.oarcanjo.net\/site\/tortura-nas-prisoes-de-santa-catarina\/\"},\"author\":{\"name\":\"editor\",\"@id\":\"https:\/\/www.oarcanjo.net\/site\/#\/schema\/person\/f7024d007863202483a31326673a0838\"},\"headline\":\"Tortura nas pris\u00f5es de Santa Catarina\",\"datePublished\":\"2009-11-04T00:14:35+00:00\",\"dateModified\":\"2009-11-04T00:14:35+00:00\",\"mainEntityOfPage\":{\"@id\":\"https:\/\/www.oarcanjo.net\/site\/tortura-nas-prisoes-de-santa-catarina\/\"},\"wordCount\":481,\"commentCount\":0,\"publisher\":{\"@id\":\"https:\/\/www.oarcanjo.net\/site\/#organization\"},\"keywords\":[\"direitos humanos\",\"Pastoral Carcer\u00e1ria\",\"pris\u00e3o\",\"Santa Catarina\",\"seguran\u00e7a p\u00fablica\",\"tortura\",\"viol\u00eancia\"],\"articleSection\":[\"Not\u00edcias\"],\"inLanguage\":\"pt-BR\",\"potentialAction\":[{\"@type\":\"CommentAction\",\"name\":\"Comment\",\"target\":[\"https:\/\/www.oarcanjo.net\/site\/tortura-nas-prisoes-de-santa-catarina\/#respond\"]}]},{\"@type\":\"WebPage\",\"@id\":\"https:\/\/www.oarcanjo.net\/site\/tortura-nas-prisoes-de-santa-catarina\/\",\"url\":\"https:\/\/www.oarcanjo.net\/site\/tortura-nas-prisoes-de-santa-catarina\/\",\"name\":\"Tortura nas pris\u00f5es de Santa Catarina - O Arcanjo no ar\",\"isPartOf\":{\"@id\":\"https:\/\/www.oarcanjo.net\/site\/#website\"},\"datePublished\":\"2009-11-04T00:14:35+00:00\",\"dateModified\":\"2009-11-04T00:14:35+00:00\",\"breadcrumb\":{\"@id\":\"https:\/\/www.oarcanjo.net\/site\/tortura-nas-prisoes-de-santa-catarina\/#breadcrumb\"},\"inLanguage\":\"pt-BR\",\"potentialAction\":[{\"@type\":\"ReadAction\",\"target\":[\"https:\/\/www.oarcanjo.net\/site\/tortura-nas-prisoes-de-santa-catarina\/\"]}]},{\"@type\":\"BreadcrumbList\",\"@id\":\"https:\/\/www.oarcanjo.net\/site\/tortura-nas-prisoes-de-santa-catarina\/#breadcrumb\",\"itemListElement\":[{\"@type\":\"ListItem\",\"position\":1,\"name\":\"In\u00edcio\",\"item\":\"https:\/\/www.oarcanjo.net\/site\/\"},{\"@type\":\"ListItem\",\"position\":2,\"name\":\"Tortura nas pris\u00f5es de Santa Catarina\"}]},{\"@type\":\"WebSite\",\"@id\":\"https:\/\/www.oarcanjo.net\/site\/#website\",\"url\":\"https:\/\/www.oarcanjo.net\/site\/\",\"name\":\"O Arcanjo no ar\",\"description\":\"Site da Par\u00f3quia S\u00e3o Miguel Arcanjo (Arquidiocese de SP)\",\"publisher\":{\"@id\":\"https:\/\/www.oarcanjo.net\/site\/#organization\"},\"potentialAction\":[{\"@type\":\"SearchAction\",\"target\":{\"@type\":\"EntryPoint\",\"urlTemplate\":\"https:\/\/www.oarcanjo.net\/site\/?s={search_term_string}\"},\"query-input\":{\"@type\":\"PropertyValueSpecification\",\"valueRequired\":true,\"valueName\":\"search_term_string\"}}],\"inLanguage\":\"pt-BR\"},{\"@type\":\"Organization\",\"@id\":\"https:\/\/www.oarcanjo.net\/site\/#organization\",\"name\":\"Par\u00f3quia S\u00e3o Miguel Arcanjo\",\"url\":\"https:\/\/www.oarcanjo.net\/site\/\",\"logo\":{\"@type\":\"ImageObject\",\"inLanguage\":\"pt-BR\",\"@id\":\"https:\/\/www.oarcanjo.net\/site\/#\/schema\/logo\/image\/\",\"url\":\"https:\/\/www.oarcanjo.net\/site\/wp-content\/uploads\/LogoOArcanjo.png\",\"contentUrl\":\"https:\/\/www.oarcanjo.net\/site\/wp-content\/uploads\/LogoOArcanjo.png\",\"width\":319,\"height\":99,\"caption\":\"Par\u00f3quia S\u00e3o Miguel Arcanjo\"},\"image\":{\"@id\":\"https:\/\/www.oarcanjo.net\/site\/#\/schema\/logo\/image\/\"},\"sameAs\":[\"https:\/\/www.facebook.com\/OArcanjoNoAr\/\"]},{\"@type\":\"Person\",\"@id\":\"https:\/\/www.oarcanjo.net\/site\/#\/schema\/person\/f7024d007863202483a31326673a0838\",\"name\":\"editor\",\"sameAs\":[\"http:\/\/www.oarcanjo.net\"]}]}<\/script>\n<!-- \/ Yoast SEO plugin. -->","yoast_head_json":{"title":"Tortura nas pris\u00f5es de Santa Catarina - O Arcanjo no ar","robots":{"index":"index","follow":"follow","max-snippet":"max-snippet:-1","max-image-preview":"max-image-preview:large","max-video-preview":"max-video-preview:-1"},"canonical":"https:\/\/www.oarcanjo.net\/site\/tortura-nas-prisoes-de-santa-catarina\/","og_locale":"pt_BR","og_type":"article","og_title":"Tortura nas pris\u00f5es de Santa Catarina - O Arcanjo no ar","og_description":"Nota da Pastoral Carcer\u00e1ria Sul IV Ap\u00f3s conquista do t\u00e3o sonhado Estado de Direito previsto na Constitui\u00e7\u00e3o Federal; ap\u00f3s vivenciarmos a dura experi\u00eancia de uma ditadura improvisada; e ap\u00f3s diversos clamores pelo fim da tortura no pa\u00eds, ainda convivemos com cenas absurdas de tortura nas pris\u00f5es catarinenses e outros ambientes desta p\u00e1tria. Infelizmente, provid\u00eancias t\u00eam [&hellip;]","og_url":"https:\/\/www.oarcanjo.net\/site\/tortura-nas-prisoes-de-santa-catarina\/","og_site_name":"O Arcanjo no ar","article_publisher":"https:\/\/www.facebook.com\/OArcanjoNoAr\/","article_published_time":"2009-11-04T00:14:35+00:00","og_image":[{"width":300,"height":300,"url":"https:\/\/www.oarcanjo.net\/site\/wp-content\/uploads\/logo-o-arcanjo-no-ar-facebook.png","type":"image\/png"}],"author":"editor","twitter_card":"summary_large_image","twitter_misc":{"Escrito por":"editor","Est. tempo de leitura":"2 minutos"},"schema":{"@context":"https:\/\/schema.org","@graph":[{"@type":"Article","@id":"https:\/\/www.oarcanjo.net\/site\/tortura-nas-prisoes-de-santa-catarina\/#article","isPartOf":{"@id":"https:\/\/www.oarcanjo.net\/site\/tortura-nas-prisoes-de-santa-catarina\/"},"author":{"name":"editor","@id":"https:\/\/www.oarcanjo.net\/site\/#\/schema\/person\/f7024d007863202483a31326673a0838"},"headline":"Tortura nas pris\u00f5es de Santa Catarina","datePublished":"2009-11-04T00:14:35+00:00","dateModified":"2009-11-04T00:14:35+00:00","mainEntityOfPage":{"@id":"https:\/\/www.oarcanjo.net\/site\/tortura-nas-prisoes-de-santa-catarina\/"},"wordCount":481,"commentCount":0,"publisher":{"@id":"https:\/\/www.oarcanjo.net\/site\/#organization"},"keywords":["direitos humanos","Pastoral Carcer\u00e1ria","pris\u00e3o","Santa Catarina","seguran\u00e7a p\u00fablica","tortura","viol\u00eancia"],"articleSection":["Not\u00edcias"],"inLanguage":"pt-BR","potentialAction":[{"@type":"CommentAction","name":"Comment","target":["https:\/\/www.oarcanjo.net\/site\/tortura-nas-prisoes-de-santa-catarina\/#respond"]}]},{"@type":"WebPage","@id":"https:\/\/www.oarcanjo.net\/site\/tortura-nas-prisoes-de-santa-catarina\/","url":"https:\/\/www.oarcanjo.net\/site\/tortura-nas-prisoes-de-santa-catarina\/","name":"Tortura nas pris\u00f5es de Santa Catarina - O Arcanjo no ar","isPartOf":{"@id":"https:\/\/www.oarcanjo.net\/site\/#website"},"datePublished":"2009-11-04T00:14:35+00:00","dateModified":"2009-11-04T00:14:35+00:00","breadcrumb":{"@id":"https:\/\/www.oarcanjo.net\/site\/tortura-nas-prisoes-de-santa-catarina\/#breadcrumb"},"inLanguage":"pt-BR","potentialAction":[{"@type":"ReadAction","target":["https:\/\/www.oarcanjo.net\/site\/tortura-nas-prisoes-de-santa-catarina\/"]}]},{"@type":"BreadcrumbList","@id":"https:\/\/www.oarcanjo.net\/site\/tortura-nas-prisoes-de-santa-catarina\/#breadcrumb","itemListElement":[{"@type":"ListItem","position":1,"name":"In\u00edcio","item":"https:\/\/www.oarcanjo.net\/site\/"},{"@type":"ListItem","position":2,"name":"Tortura nas pris\u00f5es de Santa Catarina"}]},{"@type":"WebSite","@id":"https:\/\/www.oarcanjo.net\/site\/#website","url":"https:\/\/www.oarcanjo.net\/site\/","name":"O Arcanjo no ar","description":"Site da Par\u00f3quia S\u00e3o Miguel Arcanjo (Arquidiocese de SP)","publisher":{"@id":"https:\/\/www.oarcanjo.net\/site\/#organization"},"potentialAction":[{"@type":"SearchAction","target":{"@type":"EntryPoint","urlTemplate":"https:\/\/www.oarcanjo.net\/site\/?s={search_term_string}"},"query-input":{"@type":"PropertyValueSpecification","valueRequired":true,"valueName":"search_term_string"}}],"inLanguage":"pt-BR"},{"@type":"Organization","@id":"https:\/\/www.oarcanjo.net\/site\/#organization","name":"Par\u00f3quia S\u00e3o Miguel Arcanjo","url":"https:\/\/www.oarcanjo.net\/site\/","logo":{"@type":"ImageObject","inLanguage":"pt-BR","@id":"https:\/\/www.oarcanjo.net\/site\/#\/schema\/logo\/image\/","url":"https:\/\/www.oarcanjo.net\/site\/wp-content\/uploads\/LogoOArcanjo.png","contentUrl":"https:\/\/www.oarcanjo.net\/site\/wp-content\/uploads\/LogoOArcanjo.png","width":319,"height":99,"caption":"Par\u00f3quia S\u00e3o Miguel Arcanjo"},"image":{"@id":"https:\/\/www.oarcanjo.net\/site\/#\/schema\/logo\/image\/"},"sameAs":["https:\/\/www.facebook.com\/OArcanjoNoAr\/"]},{"@type":"Person","@id":"https:\/\/www.oarcanjo.net\/site\/#\/schema\/person\/f7024d007863202483a31326673a0838","name":"editor","sameAs":["http:\/\/www.oarcanjo.net"]}]}},"publishpress_future_action":{"enabled":false,"date":"2026-05-08 11:07:39","action":"category","newStatus":"draft","terms":[],"taxonomy":"category"},"publishpress_future_workflow_manual_trigger":{"enabledWorkflows":[]},"_links":{"self":[{"href":"https:\/\/www.oarcanjo.net\/site\/wp-json\/wp\/v2\/posts\/5892"}],"collection":[{"href":"https:\/\/www.oarcanjo.net\/site\/wp-json\/wp\/v2\/posts"}],"about":[{"href":"https:\/\/www.oarcanjo.net\/site\/wp-json\/wp\/v2\/types\/post"}],"author":[{"embeddable":true,"href":"https:\/\/www.oarcanjo.net\/site\/wp-json\/wp\/v2\/users\/5"}],"replies":[{"embeddable":true,"href":"https:\/\/www.oarcanjo.net\/site\/wp-json\/wp\/v2\/comments?post=5892"}],"version-history":[{"count":0,"href":"https:\/\/www.oarcanjo.net\/site\/wp-json\/wp\/v2\/posts\/5892\/revisions"}],"wp:attachment":[{"href":"https:\/\/www.oarcanjo.net\/site\/wp-json\/wp\/v2\/media?parent=5892"}],"wp:term":[{"taxonomy":"category","embeddable":true,"href":"https:\/\/www.oarcanjo.net\/site\/wp-json\/wp\/v2\/categories?post=5892"},{"taxonomy":"post_tag","embeddable":true,"href":"https:\/\/www.oarcanjo.net\/site\/wp-json\/wp\/v2\/tags?post=5892"}],"curies":[{"name":"wp","href":"https:\/\/api.w.org\/{rel}","templated":true}]}}