
{"id":5894,"date":"2009-11-01T10:14:55","date_gmt":"2009-11-01T13:14:55","guid":{"rendered":"http:\/\/www.oarcanjo.net\/site\/?p=5894"},"modified":"2009-11-03T21:17:46","modified_gmt":"2009-11-04T00:17:46","slug":"documento-final-da-xviii-assembleia-geral-do-cimi","status":"publish","type":"post","link":"https:\/\/www.oarcanjo.net\/site\/documento-final-da-xviii-assembleia-geral-do-cimi\/","title":{"rendered":"Documento Final da XVIII Assembl\u00e9ia Geral do Cimi"},"content":{"rendered":"<p>Ag\u00eancia Adital<\/p>\n<p>&#8220;Paz e Terra para os Povos Ind\u00edgenas&#8221;! Este foi o tema da XVIII Assembl\u00e9ia Geral do Cimi, realizada em Luzi\u00e2nia, Goi\u00e1s, de 27 a 30 de outubro de 2009. O tema se inspira no texto do Profeta Isaias &#8220;O fruto da Justi\u00e7a ser\u00e1 a Paz, e a obra da justi\u00e7a consistir\u00e1 na tranq\u00fcilidade e na seguran\u00e7a para sempre&#8221; (Is 32, 17) e enfatiza que o direito assegurado dos povos ind\u00edgenas \u00e0 terra tradicional \u00e9 condi\u00e7\u00e3o priorit\u00e1ria para que haja paz na terra. Sem justi\u00e7a, n\u00e3o haver\u00e1 demarca\u00e7\u00e3o das terras, n\u00e3o haver\u00e1 respeito \u00e0s diferen\u00e7as, n\u00e3o haver\u00e1 tranquilidade e seguran\u00e7a, n\u00e3o haver\u00e1 futuro com dignidade para os povos ind\u00edgenas.<\/p>\n<p>Ao analisarmos a conjuntura indigenista, pol\u00edtica, econ\u00f4mica e social, conclu\u00edmos que, embora haja \u00eaxitos e conquistas no que tange \u00e0 participa\u00e7\u00e3o ind\u00edgena nas esferas p\u00fablicas de controle social, vivemos um per\u00edodo de profundas e graves adversidades porque est\u00e3o sendo consolidados programas e pol\u00edticas que desrespeitam os direitos humanos, sociais, ambientais e culturais.<\/p>\n<p>As prioridades absolutas do Governo Federal s\u00e3o empreendimentos explorat\u00f3rios dos recursos naturais existentes nas terras e nas \u00e1guas. Para viabilizar tais projetos desenvolvimentistas o Estado disponibiliza suas estruturas administrativas, financeiras, jur\u00eddicas e pol\u00edticas. As leis precisam corresponder a essas expectativas e, quando isso n\u00e3o acontece do ponto de vista dos setores da produ\u00e7\u00e3o, novas leis ser\u00e3o criadas. O Governo entende que os demais entraves que comprometem os planos desenvolvimentistas &#8211; tais como os povos ind\u00edgenas, os quilombolas e outras popula\u00e7\u00f5es tradicionais, o Minist\u00e9rio P\u00fablico, o meio ambiente e suas riquezas n\u00e3o monet\u00e1rias &#8211; devem ser removidos.<\/p>\n<p>Para a remo\u00e7\u00e3o destes entraves, o Estado tamb\u00e9m se estrutura com departamentos e secretarias que atuam em tr\u00eas frentes: no convencimento pela persuas\u00e3o, na coopta\u00e7\u00e3o e na repress\u00e3o quando as primeiras n\u00e3o surtirem o efeito desejado. Nesta mesma dire\u00e7\u00e3o v\u00e3o as a\u00e7\u00f5es do Governo Federal que objetivam impedir a presen\u00e7a e acesso de aliados dos povos ind\u00edgenas \u00e0s aldeias. Essa \u00e9 mais uma das estrat\u00e9gias dos interesses econ\u00f4micos e do Governo para facilitar a extra\u00e7\u00e3o dos recursos naturais das terras ind\u00edgenas.<\/p>\n<p>Como consequ\u00eancia desse modelo de desenvolvimento, nenhuma terra ind\u00edgena foi regularizada nos dois \u00faltimos anos. Os povos Guarani-Kaiow\u00e1 e Terena em Mato Grosso do Sul sofrem viol\u00eancias sistem\u00e1ticas pela expans\u00e3o do agroneg\u00f3cio, especialmente do monocultivo da cana e da soja. Grandes e pequenas hidrel\u00e9tricas s\u00e3o projetadas e constru\u00eddas sem respeitar os povos que sofrer\u00e3o terr\u00edveis impactos e sem levar em conta riquezas naturais que ser\u00e3o destru\u00eddas. Belo Monte no rio Xingu, Santo Ant\u00f4nio e Jirau no rio Madeira, a transposi\u00e7\u00e3o do rio S\u00e3o Francisco, e centenas de outros empreendimentos afetar\u00e3o os povos ind\u00edgenas em todas as regi\u00f5es do pa\u00eds. De modo particular preocupa-nos os povos em situa\u00e7\u00e3o de isolamento que ser\u00e3o atingidos pelo complexo hidrel\u00e9trico do rio Madeira e dezenas de outros que sofrer\u00e3o impactos em fun\u00e7\u00e3o do avan\u00e7o do desmatamento e da explora\u00e7\u00e3o mineral na Amaz\u00f4nia.<\/p>\n<p>Representantes de diversos povos ind\u00edgenas participaram desta Assembl\u00e9ia e externaram, uma vez mais, seu clamor e sua indigna\u00e7\u00e3o diante da viol\u00eancia, criminaliza\u00e7\u00e3o de lideran\u00e7as, omiss\u00e3o do poder p\u00fablico e a devasta\u00e7\u00e3o decorrentes da implanta\u00e7\u00e3o dos grandes projetos de morte &#8211; e n\u00e3o de vida &#8211; para a grande maioria da popula\u00e7\u00e3o. Em sua firme resist\u00eancia e esperan\u00e7a, lan\u00e7aram o apelo para que mais setores da sociedade compreendam e ap\u00f3iem seus direitos e suas lutas. Fizeram um apelo especial aos mission\u00e1rios, insistindo que, al\u00e9m de continuarem solid\u00e1rios e compromissados com eles, se esmerem em conseguir sempre mais aliados para essa causa.<\/p>\n<p>Como mission\u00e1rios e mission\u00e1rias do Cimi, seguindo a tradi\u00e7\u00e3o da entidade desde a primeira Assembl\u00e9ia Geral em 1975, assumimos o compromisso de apoio irrestrito aos povos ind\u00edgenas na luta pela demarca\u00e7\u00e3o e garantia de seus territ\u00f3rios tradicionais, conforme determina a Constitui\u00e7\u00e3o Federal e conven\u00e7\u00f5es e declara\u00e7\u00f5es internacionais da qual o Brasil \u00e9 signat\u00e1rio. Definimos como a\u00e7\u00e3o estrat\u00e9gica priorit\u00e1ria o apoio aos povos Guarani-Kaiow\u00e1, do Mato Grosso do Sul. A expuls\u00e3o destes povos de suas terras ancestrais configura-se em verdadeiro processo genocida e etnocida. Continuaremos a denunciar os \u00f3rg\u00e3os de Estado que praticam atos de viol\u00eancia contra os povos ind\u00edgenas, a exemplo do caso dos ind\u00edgenas Tupinamb\u00e1 torturados pela Pol\u00edcia Federal na Bahia.<\/p>\n<p>Revigoramos nesta Assembl\u00e9ia o esp\u00edrito de justi\u00e7a e compromisso mission\u00e1rio junto aos povos ind\u00edgenas deste pa\u00eds e do continente. Reafirmamos nossa abertura para o di\u00e1logo interreligioso e ecum\u00eanico. Celebramos o testemunho dos lutadores e lutadoras, que consagram suas vidas a esta causa e dos que j\u00e1 partiram, em especial nossos companheiros de d\u00e9cadas de luta e trabalho em favor dos povos ind\u00edgenas de pouco contato ou em situa\u00e7\u00e3o de isolamento e risco, Padre G\u00fcnter Kroemer e Carlos Tavares dos Passos.<\/p>\n<p>Unimo-nos ao clamor da natureza, contra a destrui\u00e7\u00e3o da vida no planeta Terra. Os povos ind\u00edgenas continuam a oferecer a todo o mundo seus projetos hist\u00f3ricos de conviv\u00eancia harmoniosa com a natureza.<\/p>\n<p>Mesmo que campanhas antiind\u00edgenas tentem abafar nossos gritos por terra e justi\u00e7a, jamais conseguir\u00e3o matar nossos sonhos e nossa decis\u00e3o inquebrant\u00e1vel de lutar pela vida, a dignidade e os direitos dos povos ind\u00edgenas.<\/p>\n<p>A primavera em flor em Luzi\u00e2nia, Goi\u00e1s, tornou a Assembl\u00e9ia mais alegre e esperan\u00e7osa. A resist\u00eancia dos povos ind\u00edgenas desabrocha na luta por seus direitos e fundamenta a nossa m\u00edstica militante. Acreditamos que &#8220;um outro mundo \u00e9 poss\u00edvel&#8221; que coincide para n\u00f3s com o Reino de Deus em que &#8220;Amor e Verdade se encontram, Justi\u00e7a e Paz se abra\u00e7am.&#8221; (Sl 85 (84),11).<\/p>\n<p>Luzi\u00e2nia, 30 de outubro de 2009.<\/p>\n<div id=\"themify_builder_content-5894\" data-postid=\"5894\" class=\"themify_builder_content themify_builder_content-5894 themify_builder themify_builder_front\">\n\t<\/div>\n<!-- \/themify_builder_content -->","protected":false},"excerpt":{"rendered":"<p>Ag\u00eancia Adital &#8220;Paz e Terra para os Povos Ind\u00edgenas&#8221;! Este foi o tema da XVIII Assembl\u00e9ia Geral do Cimi, realizada em Luzi\u00e2nia, Goi\u00e1s, de 27 a 30 de outubro de 2009. O tema se inspira no texto do Profeta Isaias &#8220;O fruto da Justi\u00e7a ser\u00e1 a Paz, e a obra da justi\u00e7a consistir\u00e1 na tranq\u00fcilidade [&hellip;]<\/p>\n","protected":false},"author":5,"featured_media":0,"comment_status":"open","ping_status":"open","sticky":false,"template":"","format":"standard","meta":{"ngg_post_thumbnail":0,"footnotes":""},"categories":[8],"tags":[400,1208,935,1207],"yoast_head":"<!-- This site is optimized with the Yoast SEO plugin v23.5 - https:\/\/yoast.com\/wordpress\/plugins\/seo\/ -->\n<title>Documento Final da XVIII Assembl\u00e9ia Geral do Cimi - O Arcanjo no ar<\/title>\n<meta name=\"robots\" content=\"index, follow, max-snippet:-1, max-image-preview:large, max-video-preview:-1\" \/>\n<link rel=\"canonical\" href=\"https:\/\/www.oarcanjo.net\/site\/documento-final-da-xviii-assembleia-geral-do-cimi\/\" \/>\n<meta property=\"og:locale\" content=\"pt_BR\" \/>\n<meta property=\"og:type\" content=\"article\" \/>\n<meta property=\"og:title\" content=\"Documento Final da XVIII Assembl\u00e9ia Geral do Cimi - O Arcanjo no ar\" \/>\n<meta property=\"og:description\" content=\"Ag\u00eancia Adital &#8220;Paz e Terra para os Povos Ind\u00edgenas&#8221;! Este foi o tema da XVIII Assembl\u00e9ia Geral do Cimi, realizada em Luzi\u00e2nia, Goi\u00e1s, de 27 a 30 de outubro de 2009. O tema se inspira no texto do Profeta Isaias &#8220;O fruto da Justi\u00e7a ser\u00e1 a Paz, e a obra da justi\u00e7a consistir\u00e1 na tranq\u00fcilidade [&hellip;]\" \/>\n<meta property=\"og:url\" content=\"https:\/\/www.oarcanjo.net\/site\/documento-final-da-xviii-assembleia-geral-do-cimi\/\" \/>\n<meta property=\"og:site_name\" content=\"O Arcanjo no ar\" \/>\n<meta property=\"article:publisher\" content=\"https:\/\/www.facebook.com\/OArcanjoNoAr\/\" \/>\n<meta property=\"article:published_time\" content=\"2009-11-01T13:14:55+00:00\" \/>\n<meta property=\"article:modified_time\" content=\"2009-11-04T00:17:46+00:00\" \/>\n<meta property=\"og:image\" content=\"https:\/\/www.oarcanjo.net\/site\/wp-content\/uploads\/logo-o-arcanjo-no-ar-facebook.png\" \/>\n\t<meta property=\"og:image:width\" content=\"300\" \/>\n\t<meta property=\"og:image:height\" content=\"300\" \/>\n\t<meta property=\"og:image:type\" content=\"image\/png\" \/>\n<meta name=\"author\" content=\"editor\" \/>\n<meta name=\"twitter:card\" content=\"summary_large_image\" \/>\n<meta name=\"twitter:label1\" content=\"Escrito por\" \/>\n\t<meta name=\"twitter:data1\" content=\"editor\" \/>\n\t<meta name=\"twitter:label2\" content=\"Est. tempo de leitura\" \/>\n\t<meta name=\"twitter:data2\" content=\"5 minutos\" \/>\n<script type=\"application\/ld+json\" class=\"yoast-schema-graph\">{\"@context\":\"https:\/\/schema.org\",\"@graph\":[{\"@type\":\"Article\",\"@id\":\"https:\/\/www.oarcanjo.net\/site\/documento-final-da-xviii-assembleia-geral-do-cimi\/#article\",\"isPartOf\":{\"@id\":\"https:\/\/www.oarcanjo.net\/site\/documento-final-da-xviii-assembleia-geral-do-cimi\/\"},\"author\":{\"name\":\"editor\",\"@id\":\"https:\/\/www.oarcanjo.net\/site\/#\/schema\/person\/f7024d007863202483a31326673a0838\"},\"headline\":\"Documento Final da XVIII Assembl\u00e9ia Geral do Cimi\",\"datePublished\":\"2009-11-01T13:14:55+00:00\",\"dateModified\":\"2009-11-04T00:17:46+00:00\",\"mainEntityOfPage\":{\"@id\":\"https:\/\/www.oarcanjo.net\/site\/documento-final-da-xviii-assembleia-geral-do-cimi\/\"},\"wordCount\":1054,\"commentCount\":0,\"publisher\":{\"@id\":\"https:\/\/www.oarcanjo.net\/site\/#organization\"},\"keywords\":[\"CIMI\",\"Guarani-Kaiow\u00e1\",\"povos ind\u00edgenas\",\"Terena\"],\"articleSection\":[\"Not\u00edcias\"],\"inLanguage\":\"pt-BR\",\"potentialAction\":[{\"@type\":\"CommentAction\",\"name\":\"Comment\",\"target\":[\"https:\/\/www.oarcanjo.net\/site\/documento-final-da-xviii-assembleia-geral-do-cimi\/#respond\"]}]},{\"@type\":\"WebPage\",\"@id\":\"https:\/\/www.oarcanjo.net\/site\/documento-final-da-xviii-assembleia-geral-do-cimi\/\",\"url\":\"https:\/\/www.oarcanjo.net\/site\/documento-final-da-xviii-assembleia-geral-do-cimi\/\",\"name\":\"Documento Final da XVIII Assembl\u00e9ia Geral do Cimi - O Arcanjo no ar\",\"isPartOf\":{\"@id\":\"https:\/\/www.oarcanjo.net\/site\/#website\"},\"datePublished\":\"2009-11-01T13:14:55+00:00\",\"dateModified\":\"2009-11-04T00:17:46+00:00\",\"breadcrumb\":{\"@id\":\"https:\/\/www.oarcanjo.net\/site\/documento-final-da-xviii-assembleia-geral-do-cimi\/#breadcrumb\"},\"inLanguage\":\"pt-BR\",\"potentialAction\":[{\"@type\":\"ReadAction\",\"target\":[\"https:\/\/www.oarcanjo.net\/site\/documento-final-da-xviii-assembleia-geral-do-cimi\/\"]}]},{\"@type\":\"BreadcrumbList\",\"@id\":\"https:\/\/www.oarcanjo.net\/site\/documento-final-da-xviii-assembleia-geral-do-cimi\/#breadcrumb\",\"itemListElement\":[{\"@type\":\"ListItem\",\"position\":1,\"name\":\"In\u00edcio\",\"item\":\"https:\/\/www.oarcanjo.net\/site\/\"},{\"@type\":\"ListItem\",\"position\":2,\"name\":\"Documento Final da XVIII Assembl\u00e9ia Geral do Cimi\"}]},{\"@type\":\"WebSite\",\"@id\":\"https:\/\/www.oarcanjo.net\/site\/#website\",\"url\":\"https:\/\/www.oarcanjo.net\/site\/\",\"name\":\"O Arcanjo no ar\",\"description\":\"Site da Par\u00f3quia S\u00e3o Miguel Arcanjo (Arquidiocese de SP)\",\"publisher\":{\"@id\":\"https:\/\/www.oarcanjo.net\/site\/#organization\"},\"potentialAction\":[{\"@type\":\"SearchAction\",\"target\":{\"@type\":\"EntryPoint\",\"urlTemplate\":\"https:\/\/www.oarcanjo.net\/site\/?s={search_term_string}\"},\"query-input\":{\"@type\":\"PropertyValueSpecification\",\"valueRequired\":true,\"valueName\":\"search_term_string\"}}],\"inLanguage\":\"pt-BR\"},{\"@type\":\"Organization\",\"@id\":\"https:\/\/www.oarcanjo.net\/site\/#organization\",\"name\":\"Par\u00f3quia S\u00e3o Miguel Arcanjo\",\"url\":\"https:\/\/www.oarcanjo.net\/site\/\",\"logo\":{\"@type\":\"ImageObject\",\"inLanguage\":\"pt-BR\",\"@id\":\"https:\/\/www.oarcanjo.net\/site\/#\/schema\/logo\/image\/\",\"url\":\"https:\/\/www.oarcanjo.net\/site\/wp-content\/uploads\/LogoOArcanjo.png\",\"contentUrl\":\"https:\/\/www.oarcanjo.net\/site\/wp-content\/uploads\/LogoOArcanjo.png\",\"width\":319,\"height\":99,\"caption\":\"Par\u00f3quia S\u00e3o Miguel Arcanjo\"},\"image\":{\"@id\":\"https:\/\/www.oarcanjo.net\/site\/#\/schema\/logo\/image\/\"},\"sameAs\":[\"https:\/\/www.facebook.com\/OArcanjoNoAr\/\"]},{\"@type\":\"Person\",\"@id\":\"https:\/\/www.oarcanjo.net\/site\/#\/schema\/person\/f7024d007863202483a31326673a0838\",\"name\":\"editor\",\"sameAs\":[\"http:\/\/www.oarcanjo.net\"]}]}<\/script>\n<!-- \/ Yoast SEO plugin. -->","yoast_head_json":{"title":"Documento Final da XVIII Assembl\u00e9ia Geral do Cimi - O Arcanjo no ar","robots":{"index":"index","follow":"follow","max-snippet":"max-snippet:-1","max-image-preview":"max-image-preview:large","max-video-preview":"max-video-preview:-1"},"canonical":"https:\/\/www.oarcanjo.net\/site\/documento-final-da-xviii-assembleia-geral-do-cimi\/","og_locale":"pt_BR","og_type":"article","og_title":"Documento Final da XVIII Assembl\u00e9ia Geral do Cimi - O Arcanjo no ar","og_description":"Ag\u00eancia Adital &#8220;Paz e Terra para os Povos Ind\u00edgenas&#8221;! Este foi o tema da XVIII Assembl\u00e9ia Geral do Cimi, realizada em Luzi\u00e2nia, Goi\u00e1s, de 27 a 30 de outubro de 2009. O tema se inspira no texto do Profeta Isaias &#8220;O fruto da Justi\u00e7a ser\u00e1 a Paz, e a obra da justi\u00e7a consistir\u00e1 na tranq\u00fcilidade [&hellip;]","og_url":"https:\/\/www.oarcanjo.net\/site\/documento-final-da-xviii-assembleia-geral-do-cimi\/","og_site_name":"O Arcanjo no ar","article_publisher":"https:\/\/www.facebook.com\/OArcanjoNoAr\/","article_published_time":"2009-11-01T13:14:55+00:00","article_modified_time":"2009-11-04T00:17:46+00:00","og_image":[{"width":300,"height":300,"url":"https:\/\/www.oarcanjo.net\/site\/wp-content\/uploads\/logo-o-arcanjo-no-ar-facebook.png","type":"image\/png"}],"author":"editor","twitter_card":"summary_large_image","twitter_misc":{"Escrito por":"editor","Est. tempo de leitura":"5 minutos"},"schema":{"@context":"https:\/\/schema.org","@graph":[{"@type":"Article","@id":"https:\/\/www.oarcanjo.net\/site\/documento-final-da-xviii-assembleia-geral-do-cimi\/#article","isPartOf":{"@id":"https:\/\/www.oarcanjo.net\/site\/documento-final-da-xviii-assembleia-geral-do-cimi\/"},"author":{"name":"editor","@id":"https:\/\/www.oarcanjo.net\/site\/#\/schema\/person\/f7024d007863202483a31326673a0838"},"headline":"Documento Final da XVIII Assembl\u00e9ia Geral do Cimi","datePublished":"2009-11-01T13:14:55+00:00","dateModified":"2009-11-04T00:17:46+00:00","mainEntityOfPage":{"@id":"https:\/\/www.oarcanjo.net\/site\/documento-final-da-xviii-assembleia-geral-do-cimi\/"},"wordCount":1054,"commentCount":0,"publisher":{"@id":"https:\/\/www.oarcanjo.net\/site\/#organization"},"keywords":["CIMI","Guarani-Kaiow\u00e1","povos ind\u00edgenas","Terena"],"articleSection":["Not\u00edcias"],"inLanguage":"pt-BR","potentialAction":[{"@type":"CommentAction","name":"Comment","target":["https:\/\/www.oarcanjo.net\/site\/documento-final-da-xviii-assembleia-geral-do-cimi\/#respond"]}]},{"@type":"WebPage","@id":"https:\/\/www.oarcanjo.net\/site\/documento-final-da-xviii-assembleia-geral-do-cimi\/","url":"https:\/\/www.oarcanjo.net\/site\/documento-final-da-xviii-assembleia-geral-do-cimi\/","name":"Documento Final da XVIII Assembl\u00e9ia Geral do Cimi - O Arcanjo no ar","isPartOf":{"@id":"https:\/\/www.oarcanjo.net\/site\/#website"},"datePublished":"2009-11-01T13:14:55+00:00","dateModified":"2009-11-04T00:17:46+00:00","breadcrumb":{"@id":"https:\/\/www.oarcanjo.net\/site\/documento-final-da-xviii-assembleia-geral-do-cimi\/#breadcrumb"},"inLanguage":"pt-BR","potentialAction":[{"@type":"ReadAction","target":["https:\/\/www.oarcanjo.net\/site\/documento-final-da-xviii-assembleia-geral-do-cimi\/"]}]},{"@type":"BreadcrumbList","@id":"https:\/\/www.oarcanjo.net\/site\/documento-final-da-xviii-assembleia-geral-do-cimi\/#breadcrumb","itemListElement":[{"@type":"ListItem","position":1,"name":"In\u00edcio","item":"https:\/\/www.oarcanjo.net\/site\/"},{"@type":"ListItem","position":2,"name":"Documento Final da XVIII Assembl\u00e9ia Geral do Cimi"}]},{"@type":"WebSite","@id":"https:\/\/www.oarcanjo.net\/site\/#website","url":"https:\/\/www.oarcanjo.net\/site\/","name":"O Arcanjo no ar","description":"Site da Par\u00f3quia S\u00e3o Miguel Arcanjo (Arquidiocese de SP)","publisher":{"@id":"https:\/\/www.oarcanjo.net\/site\/#organization"},"potentialAction":[{"@type":"SearchAction","target":{"@type":"EntryPoint","urlTemplate":"https:\/\/www.oarcanjo.net\/site\/?s={search_term_string}"},"query-input":{"@type":"PropertyValueSpecification","valueRequired":true,"valueName":"search_term_string"}}],"inLanguage":"pt-BR"},{"@type":"Organization","@id":"https:\/\/www.oarcanjo.net\/site\/#organization","name":"Par\u00f3quia S\u00e3o Miguel Arcanjo","url":"https:\/\/www.oarcanjo.net\/site\/","logo":{"@type":"ImageObject","inLanguage":"pt-BR","@id":"https:\/\/www.oarcanjo.net\/site\/#\/schema\/logo\/image\/","url":"https:\/\/www.oarcanjo.net\/site\/wp-content\/uploads\/LogoOArcanjo.png","contentUrl":"https:\/\/www.oarcanjo.net\/site\/wp-content\/uploads\/LogoOArcanjo.png","width":319,"height":99,"caption":"Par\u00f3quia S\u00e3o Miguel Arcanjo"},"image":{"@id":"https:\/\/www.oarcanjo.net\/site\/#\/schema\/logo\/image\/"},"sameAs":["https:\/\/www.facebook.com\/OArcanjoNoAr\/"]},{"@type":"Person","@id":"https:\/\/www.oarcanjo.net\/site\/#\/schema\/person\/f7024d007863202483a31326673a0838","name":"editor","sameAs":["http:\/\/www.oarcanjo.net"]}]}},"publishpress_future_action":{"enabled":false,"date":"2026-05-08 12:45:46","action":"category","newStatus":"draft","terms":[],"taxonomy":"category"},"publishpress_future_workflow_manual_trigger":{"enabledWorkflows":[]},"_links":{"self":[{"href":"https:\/\/www.oarcanjo.net\/site\/wp-json\/wp\/v2\/posts\/5894"}],"collection":[{"href":"https:\/\/www.oarcanjo.net\/site\/wp-json\/wp\/v2\/posts"}],"about":[{"href":"https:\/\/www.oarcanjo.net\/site\/wp-json\/wp\/v2\/types\/post"}],"author":[{"embeddable":true,"href":"https:\/\/www.oarcanjo.net\/site\/wp-json\/wp\/v2\/users\/5"}],"replies":[{"embeddable":true,"href":"https:\/\/www.oarcanjo.net\/site\/wp-json\/wp\/v2\/comments?post=5894"}],"version-history":[{"count":0,"href":"https:\/\/www.oarcanjo.net\/site\/wp-json\/wp\/v2\/posts\/5894\/revisions"}],"wp:attachment":[{"href":"https:\/\/www.oarcanjo.net\/site\/wp-json\/wp\/v2\/media?parent=5894"}],"wp:term":[{"taxonomy":"category","embeddable":true,"href":"https:\/\/www.oarcanjo.net\/site\/wp-json\/wp\/v2\/categories?post=5894"},{"taxonomy":"post_tag","embeddable":true,"href":"https:\/\/www.oarcanjo.net\/site\/wp-json\/wp\/v2\/tags?post=5894"}],"curies":[{"name":"wp","href":"https:\/\/api.w.org\/{rel}","templated":true}]}}