
{"id":58953,"date":"2015-02-17T16:48:37","date_gmt":"2015-02-17T18:48:37","guid":{"rendered":"http:\/\/www.oarcanjo.net\/site\/?p=58953"},"modified":"2015-02-17T16:48:37","modified_gmt":"2015-02-17T18:48:37","slug":"quaresma","status":"publish","type":"post","link":"https:\/\/www.oarcanjo.net\/site\/quaresma\/","title":{"rendered":"Quaresma"},"content":{"rendered":"<p>Fernando Altemeyer Junior<\/p>\n<p>Quaresma: Dos quarenta dias que precedem a festa maior dos crist\u00e3os, a P\u00e1scoa. At\u00e9 o s\u00e9culo VII, a quaresma come\u00e7ava no Domingo da Quadrag\u00e9sima (quadragesima dies, o quadrag\u00e9simo dia &#8211; que na realidade era o quadrag\u00e9simo segundo dia &#8211; antes da P\u00e1scoa). Tendo em conta os domingos, durante os quais o jejum era interrompido, o n\u00famero de dias at\u00e9 a P\u00e1scoa efetivamente era inferior a quarenta, e para continuar fiel ao simbolismo do n\u00famero 40 (quarenta anos no deserto, 40 dias de jejum de Cristo) antecipou-se o come\u00e7o da quaresma para a Quarta-feira precedente ao Domingo da Quadrag\u00e9sima: dia das Cinzas.<\/p>\n<p>Na Igreja primitiva era a \u00faltima etapa da prepara\u00e7\u00e3o do batismo para os catec\u00famenos, que seria administrado na noite de P\u00e1scoa.<\/p>\n<p>Nestes quarenta dias a Igreja incentiva a pr\u00e1tica do jejum, da solidariedade com os pobres (chamada antigamente de esmola) e da ora\u00e7\u00e3o. \u00c9 como que um tempo especial de Retiro espiritual. \u00c9 tempo de voltar para Deus, de reaquecer a f\u00e9 e de mudan\u00e7a de vida e supera\u00e7\u00e3o das atitudes patol\u00f3gicas. Muitos ainda hoje se abst\u00eam das carnes vermelhas, mas olvidam-se dos pobres, agindo de forma hip\u00f3crita e med\u00edocre. J\u00e1 lembrava S. Le\u00e3o Magno: &#8220;\u00e9 in\u00fatil tirar ao corpo a comida, se n\u00e3o tira d&#8217;alma o pecado.&#8221; A intui\u00e7\u00e3o central da Quaresma \u00e9 a mudan\u00e7a de atitudes e pr\u00e1ticas favorecendo a solidariedade e a fraternidade.<\/p>\n<p>Neste ano de 2015 a quaresma ir\u00e1 de 18 de Fevereiro at\u00e9 o dia 2 de abril.<\/p>\n<div id=\"themify_builder_content-58953\" data-postid=\"58953\" class=\"themify_builder_content themify_builder_content-58953 themify_builder themify_builder_front\">\n\t<\/div>\n<!-- \/themify_builder_content -->","protected":false},"excerpt":{"rendered":"<p>Fernando Altemeyer Junior Quaresma: Dos quarenta dias que precedem a festa maior dos crist\u00e3os, a P\u00e1scoa. At\u00e9 o s\u00e9culo VII, a quaresma come\u00e7ava no Domingo da Quadrag\u00e9sima (quadragesima dies, o quadrag\u00e9simo dia &#8211; que na realidade era o quadrag\u00e9simo segundo dia &#8211; antes da P\u00e1scoa). Tendo em conta os domingos, durante os quais o jejum [&hellip;]<\/p>\n","protected":false},"author":5,"featured_media":0,"comment_status":"open","ping_status":"open","sticky":false,"template":"","format":"standard","meta":{"ngg_post_thumbnail":0,"footnotes":""},"categories":[9],"tags":[242,227],"yoast_head":"<!-- This site is optimized with the Yoast SEO plugin v23.5 - https:\/\/yoast.com\/wordpress\/plugins\/seo\/ -->\n<title>Quaresma - O Arcanjo no ar<\/title>\n<meta name=\"robots\" content=\"index, follow, max-snippet:-1, max-image-preview:large, max-video-preview:-1\" \/>\n<link rel=\"canonical\" href=\"https:\/\/www.oarcanjo.net\/site\/quaresma\/\" \/>\n<meta property=\"og:locale\" content=\"pt_BR\" \/>\n<meta property=\"og:type\" content=\"article\" \/>\n<meta property=\"og:title\" content=\"Quaresma - O Arcanjo no ar\" \/>\n<meta property=\"og:description\" content=\"Fernando Altemeyer Junior Quaresma: Dos quarenta dias que precedem a festa maior dos crist\u00e3os, a P\u00e1scoa. At\u00e9 o s\u00e9culo VII, a quaresma come\u00e7ava no Domingo da Quadrag\u00e9sima (quadragesima dies, o quadrag\u00e9simo dia &#8211; que na realidade era o quadrag\u00e9simo segundo dia &#8211; antes da P\u00e1scoa). Tendo em conta os domingos, durante os quais o jejum [&hellip;]\" \/>\n<meta property=\"og:url\" content=\"https:\/\/www.oarcanjo.net\/site\/quaresma\/\" \/>\n<meta property=\"og:site_name\" content=\"O Arcanjo no ar\" \/>\n<meta property=\"article:publisher\" content=\"https:\/\/www.facebook.com\/OArcanjoNoAr\/\" \/>\n<meta property=\"article:published_time\" content=\"2015-02-17T18:48:37+00:00\" \/>\n<meta property=\"og:image\" content=\"https:\/\/www.oarcanjo.net\/site\/wp-content\/uploads\/logo-o-arcanjo-no-ar-facebook.png\" \/>\n\t<meta property=\"og:image:width\" content=\"300\" \/>\n\t<meta property=\"og:image:height\" content=\"300\" \/>\n\t<meta property=\"og:image:type\" content=\"image\/png\" \/>\n<meta name=\"author\" content=\"editor\" \/>\n<meta name=\"twitter:card\" content=\"summary_large_image\" \/>\n<meta name=\"twitter:label1\" content=\"Escrito por\" \/>\n\t<meta name=\"twitter:data1\" content=\"editor\" \/>\n\t<meta name=\"twitter:label2\" content=\"Est. tempo de leitura\" \/>\n\t<meta name=\"twitter:data2\" content=\"1 minuto\" \/>\n<script type=\"application\/ld+json\" class=\"yoast-schema-graph\">{\"@context\":\"https:\/\/schema.org\",\"@graph\":[{\"@type\":\"Article\",\"@id\":\"https:\/\/www.oarcanjo.net\/site\/quaresma\/#article\",\"isPartOf\":{\"@id\":\"https:\/\/www.oarcanjo.net\/site\/quaresma\/\"},\"author\":{\"name\":\"editor\",\"@id\":\"https:\/\/www.oarcanjo.net\/site\/#\/schema\/person\/f7024d007863202483a31326673a0838\"},\"headline\":\"Quaresma\",\"datePublished\":\"2015-02-17T18:48:37+00:00\",\"dateModified\":\"2015-02-17T18:48:37+00:00\",\"mainEntityOfPage\":{\"@id\":\"https:\/\/www.oarcanjo.net\/site\/quaresma\/\"},\"wordCount\":269,\"commentCount\":0,\"publisher\":{\"@id\":\"https:\/\/www.oarcanjo.net\/site\/#organization\"},\"keywords\":[\"P\u00e1scoa\",\"Quaresma\"],\"articleSection\":[\"Reflex\u00f5es\"],\"inLanguage\":\"pt-BR\",\"potentialAction\":[{\"@type\":\"CommentAction\",\"name\":\"Comment\",\"target\":[\"https:\/\/www.oarcanjo.net\/site\/quaresma\/#respond\"]}]},{\"@type\":\"WebPage\",\"@id\":\"https:\/\/www.oarcanjo.net\/site\/quaresma\/\",\"url\":\"https:\/\/www.oarcanjo.net\/site\/quaresma\/\",\"name\":\"Quaresma - O Arcanjo no ar\",\"isPartOf\":{\"@id\":\"https:\/\/www.oarcanjo.net\/site\/#website\"},\"datePublished\":\"2015-02-17T18:48:37+00:00\",\"dateModified\":\"2015-02-17T18:48:37+00:00\",\"breadcrumb\":{\"@id\":\"https:\/\/www.oarcanjo.net\/site\/quaresma\/#breadcrumb\"},\"inLanguage\":\"pt-BR\",\"potentialAction\":[{\"@type\":\"ReadAction\",\"target\":[\"https:\/\/www.oarcanjo.net\/site\/quaresma\/\"]}]},{\"@type\":\"BreadcrumbList\",\"@id\":\"https:\/\/www.oarcanjo.net\/site\/quaresma\/#breadcrumb\",\"itemListElement\":[{\"@type\":\"ListItem\",\"position\":1,\"name\":\"In\u00edcio\",\"item\":\"https:\/\/www.oarcanjo.net\/site\/\"},{\"@type\":\"ListItem\",\"position\":2,\"name\":\"Quaresma\"}]},{\"@type\":\"WebSite\",\"@id\":\"https:\/\/www.oarcanjo.net\/site\/#website\",\"url\":\"https:\/\/www.oarcanjo.net\/site\/\",\"name\":\"O Arcanjo no ar\",\"description\":\"Site da Par\u00f3quia S\u00e3o Miguel Arcanjo (Arquidiocese de SP)\",\"publisher\":{\"@id\":\"https:\/\/www.oarcanjo.net\/site\/#organization\"},\"potentialAction\":[{\"@type\":\"SearchAction\",\"target\":{\"@type\":\"EntryPoint\",\"urlTemplate\":\"https:\/\/www.oarcanjo.net\/site\/?s={search_term_string}\"},\"query-input\":{\"@type\":\"PropertyValueSpecification\",\"valueRequired\":true,\"valueName\":\"search_term_string\"}}],\"inLanguage\":\"pt-BR\"},{\"@type\":\"Organization\",\"@id\":\"https:\/\/www.oarcanjo.net\/site\/#organization\",\"name\":\"Par\u00f3quia S\u00e3o Miguel Arcanjo\",\"url\":\"https:\/\/www.oarcanjo.net\/site\/\",\"logo\":{\"@type\":\"ImageObject\",\"inLanguage\":\"pt-BR\",\"@id\":\"https:\/\/www.oarcanjo.net\/site\/#\/schema\/logo\/image\/\",\"url\":\"https:\/\/www.oarcanjo.net\/site\/wp-content\/uploads\/LogoOArcanjo.png\",\"contentUrl\":\"https:\/\/www.oarcanjo.net\/site\/wp-content\/uploads\/LogoOArcanjo.png\",\"width\":319,\"height\":99,\"caption\":\"Par\u00f3quia S\u00e3o Miguel Arcanjo\"},\"image\":{\"@id\":\"https:\/\/www.oarcanjo.net\/site\/#\/schema\/logo\/image\/\"},\"sameAs\":[\"https:\/\/www.facebook.com\/OArcanjoNoAr\/\"]},{\"@type\":\"Person\",\"@id\":\"https:\/\/www.oarcanjo.net\/site\/#\/schema\/person\/f7024d007863202483a31326673a0838\",\"name\":\"editor\",\"sameAs\":[\"http:\/\/www.oarcanjo.net\"]}]}<\/script>\n<!-- \/ Yoast SEO plugin. -->","yoast_head_json":{"title":"Quaresma - O Arcanjo no ar","robots":{"index":"index","follow":"follow","max-snippet":"max-snippet:-1","max-image-preview":"max-image-preview:large","max-video-preview":"max-video-preview:-1"},"canonical":"https:\/\/www.oarcanjo.net\/site\/quaresma\/","og_locale":"pt_BR","og_type":"article","og_title":"Quaresma - O Arcanjo no ar","og_description":"Fernando Altemeyer Junior Quaresma: Dos quarenta dias que precedem a festa maior dos crist\u00e3os, a P\u00e1scoa. At\u00e9 o s\u00e9culo VII, a quaresma come\u00e7ava no Domingo da Quadrag\u00e9sima (quadragesima dies, o quadrag\u00e9simo dia &#8211; que na realidade era o quadrag\u00e9simo segundo dia &#8211; antes da P\u00e1scoa). Tendo em conta os domingos, durante os quais o jejum [&hellip;]","og_url":"https:\/\/www.oarcanjo.net\/site\/quaresma\/","og_site_name":"O Arcanjo no ar","article_publisher":"https:\/\/www.facebook.com\/OArcanjoNoAr\/","article_published_time":"2015-02-17T18:48:37+00:00","og_image":[{"width":300,"height":300,"url":"https:\/\/www.oarcanjo.net\/site\/wp-content\/uploads\/logo-o-arcanjo-no-ar-facebook.png","type":"image\/png"}],"author":"editor","twitter_card":"summary_large_image","twitter_misc":{"Escrito por":"editor","Est. tempo de leitura":"1 minuto"},"schema":{"@context":"https:\/\/schema.org","@graph":[{"@type":"Article","@id":"https:\/\/www.oarcanjo.net\/site\/quaresma\/#article","isPartOf":{"@id":"https:\/\/www.oarcanjo.net\/site\/quaresma\/"},"author":{"name":"editor","@id":"https:\/\/www.oarcanjo.net\/site\/#\/schema\/person\/f7024d007863202483a31326673a0838"},"headline":"Quaresma","datePublished":"2015-02-17T18:48:37+00:00","dateModified":"2015-02-17T18:48:37+00:00","mainEntityOfPage":{"@id":"https:\/\/www.oarcanjo.net\/site\/quaresma\/"},"wordCount":269,"commentCount":0,"publisher":{"@id":"https:\/\/www.oarcanjo.net\/site\/#organization"},"keywords":["P\u00e1scoa","Quaresma"],"articleSection":["Reflex\u00f5es"],"inLanguage":"pt-BR","potentialAction":[{"@type":"CommentAction","name":"Comment","target":["https:\/\/www.oarcanjo.net\/site\/quaresma\/#respond"]}]},{"@type":"WebPage","@id":"https:\/\/www.oarcanjo.net\/site\/quaresma\/","url":"https:\/\/www.oarcanjo.net\/site\/quaresma\/","name":"Quaresma - O Arcanjo no ar","isPartOf":{"@id":"https:\/\/www.oarcanjo.net\/site\/#website"},"datePublished":"2015-02-17T18:48:37+00:00","dateModified":"2015-02-17T18:48:37+00:00","breadcrumb":{"@id":"https:\/\/www.oarcanjo.net\/site\/quaresma\/#breadcrumb"},"inLanguage":"pt-BR","potentialAction":[{"@type":"ReadAction","target":["https:\/\/www.oarcanjo.net\/site\/quaresma\/"]}]},{"@type":"BreadcrumbList","@id":"https:\/\/www.oarcanjo.net\/site\/quaresma\/#breadcrumb","itemListElement":[{"@type":"ListItem","position":1,"name":"In\u00edcio","item":"https:\/\/www.oarcanjo.net\/site\/"},{"@type":"ListItem","position":2,"name":"Quaresma"}]},{"@type":"WebSite","@id":"https:\/\/www.oarcanjo.net\/site\/#website","url":"https:\/\/www.oarcanjo.net\/site\/","name":"O Arcanjo no ar","description":"Site da Par\u00f3quia S\u00e3o Miguel Arcanjo (Arquidiocese de SP)","publisher":{"@id":"https:\/\/www.oarcanjo.net\/site\/#organization"},"potentialAction":[{"@type":"SearchAction","target":{"@type":"EntryPoint","urlTemplate":"https:\/\/www.oarcanjo.net\/site\/?s={search_term_string}"},"query-input":{"@type":"PropertyValueSpecification","valueRequired":true,"valueName":"search_term_string"}}],"inLanguage":"pt-BR"},{"@type":"Organization","@id":"https:\/\/www.oarcanjo.net\/site\/#organization","name":"Par\u00f3quia S\u00e3o Miguel Arcanjo","url":"https:\/\/www.oarcanjo.net\/site\/","logo":{"@type":"ImageObject","inLanguage":"pt-BR","@id":"https:\/\/www.oarcanjo.net\/site\/#\/schema\/logo\/image\/","url":"https:\/\/www.oarcanjo.net\/site\/wp-content\/uploads\/LogoOArcanjo.png","contentUrl":"https:\/\/www.oarcanjo.net\/site\/wp-content\/uploads\/LogoOArcanjo.png","width":319,"height":99,"caption":"Par\u00f3quia S\u00e3o Miguel Arcanjo"},"image":{"@id":"https:\/\/www.oarcanjo.net\/site\/#\/schema\/logo\/image\/"},"sameAs":["https:\/\/www.facebook.com\/OArcanjoNoAr\/"]},{"@type":"Person","@id":"https:\/\/www.oarcanjo.net\/site\/#\/schema\/person\/f7024d007863202483a31326673a0838","name":"editor","sameAs":["http:\/\/www.oarcanjo.net"]}]}},"publishpress_future_action":{"enabled":false,"date":"2026-05-08 21:26:34","action":"category","newStatus":"draft","terms":[],"taxonomy":"category"},"publishpress_future_workflow_manual_trigger":{"enabledWorkflows":[]},"_links":{"self":[{"href":"https:\/\/www.oarcanjo.net\/site\/wp-json\/wp\/v2\/posts\/58953"}],"collection":[{"href":"https:\/\/www.oarcanjo.net\/site\/wp-json\/wp\/v2\/posts"}],"about":[{"href":"https:\/\/www.oarcanjo.net\/site\/wp-json\/wp\/v2\/types\/post"}],"author":[{"embeddable":true,"href":"https:\/\/www.oarcanjo.net\/site\/wp-json\/wp\/v2\/users\/5"}],"replies":[{"embeddable":true,"href":"https:\/\/www.oarcanjo.net\/site\/wp-json\/wp\/v2\/comments?post=58953"}],"version-history":[{"count":0,"href":"https:\/\/www.oarcanjo.net\/site\/wp-json\/wp\/v2\/posts\/58953\/revisions"}],"wp:attachment":[{"href":"https:\/\/www.oarcanjo.net\/site\/wp-json\/wp\/v2\/media?parent=58953"}],"wp:term":[{"taxonomy":"category","embeddable":true,"href":"https:\/\/www.oarcanjo.net\/site\/wp-json\/wp\/v2\/categories?post=58953"},{"taxonomy":"post_tag","embeddable":true,"href":"https:\/\/www.oarcanjo.net\/site\/wp-json\/wp\/v2\/tags?post=58953"}],"curies":[{"name":"wp","href":"https:\/\/api.w.org\/{rel}","templated":true}]}}