
{"id":5903,"date":"2009-11-04T20:21:31","date_gmt":"2009-11-04T23:21:31","guid":{"rendered":"http:\/\/www.oarcanjo.net\/site\/?p=5903"},"modified":"2009-11-04T20:21:31","modified_gmt":"2009-11-04T23:21:31","slug":"brasilia-assiste-dom-helder-camara-o-santo-rebelde","status":"publish","type":"post","link":"https:\/\/www.oarcanjo.net\/site\/brasilia-assiste-dom-helder-camara-o-santo-rebelde\/","title":{"rendered":"Bras\u00edlia assiste &#8220;Dom Helder Camara &#8211; O Santo Rebelde&#8221;"},"content":{"rendered":"<p><em>Dom Helder C\u00e2mara \u2013 O Santo Rebelde<\/em> estreou em Bras\u00edlia no dia 23 de outubro, no Cine Academia 8. O longa-metragem da cineasta mineira e professora de Cinema na Universidade de Bras\u00edlia (UnB), \u00c9rika Bauer, lan\u00e7ado em 2004, j\u00e1 passou por v\u00e1rias cidades brasileiras, entre elas Rio de Janeiro, S\u00e3o Paulo, Recife, Fortaleza, Macei\u00f3 e Goi\u00e2nia.<\/p>\n<p>Com o lan\u00e7amento em Bras\u00edlia, faltam apenas Belo Horizonte e Florian\u00f3polis, para fechar assim o ciclo de lan\u00e7amentos previstos para esta etapa inicial do projeto. O filme de \u00c9rika j\u00e1 participou de mais de 100 mostras e festivais no pa\u00eds e no exterior, o que lhe rendeu v\u00e1rias premia\u00e7\u00f5es, entre elas o Pr\u00eamio Margarida de Prata de Melhor Document\u00e1rio \u2013 CNBB; Melhor Roteiro e Melhor Edi\u00e7\u00e3o &#8211; Cine Cear\u00e1; Melhor Filme no Festival de Varginha; Melhor Pesquisa no RECINE \u2013 Festival Internacional de Cinema de Arquivo do Rio de Janeiro.<\/p>\n<p>A partir de dezembro, o filme estar\u00e1 tamb\u00e9m em cartaz no Cine Bras\u00edlia. Est\u00e1 prevista para o pr\u00f3ximo ano a produ\u00e7\u00e3o e autora\u00e7\u00e3o do DVD com extras. O trailer do filme pode ser visto nos endere\u00e7os:<\/p>\n<p><a href=\"http:\/\/www.corfilmes.com.br\/osantorebelde\/trailer.html\" target=\"_blank\">http:\/\/www.corfilmes.com.br\/osantorebelde\/trailer.html<\/a> e <a href=\"http:\/\/www.domhelder100anos.org.br\" target=\"_blank\">http:\/\/www.domhelder100anos.org.br<\/a><\/p>\n<p><strong>Dom<\/strong><\/p>\n<p>Dom Helder Pessoa C\u00e2mara foi um dos fundadores da Confer\u00eancia Nacional dos Bispos do Brasil (CNBB) e um dos grandes defensores dos direitos humanos durante o regime militar brasileiro. Ele nasceu em Fortaleza (CE), no dia 7 de fevereiro de 1909. No Nordeste, ele foi arcebispo de Olinda e Recife. Por sua atua\u00e7\u00e3o em defesa dos pobres e contra a viol\u00eancia, dom Helder, tamb\u00e9m conhecido como Dom, recebeu diversos pr\u00eamios nacionais e internacionais. Foi o \u00fanico brasileiro indicado quatro vezes para o Pr\u00eamio Nobel da Paz. Ele faleceu em 27 de agosto de 1999, em Recife (PE).<\/p>\n<div id=\"themify_builder_content-5903\" data-postid=\"5903\" class=\"themify_builder_content themify_builder_content-5903 themify_builder themify_builder_front\">\n\t<\/div>\n<!-- \/themify_builder_content -->","protected":false},"excerpt":{"rendered":"<p>Dom Helder C\u00e2mara \u2013 O Santo Rebelde estreou em Bras\u00edlia no dia 23 de outubro, no Cine Academia 8. O longa-metragem da cineasta mineira e professora de Cinema na Universidade de Bras\u00edlia (UnB), \u00c9rika Bauer, lan\u00e7ado em 2004, j\u00e1 passou por v\u00e1rias cidades brasileiras, entre elas Rio de Janeiro, S\u00e3o Paulo, Recife, Fortaleza, Macei\u00f3 e [&hellip;]<\/p>\n","protected":false},"author":5,"featured_media":0,"comment_status":"open","ping_status":"open","sticky":false,"template":"","format":"standard","meta":{"ngg_post_thumbnail":0,"footnotes":""},"categories":[192],"tags":[210],"yoast_head":"<!-- This site is optimized with the Yoast SEO plugin v23.5 - https:\/\/yoast.com\/wordpress\/plugins\/seo\/ -->\n<title>Bras\u00edlia assiste &quot;Dom Helder Camara - O Santo Rebelde&quot; - O Arcanjo no ar<\/title>\n<meta name=\"robots\" content=\"index, follow, max-snippet:-1, max-image-preview:large, max-video-preview:-1\" \/>\n<link rel=\"canonical\" href=\"https:\/\/www.oarcanjo.net\/site\/brasilia-assiste-dom-helder-camara-o-santo-rebelde\/\" \/>\n<meta property=\"og:locale\" content=\"pt_BR\" \/>\n<meta property=\"og:type\" content=\"article\" \/>\n<meta property=\"og:title\" content=\"Bras\u00edlia assiste &quot;Dom Helder Camara - O Santo Rebelde&quot; - O Arcanjo no ar\" \/>\n<meta property=\"og:description\" content=\"Dom Helder C\u00e2mara \u2013 O Santo Rebelde estreou em Bras\u00edlia no dia 23 de outubro, no Cine Academia 8. O longa-metragem da cineasta mineira e professora de Cinema na Universidade de Bras\u00edlia (UnB), \u00c9rika Bauer, lan\u00e7ado em 2004, j\u00e1 passou por v\u00e1rias cidades brasileiras, entre elas Rio de Janeiro, S\u00e3o Paulo, Recife, Fortaleza, Macei\u00f3 e [&hellip;]\" \/>\n<meta property=\"og:url\" content=\"https:\/\/www.oarcanjo.net\/site\/brasilia-assiste-dom-helder-camara-o-santo-rebelde\/\" \/>\n<meta property=\"og:site_name\" content=\"O Arcanjo no ar\" \/>\n<meta property=\"article:publisher\" content=\"https:\/\/www.facebook.com\/OArcanjoNoAr\/\" \/>\n<meta property=\"article:published_time\" content=\"2009-11-04T23:21:31+00:00\" \/>\n<meta property=\"og:image\" content=\"https:\/\/www.oarcanjo.net\/site\/wp-content\/uploads\/logo-o-arcanjo-no-ar-facebook.png\" \/>\n\t<meta property=\"og:image:width\" content=\"300\" \/>\n\t<meta property=\"og:image:height\" content=\"300\" \/>\n\t<meta property=\"og:image:type\" content=\"image\/png\" \/>\n<meta name=\"author\" content=\"editor\" \/>\n<meta name=\"twitter:card\" content=\"summary_large_image\" \/>\n<meta name=\"twitter:label1\" content=\"Escrito por\" \/>\n\t<meta name=\"twitter:data1\" content=\"editor\" \/>\n\t<meta name=\"twitter:label2\" content=\"Est. tempo de leitura\" \/>\n\t<meta name=\"twitter:data2\" content=\"2 minutos\" \/>\n<script type=\"application\/ld+json\" class=\"yoast-schema-graph\">{\"@context\":\"https:\/\/schema.org\",\"@graph\":[{\"@type\":\"Article\",\"@id\":\"https:\/\/www.oarcanjo.net\/site\/brasilia-assiste-dom-helder-camara-o-santo-rebelde\/#article\",\"isPartOf\":{\"@id\":\"https:\/\/www.oarcanjo.net\/site\/brasilia-assiste-dom-helder-camara-o-santo-rebelde\/\"},\"author\":{\"name\":\"editor\",\"@id\":\"https:\/\/www.oarcanjo.net\/site\/#\/schema\/person\/f7024d007863202483a31326673a0838\"},\"headline\":\"Bras\u00edlia assiste &#8220;Dom Helder Camara &#8211; O Santo Rebelde&#8221;\",\"datePublished\":\"2009-11-04T23:21:31+00:00\",\"dateModified\":\"2009-11-04T23:21:31+00:00\",\"mainEntityOfPage\":{\"@id\":\"https:\/\/www.oarcanjo.net\/site\/brasilia-assiste-dom-helder-camara-o-santo-rebelde\/\"},\"wordCount\":324,\"commentCount\":0,\"publisher\":{\"@id\":\"https:\/\/www.oarcanjo.net\/site\/#organization\"},\"keywords\":[\"Dom Helder Camara\"],\"articleSection\":[\"D. Helder C\u00e2mara\"],\"inLanguage\":\"pt-BR\",\"potentialAction\":[{\"@type\":\"CommentAction\",\"name\":\"Comment\",\"target\":[\"https:\/\/www.oarcanjo.net\/site\/brasilia-assiste-dom-helder-camara-o-santo-rebelde\/#respond\"]}]},{\"@type\":\"WebPage\",\"@id\":\"https:\/\/www.oarcanjo.net\/site\/brasilia-assiste-dom-helder-camara-o-santo-rebelde\/\",\"url\":\"https:\/\/www.oarcanjo.net\/site\/brasilia-assiste-dom-helder-camara-o-santo-rebelde\/\",\"name\":\"Bras\u00edlia assiste \\\"Dom Helder Camara - O Santo Rebelde\\\" - O Arcanjo no ar\",\"isPartOf\":{\"@id\":\"https:\/\/www.oarcanjo.net\/site\/#website\"},\"datePublished\":\"2009-11-04T23:21:31+00:00\",\"dateModified\":\"2009-11-04T23:21:31+00:00\",\"breadcrumb\":{\"@id\":\"https:\/\/www.oarcanjo.net\/site\/brasilia-assiste-dom-helder-camara-o-santo-rebelde\/#breadcrumb\"},\"inLanguage\":\"pt-BR\",\"potentialAction\":[{\"@type\":\"ReadAction\",\"target\":[\"https:\/\/www.oarcanjo.net\/site\/brasilia-assiste-dom-helder-camara-o-santo-rebelde\/\"]}]},{\"@type\":\"BreadcrumbList\",\"@id\":\"https:\/\/www.oarcanjo.net\/site\/brasilia-assiste-dom-helder-camara-o-santo-rebelde\/#breadcrumb\",\"itemListElement\":[{\"@type\":\"ListItem\",\"position\":1,\"name\":\"In\u00edcio\",\"item\":\"https:\/\/www.oarcanjo.net\/site\/\"},{\"@type\":\"ListItem\",\"position\":2,\"name\":\"Bras\u00edlia assiste &#8220;Dom Helder Camara &#8211; O Santo Rebelde&#8221;\"}]},{\"@type\":\"WebSite\",\"@id\":\"https:\/\/www.oarcanjo.net\/site\/#website\",\"url\":\"https:\/\/www.oarcanjo.net\/site\/\",\"name\":\"O Arcanjo no ar\",\"description\":\"Site da Par\u00f3quia S\u00e3o Miguel Arcanjo (Arquidiocese de SP)\",\"publisher\":{\"@id\":\"https:\/\/www.oarcanjo.net\/site\/#organization\"},\"potentialAction\":[{\"@type\":\"SearchAction\",\"target\":{\"@type\":\"EntryPoint\",\"urlTemplate\":\"https:\/\/www.oarcanjo.net\/site\/?s={search_term_string}\"},\"query-input\":{\"@type\":\"PropertyValueSpecification\",\"valueRequired\":true,\"valueName\":\"search_term_string\"}}],\"inLanguage\":\"pt-BR\"},{\"@type\":\"Organization\",\"@id\":\"https:\/\/www.oarcanjo.net\/site\/#organization\",\"name\":\"Par\u00f3quia S\u00e3o Miguel Arcanjo\",\"url\":\"https:\/\/www.oarcanjo.net\/site\/\",\"logo\":{\"@type\":\"ImageObject\",\"inLanguage\":\"pt-BR\",\"@id\":\"https:\/\/www.oarcanjo.net\/site\/#\/schema\/logo\/image\/\",\"url\":\"https:\/\/www.oarcanjo.net\/site\/wp-content\/uploads\/LogoOArcanjo.png\",\"contentUrl\":\"https:\/\/www.oarcanjo.net\/site\/wp-content\/uploads\/LogoOArcanjo.png\",\"width\":319,\"height\":99,\"caption\":\"Par\u00f3quia S\u00e3o Miguel Arcanjo\"},\"image\":{\"@id\":\"https:\/\/www.oarcanjo.net\/site\/#\/schema\/logo\/image\/\"},\"sameAs\":[\"https:\/\/www.facebook.com\/OArcanjoNoAr\/\"]},{\"@type\":\"Person\",\"@id\":\"https:\/\/www.oarcanjo.net\/site\/#\/schema\/person\/f7024d007863202483a31326673a0838\",\"name\":\"editor\",\"sameAs\":[\"http:\/\/www.oarcanjo.net\"]}]}<\/script>\n<!-- \/ Yoast SEO plugin. -->","yoast_head_json":{"title":"Bras\u00edlia assiste \"Dom Helder Camara - O Santo Rebelde\" - O Arcanjo no ar","robots":{"index":"index","follow":"follow","max-snippet":"max-snippet:-1","max-image-preview":"max-image-preview:large","max-video-preview":"max-video-preview:-1"},"canonical":"https:\/\/www.oarcanjo.net\/site\/brasilia-assiste-dom-helder-camara-o-santo-rebelde\/","og_locale":"pt_BR","og_type":"article","og_title":"Bras\u00edlia assiste \"Dom Helder Camara - O Santo Rebelde\" - O Arcanjo no ar","og_description":"Dom Helder C\u00e2mara \u2013 O Santo Rebelde estreou em Bras\u00edlia no dia 23 de outubro, no Cine Academia 8. O longa-metragem da cineasta mineira e professora de Cinema na Universidade de Bras\u00edlia (UnB), \u00c9rika Bauer, lan\u00e7ado em 2004, j\u00e1 passou por v\u00e1rias cidades brasileiras, entre elas Rio de Janeiro, S\u00e3o Paulo, Recife, Fortaleza, Macei\u00f3 e [&hellip;]","og_url":"https:\/\/www.oarcanjo.net\/site\/brasilia-assiste-dom-helder-camara-o-santo-rebelde\/","og_site_name":"O Arcanjo no ar","article_publisher":"https:\/\/www.facebook.com\/OArcanjoNoAr\/","article_published_time":"2009-11-04T23:21:31+00:00","og_image":[{"width":300,"height":300,"url":"https:\/\/www.oarcanjo.net\/site\/wp-content\/uploads\/logo-o-arcanjo-no-ar-facebook.png","type":"image\/png"}],"author":"editor","twitter_card":"summary_large_image","twitter_misc":{"Escrito por":"editor","Est. tempo de leitura":"2 minutos"},"schema":{"@context":"https:\/\/schema.org","@graph":[{"@type":"Article","@id":"https:\/\/www.oarcanjo.net\/site\/brasilia-assiste-dom-helder-camara-o-santo-rebelde\/#article","isPartOf":{"@id":"https:\/\/www.oarcanjo.net\/site\/brasilia-assiste-dom-helder-camara-o-santo-rebelde\/"},"author":{"name":"editor","@id":"https:\/\/www.oarcanjo.net\/site\/#\/schema\/person\/f7024d007863202483a31326673a0838"},"headline":"Bras\u00edlia assiste &#8220;Dom Helder Camara &#8211; O Santo Rebelde&#8221;","datePublished":"2009-11-04T23:21:31+00:00","dateModified":"2009-11-04T23:21:31+00:00","mainEntityOfPage":{"@id":"https:\/\/www.oarcanjo.net\/site\/brasilia-assiste-dom-helder-camara-o-santo-rebelde\/"},"wordCount":324,"commentCount":0,"publisher":{"@id":"https:\/\/www.oarcanjo.net\/site\/#organization"},"keywords":["Dom Helder Camara"],"articleSection":["D. Helder C\u00e2mara"],"inLanguage":"pt-BR","potentialAction":[{"@type":"CommentAction","name":"Comment","target":["https:\/\/www.oarcanjo.net\/site\/brasilia-assiste-dom-helder-camara-o-santo-rebelde\/#respond"]}]},{"@type":"WebPage","@id":"https:\/\/www.oarcanjo.net\/site\/brasilia-assiste-dom-helder-camara-o-santo-rebelde\/","url":"https:\/\/www.oarcanjo.net\/site\/brasilia-assiste-dom-helder-camara-o-santo-rebelde\/","name":"Bras\u00edlia assiste \"Dom Helder Camara - O Santo Rebelde\" - O Arcanjo no ar","isPartOf":{"@id":"https:\/\/www.oarcanjo.net\/site\/#website"},"datePublished":"2009-11-04T23:21:31+00:00","dateModified":"2009-11-04T23:21:31+00:00","breadcrumb":{"@id":"https:\/\/www.oarcanjo.net\/site\/brasilia-assiste-dom-helder-camara-o-santo-rebelde\/#breadcrumb"},"inLanguage":"pt-BR","potentialAction":[{"@type":"ReadAction","target":["https:\/\/www.oarcanjo.net\/site\/brasilia-assiste-dom-helder-camara-o-santo-rebelde\/"]}]},{"@type":"BreadcrumbList","@id":"https:\/\/www.oarcanjo.net\/site\/brasilia-assiste-dom-helder-camara-o-santo-rebelde\/#breadcrumb","itemListElement":[{"@type":"ListItem","position":1,"name":"In\u00edcio","item":"https:\/\/www.oarcanjo.net\/site\/"},{"@type":"ListItem","position":2,"name":"Bras\u00edlia assiste &#8220;Dom Helder Camara &#8211; O Santo Rebelde&#8221;"}]},{"@type":"WebSite","@id":"https:\/\/www.oarcanjo.net\/site\/#website","url":"https:\/\/www.oarcanjo.net\/site\/","name":"O Arcanjo no ar","description":"Site da Par\u00f3quia S\u00e3o Miguel Arcanjo (Arquidiocese de SP)","publisher":{"@id":"https:\/\/www.oarcanjo.net\/site\/#organization"},"potentialAction":[{"@type":"SearchAction","target":{"@type":"EntryPoint","urlTemplate":"https:\/\/www.oarcanjo.net\/site\/?s={search_term_string}"},"query-input":{"@type":"PropertyValueSpecification","valueRequired":true,"valueName":"search_term_string"}}],"inLanguage":"pt-BR"},{"@type":"Organization","@id":"https:\/\/www.oarcanjo.net\/site\/#organization","name":"Par\u00f3quia S\u00e3o Miguel Arcanjo","url":"https:\/\/www.oarcanjo.net\/site\/","logo":{"@type":"ImageObject","inLanguage":"pt-BR","@id":"https:\/\/www.oarcanjo.net\/site\/#\/schema\/logo\/image\/","url":"https:\/\/www.oarcanjo.net\/site\/wp-content\/uploads\/LogoOArcanjo.png","contentUrl":"https:\/\/www.oarcanjo.net\/site\/wp-content\/uploads\/LogoOArcanjo.png","width":319,"height":99,"caption":"Par\u00f3quia S\u00e3o Miguel Arcanjo"},"image":{"@id":"https:\/\/www.oarcanjo.net\/site\/#\/schema\/logo\/image\/"},"sameAs":["https:\/\/www.facebook.com\/OArcanjoNoAr\/"]},{"@type":"Person","@id":"https:\/\/www.oarcanjo.net\/site\/#\/schema\/person\/f7024d007863202483a31326673a0838","name":"editor","sameAs":["http:\/\/www.oarcanjo.net"]}]}},"publishpress_future_action":{"enabled":false,"date":"2026-05-09 01:25:28","action":"category","newStatus":"draft","terms":[],"taxonomy":"category"},"publishpress_future_workflow_manual_trigger":{"enabledWorkflows":[]},"_links":{"self":[{"href":"https:\/\/www.oarcanjo.net\/site\/wp-json\/wp\/v2\/posts\/5903"}],"collection":[{"href":"https:\/\/www.oarcanjo.net\/site\/wp-json\/wp\/v2\/posts"}],"about":[{"href":"https:\/\/www.oarcanjo.net\/site\/wp-json\/wp\/v2\/types\/post"}],"author":[{"embeddable":true,"href":"https:\/\/www.oarcanjo.net\/site\/wp-json\/wp\/v2\/users\/5"}],"replies":[{"embeddable":true,"href":"https:\/\/www.oarcanjo.net\/site\/wp-json\/wp\/v2\/comments?post=5903"}],"version-history":[{"count":0,"href":"https:\/\/www.oarcanjo.net\/site\/wp-json\/wp\/v2\/posts\/5903\/revisions"}],"wp:attachment":[{"href":"https:\/\/www.oarcanjo.net\/site\/wp-json\/wp\/v2\/media?parent=5903"}],"wp:term":[{"taxonomy":"category","embeddable":true,"href":"https:\/\/www.oarcanjo.net\/site\/wp-json\/wp\/v2\/categories?post=5903"},{"taxonomy":"post_tag","embeddable":true,"href":"https:\/\/www.oarcanjo.net\/site\/wp-json\/wp\/v2\/tags?post=5903"}],"curies":[{"name":"wp","href":"https:\/\/api.w.org\/{rel}","templated":true}]}}