
{"id":59177,"date":"2015-03-29T18:31:53","date_gmt":"2015-03-29T21:31:53","guid":{"rendered":"http:\/\/www.oarcanjo.net\/site\/?p=59177"},"modified":"2015-03-29T18:31:53","modified_gmt":"2015-03-29T21:31:53","slug":"programacao-da-semana-santa-2015","status":"publish","type":"post","link":"https:\/\/www.oarcanjo.net\/site\/programacao-da-semana-santa-2015\/","title":{"rendered":"Programa\u00e7\u00e3o da Semana Santa 2015"},"content":{"rendered":"<p>O Domingo de Ramos, celebrado dia 29\/3, marca o in\u00edcio da Semana Santa. No final das missas, o Pe. Julio detalhou a programa\u00e7\u00e3o desse per\u00edodo especial:<\/p>\n<p><iframe loading=\"lazy\" src=\"https:\/\/www.youtube.com\/embed\/-xP1ZXBdj0A?rel=0\" width=\"640\" height=\"360\" frameborder=\"0\" allowfullscreen=\"allowfullscreen\"><\/iframe><\/p>\n<ul>\n<li><strong>Segunda-feira, 30\/03<\/strong> &#8211; <strong>confiss\u00e3o<\/strong> a partir das 20h na igreja Nossa Senhora do Bom Conselho (Rua da Mooca, 3911)<\/li>\n<li><strong>Ter\u00e7a-feira, 31\/03<\/strong> &#8211; <strong>ter\u00e7o<\/strong> na igreja S\u00e3o Miguel Arcanjo, \u00e0s 15h<\/li>\n<li><strong>Quarta-feira, 01\/04<\/strong> &#8211; <strong>Missa dos Santos \u00d3leos<\/strong>, \u00e0s 20h no Col\u00e9gio Nossa Senhora de Lourdes<\/li>\n<li><strong>Quinta-feira, 02\/04<\/strong> &#8211; <strong>Missa do Lavap\u00e9s<\/strong>, \u00e0s 20h na igreja S\u00e3o Miguel<\/li>\n<li><strong>Sexta-feira, 03\/04<\/strong> &#8211; <strong>Of\u00edcio da Paix\u00e3o<\/strong> na igreja S\u00e3o Miguel, \u00e0s 15h e <strong>prociss\u00e3o<\/strong> \u00e0s 19h30<\/li>\n<li><strong>S\u00e1bado, 04\/04<\/strong> &#8211; <strong>Missa da Vig\u00edlia Pascal<\/strong>, na igreja S\u00e3o Miguel, \u00e0s 20h<\/li>\n<li><strong>Domingo, 05\/04<\/strong> &#8211; <strong>Missas de P\u00e1scoa<\/strong> nos hor\u00e1rios normais (7h30 e 18h na igreja S\u00e3o Miguel e 10h na capela da Universidade S\u00e3o Judas Tadeu)<\/li>\n<\/ul>\n<div id=\"themify_builder_content-59177\" data-postid=\"59177\" class=\"themify_builder_content themify_builder_content-59177 themify_builder themify_builder_front\">\n\t<\/div>\n<!-- \/themify_builder_content -->","protected":false},"excerpt":{"rendered":"<p>O Domingo de Ramos, celebrado dia 29\/3, marca o in\u00edcio da Semana Santa. No final das missas, o Pe. Julio detalhou a programa\u00e7\u00e3o desse per\u00edodo especial<\/p>\n","protected":false},"author":5,"featured_media":0,"comment_status":"open","ping_status":"open","sticky":false,"template":"","format":"standard","meta":{"ngg_post_thumbnail":0,"footnotes":""},"categories":[476,8],"tags":[461,419,447,1524,443,1547,242,68,397,1541,446],"yoast_head":"<!-- This site is optimized with the Yoast SEO plugin v23.5 - https:\/\/yoast.com\/wordpress\/plugins\/seo\/ -->\n<title>Programa\u00e7\u00e3o da Semana Santa 2015 - O Arcanjo no ar<\/title>\n<meta name=\"robots\" content=\"index, follow, max-snippet:-1, max-image-preview:large, max-video-preview:-1\" \/>\n<link rel=\"canonical\" href=\"https:\/\/www.oarcanjo.net\/site\/programacao-da-semana-santa-2015\/\" \/>\n<meta property=\"og:locale\" content=\"pt_BR\" \/>\n<meta property=\"og:type\" content=\"article\" \/>\n<meta property=\"og:title\" content=\"Programa\u00e7\u00e3o da Semana Santa 2015 - O Arcanjo no ar\" \/>\n<meta property=\"og:description\" content=\"O Domingo de Ramos, celebrado dia 29\/3, marca o in\u00edcio da Semana Santa. No final das missas, o Pe. Julio detalhou a programa\u00e7\u00e3o desse per\u00edodo especial\" \/>\n<meta property=\"og:url\" content=\"https:\/\/www.oarcanjo.net\/site\/programacao-da-semana-santa-2015\/\" \/>\n<meta property=\"og:site_name\" content=\"O Arcanjo no ar\" \/>\n<meta property=\"article:publisher\" content=\"https:\/\/www.facebook.com\/OArcanjoNoAr\/\" \/>\n<meta property=\"article:published_time\" content=\"2015-03-29T21:31:53+00:00\" \/>\n<meta property=\"og:image\" content=\"https:\/\/www.oarcanjo.net\/site\/wp-content\/uploads\/logo-o-arcanjo-no-ar-facebook.png\" \/>\n\t<meta property=\"og:image:width\" content=\"300\" \/>\n\t<meta property=\"og:image:height\" content=\"300\" \/>\n\t<meta property=\"og:image:type\" content=\"image\/png\" \/>\n<meta name=\"author\" content=\"editor\" \/>\n<meta name=\"twitter:card\" content=\"summary_large_image\" \/>\n<meta name=\"twitter:label1\" content=\"Escrito por\" \/>\n\t<meta name=\"twitter:data1\" content=\"editor\" \/>\n\t<meta name=\"twitter:label2\" content=\"Est. tempo de leitura\" \/>\n\t<meta name=\"twitter:data2\" content=\"1 minuto\" \/>\n<script type=\"application\/ld+json\" class=\"yoast-schema-graph\">{\"@context\":\"https:\/\/schema.org\",\"@graph\":[{\"@type\":\"Article\",\"@id\":\"https:\/\/www.oarcanjo.net\/site\/programacao-da-semana-santa-2015\/#article\",\"isPartOf\":{\"@id\":\"https:\/\/www.oarcanjo.net\/site\/programacao-da-semana-santa-2015\/\"},\"author\":{\"name\":\"editor\",\"@id\":\"https:\/\/www.oarcanjo.net\/site\/#\/schema\/person\/f7024d007863202483a31326673a0838\"},\"headline\":\"Programa\u00e7\u00e3o da Semana Santa 2015\",\"datePublished\":\"2015-03-29T21:31:53+00:00\",\"dateModified\":\"2015-03-29T21:31:53+00:00\",\"mainEntityOfPage\":{\"@id\":\"https:\/\/www.oarcanjo.net\/site\/programacao-da-semana-santa-2015\/\"},\"wordCount\":154,\"commentCount\":0,\"publisher\":{\"@id\":\"https:\/\/www.oarcanjo.net\/site\/#organization\"},\"keywords\":[\"c\u00edrio pascal\",\"Domingo de Ramos\",\"Fogo Novo\",\"lavap\u00e9s\",\"Missa dos \u00d3leos\",\"paix\u00e3o de Cristo\",\"P\u00e1scoa\",\"ressurei\u00e7\u00e3o\",\"Semana Santa\",\"Tr\u00edduo Pascal\",\"Vig\u00edlia Pascal\"],\"articleSection\":[\"Avisos\",\"Not\u00edcias\"],\"inLanguage\":\"pt-BR\",\"potentialAction\":[{\"@type\":\"CommentAction\",\"name\":\"Comment\",\"target\":[\"https:\/\/www.oarcanjo.net\/site\/programacao-da-semana-santa-2015\/#respond\"]}]},{\"@type\":\"WebPage\",\"@id\":\"https:\/\/www.oarcanjo.net\/site\/programacao-da-semana-santa-2015\/\",\"url\":\"https:\/\/www.oarcanjo.net\/site\/programacao-da-semana-santa-2015\/\",\"name\":\"Programa\u00e7\u00e3o da Semana Santa 2015 - O Arcanjo no ar\",\"isPartOf\":{\"@id\":\"https:\/\/www.oarcanjo.net\/site\/#website\"},\"datePublished\":\"2015-03-29T21:31:53+00:00\",\"dateModified\":\"2015-03-29T21:31:53+00:00\",\"breadcrumb\":{\"@id\":\"https:\/\/www.oarcanjo.net\/site\/programacao-da-semana-santa-2015\/#breadcrumb\"},\"inLanguage\":\"pt-BR\",\"potentialAction\":[{\"@type\":\"ReadAction\",\"target\":[\"https:\/\/www.oarcanjo.net\/site\/programacao-da-semana-santa-2015\/\"]}]},{\"@type\":\"BreadcrumbList\",\"@id\":\"https:\/\/www.oarcanjo.net\/site\/programacao-da-semana-santa-2015\/#breadcrumb\",\"itemListElement\":[{\"@type\":\"ListItem\",\"position\":1,\"name\":\"In\u00edcio\",\"item\":\"https:\/\/www.oarcanjo.net\/site\/\"},{\"@type\":\"ListItem\",\"position\":2,\"name\":\"Programa\u00e7\u00e3o da Semana Santa 2015\"}]},{\"@type\":\"WebSite\",\"@id\":\"https:\/\/www.oarcanjo.net\/site\/#website\",\"url\":\"https:\/\/www.oarcanjo.net\/site\/\",\"name\":\"O Arcanjo no ar\",\"description\":\"Site da Par\u00f3quia S\u00e3o Miguel Arcanjo (Arquidiocese de SP)\",\"publisher\":{\"@id\":\"https:\/\/www.oarcanjo.net\/site\/#organization\"},\"potentialAction\":[{\"@type\":\"SearchAction\",\"target\":{\"@type\":\"EntryPoint\",\"urlTemplate\":\"https:\/\/www.oarcanjo.net\/site\/?s={search_term_string}\"},\"query-input\":{\"@type\":\"PropertyValueSpecification\",\"valueRequired\":true,\"valueName\":\"search_term_string\"}}],\"inLanguage\":\"pt-BR\"},{\"@type\":\"Organization\",\"@id\":\"https:\/\/www.oarcanjo.net\/site\/#organization\",\"name\":\"Par\u00f3quia S\u00e3o Miguel Arcanjo\",\"url\":\"https:\/\/www.oarcanjo.net\/site\/\",\"logo\":{\"@type\":\"ImageObject\",\"inLanguage\":\"pt-BR\",\"@id\":\"https:\/\/www.oarcanjo.net\/site\/#\/schema\/logo\/image\/\",\"url\":\"https:\/\/www.oarcanjo.net\/site\/wp-content\/uploads\/LogoOArcanjo.png\",\"contentUrl\":\"https:\/\/www.oarcanjo.net\/site\/wp-content\/uploads\/LogoOArcanjo.png\",\"width\":319,\"height\":99,\"caption\":\"Par\u00f3quia S\u00e3o Miguel Arcanjo\"},\"image\":{\"@id\":\"https:\/\/www.oarcanjo.net\/site\/#\/schema\/logo\/image\/\"},\"sameAs\":[\"https:\/\/www.facebook.com\/OArcanjoNoAr\/\"]},{\"@type\":\"Person\",\"@id\":\"https:\/\/www.oarcanjo.net\/site\/#\/schema\/person\/f7024d007863202483a31326673a0838\",\"name\":\"editor\",\"sameAs\":[\"http:\/\/www.oarcanjo.net\"]}]}<\/script>\n<!-- \/ Yoast SEO plugin. -->","yoast_head_json":{"title":"Programa\u00e7\u00e3o da Semana Santa 2015 - O Arcanjo no ar","robots":{"index":"index","follow":"follow","max-snippet":"max-snippet:-1","max-image-preview":"max-image-preview:large","max-video-preview":"max-video-preview:-1"},"canonical":"https:\/\/www.oarcanjo.net\/site\/programacao-da-semana-santa-2015\/","og_locale":"pt_BR","og_type":"article","og_title":"Programa\u00e7\u00e3o da Semana Santa 2015 - O Arcanjo no ar","og_description":"O Domingo de Ramos, celebrado dia 29\/3, marca o in\u00edcio da Semana Santa. No final das missas, o Pe. Julio detalhou a programa\u00e7\u00e3o desse per\u00edodo especial","og_url":"https:\/\/www.oarcanjo.net\/site\/programacao-da-semana-santa-2015\/","og_site_name":"O Arcanjo no ar","article_publisher":"https:\/\/www.facebook.com\/OArcanjoNoAr\/","article_published_time":"2015-03-29T21:31:53+00:00","og_image":[{"width":300,"height":300,"url":"https:\/\/www.oarcanjo.net\/site\/wp-content\/uploads\/logo-o-arcanjo-no-ar-facebook.png","type":"image\/png"}],"author":"editor","twitter_card":"summary_large_image","twitter_misc":{"Escrito por":"editor","Est. tempo de leitura":"1 minuto"},"schema":{"@context":"https:\/\/schema.org","@graph":[{"@type":"Article","@id":"https:\/\/www.oarcanjo.net\/site\/programacao-da-semana-santa-2015\/#article","isPartOf":{"@id":"https:\/\/www.oarcanjo.net\/site\/programacao-da-semana-santa-2015\/"},"author":{"name":"editor","@id":"https:\/\/www.oarcanjo.net\/site\/#\/schema\/person\/f7024d007863202483a31326673a0838"},"headline":"Programa\u00e7\u00e3o da Semana Santa 2015","datePublished":"2015-03-29T21:31:53+00:00","dateModified":"2015-03-29T21:31:53+00:00","mainEntityOfPage":{"@id":"https:\/\/www.oarcanjo.net\/site\/programacao-da-semana-santa-2015\/"},"wordCount":154,"commentCount":0,"publisher":{"@id":"https:\/\/www.oarcanjo.net\/site\/#organization"},"keywords":["c\u00edrio pascal","Domingo de Ramos","Fogo Novo","lavap\u00e9s","Missa dos \u00d3leos","paix\u00e3o de Cristo","P\u00e1scoa","ressurei\u00e7\u00e3o","Semana Santa","Tr\u00edduo Pascal","Vig\u00edlia Pascal"],"articleSection":["Avisos","Not\u00edcias"],"inLanguage":"pt-BR","potentialAction":[{"@type":"CommentAction","name":"Comment","target":["https:\/\/www.oarcanjo.net\/site\/programacao-da-semana-santa-2015\/#respond"]}]},{"@type":"WebPage","@id":"https:\/\/www.oarcanjo.net\/site\/programacao-da-semana-santa-2015\/","url":"https:\/\/www.oarcanjo.net\/site\/programacao-da-semana-santa-2015\/","name":"Programa\u00e7\u00e3o da Semana Santa 2015 - O Arcanjo no ar","isPartOf":{"@id":"https:\/\/www.oarcanjo.net\/site\/#website"},"datePublished":"2015-03-29T21:31:53+00:00","dateModified":"2015-03-29T21:31:53+00:00","breadcrumb":{"@id":"https:\/\/www.oarcanjo.net\/site\/programacao-da-semana-santa-2015\/#breadcrumb"},"inLanguage":"pt-BR","potentialAction":[{"@type":"ReadAction","target":["https:\/\/www.oarcanjo.net\/site\/programacao-da-semana-santa-2015\/"]}]},{"@type":"BreadcrumbList","@id":"https:\/\/www.oarcanjo.net\/site\/programacao-da-semana-santa-2015\/#breadcrumb","itemListElement":[{"@type":"ListItem","position":1,"name":"In\u00edcio","item":"https:\/\/www.oarcanjo.net\/site\/"},{"@type":"ListItem","position":2,"name":"Programa\u00e7\u00e3o da Semana Santa 2015"}]},{"@type":"WebSite","@id":"https:\/\/www.oarcanjo.net\/site\/#website","url":"https:\/\/www.oarcanjo.net\/site\/","name":"O Arcanjo no ar","description":"Site da Par\u00f3quia S\u00e3o Miguel Arcanjo (Arquidiocese de SP)","publisher":{"@id":"https:\/\/www.oarcanjo.net\/site\/#organization"},"potentialAction":[{"@type":"SearchAction","target":{"@type":"EntryPoint","urlTemplate":"https:\/\/www.oarcanjo.net\/site\/?s={search_term_string}"},"query-input":{"@type":"PropertyValueSpecification","valueRequired":true,"valueName":"search_term_string"}}],"inLanguage":"pt-BR"},{"@type":"Organization","@id":"https:\/\/www.oarcanjo.net\/site\/#organization","name":"Par\u00f3quia S\u00e3o Miguel Arcanjo","url":"https:\/\/www.oarcanjo.net\/site\/","logo":{"@type":"ImageObject","inLanguage":"pt-BR","@id":"https:\/\/www.oarcanjo.net\/site\/#\/schema\/logo\/image\/","url":"https:\/\/www.oarcanjo.net\/site\/wp-content\/uploads\/LogoOArcanjo.png","contentUrl":"https:\/\/www.oarcanjo.net\/site\/wp-content\/uploads\/LogoOArcanjo.png","width":319,"height":99,"caption":"Par\u00f3quia S\u00e3o Miguel Arcanjo"},"image":{"@id":"https:\/\/www.oarcanjo.net\/site\/#\/schema\/logo\/image\/"},"sameAs":["https:\/\/www.facebook.com\/OArcanjoNoAr\/"]},{"@type":"Person","@id":"https:\/\/www.oarcanjo.net\/site\/#\/schema\/person\/f7024d007863202483a31326673a0838","name":"editor","sameAs":["http:\/\/www.oarcanjo.net"]}]}},"publishpress_future_action":{"enabled":false,"date":"2026-05-09 07:56:37","action":"category","newStatus":"draft","terms":[],"taxonomy":"category"},"publishpress_future_workflow_manual_trigger":{"enabledWorkflows":[]},"_links":{"self":[{"href":"https:\/\/www.oarcanjo.net\/site\/wp-json\/wp\/v2\/posts\/59177"}],"collection":[{"href":"https:\/\/www.oarcanjo.net\/site\/wp-json\/wp\/v2\/posts"}],"about":[{"href":"https:\/\/www.oarcanjo.net\/site\/wp-json\/wp\/v2\/types\/post"}],"author":[{"embeddable":true,"href":"https:\/\/www.oarcanjo.net\/site\/wp-json\/wp\/v2\/users\/5"}],"replies":[{"embeddable":true,"href":"https:\/\/www.oarcanjo.net\/site\/wp-json\/wp\/v2\/comments?post=59177"}],"version-history":[{"count":0,"href":"https:\/\/www.oarcanjo.net\/site\/wp-json\/wp\/v2\/posts\/59177\/revisions"}],"wp:attachment":[{"href":"https:\/\/www.oarcanjo.net\/site\/wp-json\/wp\/v2\/media?parent=59177"}],"wp:term":[{"taxonomy":"category","embeddable":true,"href":"https:\/\/www.oarcanjo.net\/site\/wp-json\/wp\/v2\/categories?post=59177"},{"taxonomy":"post_tag","embeddable":true,"href":"https:\/\/www.oarcanjo.net\/site\/wp-json\/wp\/v2\/tags?post=59177"}],"curies":[{"name":"wp","href":"https:\/\/api.w.org\/{rel}","templated":true}]}}