
{"id":59187,"date":"2015-03-29T23:12:06","date_gmt":"2015-03-30T02:12:06","guid":{"rendered":"http:\/\/www.oarcanjo.net\/site\/?p=59187"},"modified":"2015-03-29T23:12:06","modified_gmt":"2015-03-30T02:12:06","slug":"agua-economia-na-paroquia","status":"publish","type":"post","link":"https:\/\/www.oarcanjo.net\/site\/agua-economia-na-paroquia\/","title":{"rendered":"\u00c1gua economia na Par\u00f3quia"},"content":{"rendered":"<p>Na Par\u00f3quia S\u00e3o Miguel Arcanjo h\u00e1 o aproveitamento de parte da \u00e1gua da chuva. Cuidado tamb\u00e9m com a dengue. Os recipientes que recebem as \u00e1guas da chuva s\u00e3o bem fechados e n\u00e3o se transforma em criadouro de mosquitos. Exemplos simples e eficazes.<\/p>\n<p><a href=\"http:\/\/www.oarcanjo.net\/site\/wp-content\/uploads\/DSC03474.jpg\"><img loading=\"lazy\" decoding=\"async\" class=\"aligncenter size-medium wp-image-59188\" src=\"http:\/\/www.oarcanjo.net\/site\/wp-content\/uploads\/DSC03474-300x225.jpg\" alt=\"DSC03474\" width=\"300\" height=\"225\" srcset=\"https:\/\/www.oarcanjo.net\/site\/wp-content\/uploads\/DSC03474-300x225.jpg 300w, https:\/\/www.oarcanjo.net\/site\/wp-content\/uploads\/DSC03474.jpg 575w\" sizes=\"(max-width: 300px) 100vw, 300px\" \/><\/a> <a href=\"http:\/\/www.oarcanjo.net\/site\/wp-content\/uploads\/IMG_00012.jpg\"><img loading=\"lazy\" decoding=\"async\" class=\"aligncenter size-medium wp-image-59189\" src=\"http:\/\/www.oarcanjo.net\/site\/wp-content\/uploads\/IMG_00012-300x200.jpg\" alt=\"IMG_0001\" width=\"300\" height=\"200\" srcset=\"https:\/\/www.oarcanjo.net\/site\/wp-content\/uploads\/IMG_00012-300x200.jpg 300w, https:\/\/www.oarcanjo.net\/site\/wp-content\/uploads\/IMG_00012.jpg 645w\" sizes=\"(max-width: 300px) 100vw, 300px\" \/><\/a> <a href=\"http:\/\/www.oarcanjo.net\/site\/wp-content\/uploads\/IMG_00034.jpg\"><img loading=\"lazy\" decoding=\"async\" class=\"aligncenter size-medium wp-image-59190\" src=\"http:\/\/www.oarcanjo.net\/site\/wp-content\/uploads\/IMG_00034-300x182.jpg\" alt=\"IMG_0003\" width=\"300\" height=\"182\" srcset=\"https:\/\/www.oarcanjo.net\/site\/wp-content\/uploads\/IMG_00034-300x182.jpg 300w, https:\/\/www.oarcanjo.net\/site\/wp-content\/uploads\/IMG_00034.jpg 645w\" sizes=\"(max-width: 300px) 100vw, 300px\" \/><\/a> <a href=\"http:\/\/www.oarcanjo.net\/site\/wp-content\/uploads\/IMG_0005.jpg\"><img loading=\"lazy\" decoding=\"async\" class=\"aligncenter size-medium wp-image-59191\" src=\"http:\/\/www.oarcanjo.net\/site\/wp-content\/uploads\/IMG_0005-300x200.jpg\" alt=\"IMG_0005\" width=\"300\" height=\"200\" srcset=\"https:\/\/www.oarcanjo.net\/site\/wp-content\/uploads\/IMG_0005-300x200.jpg 300w, https:\/\/www.oarcanjo.net\/site\/wp-content\/uploads\/IMG_0005.jpg 645w\" sizes=\"(max-width: 300px) 100vw, 300px\" \/><\/a> <a href=\"http:\/\/www.oarcanjo.net\/site\/wp-content\/uploads\/IMG_00145.jpg\"><img loading=\"lazy\" decoding=\"async\" class=\"aligncenter size-medium wp-image-59192\" src=\"http:\/\/www.oarcanjo.net\/site\/wp-content\/uploads\/IMG_00145-300x199.jpg\" alt=\"IMG_0014\" width=\"300\" height=\"199\" srcset=\"https:\/\/www.oarcanjo.net\/site\/wp-content\/uploads\/IMG_00145-300x199.jpg 300w, https:\/\/www.oarcanjo.net\/site\/wp-content\/uploads\/IMG_00145.jpg 645w\" sizes=\"(max-width: 300px) 100vw, 300px\" \/><\/a><\/p>\n<div id=\"themify_builder_content-59187\" data-postid=\"59187\" class=\"themify_builder_content themify_builder_content-59187 themify_builder themify_builder_front\">\n\t<\/div>\n<!-- \/themify_builder_content -->","protected":false},"excerpt":{"rendered":"<p>Na Par\u00f3quia S\u00e3o Miguel Arcanjo h\u00e1 o aproveitamento de parte da \u00e1gua da chuva<\/p>\n","protected":false},"author":10,"featured_media":0,"comment_status":"open","ping_status":"open","sticky":false,"template":"","format":"standard","meta":{"ngg_post_thumbnail":0,"footnotes":""},"categories":[8,7],"tags":[],"yoast_head":"<!-- This site is optimized with the Yoast SEO plugin v23.5 - https:\/\/yoast.com\/wordpress\/plugins\/seo\/ -->\n<title>\u00c1gua economia na Par\u00f3quia - O Arcanjo no ar<\/title>\n<meta name=\"robots\" content=\"index, follow, max-snippet:-1, max-image-preview:large, max-video-preview:-1\" \/>\n<link rel=\"canonical\" href=\"https:\/\/www.oarcanjo.net\/site\/agua-economia-na-paroquia\/\" \/>\n<meta property=\"og:locale\" content=\"pt_BR\" \/>\n<meta property=\"og:type\" content=\"article\" \/>\n<meta property=\"og:title\" content=\"\u00c1gua economia na Par\u00f3quia - O Arcanjo no ar\" \/>\n<meta property=\"og:description\" content=\"Na Par\u00f3quia S\u00e3o Miguel Arcanjo h\u00e1 o aproveitamento de parte da \u00e1gua da chuva\" \/>\n<meta property=\"og:url\" content=\"https:\/\/www.oarcanjo.net\/site\/agua-economia-na-paroquia\/\" \/>\n<meta property=\"og:site_name\" content=\"O Arcanjo no ar\" \/>\n<meta property=\"article:publisher\" content=\"https:\/\/www.facebook.com\/OArcanjoNoAr\/\" \/>\n<meta property=\"article:published_time\" content=\"2015-03-30T02:12:06+00:00\" \/>\n<meta property=\"og:image\" content=\"http:\/\/www.oarcanjo.net\/site\/wp-content\/uploads\/DSC03474-300x225.jpg\" \/>\n<meta name=\"author\" content=\"carlos\" \/>\n<meta name=\"twitter:card\" content=\"summary_large_image\" \/>\n<meta name=\"twitter:label1\" content=\"Escrito por\" \/>\n\t<meta name=\"twitter:data1\" content=\"carlos\" \/>\n<script type=\"application\/ld+json\" class=\"yoast-schema-graph\">{\"@context\":\"https:\/\/schema.org\",\"@graph\":[{\"@type\":\"Article\",\"@id\":\"https:\/\/www.oarcanjo.net\/site\/agua-economia-na-paroquia\/#article\",\"isPartOf\":{\"@id\":\"https:\/\/www.oarcanjo.net\/site\/agua-economia-na-paroquia\/\"},\"author\":{\"name\":\"carlos\",\"@id\":\"https:\/\/www.oarcanjo.net\/site\/#\/schema\/person\/f7870e710d8c8c30673de3a0ac2e451d\"},\"headline\":\"\u00c1gua economia na Par\u00f3quia\",\"datePublished\":\"2015-03-30T02:12:06+00:00\",\"dateModified\":\"2015-03-30T02:12:06+00:00\",\"mainEntityOfPage\":{\"@id\":\"https:\/\/www.oarcanjo.net\/site\/agua-economia-na-paroquia\/\"},\"wordCount\":52,\"commentCount\":0,\"publisher\":{\"@id\":\"https:\/\/www.oarcanjo.net\/site\/#organization\"},\"image\":{\"@id\":\"https:\/\/www.oarcanjo.net\/site\/agua-economia-na-paroquia\/#primaryimage\"},\"thumbnailUrl\":\"http:\/\/www.oarcanjo.net\/site\/wp-content\/uploads\/DSC03474-300x225.jpg\",\"articleSection\":[\"Not\u00edcias\",\"Rosto da comunidade\"],\"inLanguage\":\"pt-BR\",\"potentialAction\":[{\"@type\":\"CommentAction\",\"name\":\"Comment\",\"target\":[\"https:\/\/www.oarcanjo.net\/site\/agua-economia-na-paroquia\/#respond\"]}]},{\"@type\":\"WebPage\",\"@id\":\"https:\/\/www.oarcanjo.net\/site\/agua-economia-na-paroquia\/\",\"url\":\"https:\/\/www.oarcanjo.net\/site\/agua-economia-na-paroquia\/\",\"name\":\"\u00c1gua economia na Par\u00f3quia - O Arcanjo no ar\",\"isPartOf\":{\"@id\":\"https:\/\/www.oarcanjo.net\/site\/#website\"},\"primaryImageOfPage\":{\"@id\":\"https:\/\/www.oarcanjo.net\/site\/agua-economia-na-paroquia\/#primaryimage\"},\"image\":{\"@id\":\"https:\/\/www.oarcanjo.net\/site\/agua-economia-na-paroquia\/#primaryimage\"},\"thumbnailUrl\":\"http:\/\/www.oarcanjo.net\/site\/wp-content\/uploads\/DSC03474-300x225.jpg\",\"datePublished\":\"2015-03-30T02:12:06+00:00\",\"dateModified\":\"2015-03-30T02:12:06+00:00\",\"breadcrumb\":{\"@id\":\"https:\/\/www.oarcanjo.net\/site\/agua-economia-na-paroquia\/#breadcrumb\"},\"inLanguage\":\"pt-BR\",\"potentialAction\":[{\"@type\":\"ReadAction\",\"target\":[\"https:\/\/www.oarcanjo.net\/site\/agua-economia-na-paroquia\/\"]}]},{\"@type\":\"ImageObject\",\"inLanguage\":\"pt-BR\",\"@id\":\"https:\/\/www.oarcanjo.net\/site\/agua-economia-na-paroquia\/#primaryimage\",\"url\":\"https:\/\/www.oarcanjo.net\/site\/wp-content\/uploads\/DSC03474.jpg\",\"contentUrl\":\"https:\/\/www.oarcanjo.net\/site\/wp-content\/uploads\/DSC03474.jpg\",\"width\":575,\"height\":431},{\"@type\":\"BreadcrumbList\",\"@id\":\"https:\/\/www.oarcanjo.net\/site\/agua-economia-na-paroquia\/#breadcrumb\",\"itemListElement\":[{\"@type\":\"ListItem\",\"position\":1,\"name\":\"In\u00edcio\",\"item\":\"https:\/\/www.oarcanjo.net\/site\/\"},{\"@type\":\"ListItem\",\"position\":2,\"name\":\"\u00c1gua economia na Par\u00f3quia\"}]},{\"@type\":\"WebSite\",\"@id\":\"https:\/\/www.oarcanjo.net\/site\/#website\",\"url\":\"https:\/\/www.oarcanjo.net\/site\/\",\"name\":\"O Arcanjo no ar\",\"description\":\"Site da Par\u00f3quia S\u00e3o Miguel Arcanjo (Arquidiocese de SP)\",\"publisher\":{\"@id\":\"https:\/\/www.oarcanjo.net\/site\/#organization\"},\"potentialAction\":[{\"@type\":\"SearchAction\",\"target\":{\"@type\":\"EntryPoint\",\"urlTemplate\":\"https:\/\/www.oarcanjo.net\/site\/?s={search_term_string}\"},\"query-input\":{\"@type\":\"PropertyValueSpecification\",\"valueRequired\":true,\"valueName\":\"search_term_string\"}}],\"inLanguage\":\"pt-BR\"},{\"@type\":\"Organization\",\"@id\":\"https:\/\/www.oarcanjo.net\/site\/#organization\",\"name\":\"Par\u00f3quia S\u00e3o Miguel Arcanjo\",\"url\":\"https:\/\/www.oarcanjo.net\/site\/\",\"logo\":{\"@type\":\"ImageObject\",\"inLanguage\":\"pt-BR\",\"@id\":\"https:\/\/www.oarcanjo.net\/site\/#\/schema\/logo\/image\/\",\"url\":\"https:\/\/www.oarcanjo.net\/site\/wp-content\/uploads\/LogoOArcanjo.png\",\"contentUrl\":\"https:\/\/www.oarcanjo.net\/site\/wp-content\/uploads\/LogoOArcanjo.png\",\"width\":319,\"height\":99,\"caption\":\"Par\u00f3quia S\u00e3o Miguel Arcanjo\"},\"image\":{\"@id\":\"https:\/\/www.oarcanjo.net\/site\/#\/schema\/logo\/image\/\"},\"sameAs\":[\"https:\/\/www.facebook.com\/OArcanjoNoAr\/\"]},{\"@type\":\"Person\",\"@id\":\"https:\/\/www.oarcanjo.net\/site\/#\/schema\/person\/f7870e710d8c8c30673de3a0ac2e451d\",\"name\":\"carlos\"}]}<\/script>\n<!-- \/ Yoast SEO plugin. -->","yoast_head_json":{"title":"\u00c1gua economia na Par\u00f3quia - O Arcanjo no ar","robots":{"index":"index","follow":"follow","max-snippet":"max-snippet:-1","max-image-preview":"max-image-preview:large","max-video-preview":"max-video-preview:-1"},"canonical":"https:\/\/www.oarcanjo.net\/site\/agua-economia-na-paroquia\/","og_locale":"pt_BR","og_type":"article","og_title":"\u00c1gua economia na Par\u00f3quia - O Arcanjo no ar","og_description":"Na Par\u00f3quia S\u00e3o Miguel Arcanjo h\u00e1 o aproveitamento de parte da \u00e1gua da chuva","og_url":"https:\/\/www.oarcanjo.net\/site\/agua-economia-na-paroquia\/","og_site_name":"O Arcanjo no ar","article_publisher":"https:\/\/www.facebook.com\/OArcanjoNoAr\/","article_published_time":"2015-03-30T02:12:06+00:00","og_image":[{"url":"http:\/\/www.oarcanjo.net\/site\/wp-content\/uploads\/DSC03474-300x225.jpg"}],"author":"carlos","twitter_card":"summary_large_image","twitter_misc":{"Escrito por":"carlos"},"schema":{"@context":"https:\/\/schema.org","@graph":[{"@type":"Article","@id":"https:\/\/www.oarcanjo.net\/site\/agua-economia-na-paroquia\/#article","isPartOf":{"@id":"https:\/\/www.oarcanjo.net\/site\/agua-economia-na-paroquia\/"},"author":{"name":"carlos","@id":"https:\/\/www.oarcanjo.net\/site\/#\/schema\/person\/f7870e710d8c8c30673de3a0ac2e451d"},"headline":"\u00c1gua economia na Par\u00f3quia","datePublished":"2015-03-30T02:12:06+00:00","dateModified":"2015-03-30T02:12:06+00:00","mainEntityOfPage":{"@id":"https:\/\/www.oarcanjo.net\/site\/agua-economia-na-paroquia\/"},"wordCount":52,"commentCount":0,"publisher":{"@id":"https:\/\/www.oarcanjo.net\/site\/#organization"},"image":{"@id":"https:\/\/www.oarcanjo.net\/site\/agua-economia-na-paroquia\/#primaryimage"},"thumbnailUrl":"http:\/\/www.oarcanjo.net\/site\/wp-content\/uploads\/DSC03474-300x225.jpg","articleSection":["Not\u00edcias","Rosto da comunidade"],"inLanguage":"pt-BR","potentialAction":[{"@type":"CommentAction","name":"Comment","target":["https:\/\/www.oarcanjo.net\/site\/agua-economia-na-paroquia\/#respond"]}]},{"@type":"WebPage","@id":"https:\/\/www.oarcanjo.net\/site\/agua-economia-na-paroquia\/","url":"https:\/\/www.oarcanjo.net\/site\/agua-economia-na-paroquia\/","name":"\u00c1gua economia na Par\u00f3quia - O Arcanjo no ar","isPartOf":{"@id":"https:\/\/www.oarcanjo.net\/site\/#website"},"primaryImageOfPage":{"@id":"https:\/\/www.oarcanjo.net\/site\/agua-economia-na-paroquia\/#primaryimage"},"image":{"@id":"https:\/\/www.oarcanjo.net\/site\/agua-economia-na-paroquia\/#primaryimage"},"thumbnailUrl":"http:\/\/www.oarcanjo.net\/site\/wp-content\/uploads\/DSC03474-300x225.jpg","datePublished":"2015-03-30T02:12:06+00:00","dateModified":"2015-03-30T02:12:06+00:00","breadcrumb":{"@id":"https:\/\/www.oarcanjo.net\/site\/agua-economia-na-paroquia\/#breadcrumb"},"inLanguage":"pt-BR","potentialAction":[{"@type":"ReadAction","target":["https:\/\/www.oarcanjo.net\/site\/agua-economia-na-paroquia\/"]}]},{"@type":"ImageObject","inLanguage":"pt-BR","@id":"https:\/\/www.oarcanjo.net\/site\/agua-economia-na-paroquia\/#primaryimage","url":"https:\/\/www.oarcanjo.net\/site\/wp-content\/uploads\/DSC03474.jpg","contentUrl":"https:\/\/www.oarcanjo.net\/site\/wp-content\/uploads\/DSC03474.jpg","width":575,"height":431},{"@type":"BreadcrumbList","@id":"https:\/\/www.oarcanjo.net\/site\/agua-economia-na-paroquia\/#breadcrumb","itemListElement":[{"@type":"ListItem","position":1,"name":"In\u00edcio","item":"https:\/\/www.oarcanjo.net\/site\/"},{"@type":"ListItem","position":2,"name":"\u00c1gua economia na Par\u00f3quia"}]},{"@type":"WebSite","@id":"https:\/\/www.oarcanjo.net\/site\/#website","url":"https:\/\/www.oarcanjo.net\/site\/","name":"O Arcanjo no ar","description":"Site da Par\u00f3quia S\u00e3o Miguel Arcanjo (Arquidiocese de SP)","publisher":{"@id":"https:\/\/www.oarcanjo.net\/site\/#organization"},"potentialAction":[{"@type":"SearchAction","target":{"@type":"EntryPoint","urlTemplate":"https:\/\/www.oarcanjo.net\/site\/?s={search_term_string}"},"query-input":{"@type":"PropertyValueSpecification","valueRequired":true,"valueName":"search_term_string"}}],"inLanguage":"pt-BR"},{"@type":"Organization","@id":"https:\/\/www.oarcanjo.net\/site\/#organization","name":"Par\u00f3quia S\u00e3o Miguel Arcanjo","url":"https:\/\/www.oarcanjo.net\/site\/","logo":{"@type":"ImageObject","inLanguage":"pt-BR","@id":"https:\/\/www.oarcanjo.net\/site\/#\/schema\/logo\/image\/","url":"https:\/\/www.oarcanjo.net\/site\/wp-content\/uploads\/LogoOArcanjo.png","contentUrl":"https:\/\/www.oarcanjo.net\/site\/wp-content\/uploads\/LogoOArcanjo.png","width":319,"height":99,"caption":"Par\u00f3quia S\u00e3o Miguel Arcanjo"},"image":{"@id":"https:\/\/www.oarcanjo.net\/site\/#\/schema\/logo\/image\/"},"sameAs":["https:\/\/www.facebook.com\/OArcanjoNoAr\/"]},{"@type":"Person","@id":"https:\/\/www.oarcanjo.net\/site\/#\/schema\/person\/f7870e710d8c8c30673de3a0ac2e451d","name":"carlos"}]}},"publishpress_future_action":{"enabled":false,"date":"2026-05-09 06:19:31","action":"category","newStatus":"draft","terms":[],"taxonomy":"category"},"publishpress_future_workflow_manual_trigger":{"enabledWorkflows":[]},"_links":{"self":[{"href":"https:\/\/www.oarcanjo.net\/site\/wp-json\/wp\/v2\/posts\/59187"}],"collection":[{"href":"https:\/\/www.oarcanjo.net\/site\/wp-json\/wp\/v2\/posts"}],"about":[{"href":"https:\/\/www.oarcanjo.net\/site\/wp-json\/wp\/v2\/types\/post"}],"author":[{"embeddable":true,"href":"https:\/\/www.oarcanjo.net\/site\/wp-json\/wp\/v2\/users\/10"}],"replies":[{"embeddable":true,"href":"https:\/\/www.oarcanjo.net\/site\/wp-json\/wp\/v2\/comments?post=59187"}],"version-history":[{"count":0,"href":"https:\/\/www.oarcanjo.net\/site\/wp-json\/wp\/v2\/posts\/59187\/revisions"}],"wp:attachment":[{"href":"https:\/\/www.oarcanjo.net\/site\/wp-json\/wp\/v2\/media?parent=59187"}],"wp:term":[{"taxonomy":"category","embeddable":true,"href":"https:\/\/www.oarcanjo.net\/site\/wp-json\/wp\/v2\/categories?post=59187"},{"taxonomy":"post_tag","embeddable":true,"href":"https:\/\/www.oarcanjo.net\/site\/wp-json\/wp\/v2\/tags?post=59187"}],"curies":[{"name":"wp","href":"https:\/\/api.w.org\/{rel}","templated":true}]}}