
{"id":59320,"date":"2015-03-30T00:14:15","date_gmt":"2015-03-30T03:14:15","guid":{"rendered":"http:\/\/www.oarcanjo.net\/site\/?p=59320"},"modified":"2015-04-03T10:51:40","modified_gmt":"2015-04-03T13:51:40","slug":"procissao-de-ramos-2015","status":"publish","type":"post","link":"https:\/\/www.oarcanjo.net\/site\/procissao-de-ramos-2015\/","title":{"rendered":"Prociss\u00e3o de Ramos 2015"},"content":{"rendered":"<p style=\"text-align: justify;\">Prociss\u00e3o de Ramos na Comunidade S\u00e3o Miguel Arcanjo. Come\u00e7a a Semana Santa que \u00e9 sempre muito participativa. Os fi\u00e9is cantaram e rezaram no caminho entre a Par\u00f3quia S\u00e3o Miguel e a Capela da Universidade S\u00e3o Judas Tadeu.<\/p>\n<p style=\"text-align: justify;\">Hosana ao Filho de Davi. 1. Bendito o que vem em nome do Senhor! 2. Rei de Israel, hosana nas alturas!<\/p>\n<p style=\"text-align: justify;\">Os filhos dos hebreus, * com ramos de palmeira, * correram ao encontro * de Jesus, nosso Senhor, * \/:cantando e gritando: * \u201cHosana, \u00f3 Salvador!\u201d:\/<\/p>\n<p style=\"text-align: justify;\">Hosana hey! Hosana h\u00e1! * Hosana hey! hosana hey! hosana h\u00e1! 1. Ele \u00e9 o Santo, \u00e9 o Filho de Maria, * \u00e9 o Deus de Israel, \u00e9 o Filho de Davi! 2. Vamos a ele com as flores dos trigais, * com os ramos de oliveiras, * com alegria e muita paz.<\/p>\n<p style=\"text-align: justify;\">A chuva t\u00e3o esperada e pedida n\u00e3o afastou o \u00e2nimo durante a prociss\u00e3o.<\/p>\n<p style=\"text-align: justify;\">\u201cNo Domingo de Ramos, tomemos nova consci\u00eancia de que somos n\u00f3s os disc\u00edpulos, que hoje d\u00e3o o testemunho de Cristo na Cidade e o acompanham nos momentos de gl\u00f3ria e tamb\u00e9m de desprezo, condena\u00e7\u00e3o \u00e0 morte e ressurrei\u00e7\u00e3o. N\u00e3o tenhamos medo nem vergonha de manifestar nossa f\u00e9 e nossa perten\u00e7a a Cristo e \u00e0 sua Igreja!\u201d (Dom Odilo P. Cherer)<\/p>\n<p style=\"text-align: justify;\">Na Capela da Universidade S\u00e3o Judas Tadeu, lotada em que ouvimos o Evangelho segundo Marcos com a narrativa da Paix\u00e3o de Cristo.<\/p>\n<p style=\"text-align: justify;\">Fotos por Bruna e Jos\u00e9<\/p>\n<p style=\"text-align: justify;\">ngg_shortcode_0_placeholder<\/p>\n<div id=\"themify_builder_content-59320\" data-postid=\"59320\" class=\"themify_builder_content themify_builder_content-59320 themify_builder themify_builder_front\">\n\t<\/div>\n<!-- \/themify_builder_content -->","protected":false},"excerpt":{"rendered":"<p>Prociss\u00e3o de Ramos na Comunidade S\u00e3o Miguel Arcanjo. Come\u00e7a a Semana Santa <\/p>\n","protected":false},"author":10,"featured_media":59334,"comment_status":"open","ping_status":"open","sticky":false,"template":"","format":"standard","meta":{"ngg_post_thumbnail":0,"footnotes":""},"categories":[3,8,7],"tags":[],"yoast_head":"<!-- This site is optimized with the Yoast SEO plugin v23.5 - https:\/\/yoast.com\/wordpress\/plugins\/seo\/ -->\n<title>Prociss\u00e3o de Ramos 2015 - O Arcanjo no ar<\/title>\n<meta name=\"robots\" content=\"index, follow, max-snippet:-1, max-image-preview:large, max-video-preview:-1\" \/>\n<link rel=\"canonical\" href=\"https:\/\/www.oarcanjo.net\/site\/procissao-de-ramos-2015\/\" \/>\n<meta property=\"og:locale\" content=\"pt_BR\" \/>\n<meta property=\"og:type\" content=\"article\" \/>\n<meta property=\"og:title\" content=\"Prociss\u00e3o de Ramos 2015 - O Arcanjo no ar\" \/>\n<meta property=\"og:description\" content=\"Prociss\u00e3o de Ramos na Comunidade S\u00e3o Miguel Arcanjo. Come\u00e7a a Semana Santa\" \/>\n<meta property=\"og:url\" content=\"https:\/\/www.oarcanjo.net\/site\/procissao-de-ramos-2015\/\" \/>\n<meta property=\"og:site_name\" content=\"O Arcanjo no ar\" \/>\n<meta property=\"article:publisher\" content=\"https:\/\/www.facebook.com\/OArcanjoNoAr\/\" \/>\n<meta property=\"article:published_time\" content=\"2015-03-30T03:14:15+00:00\" \/>\n<meta property=\"article:modified_time\" content=\"2015-04-03T13:51:40+00:00\" \/>\n<meta property=\"og:image\" content=\"https:\/\/www.oarcanjo.net\/site\/wp-content\/uploads\/banner-procissao-ramos-mar-2015.jpg\" \/>\n\t<meta property=\"og:image:width\" content=\"698\" \/>\n\t<meta property=\"og:image:height\" content=\"319\" \/>\n\t<meta property=\"og:image:type\" content=\"image\/jpeg\" \/>\n<meta name=\"author\" content=\"carlos\" \/>\n<meta name=\"twitter:card\" content=\"summary_large_image\" \/>\n<meta name=\"twitter:label1\" content=\"Escrito por\" \/>\n\t<meta name=\"twitter:data1\" content=\"carlos\" \/>\n\t<meta name=\"twitter:label2\" content=\"Est. tempo de leitura\" \/>\n\t<meta name=\"twitter:data2\" content=\"1 minuto\" \/>\n<script type=\"application\/ld+json\" class=\"yoast-schema-graph\">{\"@context\":\"https:\/\/schema.org\",\"@graph\":[{\"@type\":\"Article\",\"@id\":\"https:\/\/www.oarcanjo.net\/site\/procissao-de-ramos-2015\/#article\",\"isPartOf\":{\"@id\":\"https:\/\/www.oarcanjo.net\/site\/procissao-de-ramos-2015\/\"},\"author\":{\"name\":\"carlos\",\"@id\":\"https:\/\/www.oarcanjo.net\/site\/#\/schema\/person\/f7870e710d8c8c30673de3a0ac2e451d\"},\"headline\":\"Prociss\u00e3o de Ramos 2015\",\"datePublished\":\"2015-03-30T03:14:15+00:00\",\"dateModified\":\"2015-04-03T13:51:40+00:00\",\"mainEntityOfPage\":{\"@id\":\"https:\/\/www.oarcanjo.net\/site\/procissao-de-ramos-2015\/\"},\"wordCount\":244,\"commentCount\":0,\"publisher\":{\"@id\":\"https:\/\/www.oarcanjo.net\/site\/#organization\"},\"image\":{\"@id\":\"https:\/\/www.oarcanjo.net\/site\/procissao-de-ramos-2015\/#primaryimage\"},\"thumbnailUrl\":\"https:\/\/www.oarcanjo.net\/site\/wp-content\/uploads\/banner-procissao-ramos-mar-2015.jpg\",\"articleSection\":[\"Destaques\",\"Not\u00edcias\",\"Rosto da comunidade\"],\"inLanguage\":\"pt-BR\",\"potentialAction\":[{\"@type\":\"CommentAction\",\"name\":\"Comment\",\"target\":[\"https:\/\/www.oarcanjo.net\/site\/procissao-de-ramos-2015\/#respond\"]}]},{\"@type\":\"WebPage\",\"@id\":\"https:\/\/www.oarcanjo.net\/site\/procissao-de-ramos-2015\/\",\"url\":\"https:\/\/www.oarcanjo.net\/site\/procissao-de-ramos-2015\/\",\"name\":\"Prociss\u00e3o de Ramos 2015 - O Arcanjo no ar\",\"isPartOf\":{\"@id\":\"https:\/\/www.oarcanjo.net\/site\/#website\"},\"primaryImageOfPage\":{\"@id\":\"https:\/\/www.oarcanjo.net\/site\/procissao-de-ramos-2015\/#primaryimage\"},\"image\":{\"@id\":\"https:\/\/www.oarcanjo.net\/site\/procissao-de-ramos-2015\/#primaryimage\"},\"thumbnailUrl\":\"https:\/\/www.oarcanjo.net\/site\/wp-content\/uploads\/banner-procissao-ramos-mar-2015.jpg\",\"datePublished\":\"2015-03-30T03:14:15+00:00\",\"dateModified\":\"2015-04-03T13:51:40+00:00\",\"breadcrumb\":{\"@id\":\"https:\/\/www.oarcanjo.net\/site\/procissao-de-ramos-2015\/#breadcrumb\"},\"inLanguage\":\"pt-BR\",\"potentialAction\":[{\"@type\":\"ReadAction\",\"target\":[\"https:\/\/www.oarcanjo.net\/site\/procissao-de-ramos-2015\/\"]}]},{\"@type\":\"ImageObject\",\"inLanguage\":\"pt-BR\",\"@id\":\"https:\/\/www.oarcanjo.net\/site\/procissao-de-ramos-2015\/#primaryimage\",\"url\":\"https:\/\/www.oarcanjo.net\/site\/wp-content\/uploads\/banner-procissao-ramos-mar-2015.jpg\",\"contentUrl\":\"https:\/\/www.oarcanjo.net\/site\/wp-content\/uploads\/banner-procissao-ramos-mar-2015.jpg\",\"width\":698,\"height\":319},{\"@type\":\"BreadcrumbList\",\"@id\":\"https:\/\/www.oarcanjo.net\/site\/procissao-de-ramos-2015\/#breadcrumb\",\"itemListElement\":[{\"@type\":\"ListItem\",\"position\":1,\"name\":\"In\u00edcio\",\"item\":\"https:\/\/www.oarcanjo.net\/site\/\"},{\"@type\":\"ListItem\",\"position\":2,\"name\":\"Prociss\u00e3o de Ramos 2015\"}]},{\"@type\":\"WebSite\",\"@id\":\"https:\/\/www.oarcanjo.net\/site\/#website\",\"url\":\"https:\/\/www.oarcanjo.net\/site\/\",\"name\":\"O Arcanjo no ar\",\"description\":\"Site da Par\u00f3quia S\u00e3o Miguel Arcanjo (Arquidiocese de SP)\",\"publisher\":{\"@id\":\"https:\/\/www.oarcanjo.net\/site\/#organization\"},\"potentialAction\":[{\"@type\":\"SearchAction\",\"target\":{\"@type\":\"EntryPoint\",\"urlTemplate\":\"https:\/\/www.oarcanjo.net\/site\/?s={search_term_string}\"},\"query-input\":{\"@type\":\"PropertyValueSpecification\",\"valueRequired\":true,\"valueName\":\"search_term_string\"}}],\"inLanguage\":\"pt-BR\"},{\"@type\":\"Organization\",\"@id\":\"https:\/\/www.oarcanjo.net\/site\/#organization\",\"name\":\"Par\u00f3quia S\u00e3o Miguel Arcanjo\",\"url\":\"https:\/\/www.oarcanjo.net\/site\/\",\"logo\":{\"@type\":\"ImageObject\",\"inLanguage\":\"pt-BR\",\"@id\":\"https:\/\/www.oarcanjo.net\/site\/#\/schema\/logo\/image\/\",\"url\":\"https:\/\/www.oarcanjo.net\/site\/wp-content\/uploads\/LogoOArcanjo.png\",\"contentUrl\":\"https:\/\/www.oarcanjo.net\/site\/wp-content\/uploads\/LogoOArcanjo.png\",\"width\":319,\"height\":99,\"caption\":\"Par\u00f3quia S\u00e3o Miguel Arcanjo\"},\"image\":{\"@id\":\"https:\/\/www.oarcanjo.net\/site\/#\/schema\/logo\/image\/\"},\"sameAs\":[\"https:\/\/www.facebook.com\/OArcanjoNoAr\/\"]},{\"@type\":\"Person\",\"@id\":\"https:\/\/www.oarcanjo.net\/site\/#\/schema\/person\/f7870e710d8c8c30673de3a0ac2e451d\",\"name\":\"carlos\"}]}<\/script>\n<!-- \/ Yoast SEO plugin. -->","yoast_head_json":{"title":"Prociss\u00e3o de Ramos 2015 - O Arcanjo no ar","robots":{"index":"index","follow":"follow","max-snippet":"max-snippet:-1","max-image-preview":"max-image-preview:large","max-video-preview":"max-video-preview:-1"},"canonical":"https:\/\/www.oarcanjo.net\/site\/procissao-de-ramos-2015\/","og_locale":"pt_BR","og_type":"article","og_title":"Prociss\u00e3o de Ramos 2015 - O Arcanjo no ar","og_description":"Prociss\u00e3o de Ramos na Comunidade S\u00e3o Miguel Arcanjo. Come\u00e7a a Semana Santa","og_url":"https:\/\/www.oarcanjo.net\/site\/procissao-de-ramos-2015\/","og_site_name":"O Arcanjo no ar","article_publisher":"https:\/\/www.facebook.com\/OArcanjoNoAr\/","article_published_time":"2015-03-30T03:14:15+00:00","article_modified_time":"2015-04-03T13:51:40+00:00","og_image":[{"width":698,"height":319,"url":"https:\/\/www.oarcanjo.net\/site\/wp-content\/uploads\/banner-procissao-ramos-mar-2015.jpg","type":"image\/jpeg"}],"author":"carlos","twitter_card":"summary_large_image","twitter_misc":{"Escrito por":"carlos","Est. tempo de leitura":"1 minuto"},"schema":{"@context":"https:\/\/schema.org","@graph":[{"@type":"Article","@id":"https:\/\/www.oarcanjo.net\/site\/procissao-de-ramos-2015\/#article","isPartOf":{"@id":"https:\/\/www.oarcanjo.net\/site\/procissao-de-ramos-2015\/"},"author":{"name":"carlos","@id":"https:\/\/www.oarcanjo.net\/site\/#\/schema\/person\/f7870e710d8c8c30673de3a0ac2e451d"},"headline":"Prociss\u00e3o de Ramos 2015","datePublished":"2015-03-30T03:14:15+00:00","dateModified":"2015-04-03T13:51:40+00:00","mainEntityOfPage":{"@id":"https:\/\/www.oarcanjo.net\/site\/procissao-de-ramos-2015\/"},"wordCount":244,"commentCount":0,"publisher":{"@id":"https:\/\/www.oarcanjo.net\/site\/#organization"},"image":{"@id":"https:\/\/www.oarcanjo.net\/site\/procissao-de-ramos-2015\/#primaryimage"},"thumbnailUrl":"https:\/\/www.oarcanjo.net\/site\/wp-content\/uploads\/banner-procissao-ramos-mar-2015.jpg","articleSection":["Destaques","Not\u00edcias","Rosto da comunidade"],"inLanguage":"pt-BR","potentialAction":[{"@type":"CommentAction","name":"Comment","target":["https:\/\/www.oarcanjo.net\/site\/procissao-de-ramos-2015\/#respond"]}]},{"@type":"WebPage","@id":"https:\/\/www.oarcanjo.net\/site\/procissao-de-ramos-2015\/","url":"https:\/\/www.oarcanjo.net\/site\/procissao-de-ramos-2015\/","name":"Prociss\u00e3o de Ramos 2015 - O Arcanjo no ar","isPartOf":{"@id":"https:\/\/www.oarcanjo.net\/site\/#website"},"primaryImageOfPage":{"@id":"https:\/\/www.oarcanjo.net\/site\/procissao-de-ramos-2015\/#primaryimage"},"image":{"@id":"https:\/\/www.oarcanjo.net\/site\/procissao-de-ramos-2015\/#primaryimage"},"thumbnailUrl":"https:\/\/www.oarcanjo.net\/site\/wp-content\/uploads\/banner-procissao-ramos-mar-2015.jpg","datePublished":"2015-03-30T03:14:15+00:00","dateModified":"2015-04-03T13:51:40+00:00","breadcrumb":{"@id":"https:\/\/www.oarcanjo.net\/site\/procissao-de-ramos-2015\/#breadcrumb"},"inLanguage":"pt-BR","potentialAction":[{"@type":"ReadAction","target":["https:\/\/www.oarcanjo.net\/site\/procissao-de-ramos-2015\/"]}]},{"@type":"ImageObject","inLanguage":"pt-BR","@id":"https:\/\/www.oarcanjo.net\/site\/procissao-de-ramos-2015\/#primaryimage","url":"https:\/\/www.oarcanjo.net\/site\/wp-content\/uploads\/banner-procissao-ramos-mar-2015.jpg","contentUrl":"https:\/\/www.oarcanjo.net\/site\/wp-content\/uploads\/banner-procissao-ramos-mar-2015.jpg","width":698,"height":319},{"@type":"BreadcrumbList","@id":"https:\/\/www.oarcanjo.net\/site\/procissao-de-ramos-2015\/#breadcrumb","itemListElement":[{"@type":"ListItem","position":1,"name":"In\u00edcio","item":"https:\/\/www.oarcanjo.net\/site\/"},{"@type":"ListItem","position":2,"name":"Prociss\u00e3o de Ramos 2015"}]},{"@type":"WebSite","@id":"https:\/\/www.oarcanjo.net\/site\/#website","url":"https:\/\/www.oarcanjo.net\/site\/","name":"O Arcanjo no ar","description":"Site da Par\u00f3quia S\u00e3o Miguel Arcanjo (Arquidiocese de SP)","publisher":{"@id":"https:\/\/www.oarcanjo.net\/site\/#organization"},"potentialAction":[{"@type":"SearchAction","target":{"@type":"EntryPoint","urlTemplate":"https:\/\/www.oarcanjo.net\/site\/?s={search_term_string}"},"query-input":{"@type":"PropertyValueSpecification","valueRequired":true,"valueName":"search_term_string"}}],"inLanguage":"pt-BR"},{"@type":"Organization","@id":"https:\/\/www.oarcanjo.net\/site\/#organization","name":"Par\u00f3quia S\u00e3o Miguel Arcanjo","url":"https:\/\/www.oarcanjo.net\/site\/","logo":{"@type":"ImageObject","inLanguage":"pt-BR","@id":"https:\/\/www.oarcanjo.net\/site\/#\/schema\/logo\/image\/","url":"https:\/\/www.oarcanjo.net\/site\/wp-content\/uploads\/LogoOArcanjo.png","contentUrl":"https:\/\/www.oarcanjo.net\/site\/wp-content\/uploads\/LogoOArcanjo.png","width":319,"height":99,"caption":"Par\u00f3quia S\u00e3o Miguel Arcanjo"},"image":{"@id":"https:\/\/www.oarcanjo.net\/site\/#\/schema\/logo\/image\/"},"sameAs":["https:\/\/www.facebook.com\/OArcanjoNoAr\/"]},{"@type":"Person","@id":"https:\/\/www.oarcanjo.net\/site\/#\/schema\/person\/f7870e710d8c8c30673de3a0ac2e451d","name":"carlos"}]}},"publishpress_future_action":{"enabled":false,"date":"2026-05-09 04:31:52","action":"category","newStatus":"draft","terms":[],"taxonomy":"category"},"publishpress_future_workflow_manual_trigger":{"enabledWorkflows":[]},"_links":{"self":[{"href":"https:\/\/www.oarcanjo.net\/site\/wp-json\/wp\/v2\/posts\/59320"}],"collection":[{"href":"https:\/\/www.oarcanjo.net\/site\/wp-json\/wp\/v2\/posts"}],"about":[{"href":"https:\/\/www.oarcanjo.net\/site\/wp-json\/wp\/v2\/types\/post"}],"author":[{"embeddable":true,"href":"https:\/\/www.oarcanjo.net\/site\/wp-json\/wp\/v2\/users\/10"}],"replies":[{"embeddable":true,"href":"https:\/\/www.oarcanjo.net\/site\/wp-json\/wp\/v2\/comments?post=59320"}],"version-history":[{"count":0,"href":"https:\/\/www.oarcanjo.net\/site\/wp-json\/wp\/v2\/posts\/59320\/revisions"}],"wp:featuredmedia":[{"embeddable":true,"href":"https:\/\/www.oarcanjo.net\/site\/wp-json\/wp\/v2\/media\/59334"}],"wp:attachment":[{"href":"https:\/\/www.oarcanjo.net\/site\/wp-json\/wp\/v2\/media?parent=59320"}],"wp:term":[{"taxonomy":"category","embeddable":true,"href":"https:\/\/www.oarcanjo.net\/site\/wp-json\/wp\/v2\/categories?post=59320"},{"taxonomy":"post_tag","embeddable":true,"href":"https:\/\/www.oarcanjo.net\/site\/wp-json\/wp\/v2\/tags?post=59320"}],"curies":[{"name":"wp","href":"https:\/\/api.w.org\/{rel}","templated":true}]}}