
{"id":59339,"date":"2015-04-02T19:01:18","date_gmt":"2015-04-02T22:01:18","guid":{"rendered":"http:\/\/www.oarcanjo.net\/site\/?p=59339"},"modified":"2015-04-03T11:05:29","modified_gmt":"2015-04-03T14:05:29","slug":"papa-aos-presidiarios-de-rebibbia-jesus-nos-ama-sem-limites","status":"publish","type":"post","link":"https:\/\/www.oarcanjo.net\/site\/papa-aos-presidiarios-de-rebibbia-jesus-nos-ama-sem-limites\/","title":{"rendered":"Papa aos presidi\u00e1rios de Rebibbia: Jesus nos ama sem limites"},"content":{"rendered":"<p>\u00c9 a forte emo\u00e7\u00e3o que marcou a Missa da Ceia do Senhor, in\u00edcio do Tr\u00edduo pascal, que o Papa celebrou no C\u00e1rcere romano de Rebibbia, onde ele lavou e beijou os p\u00e9s de 12 presidi\u00e1rios, seis homens e seis mulheres, incluindo estrangeiros e italianos. O Papa Francisco ajoelhou-se diante deles, depois do discurso improvisado aos trezentos que se encontravam na igreja &#8220;Pai Nosso&#8221; do Novo Complexo, e depois de ter sido saudado longamente por centenas de pessoas que o esperavam no p\u00e1tio.<\/p>\n<p>Aplausos, beijos e abra\u00e7os acolheram ao fim da tarde desta Quinta-feira Santa o Papa Francisco no Complexo penitenci\u00e1rio de Rebibbia, zona leste de Roma, onde celebrou a Missa da Ceia do Senhor, com o rito do Lava-p\u00e9s. Francisco chegou \u00e0 Penitenci\u00e1ria pouco depois das 17h e se deteve por alguns momentos na parte interna do complexo, antes de entrar para celebrar a Santa Missa. No p\u00e1tio o aguardavam mais de 300 presidi\u00e1rios, o pessoal da pol\u00edcia penitenci\u00e1ria, pessoal administrativo, os volunt\u00e1rios e capel\u00e3es. O Pont\u00edfice cumprimentou quase um por um os presidi\u00e1rios, abra\u00e7ando-os e beijando-os.<\/p>\n<p>\u201cAgrade\u00e7o a todos v\u00f3s pelo acolhimento t\u00e3o caloroso e sincero, muito obrigado!\u201d, disse o Papa antes de entrar na Igreja do Pai-Nosso dentro do complexo penitenci\u00e1rio.<\/p>\n<p>Na igreja, o Papa encontrou outros 300 presidi\u00e1rios; 150 mulheres, incluindo 15 m\u00e3es com as crian\u00e7as, e 150 homens. Durante a celebra\u00e7\u00e3o lavou os p\u00e9s de doze deles: seis mulheres e seis homens, dos quais um brasileiro. Um dos momentos mais emocionantes foi quando o Papa lavou inclusive os p\u00e9s de uma crian\u00e7a que estava no colo da m\u00e3e detida.<\/p>\n<p>\u201cEu tamb\u00e9m preciso ser lavado pelo Senhor, e por isso rezai durante esta Missa para que o Senhor lave tamb\u00e9m as minhas sujeiras\u201d: foi o que disse o Papa Francisco, momentos antes de lavar os p\u00e9s dos doze presidi\u00e1rios concluindo a sua breve homilia.<\/p>\n<p>Na \u00e9poca de Jesus, disse Francisco pronunciando uma homilia sem texto escrito, \u201cera costume, era h\u00e1bito\u201d lavar os p\u00e9s dos h\u00f3spedes, \u201cporque as pessoas quando chegavam numa casa tinham os p\u00e9s sujos de p\u00f3 da estrada. N\u00e3o existiam &#8211; disse -, os paralelep\u00edpedos naquele tempo. E na entrada da casa, se lavava os p\u00e9s. Mas isso n\u00e3o era feito pelo dono da casa, eram os escravos que faziam isso: era trabalho de escravo. E Jesus lava como escravo os nossos p\u00e9s, os p\u00e9s dos disc\u00edpulos. E por isso diz a Pedro: o que eu estou a fazer agora tu n\u00e3o entendes, vais entender mais tarde.<\/p>\n<p>Jesus tanto nos amou que se fez escravo para nos servir, para nos curar, para nos limpar. Hoje nesta Missa \u2013 continuou Francisco &#8211; a Igreja quer que o sacerdote lave os p\u00e9s de doze pessoas, em mem\u00f3ria dos doze ap\u00f3stolos. Mas no nosso cora\u00e7\u00e3o devemos ter a certeza, devemos estar certos de que o Senhor, quando lava os nossos p\u00e9s, nos lava totalmente, nos purifica. Nos faz sentir novamente o seu amor.<\/p>\n<p>Na B\u00edblia h\u00e1 uma frase, no Profeta Isa\u00edas, muito bonita: pode uma m\u00e3e se esquecer do seu filho? Se uma m\u00e3e se esquecesse do seu filho eu jamais me esquecerei de ti. Assim \u00e9 o amor de Deus por mim. E eu vou lavar hoje os p\u00e9s de doze de v\u00f3s, disse em seguida o Papa. Mas nestes irm\u00e3os e irm\u00e3s estais todos v\u00f3s, todos, todos, todos os que vivem aqui. V\u00f3s representais a eles. Mas eu tamb\u00e9m preciso ser lavado pelo Senhor, e por isso rezai durante esta Missa, para que o Senhor lave tamb\u00e9m as minhas sujidades, para que eu me torne mais escravo de v\u00f3s, mais escravo no servi\u00e7o das pessoas, como foi Jesus\u201d, finalizou o Papa Francisco. (BS\/SP)<\/p>\n<p><em>Fonte: News.Va<\/em><\/p>\n<div id=\"themify_builder_content-59339\" data-postid=\"59339\" class=\"themify_builder_content themify_builder_content-59339 themify_builder themify_builder_front\">\n\t<\/div>\n<!-- \/themify_builder_content -->","protected":false},"excerpt":{"rendered":"<p>\u00c9 a forte emo\u00e7\u00e3o que marcou a Missa da Ceia do Senhor, in\u00edcio do Tr\u00edduo pascal, que o Papa celebrou no C\u00e1rcere romano de Rebibbia, onde ele lavou e beijou os p\u00e9s de 12 presidi\u00e1rios, seis homens e seis mulheres.<\/p>\n","protected":false},"author":3,"featured_media":0,"comment_status":"open","ping_status":"open","sticky":false,"template":"","format":"standard","meta":{"ngg_post_thumbnail":0,"footnotes":""},"categories":[8],"tags":[3172,2433,1541],"yoast_head":"<!-- This site is optimized with the Yoast SEO plugin v23.5 - https:\/\/yoast.com\/wordpress\/plugins\/seo\/ -->\n<title>Papa aos presidi\u00e1rios de Rebibbia: Jesus nos ama sem limites - O Arcanjo no ar<\/title>\n<meta name=\"robots\" content=\"index, follow, max-snippet:-1, max-image-preview:large, max-video-preview:-1\" \/>\n<link rel=\"canonical\" href=\"https:\/\/www.oarcanjo.net\/site\/papa-aos-presidiarios-de-rebibbia-jesus-nos-ama-sem-limites\/\" \/>\n<meta property=\"og:locale\" content=\"pt_BR\" \/>\n<meta property=\"og:type\" content=\"article\" \/>\n<meta property=\"og:title\" content=\"Papa aos presidi\u00e1rios de Rebibbia: Jesus nos ama sem limites - O Arcanjo no ar\" \/>\n<meta property=\"og:description\" content=\"\u00c9 a forte emo\u00e7\u00e3o que marcou a Missa da Ceia do Senhor, in\u00edcio do Tr\u00edduo pascal, que o Papa celebrou no C\u00e1rcere romano de Rebibbia, onde ele lavou e beijou os p\u00e9s de 12 presidi\u00e1rios, seis homens e seis mulheres.\" \/>\n<meta property=\"og:url\" content=\"https:\/\/www.oarcanjo.net\/site\/papa-aos-presidiarios-de-rebibbia-jesus-nos-ama-sem-limites\/\" \/>\n<meta property=\"og:site_name\" content=\"O Arcanjo no ar\" \/>\n<meta property=\"article:publisher\" content=\"https:\/\/www.facebook.com\/OArcanjoNoAr\/\" \/>\n<meta property=\"article:published_time\" content=\"2015-04-02T22:01:18+00:00\" \/>\n<meta property=\"article:modified_time\" content=\"2015-04-03T14:05:29+00:00\" \/>\n<meta property=\"og:image\" content=\"https:\/\/www.oarcanjo.net\/site\/wp-content\/uploads\/logo-o-arcanjo-no-ar-facebook.png\" \/>\n\t<meta property=\"og:image:width\" content=\"300\" \/>\n\t<meta property=\"og:image:height\" content=\"300\" \/>\n\t<meta property=\"og:image:type\" content=\"image\/png\" \/>\n<meta name=\"author\" content=\"miriam.meyer\" \/>\n<meta name=\"twitter:card\" content=\"summary_large_image\" \/>\n<meta name=\"twitter:label1\" content=\"Escrito por\" \/>\n\t<meta name=\"twitter:data1\" content=\"miriam.meyer\" \/>\n\t<meta name=\"twitter:label2\" content=\"Est. tempo de leitura\" \/>\n\t<meta name=\"twitter:data2\" content=\"3 minutos\" \/>\n<script type=\"application\/ld+json\" class=\"yoast-schema-graph\">{\"@context\":\"https:\/\/schema.org\",\"@graph\":[{\"@type\":\"Article\",\"@id\":\"https:\/\/www.oarcanjo.net\/site\/papa-aos-presidiarios-de-rebibbia-jesus-nos-ama-sem-limites\/#article\",\"isPartOf\":{\"@id\":\"https:\/\/www.oarcanjo.net\/site\/papa-aos-presidiarios-de-rebibbia-jesus-nos-ama-sem-limites\/\"},\"author\":{\"name\":\"miriam.meyer\",\"@id\":\"https:\/\/www.oarcanjo.net\/site\/#\/schema\/person\/ce0fba3450314a09c6442cfee983a3d8\"},\"headline\":\"Papa aos presidi\u00e1rios de Rebibbia: Jesus nos ama sem limites\",\"datePublished\":\"2015-04-02T22:01:18+00:00\",\"dateModified\":\"2015-04-03T14:05:29+00:00\",\"mainEntityOfPage\":{\"@id\":\"https:\/\/www.oarcanjo.net\/site\/papa-aos-presidiarios-de-rebibbia-jesus-nos-ama-sem-limites\/\"},\"wordCount\":679,\"commentCount\":1,\"publisher\":{\"@id\":\"https:\/\/www.oarcanjo.net\/site\/#organization\"},\"keywords\":[\"C\u00e1rcere romano de Rebibbia\",\"Papa Francisco\",\"Tr\u00edduo Pascal\"],\"articleSection\":[\"Not\u00edcias\"],\"inLanguage\":\"pt-BR\",\"potentialAction\":[{\"@type\":\"CommentAction\",\"name\":\"Comment\",\"target\":[\"https:\/\/www.oarcanjo.net\/site\/papa-aos-presidiarios-de-rebibbia-jesus-nos-ama-sem-limites\/#respond\"]}]},{\"@type\":\"WebPage\",\"@id\":\"https:\/\/www.oarcanjo.net\/site\/papa-aos-presidiarios-de-rebibbia-jesus-nos-ama-sem-limites\/\",\"url\":\"https:\/\/www.oarcanjo.net\/site\/papa-aos-presidiarios-de-rebibbia-jesus-nos-ama-sem-limites\/\",\"name\":\"Papa aos presidi\u00e1rios de Rebibbia: Jesus nos ama sem limites - O Arcanjo no ar\",\"isPartOf\":{\"@id\":\"https:\/\/www.oarcanjo.net\/site\/#website\"},\"datePublished\":\"2015-04-02T22:01:18+00:00\",\"dateModified\":\"2015-04-03T14:05:29+00:00\",\"breadcrumb\":{\"@id\":\"https:\/\/www.oarcanjo.net\/site\/papa-aos-presidiarios-de-rebibbia-jesus-nos-ama-sem-limites\/#breadcrumb\"},\"inLanguage\":\"pt-BR\",\"potentialAction\":[{\"@type\":\"ReadAction\",\"target\":[\"https:\/\/www.oarcanjo.net\/site\/papa-aos-presidiarios-de-rebibbia-jesus-nos-ama-sem-limites\/\"]}]},{\"@type\":\"BreadcrumbList\",\"@id\":\"https:\/\/www.oarcanjo.net\/site\/papa-aos-presidiarios-de-rebibbia-jesus-nos-ama-sem-limites\/#breadcrumb\",\"itemListElement\":[{\"@type\":\"ListItem\",\"position\":1,\"name\":\"In\u00edcio\",\"item\":\"https:\/\/www.oarcanjo.net\/site\/\"},{\"@type\":\"ListItem\",\"position\":2,\"name\":\"Papa aos presidi\u00e1rios de Rebibbia: Jesus nos ama sem limites\"}]},{\"@type\":\"WebSite\",\"@id\":\"https:\/\/www.oarcanjo.net\/site\/#website\",\"url\":\"https:\/\/www.oarcanjo.net\/site\/\",\"name\":\"O Arcanjo no ar\",\"description\":\"Site da Par\u00f3quia S\u00e3o Miguel Arcanjo (Arquidiocese de SP)\",\"publisher\":{\"@id\":\"https:\/\/www.oarcanjo.net\/site\/#organization\"},\"potentialAction\":[{\"@type\":\"SearchAction\",\"target\":{\"@type\":\"EntryPoint\",\"urlTemplate\":\"https:\/\/www.oarcanjo.net\/site\/?s={search_term_string}\"},\"query-input\":{\"@type\":\"PropertyValueSpecification\",\"valueRequired\":true,\"valueName\":\"search_term_string\"}}],\"inLanguage\":\"pt-BR\"},{\"@type\":\"Organization\",\"@id\":\"https:\/\/www.oarcanjo.net\/site\/#organization\",\"name\":\"Par\u00f3quia S\u00e3o Miguel Arcanjo\",\"url\":\"https:\/\/www.oarcanjo.net\/site\/\",\"logo\":{\"@type\":\"ImageObject\",\"inLanguage\":\"pt-BR\",\"@id\":\"https:\/\/www.oarcanjo.net\/site\/#\/schema\/logo\/image\/\",\"url\":\"https:\/\/www.oarcanjo.net\/site\/wp-content\/uploads\/LogoOArcanjo.png\",\"contentUrl\":\"https:\/\/www.oarcanjo.net\/site\/wp-content\/uploads\/LogoOArcanjo.png\",\"width\":319,\"height\":99,\"caption\":\"Par\u00f3quia S\u00e3o Miguel Arcanjo\"},\"image\":{\"@id\":\"https:\/\/www.oarcanjo.net\/site\/#\/schema\/logo\/image\/\"},\"sameAs\":[\"https:\/\/www.facebook.com\/OArcanjoNoAr\/\"]},{\"@type\":\"Person\",\"@id\":\"https:\/\/www.oarcanjo.net\/site\/#\/schema\/person\/ce0fba3450314a09c6442cfee983a3d8\",\"name\":\"miriam.meyer\"}]}<\/script>\n<!-- \/ Yoast SEO plugin. -->","yoast_head_json":{"title":"Papa aos presidi\u00e1rios de Rebibbia: Jesus nos ama sem limites - O Arcanjo no ar","robots":{"index":"index","follow":"follow","max-snippet":"max-snippet:-1","max-image-preview":"max-image-preview:large","max-video-preview":"max-video-preview:-1"},"canonical":"https:\/\/www.oarcanjo.net\/site\/papa-aos-presidiarios-de-rebibbia-jesus-nos-ama-sem-limites\/","og_locale":"pt_BR","og_type":"article","og_title":"Papa aos presidi\u00e1rios de Rebibbia: Jesus nos ama sem limites - O Arcanjo no ar","og_description":"\u00c9 a forte emo\u00e7\u00e3o que marcou a Missa da Ceia do Senhor, in\u00edcio do Tr\u00edduo pascal, que o Papa celebrou no C\u00e1rcere romano de Rebibbia, onde ele lavou e beijou os p\u00e9s de 12 presidi\u00e1rios, seis homens e seis mulheres.","og_url":"https:\/\/www.oarcanjo.net\/site\/papa-aos-presidiarios-de-rebibbia-jesus-nos-ama-sem-limites\/","og_site_name":"O Arcanjo no ar","article_publisher":"https:\/\/www.facebook.com\/OArcanjoNoAr\/","article_published_time":"2015-04-02T22:01:18+00:00","article_modified_time":"2015-04-03T14:05:29+00:00","og_image":[{"width":300,"height":300,"url":"https:\/\/www.oarcanjo.net\/site\/wp-content\/uploads\/logo-o-arcanjo-no-ar-facebook.png","type":"image\/png"}],"author":"miriam.meyer","twitter_card":"summary_large_image","twitter_misc":{"Escrito por":"miriam.meyer","Est. tempo de leitura":"3 minutos"},"schema":{"@context":"https:\/\/schema.org","@graph":[{"@type":"Article","@id":"https:\/\/www.oarcanjo.net\/site\/papa-aos-presidiarios-de-rebibbia-jesus-nos-ama-sem-limites\/#article","isPartOf":{"@id":"https:\/\/www.oarcanjo.net\/site\/papa-aos-presidiarios-de-rebibbia-jesus-nos-ama-sem-limites\/"},"author":{"name":"miriam.meyer","@id":"https:\/\/www.oarcanjo.net\/site\/#\/schema\/person\/ce0fba3450314a09c6442cfee983a3d8"},"headline":"Papa aos presidi\u00e1rios de Rebibbia: Jesus nos ama sem limites","datePublished":"2015-04-02T22:01:18+00:00","dateModified":"2015-04-03T14:05:29+00:00","mainEntityOfPage":{"@id":"https:\/\/www.oarcanjo.net\/site\/papa-aos-presidiarios-de-rebibbia-jesus-nos-ama-sem-limites\/"},"wordCount":679,"commentCount":1,"publisher":{"@id":"https:\/\/www.oarcanjo.net\/site\/#organization"},"keywords":["C\u00e1rcere romano de Rebibbia","Papa Francisco","Tr\u00edduo Pascal"],"articleSection":["Not\u00edcias"],"inLanguage":"pt-BR","potentialAction":[{"@type":"CommentAction","name":"Comment","target":["https:\/\/www.oarcanjo.net\/site\/papa-aos-presidiarios-de-rebibbia-jesus-nos-ama-sem-limites\/#respond"]}]},{"@type":"WebPage","@id":"https:\/\/www.oarcanjo.net\/site\/papa-aos-presidiarios-de-rebibbia-jesus-nos-ama-sem-limites\/","url":"https:\/\/www.oarcanjo.net\/site\/papa-aos-presidiarios-de-rebibbia-jesus-nos-ama-sem-limites\/","name":"Papa aos presidi\u00e1rios de Rebibbia: Jesus nos ama sem limites - O Arcanjo no ar","isPartOf":{"@id":"https:\/\/www.oarcanjo.net\/site\/#website"},"datePublished":"2015-04-02T22:01:18+00:00","dateModified":"2015-04-03T14:05:29+00:00","breadcrumb":{"@id":"https:\/\/www.oarcanjo.net\/site\/papa-aos-presidiarios-de-rebibbia-jesus-nos-ama-sem-limites\/#breadcrumb"},"inLanguage":"pt-BR","potentialAction":[{"@type":"ReadAction","target":["https:\/\/www.oarcanjo.net\/site\/papa-aos-presidiarios-de-rebibbia-jesus-nos-ama-sem-limites\/"]}]},{"@type":"BreadcrumbList","@id":"https:\/\/www.oarcanjo.net\/site\/papa-aos-presidiarios-de-rebibbia-jesus-nos-ama-sem-limites\/#breadcrumb","itemListElement":[{"@type":"ListItem","position":1,"name":"In\u00edcio","item":"https:\/\/www.oarcanjo.net\/site\/"},{"@type":"ListItem","position":2,"name":"Papa aos presidi\u00e1rios de Rebibbia: Jesus nos ama sem limites"}]},{"@type":"WebSite","@id":"https:\/\/www.oarcanjo.net\/site\/#website","url":"https:\/\/www.oarcanjo.net\/site\/","name":"O Arcanjo no ar","description":"Site da Par\u00f3quia S\u00e3o Miguel Arcanjo (Arquidiocese de SP)","publisher":{"@id":"https:\/\/www.oarcanjo.net\/site\/#organization"},"potentialAction":[{"@type":"SearchAction","target":{"@type":"EntryPoint","urlTemplate":"https:\/\/www.oarcanjo.net\/site\/?s={search_term_string}"},"query-input":{"@type":"PropertyValueSpecification","valueRequired":true,"valueName":"search_term_string"}}],"inLanguage":"pt-BR"},{"@type":"Organization","@id":"https:\/\/www.oarcanjo.net\/site\/#organization","name":"Par\u00f3quia S\u00e3o Miguel Arcanjo","url":"https:\/\/www.oarcanjo.net\/site\/","logo":{"@type":"ImageObject","inLanguage":"pt-BR","@id":"https:\/\/www.oarcanjo.net\/site\/#\/schema\/logo\/image\/","url":"https:\/\/www.oarcanjo.net\/site\/wp-content\/uploads\/LogoOArcanjo.png","contentUrl":"https:\/\/www.oarcanjo.net\/site\/wp-content\/uploads\/LogoOArcanjo.png","width":319,"height":99,"caption":"Par\u00f3quia S\u00e3o Miguel Arcanjo"},"image":{"@id":"https:\/\/www.oarcanjo.net\/site\/#\/schema\/logo\/image\/"},"sameAs":["https:\/\/www.facebook.com\/OArcanjoNoAr\/"]},{"@type":"Person","@id":"https:\/\/www.oarcanjo.net\/site\/#\/schema\/person\/ce0fba3450314a09c6442cfee983a3d8","name":"miriam.meyer"}]}},"publishpress_future_action":{"enabled":false,"date":"2026-05-09 07:56:43","action":"category","newStatus":"draft","terms":[],"taxonomy":"category"},"publishpress_future_workflow_manual_trigger":{"enabledWorkflows":[]},"_links":{"self":[{"href":"https:\/\/www.oarcanjo.net\/site\/wp-json\/wp\/v2\/posts\/59339"}],"collection":[{"href":"https:\/\/www.oarcanjo.net\/site\/wp-json\/wp\/v2\/posts"}],"about":[{"href":"https:\/\/www.oarcanjo.net\/site\/wp-json\/wp\/v2\/types\/post"}],"author":[{"embeddable":true,"href":"https:\/\/www.oarcanjo.net\/site\/wp-json\/wp\/v2\/users\/3"}],"replies":[{"embeddable":true,"href":"https:\/\/www.oarcanjo.net\/site\/wp-json\/wp\/v2\/comments?post=59339"}],"version-history":[{"count":0,"href":"https:\/\/www.oarcanjo.net\/site\/wp-json\/wp\/v2\/posts\/59339\/revisions"}],"wp:attachment":[{"href":"https:\/\/www.oarcanjo.net\/site\/wp-json\/wp\/v2\/media?parent=59339"}],"wp:term":[{"taxonomy":"category","embeddable":true,"href":"https:\/\/www.oarcanjo.net\/site\/wp-json\/wp\/v2\/categories?post=59339"},{"taxonomy":"post_tag","embeddable":true,"href":"https:\/\/www.oarcanjo.net\/site\/wp-json\/wp\/v2\/tags?post=59339"}],"curies":[{"name":"wp","href":"https:\/\/api.w.org\/{rel}","templated":true}]}}