
{"id":5957,"date":"2009-11-11T17:36:20","date_gmt":"2009-11-11T20:36:20","guid":{"rendered":"http:\/\/www.oarcanjo.net\/site\/?p=5957"},"modified":"2009-11-11T17:36:20","modified_gmt":"2009-11-11T20:36:20","slug":"campo-e-cidade-se-unem-em-apoio-ao-mst","status":"publish","type":"post","link":"https:\/\/www.oarcanjo.net\/site\/campo-e-cidade-se-unem-em-apoio-ao-mst\/","title":{"rendered":"Campo e cidade se unem em apoio ao MST"},"content":{"rendered":"<p><em>\u201cMalditas sejam todas as cercas\u201d<\/em><\/p>\n<p><span style=\"background-color: #ffffff;\">M\u00e3os dadas e palavras de ordem. Mais de 350 trabalhadores do campo e da cidade que se utilizaram da \u201ccasa do povo\u201d para gritar. Gritar para que parlamentares do Congresso Nacional ou\u00e7am a voz de quem n\u00e3o ag\u00fcenta mais ser criminalizado pelas lutas em busca de justi\u00e7a social, mas que nunca v\u00e3o se dar por vencidos diante da ofensiva articulada pelos meios de comunica\u00e7\u00e3o e os setores mais conservadores do parlamento e o Judici\u00e1rio.<\/span><\/p>\n<p>Foi dessa forma que terminou o Ato em defesa da Reforma Agr\u00e1ria, da Agricultura familiar e Camponesa e da Democracia, organizado pelo F\u00f3rum Nacional pela Reforma Agr\u00e1ria e realizado na ter\u00e7a-feira (10\/11), na C\u00e2mara dos Deputados. O audit\u00f3rio Nereu Ramos foi o espa\u00e7o em que se selou a uni\u00e3o entre os trabalhadores do campo e da cidade frente a mais um ataque contra os movimentos sociais, em especial o MST.<\/p>\n<p>De acordo com a coordenadora nacional do Movimento, Marina dos Santos, h\u00e1 muito tempo n\u00e3o se via uma unidade t\u00e3o forte em defesa dos setores progressistas da sociedade brasileira em um momento dif\u00edcil para os movimentos sociais. \u201cEst\u00e1 havendo um processo de articula\u00e7\u00e3o dos setores mais atrasados e conservadores da Am\u00e9rica Latina. Est\u00e3o articulados com o capital, com os meios de comunica\u00e7\u00e3o de massa, com os setores mais conservadores do parlamento e do Judici\u00e1rio com o objetivo de desmoralizar as lutas sociais e as conquistas hist\u00f3ricas do povo\u201d, disse.<\/p>\n<p>Para Quintino Severo, secret\u00e1rio-geral da Central \u00danica dos Trabalahdores (CUT), o ato demonstra a solidariedade de classe dos movimentos urbanos e dos sindicalistas brasileiros frente ao MST. \u201cHoje s\u00e3o os trabalhadores sem terra, mas \u00e9 uma ofensiva contra os setores progressistas. Amanh\u00e3, o ataque poder\u00e1 vir a outras entidades e movimentos\u201d, alertou.<\/p>\n<p><strong>CPMI<\/strong><\/p>\n<p>Com a recente CPMI instalada no Congresso Nacional, somam-se tr\u00eas investiga\u00e7\u00f5es contra o MST em sete anos. As anteriores n\u00e3o chegaram a nenhuma prova ou ind\u00edcio que pudesse comprometer as atividades e a\u00e7\u00f5es do Movimento.<\/p>\n<p>Durante o ato, v\u00e1rias interven\u00e7\u00f5es mostraram que esta investiga\u00e7\u00e3o \u00e9 uma retalia\u00e7\u00e3o da bancada ruralista, que n\u00e3o aceita o preceito constitucional de atualiza\u00e7\u00e3o dos \u00edndices de produtividade do campo, defasados h\u00e1 mais de 30 anos.<\/p>\n<p>Segundo William Clementino, da Confedera\u00e7\u00e3o dos Agricultores na Agricultura (Contag) todas as discuss\u00f5es sobre Reforma Agr\u00e1ria s\u00f3 aconteceram devido \u00e0 press\u00e3o dos trabalhadores e trabalhadoras. A Federa\u00e7\u00e3o dos Trabalhadores da Agricultura Familiar (Fetraf) tamb\u00e9m lamentou a postura do Congresso. \u201cEntristece-nos que o Congresso Nacional desrespeite os movimentos sociais. Temos que trazer para a sociedade a import\u00e2ncia da Reforma Agr\u00e1ria\u201d, declarou Elis\u00e2ngela Ara\u00fajo, coordenadora da Fetraf.<\/p>\n<p>O ato contou com a presen\u00e7a dos seguintes parlamentares: os\/ as deputados\/as Chico Alencar (PSOL\/RJ), Ivan Valente (PSOL\/SP), Em\u00edlia Fernandes (PT\/RS), Nazareno Fonteles (PT\/PI), Assis do Couto (PT\/PR), Jackson Barreto (PMDB\/SE), Anselmo de Jesus (PT\/RO), Pedro Wilson (PT\/GO), Eudes Xavier (PT\/CE), al\u00e9m da senadora Serys Slhessarenko (PT\/MT). Trabalhadores organizados pela CUT, do MST e representa\u00e7\u00f5es da CPT, do Movimento de Mulheres Camponesas e da C\u00e1ritas Brasileira tamb\u00e9m se fizeram presentes.<\/p>\n<p><em>Fonte: site do MST<\/em><\/p>\n<div id=\"themify_builder_content-5957\" data-postid=\"5957\" class=\"themify_builder_content themify_builder_content-5957 themify_builder themify_builder_front\">\n\t<\/div>\n<!-- \/themify_builder_content -->","protected":false},"excerpt":{"rendered":"<p>\u201cMalditas sejam todas as cercas\u201d M\u00e3os dadas e palavras de ordem. Mais de 350 trabalhadores do campo e da cidade que se utilizaram da \u201ccasa do povo\u201d para gritar. Gritar para que parlamentares do Congresso Nacional ou\u00e7am a voz de quem n\u00e3o ag\u00fcenta mais ser criminalizado pelas lutas em busca de justi\u00e7a social, mas que [&hellip;]<\/p>\n","protected":false},"author":5,"featured_media":0,"comment_status":"open","ping_status":"open","sticky":false,"template":"","format":"standard","meta":{"ngg_post_thumbnail":0,"footnotes":""},"categories":[8],"tags":[757,1230,292,293,88],"yoast_head":"<!-- This site is optimized with the Yoast SEO plugin v23.5 - https:\/\/yoast.com\/wordpress\/plugins\/seo\/ -->\n<title>Campo e cidade se unem em apoio ao MST - O Arcanjo no ar<\/title>\n<meta name=\"robots\" content=\"index, follow, max-snippet:-1, max-image-preview:large, max-video-preview:-1\" \/>\n<link rel=\"canonical\" href=\"https:\/\/www.oarcanjo.net\/site\/campo-e-cidade-se-unem-em-apoio-ao-mst\/\" \/>\n<meta property=\"og:locale\" content=\"pt_BR\" \/>\n<meta property=\"og:type\" content=\"article\" \/>\n<meta property=\"og:title\" content=\"Campo e cidade se unem em apoio ao MST - O Arcanjo no ar\" \/>\n<meta property=\"og:description\" content=\"\u201cMalditas sejam todas as cercas\u201d M\u00e3os dadas e palavras de ordem. Mais de 350 trabalhadores do campo e da cidade que se utilizaram da \u201ccasa do povo\u201d para gritar. Gritar para que parlamentares do Congresso Nacional ou\u00e7am a voz de quem n\u00e3o ag\u00fcenta mais ser criminalizado pelas lutas em busca de justi\u00e7a social, mas que [&hellip;]\" \/>\n<meta property=\"og:url\" content=\"https:\/\/www.oarcanjo.net\/site\/campo-e-cidade-se-unem-em-apoio-ao-mst\/\" \/>\n<meta property=\"og:site_name\" content=\"O Arcanjo no ar\" \/>\n<meta property=\"article:publisher\" content=\"https:\/\/www.facebook.com\/OArcanjoNoAr\/\" \/>\n<meta property=\"article:published_time\" content=\"2009-11-11T20:36:20+00:00\" \/>\n<meta property=\"og:image\" content=\"https:\/\/www.oarcanjo.net\/site\/wp-content\/uploads\/logo-o-arcanjo-no-ar-facebook.png\" \/>\n\t<meta property=\"og:image:width\" content=\"300\" \/>\n\t<meta property=\"og:image:height\" content=\"300\" \/>\n\t<meta property=\"og:image:type\" content=\"image\/png\" \/>\n<meta name=\"author\" content=\"editor\" \/>\n<meta name=\"twitter:card\" content=\"summary_large_image\" \/>\n<meta name=\"twitter:label1\" content=\"Escrito por\" \/>\n\t<meta name=\"twitter:data1\" content=\"editor\" \/>\n\t<meta name=\"twitter:label2\" content=\"Est. tempo de leitura\" \/>\n\t<meta name=\"twitter:data2\" content=\"3 minutos\" \/>\n<script type=\"application\/ld+json\" class=\"yoast-schema-graph\">{\"@context\":\"https:\/\/schema.org\",\"@graph\":[{\"@type\":\"Article\",\"@id\":\"https:\/\/www.oarcanjo.net\/site\/campo-e-cidade-se-unem-em-apoio-ao-mst\/#article\",\"isPartOf\":{\"@id\":\"https:\/\/www.oarcanjo.net\/site\/campo-e-cidade-se-unem-em-apoio-ao-mst\/\"},\"author\":{\"name\":\"editor\",\"@id\":\"https:\/\/www.oarcanjo.net\/site\/#\/schema\/person\/f7024d007863202483a31326673a0838\"},\"headline\":\"Campo e cidade se unem em apoio ao MST\",\"datePublished\":\"2009-11-11T20:36:20+00:00\",\"dateModified\":\"2009-11-11T20:36:20+00:00\",\"mainEntityOfPage\":{\"@id\":\"https:\/\/www.oarcanjo.net\/site\/campo-e-cidade-se-unem-em-apoio-ao-mst\/\"},\"wordCount\":568,\"commentCount\":0,\"publisher\":{\"@id\":\"https:\/\/www.oarcanjo.net\/site\/#organization\"},\"keywords\":[\"Congresso Nacional\",\"Movimento dos Sem Terra\",\"MST\",\"Reforma agr\u00e1ria\",\"solidariedade\"],\"articleSection\":[\"Not\u00edcias\"],\"inLanguage\":\"pt-BR\",\"potentialAction\":[{\"@type\":\"CommentAction\",\"name\":\"Comment\",\"target\":[\"https:\/\/www.oarcanjo.net\/site\/campo-e-cidade-se-unem-em-apoio-ao-mst\/#respond\"]}]},{\"@type\":\"WebPage\",\"@id\":\"https:\/\/www.oarcanjo.net\/site\/campo-e-cidade-se-unem-em-apoio-ao-mst\/\",\"url\":\"https:\/\/www.oarcanjo.net\/site\/campo-e-cidade-se-unem-em-apoio-ao-mst\/\",\"name\":\"Campo e cidade se unem em apoio ao MST - O Arcanjo no ar\",\"isPartOf\":{\"@id\":\"https:\/\/www.oarcanjo.net\/site\/#website\"},\"datePublished\":\"2009-11-11T20:36:20+00:00\",\"dateModified\":\"2009-11-11T20:36:20+00:00\",\"breadcrumb\":{\"@id\":\"https:\/\/www.oarcanjo.net\/site\/campo-e-cidade-se-unem-em-apoio-ao-mst\/#breadcrumb\"},\"inLanguage\":\"pt-BR\",\"potentialAction\":[{\"@type\":\"ReadAction\",\"target\":[\"https:\/\/www.oarcanjo.net\/site\/campo-e-cidade-se-unem-em-apoio-ao-mst\/\"]}]},{\"@type\":\"BreadcrumbList\",\"@id\":\"https:\/\/www.oarcanjo.net\/site\/campo-e-cidade-se-unem-em-apoio-ao-mst\/#breadcrumb\",\"itemListElement\":[{\"@type\":\"ListItem\",\"position\":1,\"name\":\"In\u00edcio\",\"item\":\"https:\/\/www.oarcanjo.net\/site\/\"},{\"@type\":\"ListItem\",\"position\":2,\"name\":\"Campo e cidade se unem em apoio ao MST\"}]},{\"@type\":\"WebSite\",\"@id\":\"https:\/\/www.oarcanjo.net\/site\/#website\",\"url\":\"https:\/\/www.oarcanjo.net\/site\/\",\"name\":\"O Arcanjo no ar\",\"description\":\"Site da Par\u00f3quia S\u00e3o Miguel Arcanjo (Arquidiocese de SP)\",\"publisher\":{\"@id\":\"https:\/\/www.oarcanjo.net\/site\/#organization\"},\"potentialAction\":[{\"@type\":\"SearchAction\",\"target\":{\"@type\":\"EntryPoint\",\"urlTemplate\":\"https:\/\/www.oarcanjo.net\/site\/?s={search_term_string}\"},\"query-input\":{\"@type\":\"PropertyValueSpecification\",\"valueRequired\":true,\"valueName\":\"search_term_string\"}}],\"inLanguage\":\"pt-BR\"},{\"@type\":\"Organization\",\"@id\":\"https:\/\/www.oarcanjo.net\/site\/#organization\",\"name\":\"Par\u00f3quia S\u00e3o Miguel Arcanjo\",\"url\":\"https:\/\/www.oarcanjo.net\/site\/\",\"logo\":{\"@type\":\"ImageObject\",\"inLanguage\":\"pt-BR\",\"@id\":\"https:\/\/www.oarcanjo.net\/site\/#\/schema\/logo\/image\/\",\"url\":\"https:\/\/www.oarcanjo.net\/site\/wp-content\/uploads\/LogoOArcanjo.png\",\"contentUrl\":\"https:\/\/www.oarcanjo.net\/site\/wp-content\/uploads\/LogoOArcanjo.png\",\"width\":319,\"height\":99,\"caption\":\"Par\u00f3quia S\u00e3o Miguel Arcanjo\"},\"image\":{\"@id\":\"https:\/\/www.oarcanjo.net\/site\/#\/schema\/logo\/image\/\"},\"sameAs\":[\"https:\/\/www.facebook.com\/OArcanjoNoAr\/\"]},{\"@type\":\"Person\",\"@id\":\"https:\/\/www.oarcanjo.net\/site\/#\/schema\/person\/f7024d007863202483a31326673a0838\",\"name\":\"editor\",\"sameAs\":[\"http:\/\/www.oarcanjo.net\"]}]}<\/script>\n<!-- \/ Yoast SEO plugin. -->","yoast_head_json":{"title":"Campo e cidade se unem em apoio ao MST - O Arcanjo no ar","robots":{"index":"index","follow":"follow","max-snippet":"max-snippet:-1","max-image-preview":"max-image-preview:large","max-video-preview":"max-video-preview:-1"},"canonical":"https:\/\/www.oarcanjo.net\/site\/campo-e-cidade-se-unem-em-apoio-ao-mst\/","og_locale":"pt_BR","og_type":"article","og_title":"Campo e cidade se unem em apoio ao MST - O Arcanjo no ar","og_description":"\u201cMalditas sejam todas as cercas\u201d M\u00e3os dadas e palavras de ordem. Mais de 350 trabalhadores do campo e da cidade que se utilizaram da \u201ccasa do povo\u201d para gritar. Gritar para que parlamentares do Congresso Nacional ou\u00e7am a voz de quem n\u00e3o ag\u00fcenta mais ser criminalizado pelas lutas em busca de justi\u00e7a social, mas que [&hellip;]","og_url":"https:\/\/www.oarcanjo.net\/site\/campo-e-cidade-se-unem-em-apoio-ao-mst\/","og_site_name":"O Arcanjo no ar","article_publisher":"https:\/\/www.facebook.com\/OArcanjoNoAr\/","article_published_time":"2009-11-11T20:36:20+00:00","og_image":[{"width":300,"height":300,"url":"https:\/\/www.oarcanjo.net\/site\/wp-content\/uploads\/logo-o-arcanjo-no-ar-facebook.png","type":"image\/png"}],"author":"editor","twitter_card":"summary_large_image","twitter_misc":{"Escrito por":"editor","Est. tempo de leitura":"3 minutos"},"schema":{"@context":"https:\/\/schema.org","@graph":[{"@type":"Article","@id":"https:\/\/www.oarcanjo.net\/site\/campo-e-cidade-se-unem-em-apoio-ao-mst\/#article","isPartOf":{"@id":"https:\/\/www.oarcanjo.net\/site\/campo-e-cidade-se-unem-em-apoio-ao-mst\/"},"author":{"name":"editor","@id":"https:\/\/www.oarcanjo.net\/site\/#\/schema\/person\/f7024d007863202483a31326673a0838"},"headline":"Campo e cidade se unem em apoio ao MST","datePublished":"2009-11-11T20:36:20+00:00","dateModified":"2009-11-11T20:36:20+00:00","mainEntityOfPage":{"@id":"https:\/\/www.oarcanjo.net\/site\/campo-e-cidade-se-unem-em-apoio-ao-mst\/"},"wordCount":568,"commentCount":0,"publisher":{"@id":"https:\/\/www.oarcanjo.net\/site\/#organization"},"keywords":["Congresso Nacional","Movimento dos Sem Terra","MST","Reforma agr\u00e1ria","solidariedade"],"articleSection":["Not\u00edcias"],"inLanguage":"pt-BR","potentialAction":[{"@type":"CommentAction","name":"Comment","target":["https:\/\/www.oarcanjo.net\/site\/campo-e-cidade-se-unem-em-apoio-ao-mst\/#respond"]}]},{"@type":"WebPage","@id":"https:\/\/www.oarcanjo.net\/site\/campo-e-cidade-se-unem-em-apoio-ao-mst\/","url":"https:\/\/www.oarcanjo.net\/site\/campo-e-cidade-se-unem-em-apoio-ao-mst\/","name":"Campo e cidade se unem em apoio ao MST - O Arcanjo no ar","isPartOf":{"@id":"https:\/\/www.oarcanjo.net\/site\/#website"},"datePublished":"2009-11-11T20:36:20+00:00","dateModified":"2009-11-11T20:36:20+00:00","breadcrumb":{"@id":"https:\/\/www.oarcanjo.net\/site\/campo-e-cidade-se-unem-em-apoio-ao-mst\/#breadcrumb"},"inLanguage":"pt-BR","potentialAction":[{"@type":"ReadAction","target":["https:\/\/www.oarcanjo.net\/site\/campo-e-cidade-se-unem-em-apoio-ao-mst\/"]}]},{"@type":"BreadcrumbList","@id":"https:\/\/www.oarcanjo.net\/site\/campo-e-cidade-se-unem-em-apoio-ao-mst\/#breadcrumb","itemListElement":[{"@type":"ListItem","position":1,"name":"In\u00edcio","item":"https:\/\/www.oarcanjo.net\/site\/"},{"@type":"ListItem","position":2,"name":"Campo e cidade se unem em apoio ao MST"}]},{"@type":"WebSite","@id":"https:\/\/www.oarcanjo.net\/site\/#website","url":"https:\/\/www.oarcanjo.net\/site\/","name":"O Arcanjo no ar","description":"Site da Par\u00f3quia S\u00e3o Miguel Arcanjo (Arquidiocese de SP)","publisher":{"@id":"https:\/\/www.oarcanjo.net\/site\/#organization"},"potentialAction":[{"@type":"SearchAction","target":{"@type":"EntryPoint","urlTemplate":"https:\/\/www.oarcanjo.net\/site\/?s={search_term_string}"},"query-input":{"@type":"PropertyValueSpecification","valueRequired":true,"valueName":"search_term_string"}}],"inLanguage":"pt-BR"},{"@type":"Organization","@id":"https:\/\/www.oarcanjo.net\/site\/#organization","name":"Par\u00f3quia S\u00e3o Miguel Arcanjo","url":"https:\/\/www.oarcanjo.net\/site\/","logo":{"@type":"ImageObject","inLanguage":"pt-BR","@id":"https:\/\/www.oarcanjo.net\/site\/#\/schema\/logo\/image\/","url":"https:\/\/www.oarcanjo.net\/site\/wp-content\/uploads\/LogoOArcanjo.png","contentUrl":"https:\/\/www.oarcanjo.net\/site\/wp-content\/uploads\/LogoOArcanjo.png","width":319,"height":99,"caption":"Par\u00f3quia S\u00e3o Miguel Arcanjo"},"image":{"@id":"https:\/\/www.oarcanjo.net\/site\/#\/schema\/logo\/image\/"},"sameAs":["https:\/\/www.facebook.com\/OArcanjoNoAr\/"]},{"@type":"Person","@id":"https:\/\/www.oarcanjo.net\/site\/#\/schema\/person\/f7024d007863202483a31326673a0838","name":"editor","sameAs":["http:\/\/www.oarcanjo.net"]}]}},"publishpress_future_action":{"enabled":false,"date":"2026-05-07 10:35:42","action":"category","newStatus":"draft","terms":[],"taxonomy":"category"},"publishpress_future_workflow_manual_trigger":{"enabledWorkflows":[]},"_links":{"self":[{"href":"https:\/\/www.oarcanjo.net\/site\/wp-json\/wp\/v2\/posts\/5957"}],"collection":[{"href":"https:\/\/www.oarcanjo.net\/site\/wp-json\/wp\/v2\/posts"}],"about":[{"href":"https:\/\/www.oarcanjo.net\/site\/wp-json\/wp\/v2\/types\/post"}],"author":[{"embeddable":true,"href":"https:\/\/www.oarcanjo.net\/site\/wp-json\/wp\/v2\/users\/5"}],"replies":[{"embeddable":true,"href":"https:\/\/www.oarcanjo.net\/site\/wp-json\/wp\/v2\/comments?post=5957"}],"version-history":[{"count":0,"href":"https:\/\/www.oarcanjo.net\/site\/wp-json\/wp\/v2\/posts\/5957\/revisions"}],"wp:attachment":[{"href":"https:\/\/www.oarcanjo.net\/site\/wp-json\/wp\/v2\/media?parent=5957"}],"wp:term":[{"taxonomy":"category","embeddable":true,"href":"https:\/\/www.oarcanjo.net\/site\/wp-json\/wp\/v2\/categories?post=5957"},{"taxonomy":"post_tag","embeddable":true,"href":"https:\/\/www.oarcanjo.net\/site\/wp-json\/wp\/v2\/tags?post=5957"}],"curies":[{"name":"wp","href":"https:\/\/api.w.org\/{rel}","templated":true}]}}