
{"id":5987,"date":"2009-11-17T10:00:05","date_gmt":"2009-11-17T13:00:05","guid":{"rendered":"http:\/\/www.oarcanjo.net\/site\/?p=5987"},"modified":"2009-11-17T21:33:52","modified_gmt":"2009-11-18T00:33:52","slug":"encontro-arquidiocesano-de-comunicacao","status":"publish","type":"post","link":"https:\/\/www.oarcanjo.net\/site\/encontro-arquidiocesano-de-comunicacao\/","title":{"rendered":"Encontro Arquidiocesano de Comunica\u00e7\u00e3o"},"content":{"rendered":"<p><img loading=\"lazy\" decoding=\"async\" class=\"size-medium wp-image-5988 alignleft\" style=\"margin: 5px;\" title=\"Cartaz Encontro Arquidiocesano de Comunica\u00e7\u00e3o\" src=\"http:\/\/www.oarcanjo.net\/site\/wp-content\/uploads\/cartazIIEncontroArquidComunicacao-212x300.jpg\" alt=\"Cartaz Encontro Arquidiocesano de Comunica\u00e7\u00e3o\" width=\"212\" height=\"300\" align=\"left\" srcset=\"https:\/\/www.oarcanjo.net\/site\/wp-content\/uploads\/cartazIIEncontroArquidComunicacao-212x300.jpg 212w, https:\/\/www.oarcanjo.net\/site\/wp-content\/uploads\/cartazIIEncontroArquidComunicacao-724x1023.jpg 724w, https:\/\/www.oarcanjo.net\/site\/wp-content\/uploads\/cartazIIEncontroArquidComunicacao.jpg 1248w\" sizes=\"(max-width: 212px) 100vw, 212px\" \/> <span style=\"background-color: #ffffff;\">A Pastoral da Comunica\u00e7\u00e3o da Arquidiocese de S\u00e3o Paulo promover\u00e1, no dia 21 de novembro (s\u00e1bado), das 14h \u00e0s 18h, no Audit\u00f3rio  da Paulinas Livraria (Rua Domingos de Morais, 678 \u2013 Vila Mariana, pr\u00f3ximo da esta\u00e7\u00e3o Ana Rosa do metr\u00f4), o II Encontro Arquidiocesano de Comunica\u00e7\u00e3o, com o tema: <em>Comunica\u00e7\u00e3o na Par\u00f3quia<\/em>.<\/span><\/p>\n<p><span style=\"background-color: #ffffff;\">Est\u00e3o convidados a participar todos os interessados em comunica\u00e7\u00e3o nesse evento gratuito que procurar\u00e1 desmistificar a antiga ideia de que para trabalhar no setor de comunica\u00e7\u00e3o da Igreja, os articulistas deveriam ser profissionais da \u00e1rea.<\/span><\/p>\n<p>Inscri\u00e7\u00f5es pelo telefone (11) <strong>2125-3500<\/strong> (hor\u00e1rio comercial), ou pelo site: <a href=\"http:\/\/www.pascomsp.com.br\" target=\"_blank\">www.pascomsp.com.br<\/a><\/p>\n<p><strong>Programa<\/strong><\/p>\n<p>1) 14h &#8211; Abertura e acolhida;<\/p>\n<p>2) 14h30 &#8211; Estrat\u00e9gias de Comunica\u00e7\u00e3o a cargo do Pe. Ailton Antonio dos Santos, diretor da Editora Salesiana, com cerca de 1h30 de dura\u00e7\u00e3o;<\/p>\n<p>3) 16h \u2013 Intervalo de 15\u2019 para o caf\u00e9;<\/p>\n<p>4) Quatro oficinas de aproximadamente 15 minutos cada:<\/p>\n<p>Informativo (jornais) \u2013 pela equipe da Pascom da Regi\u00e3o Brasil\u00e2ndia;<\/p>\n<p>Mural \u2013 por Berenice da Pascom da Regi\u00e3o Santana;<\/p>\n<p>Internet \u2013 pela equipe da Pascom da Regi\u00e3o Santana;<\/p>\n<p>R\u00e1dio \u2013 pela equipe da R\u00e1dio Imaculada Concei\u00e7\u00e3o 1490 AM da MI com o tema: comunica\u00e7\u00e3o por meio do ve\u00edculo r\u00e1dio (postura, linguagem e a caracter\u00edstica de instantaneidade).<\/p>\n<p>4) 17h30 \u2013 Din\u00e2mica: troca de experi\u00eancias entre os participantes;<\/p>\n<p>5) 17h50 \u2013 Avalia\u00e7\u00e3o escrita sobre o II Encontro<\/p>\n<p>6) 18h \u2013 Encerramento.<\/p>\n<div id=\"themify_builder_content-5987\" data-postid=\"5987\" class=\"themify_builder_content themify_builder_content-5987 themify_builder themify_builder_front\">\n\t<\/div>\n<!-- \/themify_builder_content -->","protected":false},"excerpt":{"rendered":"<p>A Pastoral da Comunica\u00e7\u00e3o da Arquidiocese de S\u00e3o Paulo promover\u00e1, no dia 21 de novembro (s\u00e1bado), das 14h \u00e0s 18h, no Audit\u00f3rio da Paulinas Livraria (Rua Domingos de Morais, 678 \u2013 Vila Mariana, pr\u00f3ximo da esta\u00e7\u00e3o Ana Rosa do metr\u00f4), o II Encontro Arquidiocesano de Comunica\u00e7\u00e3o, com o tema: Comunica\u00e7\u00e3o na Par\u00f3quia. Est\u00e3o convidados a [&hellip;]<\/p>\n","protected":false},"author":5,"featured_media":0,"comment_status":"open","ping_status":"open","sticky":false,"template":"","format":"standard","meta":{"ngg_post_thumbnail":0,"footnotes":""},"categories":[8],"tags":[27,1238,21,1237,1239,1236,623],"yoast_head":"<!-- This site is optimized with the Yoast SEO plugin v23.5 - https:\/\/yoast.com\/wordpress\/plugins\/seo\/ -->\n<title>Encontro Arquidiocesano de Comunica\u00e7\u00e3o - O Arcanjo no ar<\/title>\n<meta name=\"robots\" content=\"index, follow, max-snippet:-1, max-image-preview:large, max-video-preview:-1\" \/>\n<link rel=\"canonical\" href=\"https:\/\/www.oarcanjo.net\/site\/encontro-arquidiocesano-de-comunicacao\/\" \/>\n<meta property=\"og:locale\" content=\"pt_BR\" \/>\n<meta property=\"og:type\" content=\"article\" \/>\n<meta property=\"og:title\" content=\"Encontro Arquidiocesano de Comunica\u00e7\u00e3o - O Arcanjo no ar\" \/>\n<meta property=\"og:description\" content=\"A Pastoral da Comunica\u00e7\u00e3o da Arquidiocese de S\u00e3o Paulo promover\u00e1, no dia 21 de novembro (s\u00e1bado), das 14h \u00e0s 18h, no Audit\u00f3rio da Paulinas Livraria (Rua Domingos de Morais, 678 \u2013 Vila Mariana, pr\u00f3ximo da esta\u00e7\u00e3o Ana Rosa do metr\u00f4), o II Encontro Arquidiocesano de Comunica\u00e7\u00e3o, com o tema: Comunica\u00e7\u00e3o na Par\u00f3quia. Est\u00e3o convidados a [&hellip;]\" \/>\n<meta property=\"og:url\" content=\"https:\/\/www.oarcanjo.net\/site\/encontro-arquidiocesano-de-comunicacao\/\" \/>\n<meta property=\"og:site_name\" content=\"O Arcanjo no ar\" \/>\n<meta property=\"article:publisher\" content=\"https:\/\/www.facebook.com\/OArcanjoNoAr\/\" \/>\n<meta property=\"article:published_time\" content=\"2009-11-17T13:00:05+00:00\" \/>\n<meta property=\"article:modified_time\" content=\"2009-11-18T00:33:52+00:00\" \/>\n<meta property=\"og:image\" content=\"http:\/\/www.oarcanjo.net\/site\/wp-content\/uploads\/cartazIIEncontroArquidComunicacao-212x300.jpg\" \/>\n<meta name=\"author\" content=\"editor\" \/>\n<meta name=\"twitter:card\" content=\"summary_large_image\" \/>\n<meta name=\"twitter:label1\" content=\"Escrito por\" \/>\n\t<meta name=\"twitter:data1\" content=\"editor\" \/>\n\t<meta name=\"twitter:label2\" content=\"Est. tempo de leitura\" \/>\n\t<meta name=\"twitter:data2\" content=\"1 minuto\" \/>\n<script type=\"application\/ld+json\" class=\"yoast-schema-graph\">{\"@context\":\"https:\/\/schema.org\",\"@graph\":[{\"@type\":\"Article\",\"@id\":\"https:\/\/www.oarcanjo.net\/site\/encontro-arquidiocesano-de-comunicacao\/#article\",\"isPartOf\":{\"@id\":\"https:\/\/www.oarcanjo.net\/site\/encontro-arquidiocesano-de-comunicacao\/\"},\"author\":{\"name\":\"editor\",\"@id\":\"https:\/\/www.oarcanjo.net\/site\/#\/schema\/person\/f7024d007863202483a31326673a0838\"},\"headline\":\"Encontro Arquidiocesano de Comunica\u00e7\u00e3o\",\"datePublished\":\"2009-11-17T13:00:05+00:00\",\"dateModified\":\"2009-11-18T00:33:52+00:00\",\"mainEntityOfPage\":{\"@id\":\"https:\/\/www.oarcanjo.net\/site\/encontro-arquidiocesano-de-comunicacao\/\"},\"wordCount\":242,\"commentCount\":1,\"publisher\":{\"@id\":\"https:\/\/www.oarcanjo.net\/site\/#organization\"},\"image\":{\"@id\":\"https:\/\/www.oarcanjo.net\/site\/encontro-arquidiocesano-de-comunicacao\/#primaryimage\"},\"thumbnailUrl\":\"http:\/\/www.oarcanjo.net\/site\/wp-content\/uploads\/cartazIIEncontroArquidComunicacao-212x300.jpg\",\"keywords\":[\"comunica\u00e7\u00e3o\",\"informativo\",\"internet\",\"jornal\",\"mural\",\"Pastoral da Comunica\u00e7\u00e3o\",\"r\u00e1dio\"],\"articleSection\":[\"Not\u00edcias\"],\"inLanguage\":\"pt-BR\",\"potentialAction\":[{\"@type\":\"CommentAction\",\"name\":\"Comment\",\"target\":[\"https:\/\/www.oarcanjo.net\/site\/encontro-arquidiocesano-de-comunicacao\/#respond\"]}]},{\"@type\":\"WebPage\",\"@id\":\"https:\/\/www.oarcanjo.net\/site\/encontro-arquidiocesano-de-comunicacao\/\",\"url\":\"https:\/\/www.oarcanjo.net\/site\/encontro-arquidiocesano-de-comunicacao\/\",\"name\":\"Encontro Arquidiocesano de Comunica\u00e7\u00e3o - O Arcanjo no ar\",\"isPartOf\":{\"@id\":\"https:\/\/www.oarcanjo.net\/site\/#website\"},\"primaryImageOfPage\":{\"@id\":\"https:\/\/www.oarcanjo.net\/site\/encontro-arquidiocesano-de-comunicacao\/#primaryimage\"},\"image\":{\"@id\":\"https:\/\/www.oarcanjo.net\/site\/encontro-arquidiocesano-de-comunicacao\/#primaryimage\"},\"thumbnailUrl\":\"http:\/\/www.oarcanjo.net\/site\/wp-content\/uploads\/cartazIIEncontroArquidComunicacao-212x300.jpg\",\"datePublished\":\"2009-11-17T13:00:05+00:00\",\"dateModified\":\"2009-11-18T00:33:52+00:00\",\"breadcrumb\":{\"@id\":\"https:\/\/www.oarcanjo.net\/site\/encontro-arquidiocesano-de-comunicacao\/#breadcrumb\"},\"inLanguage\":\"pt-BR\",\"potentialAction\":[{\"@type\":\"ReadAction\",\"target\":[\"https:\/\/www.oarcanjo.net\/site\/encontro-arquidiocesano-de-comunicacao\/\"]}]},{\"@type\":\"ImageObject\",\"inLanguage\":\"pt-BR\",\"@id\":\"https:\/\/www.oarcanjo.net\/site\/encontro-arquidiocesano-de-comunicacao\/#primaryimage\",\"url\":\"https:\/\/www.oarcanjo.net\/site\/wp-content\/uploads\/cartazIIEncontroArquidComunicacao.jpg\",\"contentUrl\":\"https:\/\/www.oarcanjo.net\/site\/wp-content\/uploads\/cartazIIEncontroArquidComunicacao.jpg\",\"width\":\"1248\",\"height\":\"1765\"},{\"@type\":\"BreadcrumbList\",\"@id\":\"https:\/\/www.oarcanjo.net\/site\/encontro-arquidiocesano-de-comunicacao\/#breadcrumb\",\"itemListElement\":[{\"@type\":\"ListItem\",\"position\":1,\"name\":\"In\u00edcio\",\"item\":\"https:\/\/www.oarcanjo.net\/site\/\"},{\"@type\":\"ListItem\",\"position\":2,\"name\":\"Encontro Arquidiocesano de Comunica\u00e7\u00e3o\"}]},{\"@type\":\"WebSite\",\"@id\":\"https:\/\/www.oarcanjo.net\/site\/#website\",\"url\":\"https:\/\/www.oarcanjo.net\/site\/\",\"name\":\"O Arcanjo no ar\",\"description\":\"Site da Par\u00f3quia S\u00e3o Miguel Arcanjo (Arquidiocese de SP)\",\"publisher\":{\"@id\":\"https:\/\/www.oarcanjo.net\/site\/#organization\"},\"potentialAction\":[{\"@type\":\"SearchAction\",\"target\":{\"@type\":\"EntryPoint\",\"urlTemplate\":\"https:\/\/www.oarcanjo.net\/site\/?s={search_term_string}\"},\"query-input\":{\"@type\":\"PropertyValueSpecification\",\"valueRequired\":true,\"valueName\":\"search_term_string\"}}],\"inLanguage\":\"pt-BR\"},{\"@type\":\"Organization\",\"@id\":\"https:\/\/www.oarcanjo.net\/site\/#organization\",\"name\":\"Par\u00f3quia S\u00e3o Miguel Arcanjo\",\"url\":\"https:\/\/www.oarcanjo.net\/site\/\",\"logo\":{\"@type\":\"ImageObject\",\"inLanguage\":\"pt-BR\",\"@id\":\"https:\/\/www.oarcanjo.net\/site\/#\/schema\/logo\/image\/\",\"url\":\"https:\/\/www.oarcanjo.net\/site\/wp-content\/uploads\/LogoOArcanjo.png\",\"contentUrl\":\"https:\/\/www.oarcanjo.net\/site\/wp-content\/uploads\/LogoOArcanjo.png\",\"width\":319,\"height\":99,\"caption\":\"Par\u00f3quia S\u00e3o Miguel Arcanjo\"},\"image\":{\"@id\":\"https:\/\/www.oarcanjo.net\/site\/#\/schema\/logo\/image\/\"},\"sameAs\":[\"https:\/\/www.facebook.com\/OArcanjoNoAr\/\"]},{\"@type\":\"Person\",\"@id\":\"https:\/\/www.oarcanjo.net\/site\/#\/schema\/person\/f7024d007863202483a31326673a0838\",\"name\":\"editor\",\"sameAs\":[\"http:\/\/www.oarcanjo.net\"]}]}<\/script>\n<!-- \/ Yoast SEO plugin. -->","yoast_head_json":{"title":"Encontro Arquidiocesano de Comunica\u00e7\u00e3o - O Arcanjo no ar","robots":{"index":"index","follow":"follow","max-snippet":"max-snippet:-1","max-image-preview":"max-image-preview:large","max-video-preview":"max-video-preview:-1"},"canonical":"https:\/\/www.oarcanjo.net\/site\/encontro-arquidiocesano-de-comunicacao\/","og_locale":"pt_BR","og_type":"article","og_title":"Encontro Arquidiocesano de Comunica\u00e7\u00e3o - O Arcanjo no ar","og_description":"A Pastoral da Comunica\u00e7\u00e3o da Arquidiocese de S\u00e3o Paulo promover\u00e1, no dia 21 de novembro (s\u00e1bado), das 14h \u00e0s 18h, no Audit\u00f3rio da Paulinas Livraria (Rua Domingos de Morais, 678 \u2013 Vila Mariana, pr\u00f3ximo da esta\u00e7\u00e3o Ana Rosa do metr\u00f4), o II Encontro Arquidiocesano de Comunica\u00e7\u00e3o, com o tema: Comunica\u00e7\u00e3o na Par\u00f3quia. Est\u00e3o convidados a [&hellip;]","og_url":"https:\/\/www.oarcanjo.net\/site\/encontro-arquidiocesano-de-comunicacao\/","og_site_name":"O Arcanjo no ar","article_publisher":"https:\/\/www.facebook.com\/OArcanjoNoAr\/","article_published_time":"2009-11-17T13:00:05+00:00","article_modified_time":"2009-11-18T00:33:52+00:00","og_image":[{"url":"http:\/\/www.oarcanjo.net\/site\/wp-content\/uploads\/cartazIIEncontroArquidComunicacao-212x300.jpg"}],"author":"editor","twitter_card":"summary_large_image","twitter_misc":{"Escrito por":"editor","Est. tempo de leitura":"1 minuto"},"schema":{"@context":"https:\/\/schema.org","@graph":[{"@type":"Article","@id":"https:\/\/www.oarcanjo.net\/site\/encontro-arquidiocesano-de-comunicacao\/#article","isPartOf":{"@id":"https:\/\/www.oarcanjo.net\/site\/encontro-arquidiocesano-de-comunicacao\/"},"author":{"name":"editor","@id":"https:\/\/www.oarcanjo.net\/site\/#\/schema\/person\/f7024d007863202483a31326673a0838"},"headline":"Encontro Arquidiocesano de Comunica\u00e7\u00e3o","datePublished":"2009-11-17T13:00:05+00:00","dateModified":"2009-11-18T00:33:52+00:00","mainEntityOfPage":{"@id":"https:\/\/www.oarcanjo.net\/site\/encontro-arquidiocesano-de-comunicacao\/"},"wordCount":242,"commentCount":1,"publisher":{"@id":"https:\/\/www.oarcanjo.net\/site\/#organization"},"image":{"@id":"https:\/\/www.oarcanjo.net\/site\/encontro-arquidiocesano-de-comunicacao\/#primaryimage"},"thumbnailUrl":"http:\/\/www.oarcanjo.net\/site\/wp-content\/uploads\/cartazIIEncontroArquidComunicacao-212x300.jpg","keywords":["comunica\u00e7\u00e3o","informativo","internet","jornal","mural","Pastoral da Comunica\u00e7\u00e3o","r\u00e1dio"],"articleSection":["Not\u00edcias"],"inLanguage":"pt-BR","potentialAction":[{"@type":"CommentAction","name":"Comment","target":["https:\/\/www.oarcanjo.net\/site\/encontro-arquidiocesano-de-comunicacao\/#respond"]}]},{"@type":"WebPage","@id":"https:\/\/www.oarcanjo.net\/site\/encontro-arquidiocesano-de-comunicacao\/","url":"https:\/\/www.oarcanjo.net\/site\/encontro-arquidiocesano-de-comunicacao\/","name":"Encontro Arquidiocesano de Comunica\u00e7\u00e3o - O Arcanjo no ar","isPartOf":{"@id":"https:\/\/www.oarcanjo.net\/site\/#website"},"primaryImageOfPage":{"@id":"https:\/\/www.oarcanjo.net\/site\/encontro-arquidiocesano-de-comunicacao\/#primaryimage"},"image":{"@id":"https:\/\/www.oarcanjo.net\/site\/encontro-arquidiocesano-de-comunicacao\/#primaryimage"},"thumbnailUrl":"http:\/\/www.oarcanjo.net\/site\/wp-content\/uploads\/cartazIIEncontroArquidComunicacao-212x300.jpg","datePublished":"2009-11-17T13:00:05+00:00","dateModified":"2009-11-18T00:33:52+00:00","breadcrumb":{"@id":"https:\/\/www.oarcanjo.net\/site\/encontro-arquidiocesano-de-comunicacao\/#breadcrumb"},"inLanguage":"pt-BR","potentialAction":[{"@type":"ReadAction","target":["https:\/\/www.oarcanjo.net\/site\/encontro-arquidiocesano-de-comunicacao\/"]}]},{"@type":"ImageObject","inLanguage":"pt-BR","@id":"https:\/\/www.oarcanjo.net\/site\/encontro-arquidiocesano-de-comunicacao\/#primaryimage","url":"https:\/\/www.oarcanjo.net\/site\/wp-content\/uploads\/cartazIIEncontroArquidComunicacao.jpg","contentUrl":"https:\/\/www.oarcanjo.net\/site\/wp-content\/uploads\/cartazIIEncontroArquidComunicacao.jpg","width":"1248","height":"1765"},{"@type":"BreadcrumbList","@id":"https:\/\/www.oarcanjo.net\/site\/encontro-arquidiocesano-de-comunicacao\/#breadcrumb","itemListElement":[{"@type":"ListItem","position":1,"name":"In\u00edcio","item":"https:\/\/www.oarcanjo.net\/site\/"},{"@type":"ListItem","position":2,"name":"Encontro Arquidiocesano de Comunica\u00e7\u00e3o"}]},{"@type":"WebSite","@id":"https:\/\/www.oarcanjo.net\/site\/#website","url":"https:\/\/www.oarcanjo.net\/site\/","name":"O Arcanjo no ar","description":"Site da Par\u00f3quia S\u00e3o Miguel Arcanjo (Arquidiocese de SP)","publisher":{"@id":"https:\/\/www.oarcanjo.net\/site\/#organization"},"potentialAction":[{"@type":"SearchAction","target":{"@type":"EntryPoint","urlTemplate":"https:\/\/www.oarcanjo.net\/site\/?s={search_term_string}"},"query-input":{"@type":"PropertyValueSpecification","valueRequired":true,"valueName":"search_term_string"}}],"inLanguage":"pt-BR"},{"@type":"Organization","@id":"https:\/\/www.oarcanjo.net\/site\/#organization","name":"Par\u00f3quia S\u00e3o Miguel Arcanjo","url":"https:\/\/www.oarcanjo.net\/site\/","logo":{"@type":"ImageObject","inLanguage":"pt-BR","@id":"https:\/\/www.oarcanjo.net\/site\/#\/schema\/logo\/image\/","url":"https:\/\/www.oarcanjo.net\/site\/wp-content\/uploads\/LogoOArcanjo.png","contentUrl":"https:\/\/www.oarcanjo.net\/site\/wp-content\/uploads\/LogoOArcanjo.png","width":319,"height":99,"caption":"Par\u00f3quia S\u00e3o Miguel Arcanjo"},"image":{"@id":"https:\/\/www.oarcanjo.net\/site\/#\/schema\/logo\/image\/"},"sameAs":["https:\/\/www.facebook.com\/OArcanjoNoAr\/"]},{"@type":"Person","@id":"https:\/\/www.oarcanjo.net\/site\/#\/schema\/person\/f7024d007863202483a31326673a0838","name":"editor","sameAs":["http:\/\/www.oarcanjo.net"]}]}},"publishpress_future_action":{"enabled":false,"date":"2026-05-09 10:07:13","action":"category","newStatus":"draft","terms":[],"taxonomy":"category"},"publishpress_future_workflow_manual_trigger":{"enabledWorkflows":[]},"_links":{"self":[{"href":"https:\/\/www.oarcanjo.net\/site\/wp-json\/wp\/v2\/posts\/5987"}],"collection":[{"href":"https:\/\/www.oarcanjo.net\/site\/wp-json\/wp\/v2\/posts"}],"about":[{"href":"https:\/\/www.oarcanjo.net\/site\/wp-json\/wp\/v2\/types\/post"}],"author":[{"embeddable":true,"href":"https:\/\/www.oarcanjo.net\/site\/wp-json\/wp\/v2\/users\/5"}],"replies":[{"embeddable":true,"href":"https:\/\/www.oarcanjo.net\/site\/wp-json\/wp\/v2\/comments?post=5987"}],"version-history":[{"count":0,"href":"https:\/\/www.oarcanjo.net\/site\/wp-json\/wp\/v2\/posts\/5987\/revisions"}],"wp:attachment":[{"href":"https:\/\/www.oarcanjo.net\/site\/wp-json\/wp\/v2\/media?parent=5987"}],"wp:term":[{"taxonomy":"category","embeddable":true,"href":"https:\/\/www.oarcanjo.net\/site\/wp-json\/wp\/v2\/categories?post=5987"},{"taxonomy":"post_tag","embeddable":true,"href":"https:\/\/www.oarcanjo.net\/site\/wp-json\/wp\/v2\/tags?post=5987"}],"curies":[{"name":"wp","href":"https:\/\/api.w.org\/{rel}","templated":true}]}}