
{"id":600,"date":"2008-11-08T12:16:53","date_gmt":"2008-11-08T15:16:53","guid":{"rendered":"http:\/\/www.oarcanjo.net\/site\/?p=600"},"modified":"2008-11-08T12:16:53","modified_gmt":"2008-11-08T15:16:53","slug":"semana-da-solidariedade","status":"publish","type":"post","link":"https:\/\/www.oarcanjo.net\/site\/semana-da-solidariedade\/","title":{"rendered":"Semana da solidariedade"},"content":{"rendered":"<p>Dom Dem\u00e9trio Valentini *<\/p>\n<p>Para a C\u00e1ritas Brasileira, esta \u00e9 a Semana da Solidariedade. O motivo \u00e9 simples: estamos na semana que recorda a funda\u00e7\u00e3o da C\u00e1ritas Brasileira, a 12 de novembro de 1956, por D. Helder Camara.<br \/>\nO lema deste ano traz a marca de D. Helder, com a senten\u00e7a pronunciada por ele: &#8220;Melhor que o p\u00e3o \u00e9 a sua partilha&#8221;.<\/p>\n<p>N\u00e3o \u00e9 s\u00f3 uma frase de efeito. \u00c9 a explica\u00e7\u00e3o de um milagre. A partilha faz acontecer a multiplica\u00e7\u00e3o do p\u00e3o. Lendo com aten\u00e7\u00e3o o Evangelho, percebemos, de fato, que ele n\u00e3o fala em multiplica\u00e7\u00e3o, fala em partilha do p\u00e3o. Da partilha nasceu a multiplica\u00e7\u00e3o.    <\/p>\n<p>O mundo est\u00e1 precisando com urg\u00eancia de p\u00e3o. Segundo a ONU, o n\u00famero de famintos passou de oitocentos para novecentos e cinq\u00fcenta milh\u00f5es. Mas n\u00e3o \u00e9 que falta p\u00e3o. Falta repartir melhor os alimentos guardados a sete chaves nos estoques das na\u00e7\u00f5es ricas. E falta uma pol\u00edtica respons\u00e1vel de produ\u00e7\u00e3o de alimentos que os torne suficientes e acess\u00edveis a toda a popula\u00e7\u00e3o mundial.<\/p>\n<p>Na verdade, se Cristo perguntasse: &#8220;quantos alimentos tendes em vossos estoques?&#8221;, ficar\u00edamos bem mais encabulados do que os disc\u00edpulos, que na verdade s\u00f3 tinham &#8220;sete p\u00e3es e alguns peixinhos&#8221;.<\/p>\n<p>O que falta no mundo n\u00e3o \u00e9 tanto o p\u00e3o, mas sua partilha.<\/p>\n<p>Foi a preocupa\u00e7\u00e3o com a partilha, com a solidariedade, que levou D. Helder a semear institui\u00e7\u00f5es, que a seu tempo frutificariam de muitas maneiras, incentivando a partilha de tantos bens.<\/p>\n<p>Impressiona a seq\u00fc\u00eancia de l\u00facidas iniciativas empreendidas por D. Helder naquela fervilhante d\u00e9cada de cinq\u00fcenta.   <\/p>\n<p>Em 1952 era fundada a CNBB &#8211; a Confer\u00eancia Nacional dos Bispos do Brasil, por articula\u00e7\u00e3o de D. Helder quando ele ainda nem era bispo, e se inspirava na organiza\u00e7\u00e3o dos leigos para imaginar um organismo que articulasse a solidariedade entre os bispos. Como seria bom se hoje as institui\u00e7\u00f5es reencontrassem as motiva\u00e7\u00f5es originais de sua exist\u00eancia!<\/p>\n<p>Depois, foi a vez do CELAM em 1955, o Conselho Episcopal Latino Americano. Este organismo iria possibilitar tantas preciosas iniciativas da Igreja. L\u00e1 estava D. Helder com D. Larrain, do Chile, tramando a funda\u00e7\u00e3o do CELAM, possibilitando que sua sede ficasse em Bogot\u00e1, para facilitar a articula\u00e7\u00e3o em n\u00edvel continental.<\/p>\n<p>Por fim, faltava criar a C\u00e1ritas na Igreja do Brasil E de novo D. Helder articulou sua funda\u00e7\u00e3o, que culminou com a aprova\u00e7\u00e3o dos seus estatutos e o lan\u00e7amento de suas atividades em 12 de novembro de 1956, tendo D. Helder como seu primeiro secret\u00e1rio. A provid\u00eancia sintonizava bem com o momento vivido pelo pa\u00eds, que decidia construir uma nova capital para simbolizar melhor sua unidade nacional, projetando a utopia da justi\u00e7a e da fraternidade entre todos os brasileiros.<\/p>\n<p>Estas iniciativas revelam a lucidez e a aud\u00e1cia de D. Helder. Como S\u00e3o Paulo, ele tamb\u00e9m podia dizer: &#8220;Segundo a gra\u00e7a que Deus me deu, como bom arquiteto, lancei os fundamentos. Veja agora cada um como constr\u00f3i&#8221; (1Cor 3,10).<\/p>\n<p>Sobre estes fundamentos somos chamados a construir. Estamos agora nos preparando para celebrar o centen\u00e1rio de nascimento deste grande profeta. Para homenage\u00e1-lo, nada melhor do que valorizar as grandes intui\u00e7\u00f5es que ele teve. A C\u00e1ritas sente o compromisso de continuar a obra lan\u00e7ada por D. Helder, e faz\u00ea-la produzir muitos frutos de solidariedade.<\/p>\n<p>Melhor que o p\u00e3o, \u00e9 a sua partilha! Incentivando a solidariedade, a C\u00e1ritas Brasileira se apresenta como instrumento do Evangelho, que nos incentiva a apostar nos sentimentos de solidariedade que Deus semeou em nossos cora\u00e7\u00f5es, para que se multipliquem em gestos concretos de justi\u00e7a e de ajuda fraterna.<\/p>\n<p>(<a href=\"http:\/\/www.diocesedejales.org.br\" target=\"_blank\">www.diocesedejales.org.br<\/a>)<\/p>\n<p>* Bispo de Jales, S\u00e3o Paulo.<\/p>\n<div id=\"themify_builder_content-600\" data-postid=\"600\" class=\"themify_builder_content themify_builder_content-600 themify_builder themify_builder_front\">\n\t<\/div>\n<!-- \/themify_builder_content -->","protected":false},"excerpt":{"rendered":"<p>Dom Dem\u00e9trio Valentini * Para a C\u00e1ritas Brasileira, esta \u00e9 a Semana da Solidariedade. O motivo \u00e9 simples: estamos na semana que recorda a funda\u00e7\u00e3o da C\u00e1ritas Brasileira, a 12 de novembro de 1956, por D. Helder Camara. O lema deste ano traz a marca de D. Helder, com a senten\u00e7a pronunciada por ele: &#8220;Melhor [&hellip;]<\/p>\n","protected":false},"author":5,"featured_media":0,"comment_status":"open","ping_status":"open","sticky":false,"template":"","format":"standard","meta":{"ngg_post_thumbnail":0,"footnotes":""},"categories":[9],"tags":[90,38,75,89,54,88],"yoast_head":"<!-- This site is optimized with the Yoast SEO plugin v23.5 - https:\/\/yoast.com\/wordpress\/plugins\/seo\/ -->\n<title>Semana da solidariedade - O Arcanjo no ar<\/title>\n<meta name=\"robots\" content=\"index, follow, max-snippet:-1, max-image-preview:large, max-video-preview:-1\" \/>\n<link rel=\"canonical\" href=\"https:\/\/www.oarcanjo.net\/site\/semana-da-solidariedade\/\" \/>\n<meta property=\"og:locale\" content=\"pt_BR\" \/>\n<meta property=\"og:type\" content=\"article\" \/>\n<meta property=\"og:title\" content=\"Semana da solidariedade - O Arcanjo no ar\" \/>\n<meta property=\"og:description\" content=\"Dom Dem\u00e9trio Valentini * Para a C\u00e1ritas Brasileira, esta \u00e9 a Semana da Solidariedade. O motivo \u00e9 simples: estamos na semana que recorda a funda\u00e7\u00e3o da C\u00e1ritas Brasileira, a 12 de novembro de 1956, por D. Helder Camara. O lema deste ano traz a marca de D. Helder, com a senten\u00e7a pronunciada por ele: &#8220;Melhor [&hellip;]\" \/>\n<meta property=\"og:url\" content=\"https:\/\/www.oarcanjo.net\/site\/semana-da-solidariedade\/\" \/>\n<meta property=\"og:site_name\" content=\"O Arcanjo no ar\" \/>\n<meta property=\"article:publisher\" content=\"https:\/\/www.facebook.com\/OArcanjoNoAr\/\" \/>\n<meta property=\"article:published_time\" content=\"2008-11-08T15:16:53+00:00\" \/>\n<meta property=\"og:image\" content=\"https:\/\/www.oarcanjo.net\/site\/wp-content\/uploads\/logo-o-arcanjo-no-ar-facebook.png\" \/>\n\t<meta property=\"og:image:width\" content=\"300\" \/>\n\t<meta property=\"og:image:height\" content=\"300\" \/>\n\t<meta property=\"og:image:type\" content=\"image\/png\" \/>\n<meta name=\"author\" content=\"editor\" \/>\n<meta name=\"twitter:card\" content=\"summary_large_image\" \/>\n<meta name=\"twitter:label1\" content=\"Escrito por\" \/>\n\t<meta name=\"twitter:data1\" content=\"editor\" \/>\n\t<meta name=\"twitter:label2\" content=\"Est. tempo de leitura\" \/>\n\t<meta name=\"twitter:data2\" content=\"3 minutos\" \/>\n<script type=\"application\/ld+json\" class=\"yoast-schema-graph\">{\"@context\":\"https:\/\/schema.org\",\"@graph\":[{\"@type\":\"Article\",\"@id\":\"https:\/\/www.oarcanjo.net\/site\/semana-da-solidariedade\/#article\",\"isPartOf\":{\"@id\":\"https:\/\/www.oarcanjo.net\/site\/semana-da-solidariedade\/\"},\"author\":{\"name\":\"editor\",\"@id\":\"https:\/\/www.oarcanjo.net\/site\/#\/schema\/person\/f7024d007863202483a31326673a0838\"},\"headline\":\"Semana da solidariedade\",\"datePublished\":\"2008-11-08T15:16:53+00:00\",\"dateModified\":\"2008-11-08T15:16:53+00:00\",\"mainEntityOfPage\":{\"@id\":\"https:\/\/www.oarcanjo.net\/site\/semana-da-solidariedade\/\"},\"wordCount\":651,\"commentCount\":1,\"publisher\":{\"@id\":\"https:\/\/www.oarcanjo.net\/site\/#organization\"},\"keywords\":[\"C\u00e1ritas\",\"fome\",\"Justi\u00e7a social\",\"p\u00e3o\",\"partilha\",\"solidariedade\"],\"articleSection\":[\"Reflex\u00f5es\"],\"inLanguage\":\"pt-BR\",\"potentialAction\":[{\"@type\":\"CommentAction\",\"name\":\"Comment\",\"target\":[\"https:\/\/www.oarcanjo.net\/site\/semana-da-solidariedade\/#respond\"]}]},{\"@type\":\"WebPage\",\"@id\":\"https:\/\/www.oarcanjo.net\/site\/semana-da-solidariedade\/\",\"url\":\"https:\/\/www.oarcanjo.net\/site\/semana-da-solidariedade\/\",\"name\":\"Semana da solidariedade - O Arcanjo no ar\",\"isPartOf\":{\"@id\":\"https:\/\/www.oarcanjo.net\/site\/#website\"},\"datePublished\":\"2008-11-08T15:16:53+00:00\",\"dateModified\":\"2008-11-08T15:16:53+00:00\",\"breadcrumb\":{\"@id\":\"https:\/\/www.oarcanjo.net\/site\/semana-da-solidariedade\/#breadcrumb\"},\"inLanguage\":\"pt-BR\",\"potentialAction\":[{\"@type\":\"ReadAction\",\"target\":[\"https:\/\/www.oarcanjo.net\/site\/semana-da-solidariedade\/\"]}]},{\"@type\":\"BreadcrumbList\",\"@id\":\"https:\/\/www.oarcanjo.net\/site\/semana-da-solidariedade\/#breadcrumb\",\"itemListElement\":[{\"@type\":\"ListItem\",\"position\":1,\"name\":\"In\u00edcio\",\"item\":\"https:\/\/www.oarcanjo.net\/site\/\"},{\"@type\":\"ListItem\",\"position\":2,\"name\":\"Semana da solidariedade\"}]},{\"@type\":\"WebSite\",\"@id\":\"https:\/\/www.oarcanjo.net\/site\/#website\",\"url\":\"https:\/\/www.oarcanjo.net\/site\/\",\"name\":\"O Arcanjo no ar\",\"description\":\"Site da Par\u00f3quia S\u00e3o Miguel Arcanjo (Arquidiocese de SP)\",\"publisher\":{\"@id\":\"https:\/\/www.oarcanjo.net\/site\/#organization\"},\"potentialAction\":[{\"@type\":\"SearchAction\",\"target\":{\"@type\":\"EntryPoint\",\"urlTemplate\":\"https:\/\/www.oarcanjo.net\/site\/?s={search_term_string}\"},\"query-input\":{\"@type\":\"PropertyValueSpecification\",\"valueRequired\":true,\"valueName\":\"search_term_string\"}}],\"inLanguage\":\"pt-BR\"},{\"@type\":\"Organization\",\"@id\":\"https:\/\/www.oarcanjo.net\/site\/#organization\",\"name\":\"Par\u00f3quia S\u00e3o Miguel Arcanjo\",\"url\":\"https:\/\/www.oarcanjo.net\/site\/\",\"logo\":{\"@type\":\"ImageObject\",\"inLanguage\":\"pt-BR\",\"@id\":\"https:\/\/www.oarcanjo.net\/site\/#\/schema\/logo\/image\/\",\"url\":\"https:\/\/www.oarcanjo.net\/site\/wp-content\/uploads\/LogoOArcanjo.png\",\"contentUrl\":\"https:\/\/www.oarcanjo.net\/site\/wp-content\/uploads\/LogoOArcanjo.png\",\"width\":319,\"height\":99,\"caption\":\"Par\u00f3quia S\u00e3o Miguel Arcanjo\"},\"image\":{\"@id\":\"https:\/\/www.oarcanjo.net\/site\/#\/schema\/logo\/image\/\"},\"sameAs\":[\"https:\/\/www.facebook.com\/OArcanjoNoAr\/\"]},{\"@type\":\"Person\",\"@id\":\"https:\/\/www.oarcanjo.net\/site\/#\/schema\/person\/f7024d007863202483a31326673a0838\",\"name\":\"editor\",\"sameAs\":[\"http:\/\/www.oarcanjo.net\"]}]}<\/script>\n<!-- \/ Yoast SEO plugin. -->","yoast_head_json":{"title":"Semana da solidariedade - O Arcanjo no ar","robots":{"index":"index","follow":"follow","max-snippet":"max-snippet:-1","max-image-preview":"max-image-preview:large","max-video-preview":"max-video-preview:-1"},"canonical":"https:\/\/www.oarcanjo.net\/site\/semana-da-solidariedade\/","og_locale":"pt_BR","og_type":"article","og_title":"Semana da solidariedade - O Arcanjo no ar","og_description":"Dom Dem\u00e9trio Valentini * Para a C\u00e1ritas Brasileira, esta \u00e9 a Semana da Solidariedade. O motivo \u00e9 simples: estamos na semana que recorda a funda\u00e7\u00e3o da C\u00e1ritas Brasileira, a 12 de novembro de 1956, por D. Helder Camara. O lema deste ano traz a marca de D. Helder, com a senten\u00e7a pronunciada por ele: &#8220;Melhor [&hellip;]","og_url":"https:\/\/www.oarcanjo.net\/site\/semana-da-solidariedade\/","og_site_name":"O Arcanjo no ar","article_publisher":"https:\/\/www.facebook.com\/OArcanjoNoAr\/","article_published_time":"2008-11-08T15:16:53+00:00","og_image":[{"width":300,"height":300,"url":"https:\/\/www.oarcanjo.net\/site\/wp-content\/uploads\/logo-o-arcanjo-no-ar-facebook.png","type":"image\/png"}],"author":"editor","twitter_card":"summary_large_image","twitter_misc":{"Escrito por":"editor","Est. tempo de leitura":"3 minutos"},"schema":{"@context":"https:\/\/schema.org","@graph":[{"@type":"Article","@id":"https:\/\/www.oarcanjo.net\/site\/semana-da-solidariedade\/#article","isPartOf":{"@id":"https:\/\/www.oarcanjo.net\/site\/semana-da-solidariedade\/"},"author":{"name":"editor","@id":"https:\/\/www.oarcanjo.net\/site\/#\/schema\/person\/f7024d007863202483a31326673a0838"},"headline":"Semana da solidariedade","datePublished":"2008-11-08T15:16:53+00:00","dateModified":"2008-11-08T15:16:53+00:00","mainEntityOfPage":{"@id":"https:\/\/www.oarcanjo.net\/site\/semana-da-solidariedade\/"},"wordCount":651,"commentCount":1,"publisher":{"@id":"https:\/\/www.oarcanjo.net\/site\/#organization"},"keywords":["C\u00e1ritas","fome","Justi\u00e7a social","p\u00e3o","partilha","solidariedade"],"articleSection":["Reflex\u00f5es"],"inLanguage":"pt-BR","potentialAction":[{"@type":"CommentAction","name":"Comment","target":["https:\/\/www.oarcanjo.net\/site\/semana-da-solidariedade\/#respond"]}]},{"@type":"WebPage","@id":"https:\/\/www.oarcanjo.net\/site\/semana-da-solidariedade\/","url":"https:\/\/www.oarcanjo.net\/site\/semana-da-solidariedade\/","name":"Semana da solidariedade - O Arcanjo no ar","isPartOf":{"@id":"https:\/\/www.oarcanjo.net\/site\/#website"},"datePublished":"2008-11-08T15:16:53+00:00","dateModified":"2008-11-08T15:16:53+00:00","breadcrumb":{"@id":"https:\/\/www.oarcanjo.net\/site\/semana-da-solidariedade\/#breadcrumb"},"inLanguage":"pt-BR","potentialAction":[{"@type":"ReadAction","target":["https:\/\/www.oarcanjo.net\/site\/semana-da-solidariedade\/"]}]},{"@type":"BreadcrumbList","@id":"https:\/\/www.oarcanjo.net\/site\/semana-da-solidariedade\/#breadcrumb","itemListElement":[{"@type":"ListItem","position":1,"name":"In\u00edcio","item":"https:\/\/www.oarcanjo.net\/site\/"},{"@type":"ListItem","position":2,"name":"Semana da solidariedade"}]},{"@type":"WebSite","@id":"https:\/\/www.oarcanjo.net\/site\/#website","url":"https:\/\/www.oarcanjo.net\/site\/","name":"O Arcanjo no ar","description":"Site da Par\u00f3quia S\u00e3o Miguel Arcanjo (Arquidiocese de SP)","publisher":{"@id":"https:\/\/www.oarcanjo.net\/site\/#organization"},"potentialAction":[{"@type":"SearchAction","target":{"@type":"EntryPoint","urlTemplate":"https:\/\/www.oarcanjo.net\/site\/?s={search_term_string}"},"query-input":{"@type":"PropertyValueSpecification","valueRequired":true,"valueName":"search_term_string"}}],"inLanguage":"pt-BR"},{"@type":"Organization","@id":"https:\/\/www.oarcanjo.net\/site\/#organization","name":"Par\u00f3quia S\u00e3o Miguel Arcanjo","url":"https:\/\/www.oarcanjo.net\/site\/","logo":{"@type":"ImageObject","inLanguage":"pt-BR","@id":"https:\/\/www.oarcanjo.net\/site\/#\/schema\/logo\/image\/","url":"https:\/\/www.oarcanjo.net\/site\/wp-content\/uploads\/LogoOArcanjo.png","contentUrl":"https:\/\/www.oarcanjo.net\/site\/wp-content\/uploads\/LogoOArcanjo.png","width":319,"height":99,"caption":"Par\u00f3quia S\u00e3o Miguel Arcanjo"},"image":{"@id":"https:\/\/www.oarcanjo.net\/site\/#\/schema\/logo\/image\/"},"sameAs":["https:\/\/www.facebook.com\/OArcanjoNoAr\/"]},{"@type":"Person","@id":"https:\/\/www.oarcanjo.net\/site\/#\/schema\/person\/f7024d007863202483a31326673a0838","name":"editor","sameAs":["http:\/\/www.oarcanjo.net"]}]}},"publishpress_future_action":{"enabled":false,"date":"2026-05-08 22:07:27","action":"category","newStatus":"draft","terms":[],"taxonomy":"category"},"publishpress_future_workflow_manual_trigger":{"enabledWorkflows":[]},"_links":{"self":[{"href":"https:\/\/www.oarcanjo.net\/site\/wp-json\/wp\/v2\/posts\/600"}],"collection":[{"href":"https:\/\/www.oarcanjo.net\/site\/wp-json\/wp\/v2\/posts"}],"about":[{"href":"https:\/\/www.oarcanjo.net\/site\/wp-json\/wp\/v2\/types\/post"}],"author":[{"embeddable":true,"href":"https:\/\/www.oarcanjo.net\/site\/wp-json\/wp\/v2\/users\/5"}],"replies":[{"embeddable":true,"href":"https:\/\/www.oarcanjo.net\/site\/wp-json\/wp\/v2\/comments?post=600"}],"version-history":[{"count":0,"href":"https:\/\/www.oarcanjo.net\/site\/wp-json\/wp\/v2\/posts\/600\/revisions"}],"wp:attachment":[{"href":"https:\/\/www.oarcanjo.net\/site\/wp-json\/wp\/v2\/media?parent=600"}],"wp:term":[{"taxonomy":"category","embeddable":true,"href":"https:\/\/www.oarcanjo.net\/site\/wp-json\/wp\/v2\/categories?post=600"},{"taxonomy":"post_tag","embeddable":true,"href":"https:\/\/www.oarcanjo.net\/site\/wp-json\/wp\/v2\/tags?post=600"}],"curies":[{"name":"wp","href":"https:\/\/api.w.org\/{rel}","templated":true}]}}