
{"id":603,"date":"2008-11-09T09:33:14","date_gmt":"2008-11-09T12:33:14","guid":{"rendered":"http:\/\/www.oarcanjo.net\/site\/?p=603"},"modified":"2008-11-13T03:40:32","modified_gmt":"2008-11-13T06:40:32","slug":"povo-da-rua-celebra-sao-martinho-de-lima","status":"publish","type":"post","link":"https:\/\/www.oarcanjo.net\/site\/povo-da-rua-celebra-sao-martinho-de-lima\/","title":{"rendered":"Povo da rua celebra S\u00e3o Martinho"},"content":{"rendered":"<p>Com a presen\u00e7a do Monsenhor Julio Lancellotti, Vig\u00e1rio Episcopal do Povo da Rua, no \u00faltimo dia 03 de novembro foi realizada uma celebra\u00e7\u00e3o na Comunidade S\u00e3o Martinho de Lima, baixos do Viaduto Guadalajara, na Mooca, com a participa\u00e7\u00e3o de muitos conviventes que diariamente freq\u00fcentam a comunidade, onde recebem alimenta\u00e7\u00e3o, higiene pessoal, orienta\u00e7\u00e3o m\u00e9dica, e outras, sempre de maneira fraterna e respeitosa.<\/p>\n<p>Com alegria e emo\u00e7\u00e3o foram cantadas v\u00e1rias m\u00fasicas, como Utopia, Povo de Deus e muitas mais.<\/p>\n<p>Durante a Celebra\u00e7\u00e3o um morador em situa\u00e7\u00e3o de rua apresentou alguns cartazes desenhados por ele, mostrando v\u00e1rios aspectos do povo que vive na rua: trabalhando com suas carrocinhas recolhendo material recicl\u00e1vel; mostrando tamb\u00e9m as dificuldades para quem vive nessa situa\u00e7\u00e3o. Tudo de maneira absolutamente art\u00edstica e criativa.<\/p>\n<p>Ap\u00f3s a Celebra\u00e7\u00e3o, houve a apresenta\u00e7\u00e3o de um grupo de capoeira, uma das atividades apresentadas na Comunidade.<\/p>\n<p>Em seguida foi servido o almo\u00e7o, acompanhado de suco.<\/p>\n<p>Tudo transcorreu na maior tranq\u00fcilidade, harmonia, alegria e paz!<\/p>\n<p><em>Rita Aparecida (Ritinha)<\/em><\/p>\n<\/p>\n<hr \/>\n<p>Veja as obras de Gen\u00e9sio e Jeferson<\/p>ngg_shortcode_0_placeholder<div id=\"themify_builder_content-603\" data-postid=\"603\" class=\"themify_builder_content themify_builder_content-603 themify_builder themify_builder_front\">\n\t<\/div>\n<!-- \/themify_builder_content -->","protected":false},"excerpt":{"rendered":"<p>Com a presen\u00e7a do Monsenhor Julio Lancellotti, Vig\u00e1rio Episcopal do Povo da Rua, no \u00faltimo dia 03 de novembro foi realizada uma celebra\u00e7\u00e3o na Comunidade S\u00e3o Martinho de Lima, baixos do Viaduto Guadalajara, na Mooca, com a participa\u00e7\u00e3o de muitos conviventes que diariamente freq\u00fcentam a comunidade, onde recebem alimenta\u00e7\u00e3o, higiene pessoal, orienta\u00e7\u00e3o m\u00e9dica, e outras, [&hellip;]<\/p>\n","protected":false},"author":5,"featured_media":0,"comment_status":"open","ping_status":"open","sticky":false,"template":"","format":"standard","meta":{"ngg_post_thumbnail":0,"footnotes":""},"categories":[8],"tags":[58,91,74],"yoast_head":"<!-- This site is optimized with the Yoast SEO plugin v23.5 - https:\/\/yoast.com\/wordpress\/plugins\/seo\/ -->\n<title>Povo da rua celebra S\u00e3o Martinho - O Arcanjo no ar<\/title>\n<meta name=\"robots\" content=\"index, follow, max-snippet:-1, max-image-preview:large, max-video-preview:-1\" \/>\n<link rel=\"canonical\" href=\"https:\/\/www.oarcanjo.net\/site\/povo-da-rua-celebra-sao-martinho-de-lima\/\" \/>\n<meta property=\"og:locale\" content=\"pt_BR\" \/>\n<meta property=\"og:type\" content=\"article\" \/>\n<meta property=\"og:title\" content=\"Povo da rua celebra S\u00e3o Martinho - O Arcanjo no ar\" \/>\n<meta property=\"og:description\" content=\"Com a presen\u00e7a do Monsenhor Julio Lancellotti, Vig\u00e1rio Episcopal do Povo da Rua, no \u00faltimo dia 03 de novembro foi realizada uma celebra\u00e7\u00e3o na Comunidade S\u00e3o Martinho de Lima, baixos do Viaduto Guadalajara, na Mooca, com a participa\u00e7\u00e3o de muitos conviventes que diariamente freq\u00fcentam a comunidade, onde recebem alimenta\u00e7\u00e3o, higiene pessoal, orienta\u00e7\u00e3o m\u00e9dica, e outras, [&hellip;]\" \/>\n<meta property=\"og:url\" content=\"https:\/\/www.oarcanjo.net\/site\/povo-da-rua-celebra-sao-martinho-de-lima\/\" \/>\n<meta property=\"og:site_name\" content=\"O Arcanjo no ar\" \/>\n<meta property=\"article:publisher\" content=\"https:\/\/www.facebook.com\/OArcanjoNoAr\/\" \/>\n<meta property=\"article:published_time\" content=\"2008-11-09T12:33:14+00:00\" \/>\n<meta property=\"article:modified_time\" content=\"2008-11-13T06:40:32+00:00\" \/>\n<meta property=\"og:image\" content=\"https:\/\/www.oarcanjo.net\/site\/wp-content\/uploads\/smartinho-cartaz-01-150x150.jpg\" \/>\n<meta name=\"author\" content=\"editor\" \/>\n<meta name=\"twitter:card\" content=\"summary_large_image\" \/>\n<meta name=\"twitter:label1\" content=\"Escrito por\" \/>\n\t<meta name=\"twitter:data1\" content=\"editor\" \/>\n\t<meta name=\"twitter:label2\" content=\"Est. tempo de leitura\" \/>\n\t<meta name=\"twitter:data2\" content=\"1 minuto\" \/>\n<script type=\"application\/ld+json\" class=\"yoast-schema-graph\">{\"@context\":\"https:\/\/schema.org\",\"@graph\":[{\"@type\":\"Article\",\"@id\":\"https:\/\/www.oarcanjo.net\/site\/povo-da-rua-celebra-sao-martinho-de-lima\/#article\",\"isPartOf\":{\"@id\":\"https:\/\/www.oarcanjo.net\/site\/povo-da-rua-celebra-sao-martinho-de-lima\/\"},\"author\":{\"name\":\"editor\",\"@id\":\"https:\/\/www.oarcanjo.net\/site\/#\/schema\/person\/f7024d007863202483a31326673a0838\"},\"headline\":\"Povo da rua celebra S\u00e3o Martinho\",\"datePublished\":\"2008-11-09T12:33:14+00:00\",\"dateModified\":\"2008-11-13T06:40:32+00:00\",\"mainEntityOfPage\":{\"@id\":\"https:\/\/www.oarcanjo.net\/site\/povo-da-rua-celebra-sao-martinho-de-lima\/\"},\"wordCount\":201,\"commentCount\":0,\"publisher\":{\"@id\":\"https:\/\/www.oarcanjo.net\/site\/#organization\"},\"keywords\":[\"celebra\u00e7\u00e3o\",\"povo da rua\",\"S\u00e3o Martinho de Lima\"],\"articleSection\":[\"Not\u00edcias\"],\"inLanguage\":\"pt-BR\",\"potentialAction\":[{\"@type\":\"CommentAction\",\"name\":\"Comment\",\"target\":[\"https:\/\/www.oarcanjo.net\/site\/povo-da-rua-celebra-sao-martinho-de-lima\/#respond\"]}]},{\"@type\":\"WebPage\",\"@id\":\"https:\/\/www.oarcanjo.net\/site\/povo-da-rua-celebra-sao-martinho-de-lima\/\",\"url\":\"https:\/\/www.oarcanjo.net\/site\/povo-da-rua-celebra-sao-martinho-de-lima\/\",\"name\":\"Povo da rua celebra S\u00e3o Martinho - O Arcanjo no ar\",\"isPartOf\":{\"@id\":\"https:\/\/www.oarcanjo.net\/site\/#website\"},\"datePublished\":\"2008-11-09T12:33:14+00:00\",\"dateModified\":\"2008-11-13T06:40:32+00:00\",\"breadcrumb\":{\"@id\":\"https:\/\/www.oarcanjo.net\/site\/povo-da-rua-celebra-sao-martinho-de-lima\/#breadcrumb\"},\"inLanguage\":\"pt-BR\",\"potentialAction\":[{\"@type\":\"ReadAction\",\"target\":[\"https:\/\/www.oarcanjo.net\/site\/povo-da-rua-celebra-sao-martinho-de-lima\/\"]}]},{\"@type\":\"BreadcrumbList\",\"@id\":\"https:\/\/www.oarcanjo.net\/site\/povo-da-rua-celebra-sao-martinho-de-lima\/#breadcrumb\",\"itemListElement\":[{\"@type\":\"ListItem\",\"position\":1,\"name\":\"In\u00edcio\",\"item\":\"https:\/\/www.oarcanjo.net\/site\/\"},{\"@type\":\"ListItem\",\"position\":2,\"name\":\"Povo da rua celebra S\u00e3o Martinho\"}]},{\"@type\":\"WebSite\",\"@id\":\"https:\/\/www.oarcanjo.net\/site\/#website\",\"url\":\"https:\/\/www.oarcanjo.net\/site\/\",\"name\":\"O Arcanjo no ar\",\"description\":\"Site da Par\u00f3quia S\u00e3o Miguel Arcanjo (Arquidiocese de SP)\",\"publisher\":{\"@id\":\"https:\/\/www.oarcanjo.net\/site\/#organization\"},\"potentialAction\":[{\"@type\":\"SearchAction\",\"target\":{\"@type\":\"EntryPoint\",\"urlTemplate\":\"https:\/\/www.oarcanjo.net\/site\/?s={search_term_string}\"},\"query-input\":{\"@type\":\"PropertyValueSpecification\",\"valueRequired\":true,\"valueName\":\"search_term_string\"}}],\"inLanguage\":\"pt-BR\"},{\"@type\":\"Organization\",\"@id\":\"https:\/\/www.oarcanjo.net\/site\/#organization\",\"name\":\"Par\u00f3quia S\u00e3o Miguel Arcanjo\",\"url\":\"https:\/\/www.oarcanjo.net\/site\/\",\"logo\":{\"@type\":\"ImageObject\",\"inLanguage\":\"pt-BR\",\"@id\":\"https:\/\/www.oarcanjo.net\/site\/#\/schema\/logo\/image\/\",\"url\":\"https:\/\/www.oarcanjo.net\/site\/wp-content\/uploads\/LogoOArcanjo.png\",\"contentUrl\":\"https:\/\/www.oarcanjo.net\/site\/wp-content\/uploads\/LogoOArcanjo.png\",\"width\":319,\"height\":99,\"caption\":\"Par\u00f3quia S\u00e3o Miguel Arcanjo\"},\"image\":{\"@id\":\"https:\/\/www.oarcanjo.net\/site\/#\/schema\/logo\/image\/\"},\"sameAs\":[\"https:\/\/www.facebook.com\/OArcanjoNoAr\/\"]},{\"@type\":\"Person\",\"@id\":\"https:\/\/www.oarcanjo.net\/site\/#\/schema\/person\/f7024d007863202483a31326673a0838\",\"name\":\"editor\",\"sameAs\":[\"http:\/\/www.oarcanjo.net\"]}]}<\/script>\n<!-- \/ Yoast SEO plugin. -->","yoast_head_json":{"title":"Povo da rua celebra S\u00e3o Martinho - O Arcanjo no ar","robots":{"index":"index","follow":"follow","max-snippet":"max-snippet:-1","max-image-preview":"max-image-preview:large","max-video-preview":"max-video-preview:-1"},"canonical":"https:\/\/www.oarcanjo.net\/site\/povo-da-rua-celebra-sao-martinho-de-lima\/","og_locale":"pt_BR","og_type":"article","og_title":"Povo da rua celebra S\u00e3o Martinho - O Arcanjo no ar","og_description":"Com a presen\u00e7a do Monsenhor Julio Lancellotti, Vig\u00e1rio Episcopal do Povo da Rua, no \u00faltimo dia 03 de novembro foi realizada uma celebra\u00e7\u00e3o na Comunidade S\u00e3o Martinho de Lima, baixos do Viaduto Guadalajara, na Mooca, com a participa\u00e7\u00e3o de muitos conviventes que diariamente freq\u00fcentam a comunidade, onde recebem alimenta\u00e7\u00e3o, higiene pessoal, orienta\u00e7\u00e3o m\u00e9dica, e outras, [&hellip;]","og_url":"https:\/\/www.oarcanjo.net\/site\/povo-da-rua-celebra-sao-martinho-de-lima\/","og_site_name":"O Arcanjo no ar","article_publisher":"https:\/\/www.facebook.com\/OArcanjoNoAr\/","article_published_time":"2008-11-09T12:33:14+00:00","article_modified_time":"2008-11-13T06:40:32+00:00","og_image":[{"url":"https:\/\/www.oarcanjo.net\/site\/wp-content\/uploads\/smartinho-cartaz-01-150x150.jpg"}],"author":"editor","twitter_card":"summary_large_image","twitter_misc":{"Escrito por":"editor","Est. tempo de leitura":"1 minuto"},"schema":{"@context":"https:\/\/schema.org","@graph":[{"@type":"Article","@id":"https:\/\/www.oarcanjo.net\/site\/povo-da-rua-celebra-sao-martinho-de-lima\/#article","isPartOf":{"@id":"https:\/\/www.oarcanjo.net\/site\/povo-da-rua-celebra-sao-martinho-de-lima\/"},"author":{"name":"editor","@id":"https:\/\/www.oarcanjo.net\/site\/#\/schema\/person\/f7024d007863202483a31326673a0838"},"headline":"Povo da rua celebra S\u00e3o Martinho","datePublished":"2008-11-09T12:33:14+00:00","dateModified":"2008-11-13T06:40:32+00:00","mainEntityOfPage":{"@id":"https:\/\/www.oarcanjo.net\/site\/povo-da-rua-celebra-sao-martinho-de-lima\/"},"wordCount":201,"commentCount":0,"publisher":{"@id":"https:\/\/www.oarcanjo.net\/site\/#organization"},"keywords":["celebra\u00e7\u00e3o","povo da rua","S\u00e3o Martinho de Lima"],"articleSection":["Not\u00edcias"],"inLanguage":"pt-BR","potentialAction":[{"@type":"CommentAction","name":"Comment","target":["https:\/\/www.oarcanjo.net\/site\/povo-da-rua-celebra-sao-martinho-de-lima\/#respond"]}]},{"@type":"WebPage","@id":"https:\/\/www.oarcanjo.net\/site\/povo-da-rua-celebra-sao-martinho-de-lima\/","url":"https:\/\/www.oarcanjo.net\/site\/povo-da-rua-celebra-sao-martinho-de-lima\/","name":"Povo da rua celebra S\u00e3o Martinho - O Arcanjo no ar","isPartOf":{"@id":"https:\/\/www.oarcanjo.net\/site\/#website"},"datePublished":"2008-11-09T12:33:14+00:00","dateModified":"2008-11-13T06:40:32+00:00","breadcrumb":{"@id":"https:\/\/www.oarcanjo.net\/site\/povo-da-rua-celebra-sao-martinho-de-lima\/#breadcrumb"},"inLanguage":"pt-BR","potentialAction":[{"@type":"ReadAction","target":["https:\/\/www.oarcanjo.net\/site\/povo-da-rua-celebra-sao-martinho-de-lima\/"]}]},{"@type":"BreadcrumbList","@id":"https:\/\/www.oarcanjo.net\/site\/povo-da-rua-celebra-sao-martinho-de-lima\/#breadcrumb","itemListElement":[{"@type":"ListItem","position":1,"name":"In\u00edcio","item":"https:\/\/www.oarcanjo.net\/site\/"},{"@type":"ListItem","position":2,"name":"Povo da rua celebra S\u00e3o Martinho"}]},{"@type":"WebSite","@id":"https:\/\/www.oarcanjo.net\/site\/#website","url":"https:\/\/www.oarcanjo.net\/site\/","name":"O Arcanjo no ar","description":"Site da Par\u00f3quia S\u00e3o Miguel Arcanjo (Arquidiocese de SP)","publisher":{"@id":"https:\/\/www.oarcanjo.net\/site\/#organization"},"potentialAction":[{"@type":"SearchAction","target":{"@type":"EntryPoint","urlTemplate":"https:\/\/www.oarcanjo.net\/site\/?s={search_term_string}"},"query-input":{"@type":"PropertyValueSpecification","valueRequired":true,"valueName":"search_term_string"}}],"inLanguage":"pt-BR"},{"@type":"Organization","@id":"https:\/\/www.oarcanjo.net\/site\/#organization","name":"Par\u00f3quia S\u00e3o Miguel Arcanjo","url":"https:\/\/www.oarcanjo.net\/site\/","logo":{"@type":"ImageObject","inLanguage":"pt-BR","@id":"https:\/\/www.oarcanjo.net\/site\/#\/schema\/logo\/image\/","url":"https:\/\/www.oarcanjo.net\/site\/wp-content\/uploads\/LogoOArcanjo.png","contentUrl":"https:\/\/www.oarcanjo.net\/site\/wp-content\/uploads\/LogoOArcanjo.png","width":319,"height":99,"caption":"Par\u00f3quia S\u00e3o Miguel Arcanjo"},"image":{"@id":"https:\/\/www.oarcanjo.net\/site\/#\/schema\/logo\/image\/"},"sameAs":["https:\/\/www.facebook.com\/OArcanjoNoAr\/"]},{"@type":"Person","@id":"https:\/\/www.oarcanjo.net\/site\/#\/schema\/person\/f7024d007863202483a31326673a0838","name":"editor","sameAs":["http:\/\/www.oarcanjo.net"]}]}},"publishpress_future_action":{"enabled":false,"date":"2026-05-08 18:06:11","action":"category","newStatus":"draft","terms":[],"taxonomy":"category"},"publishpress_future_workflow_manual_trigger":{"enabledWorkflows":[]},"_links":{"self":[{"href":"https:\/\/www.oarcanjo.net\/site\/wp-json\/wp\/v2\/posts\/603"}],"collection":[{"href":"https:\/\/www.oarcanjo.net\/site\/wp-json\/wp\/v2\/posts"}],"about":[{"href":"https:\/\/www.oarcanjo.net\/site\/wp-json\/wp\/v2\/types\/post"}],"author":[{"embeddable":true,"href":"https:\/\/www.oarcanjo.net\/site\/wp-json\/wp\/v2\/users\/5"}],"replies":[{"embeddable":true,"href":"https:\/\/www.oarcanjo.net\/site\/wp-json\/wp\/v2\/comments?post=603"}],"version-history":[{"count":0,"href":"https:\/\/www.oarcanjo.net\/site\/wp-json\/wp\/v2\/posts\/603\/revisions"}],"wp:attachment":[{"href":"https:\/\/www.oarcanjo.net\/site\/wp-json\/wp\/v2\/media?parent=603"}],"wp:term":[{"taxonomy":"category","embeddable":true,"href":"https:\/\/www.oarcanjo.net\/site\/wp-json\/wp\/v2\/categories?post=603"},{"taxonomy":"post_tag","embeddable":true,"href":"https:\/\/www.oarcanjo.net\/site\/wp-json\/wp\/v2\/tags?post=603"}],"curies":[{"name":"wp","href":"https:\/\/api.w.org\/{rel}","templated":true}]}}