
{"id":60353,"date":"2015-04-12T07:22:23","date_gmt":"2015-04-12T10:22:23","guid":{"rendered":"http:\/\/www.oarcanjo.net\/site\/?p=60353"},"modified":"2016-02-10T14:37:28","modified_gmt":"2016-02-10T16:37:28","slug":"bula-que-oficializa-o-ano-santo-da-misericordia","status":"publish","type":"post","link":"https:\/\/www.oarcanjo.net\/site\/bula-que-oficializa-o-ano-santo-da-misericordia\/","title":{"rendered":"Bula que oficializa o Ano Santo da Miseric\u00f3rdia"},"content":{"rendered":"<p>O Papa Francisco presidiu, na tarde deste s\u00e1bado, na Bas\u00edlica Vaticana, \u00e0s Primeiras V\u00e9speras do Domingo da Divina Miseric\u00f3rdia, por ocasi\u00e3o da convoca\u00e7\u00e3o oficial do Jubileu extraordin\u00e1rio da Miseric\u00f3rdia.<\/p>\n<p>A cerim\u00f4nia teve in\u00edcio no \u00e1trio da Bas\u00edlica Vaticana, diante da \u201dPorta Santa\u201d, com a entrega da Bula \u201cMisericordiae Vultus\u201d (\u201cO rosto da Miseric\u00f3rdia\u201d) aos quatro Cardeais-Arciprestes das Bas\u00edlicas papais de Roma. O Regente da Casa Pontif\u00edcia, Mons. Leonardo Sapienza, leu, na presen\u00e7a do Papa Francisco, alguns trechos do Documento oficial de convoca\u00e7\u00e3o do Ano Santo extraordin\u00e1rio da Miseric\u00f3rdia.<\/p>\n<p>O longo documento divide-se, a grosso modo, em tr\u00eas partes. Na primeira, o Papa Francisco aprofunda o conceito de miseric\u00f3rdia e explica o porque da escolha da data de in\u00edcio em 8 de dezembro, Solenidade de Maria: \u201cpara n\u00e3o deixar a humanidade sozinha \u00e0 merc\u00ea do mal\u201d e por coincidir com o 50\u00ba anivers\u00e1rio da conclus\u00e3o do Conc\u00edlio Vaticano II, que que derrubou as muralhas, \u201cque por muito tempo, mantiveram a Igreja fechada em uma cidadela privilegiada\u201d. \u201cNa pr\u00e1tica \u2013 disse o Papa \u2013 todos somos chamados a viver de miseric\u00f3rdia, porque conosco, em primeiro lugar, foi usada a miseric\u00f3rdia\u201d.<\/p>\n<p>Na segunda parte, o Santo Padre oferece algumas sugest\u00f5es pr\u00e1ticas para celebrar o Jubileu, como realizar uma peregrina\u00e7\u00e3o, n\u00e3o julgar e n\u00e3o condenar, mas perdoar e doar, permanecendo afastado das fofocas e das palavras movidas por ci\u00fames e invejas, tornando-se \u201cinstrumentos de perd\u00e3o\u201d; abrir o cora\u00e7\u00e3o \u00e0s periferias existenciais, realizar com alegria obras de miseric\u00f3rdia corporal e espiritual e incrementar nas dioceses a iniciativa de ora\u00e7\u00e3o e penit\u00eancia \u201c24 horas para o Senhor\u201d, entre outros.<\/p>\n<p>Por fim, na terceira parte, Francisco lan\u00e7a alguns apelos contra a criminalidade e a corrup\u00e7\u00e3o &#8211; dirigindo-se aos membros de grupos criminosos e aos corruptos; exorta ao di\u00e1logo inter-religioso e explica a rela\u00e7\u00e3o entre justi\u00e7a e miseric\u00f3rdia. A Bula se conclui com a invoca\u00e7\u00e3o a Maria, testemunha da miseric\u00f3rdia de Deus.<\/p>\n<p>Como express\u00e3o do seu desejo, de que o Ano Santo extraordin\u00e1rio da Miseric\u00f3rdia seja celebrado em Roma e em todo o mundo, o Papa Francisco entregou uma c\u00f3pia da Bula tamb\u00e9m ao Prefeito da Congrega\u00e7\u00e3o para os Bispos, Cardeal Marc Ouellet; ao Prefeito da Evangeliza\u00e7\u00e3o dos Povos, Cardeal Fernando Filoni e ao Prefeito da Congrega\u00e7\u00e3o para as Igrejas Orientais, Cardeal Leonardo Sandri. Como representante de todo o Oriente, o Santo Padre entregou ainda uma c\u00f3pia do documento ao Arcebispo de Hong-Kong, Dom S\u00e1vio Hon Tai-Fai, Secret\u00e1rio da Congrega\u00e7\u00e3o para a Evangeliza\u00e7\u00e3o dos Povos. O continente africano foi representado pelo Arcebispo do Benin, Dom Barth\u00e9lemy Adoukonou, Secret\u00e1rio do Pontif\u00edcio Conselho para a Cultura. O documento foi entregue, enfim, ao Mons. Khaled Ayad Bishay, da Igreja Patriarcal de Alexandria dos Coptas.<\/p>\n<p>Ap\u00f3s a leitura do Documento oficial de convoca\u00e7\u00e3o do Ano Santo extraordin\u00e1rio da Miseric\u00f3rdia, o Pont\u00edfice presidiu \u00e0 celebra\u00e7\u00e3o das Primeiras V\u00e9speras do II Domingo da P\u00e1scoa, dedicado \u00e0 Divina Miseric\u00f3rdia.<\/p>\n<p>A Bula de convoca\u00e7\u00e3o do Jubileu extraordin\u00e1rio da Divina Miseric\u00f3rdia, que ser\u00e1 exposta na Porta das Bas\u00edlicas, indica os tempos, as datas de abertura e encerramento, e as modalidade principais do desenvolvimento.<\/p>\n<p>O documento de convoca\u00e7\u00e3o do Ano Santo da Miseric\u00f3rdia constitui um documento fundamental para reconhecer o esp\u00edrito, com o qual \u00e9 convocado, as inten\u00e7\u00f5es e os frutos esperados pelo Papa Francisco.<\/p>\n<p>A Bula pode ser lida na \u00edntegra, em portugu\u00eas, no link:\u00a0<a title=\"Bula que oficializa o Ano Santo da Miseric\u00f3rdia\" href=\"http:\/\/www.oarcanjo.net\/site\/wp-content\/uploads\/Bula-Ano-Extraordinario-da-Misericordia.pdf\" target=\"_blank\">http:\/\/www.oarcanjo.net\/site\/wp-content\/uploads\/Bula-Ano-Extraordinario-da-Misericordia.pdf<\/a><\/p>\n<p>Ou abaixo:<\/p>\n<iframe src=\"\/\/docs.google.com\/viewer?url=http%3A%2F%2Fwww.oarcanjo.net%2Fsite%2Fwp-content%2Fuploads%2FBula-Ano-Extraordinario-da-Misericordia.pdf&hl=pt_BR&embedded=true\" class=\"gde-frame\" style=\"width:100%; height:700px; border: none;\" scrolling=\"no\"><\/iframe>\n<p class=\"gde-text\"><a href=\"http:\/\/www.oarcanjo.net\/site\/wp-content\/uploads\/Bula-Ano-Extraordinario-da-Misericordia.pdf\" class=\"gde-link\">Download (PDF)<\/a><\/p>\n<p><em>Fonte: News.Va<\/em><\/p>\n<div id=\"themify_builder_content-60353\" data-postid=\"60353\" class=\"themify_builder_content themify_builder_content-60353 themify_builder themify_builder_front\">\n\t<\/div>\n<!-- \/themify_builder_content -->","protected":false},"excerpt":{"rendered":"<p>O Papa Francisco presidiu a convoca\u00e7\u00e3o oficial do Jubileu extraordin\u00e1rio da Miseric\u00f3rdia, que ter\u00e1 in\u00edcio no pr\u00f3ximo dia 8 de dezembro, solenidade da Imaculada Concei\u00e7\u00e3o, e se concluir\u00e1 em 20 de novembro de 2016, solenidade de Cristo, Rei do Universo.<\/p>\n","protected":false},"author":3,"featured_media":60357,"comment_status":"open","ping_status":"open","sticky":false,"template":"","format":"standard","meta":{"ngg_post_thumbnail":0,"footnotes":""},"categories":[3235,3,8],"tags":[3173],"yoast_head":"<!-- This site is optimized with the Yoast SEO plugin v23.5 - https:\/\/yoast.com\/wordpress\/plugins\/seo\/ -->\n<title>Bula que oficializa o Ano Santo da Miseric\u00f3rdia - O Arcanjo no ar<\/title>\n<meta name=\"robots\" content=\"index, follow, max-snippet:-1, max-image-preview:large, max-video-preview:-1\" \/>\n<link rel=\"canonical\" href=\"https:\/\/www.oarcanjo.net\/site\/bula-que-oficializa-o-ano-santo-da-misericordia\/\" \/>\n<meta property=\"og:locale\" content=\"pt_BR\" \/>\n<meta property=\"og:type\" content=\"article\" \/>\n<meta property=\"og:title\" content=\"Bula que oficializa o Ano Santo da Miseric\u00f3rdia - O Arcanjo no ar\" \/>\n<meta property=\"og:description\" content=\"O Papa Francisco presidiu a convoca\u00e7\u00e3o oficial do Jubileu extraordin\u00e1rio da Miseric\u00f3rdia, que ter\u00e1 in\u00edcio no pr\u00f3ximo dia 8 de dezembro, solenidade da Imaculada Concei\u00e7\u00e3o, e se concluir\u00e1 em 20 de novembro de 2016, solenidade de Cristo, Rei do Universo.\" \/>\n<meta property=\"og:url\" content=\"https:\/\/www.oarcanjo.net\/site\/bula-que-oficializa-o-ano-santo-da-misericordia\/\" \/>\n<meta property=\"og:site_name\" content=\"O Arcanjo no ar\" \/>\n<meta property=\"article:publisher\" content=\"https:\/\/www.facebook.com\/OArcanjoNoAr\/\" \/>\n<meta property=\"article:published_time\" content=\"2015-04-12T10:22:23+00:00\" \/>\n<meta property=\"article:modified_time\" content=\"2016-02-10T16:37:28+00:00\" \/>\n<meta property=\"og:image\" content=\"https:\/\/www.oarcanjo.net\/site\/wp-content\/uploads\/banner-bula-ano-misericordiosa-abril-2015.jpg\" \/>\n\t<meta property=\"og:image:width\" content=\"698\" \/>\n\t<meta property=\"og:image:height\" content=\"319\" \/>\n\t<meta property=\"og:image:type\" content=\"image\/jpeg\" \/>\n<meta name=\"author\" content=\"miriam.meyer\" \/>\n<meta name=\"twitter:card\" content=\"summary_large_image\" \/>\n<meta name=\"twitter:label1\" content=\"Escrito por\" \/>\n\t<meta name=\"twitter:data1\" content=\"miriam.meyer\" \/>\n\t<meta name=\"twitter:label2\" content=\"Est. tempo de leitura\" \/>\n\t<meta name=\"twitter:data2\" content=\"3 minutos\" \/>\n<script type=\"application\/ld+json\" class=\"yoast-schema-graph\">{\"@context\":\"https:\/\/schema.org\",\"@graph\":[{\"@type\":\"Article\",\"@id\":\"https:\/\/www.oarcanjo.net\/site\/bula-que-oficializa-o-ano-santo-da-misericordia\/#article\",\"isPartOf\":{\"@id\":\"https:\/\/www.oarcanjo.net\/site\/bula-que-oficializa-o-ano-santo-da-misericordia\/\"},\"author\":{\"name\":\"miriam.meyer\",\"@id\":\"https:\/\/www.oarcanjo.net\/site\/#\/schema\/person\/ce0fba3450314a09c6442cfee983a3d8\"},\"headline\":\"Bula que oficializa o Ano Santo da Miseric\u00f3rdia\",\"datePublished\":\"2015-04-12T10:22:23+00:00\",\"dateModified\":\"2016-02-10T16:37:28+00:00\",\"mainEntityOfPage\":{\"@id\":\"https:\/\/www.oarcanjo.net\/site\/bula-que-oficializa-o-ano-santo-da-misericordia\/\"},\"wordCount\":654,\"commentCount\":0,\"publisher\":{\"@id\":\"https:\/\/www.oarcanjo.net\/site\/#organization\"},\"image\":{\"@id\":\"https:\/\/www.oarcanjo.net\/site\/bula-que-oficializa-o-ano-santo-da-misericordia\/#primaryimage\"},\"thumbnailUrl\":\"https:\/\/www.oarcanjo.net\/site\/wp-content\/uploads\/banner-bula-ano-misericordiosa-abril-2015.jpg\",\"keywords\":[\"Ano Santo da Miseric\u00f3rdia\"],\"articleSection\":[\"Ano da Miseric\u00f3rdia\",\"Destaques\",\"Not\u00edcias\"],\"inLanguage\":\"pt-BR\",\"potentialAction\":[{\"@type\":\"CommentAction\",\"name\":\"Comment\",\"target\":[\"https:\/\/www.oarcanjo.net\/site\/bula-que-oficializa-o-ano-santo-da-misericordia\/#respond\"]}]},{\"@type\":\"WebPage\",\"@id\":\"https:\/\/www.oarcanjo.net\/site\/bula-que-oficializa-o-ano-santo-da-misericordia\/\",\"url\":\"https:\/\/www.oarcanjo.net\/site\/bula-que-oficializa-o-ano-santo-da-misericordia\/\",\"name\":\"Bula que oficializa o Ano Santo da Miseric\u00f3rdia - O Arcanjo no ar\",\"isPartOf\":{\"@id\":\"https:\/\/www.oarcanjo.net\/site\/#website\"},\"primaryImageOfPage\":{\"@id\":\"https:\/\/www.oarcanjo.net\/site\/bula-que-oficializa-o-ano-santo-da-misericordia\/#primaryimage\"},\"image\":{\"@id\":\"https:\/\/www.oarcanjo.net\/site\/bula-que-oficializa-o-ano-santo-da-misericordia\/#primaryimage\"},\"thumbnailUrl\":\"https:\/\/www.oarcanjo.net\/site\/wp-content\/uploads\/banner-bula-ano-misericordiosa-abril-2015.jpg\",\"datePublished\":\"2015-04-12T10:22:23+00:00\",\"dateModified\":\"2016-02-10T16:37:28+00:00\",\"breadcrumb\":{\"@id\":\"https:\/\/www.oarcanjo.net\/site\/bula-que-oficializa-o-ano-santo-da-misericordia\/#breadcrumb\"},\"inLanguage\":\"pt-BR\",\"potentialAction\":[{\"@type\":\"ReadAction\",\"target\":[\"https:\/\/www.oarcanjo.net\/site\/bula-que-oficializa-o-ano-santo-da-misericordia\/\"]}]},{\"@type\":\"ImageObject\",\"inLanguage\":\"pt-BR\",\"@id\":\"https:\/\/www.oarcanjo.net\/site\/bula-que-oficializa-o-ano-santo-da-misericordia\/#primaryimage\",\"url\":\"https:\/\/www.oarcanjo.net\/site\/wp-content\/uploads\/banner-bula-ano-misericordiosa-abril-2015.jpg\",\"contentUrl\":\"https:\/\/www.oarcanjo.net\/site\/wp-content\/uploads\/banner-bula-ano-misericordiosa-abril-2015.jpg\",\"width\":698,\"height\":319},{\"@type\":\"BreadcrumbList\",\"@id\":\"https:\/\/www.oarcanjo.net\/site\/bula-que-oficializa-o-ano-santo-da-misericordia\/#breadcrumb\",\"itemListElement\":[{\"@type\":\"ListItem\",\"position\":1,\"name\":\"In\u00edcio\",\"item\":\"https:\/\/www.oarcanjo.net\/site\/\"},{\"@type\":\"ListItem\",\"position\":2,\"name\":\"Bula que oficializa o Ano Santo da Miseric\u00f3rdia\"}]},{\"@type\":\"WebSite\",\"@id\":\"https:\/\/www.oarcanjo.net\/site\/#website\",\"url\":\"https:\/\/www.oarcanjo.net\/site\/\",\"name\":\"O Arcanjo no ar\",\"description\":\"Site da Par\u00f3quia S\u00e3o Miguel Arcanjo (Arquidiocese de SP)\",\"publisher\":{\"@id\":\"https:\/\/www.oarcanjo.net\/site\/#organization\"},\"potentialAction\":[{\"@type\":\"SearchAction\",\"target\":{\"@type\":\"EntryPoint\",\"urlTemplate\":\"https:\/\/www.oarcanjo.net\/site\/?s={search_term_string}\"},\"query-input\":{\"@type\":\"PropertyValueSpecification\",\"valueRequired\":true,\"valueName\":\"search_term_string\"}}],\"inLanguage\":\"pt-BR\"},{\"@type\":\"Organization\",\"@id\":\"https:\/\/www.oarcanjo.net\/site\/#organization\",\"name\":\"Par\u00f3quia S\u00e3o Miguel Arcanjo\",\"url\":\"https:\/\/www.oarcanjo.net\/site\/\",\"logo\":{\"@type\":\"ImageObject\",\"inLanguage\":\"pt-BR\",\"@id\":\"https:\/\/www.oarcanjo.net\/site\/#\/schema\/logo\/image\/\",\"url\":\"https:\/\/www.oarcanjo.net\/site\/wp-content\/uploads\/LogoOArcanjo.png\",\"contentUrl\":\"https:\/\/www.oarcanjo.net\/site\/wp-content\/uploads\/LogoOArcanjo.png\",\"width\":319,\"height\":99,\"caption\":\"Par\u00f3quia S\u00e3o Miguel Arcanjo\"},\"image\":{\"@id\":\"https:\/\/www.oarcanjo.net\/site\/#\/schema\/logo\/image\/\"},\"sameAs\":[\"https:\/\/www.facebook.com\/OArcanjoNoAr\/\"]},{\"@type\":\"Person\",\"@id\":\"https:\/\/www.oarcanjo.net\/site\/#\/schema\/person\/ce0fba3450314a09c6442cfee983a3d8\",\"name\":\"miriam.meyer\"}]}<\/script>\n<!-- \/ Yoast SEO plugin. -->","yoast_head_json":{"title":"Bula que oficializa o Ano Santo da Miseric\u00f3rdia - O Arcanjo no ar","robots":{"index":"index","follow":"follow","max-snippet":"max-snippet:-1","max-image-preview":"max-image-preview:large","max-video-preview":"max-video-preview:-1"},"canonical":"https:\/\/www.oarcanjo.net\/site\/bula-que-oficializa-o-ano-santo-da-misericordia\/","og_locale":"pt_BR","og_type":"article","og_title":"Bula que oficializa o Ano Santo da Miseric\u00f3rdia - O Arcanjo no ar","og_description":"O Papa Francisco presidiu a convoca\u00e7\u00e3o oficial do Jubileu extraordin\u00e1rio da Miseric\u00f3rdia, que ter\u00e1 in\u00edcio no pr\u00f3ximo dia 8 de dezembro, solenidade da Imaculada Concei\u00e7\u00e3o, e se concluir\u00e1 em 20 de novembro de 2016, solenidade de Cristo, Rei do Universo.","og_url":"https:\/\/www.oarcanjo.net\/site\/bula-que-oficializa-o-ano-santo-da-misericordia\/","og_site_name":"O Arcanjo no ar","article_publisher":"https:\/\/www.facebook.com\/OArcanjoNoAr\/","article_published_time":"2015-04-12T10:22:23+00:00","article_modified_time":"2016-02-10T16:37:28+00:00","og_image":[{"width":698,"height":319,"url":"https:\/\/www.oarcanjo.net\/site\/wp-content\/uploads\/banner-bula-ano-misericordiosa-abril-2015.jpg","type":"image\/jpeg"}],"author":"miriam.meyer","twitter_card":"summary_large_image","twitter_misc":{"Escrito por":"miriam.meyer","Est. tempo de leitura":"3 minutos"},"schema":{"@context":"https:\/\/schema.org","@graph":[{"@type":"Article","@id":"https:\/\/www.oarcanjo.net\/site\/bula-que-oficializa-o-ano-santo-da-misericordia\/#article","isPartOf":{"@id":"https:\/\/www.oarcanjo.net\/site\/bula-que-oficializa-o-ano-santo-da-misericordia\/"},"author":{"name":"miriam.meyer","@id":"https:\/\/www.oarcanjo.net\/site\/#\/schema\/person\/ce0fba3450314a09c6442cfee983a3d8"},"headline":"Bula que oficializa o Ano Santo da Miseric\u00f3rdia","datePublished":"2015-04-12T10:22:23+00:00","dateModified":"2016-02-10T16:37:28+00:00","mainEntityOfPage":{"@id":"https:\/\/www.oarcanjo.net\/site\/bula-que-oficializa-o-ano-santo-da-misericordia\/"},"wordCount":654,"commentCount":0,"publisher":{"@id":"https:\/\/www.oarcanjo.net\/site\/#organization"},"image":{"@id":"https:\/\/www.oarcanjo.net\/site\/bula-que-oficializa-o-ano-santo-da-misericordia\/#primaryimage"},"thumbnailUrl":"https:\/\/www.oarcanjo.net\/site\/wp-content\/uploads\/banner-bula-ano-misericordiosa-abril-2015.jpg","keywords":["Ano Santo da Miseric\u00f3rdia"],"articleSection":["Ano da Miseric\u00f3rdia","Destaques","Not\u00edcias"],"inLanguage":"pt-BR","potentialAction":[{"@type":"CommentAction","name":"Comment","target":["https:\/\/www.oarcanjo.net\/site\/bula-que-oficializa-o-ano-santo-da-misericordia\/#respond"]}]},{"@type":"WebPage","@id":"https:\/\/www.oarcanjo.net\/site\/bula-que-oficializa-o-ano-santo-da-misericordia\/","url":"https:\/\/www.oarcanjo.net\/site\/bula-que-oficializa-o-ano-santo-da-misericordia\/","name":"Bula que oficializa o Ano Santo da Miseric\u00f3rdia - O Arcanjo no ar","isPartOf":{"@id":"https:\/\/www.oarcanjo.net\/site\/#website"},"primaryImageOfPage":{"@id":"https:\/\/www.oarcanjo.net\/site\/bula-que-oficializa-o-ano-santo-da-misericordia\/#primaryimage"},"image":{"@id":"https:\/\/www.oarcanjo.net\/site\/bula-que-oficializa-o-ano-santo-da-misericordia\/#primaryimage"},"thumbnailUrl":"https:\/\/www.oarcanjo.net\/site\/wp-content\/uploads\/banner-bula-ano-misericordiosa-abril-2015.jpg","datePublished":"2015-04-12T10:22:23+00:00","dateModified":"2016-02-10T16:37:28+00:00","breadcrumb":{"@id":"https:\/\/www.oarcanjo.net\/site\/bula-que-oficializa-o-ano-santo-da-misericordia\/#breadcrumb"},"inLanguage":"pt-BR","potentialAction":[{"@type":"ReadAction","target":["https:\/\/www.oarcanjo.net\/site\/bula-que-oficializa-o-ano-santo-da-misericordia\/"]}]},{"@type":"ImageObject","inLanguage":"pt-BR","@id":"https:\/\/www.oarcanjo.net\/site\/bula-que-oficializa-o-ano-santo-da-misericordia\/#primaryimage","url":"https:\/\/www.oarcanjo.net\/site\/wp-content\/uploads\/banner-bula-ano-misericordiosa-abril-2015.jpg","contentUrl":"https:\/\/www.oarcanjo.net\/site\/wp-content\/uploads\/banner-bula-ano-misericordiosa-abril-2015.jpg","width":698,"height":319},{"@type":"BreadcrumbList","@id":"https:\/\/www.oarcanjo.net\/site\/bula-que-oficializa-o-ano-santo-da-misericordia\/#breadcrumb","itemListElement":[{"@type":"ListItem","position":1,"name":"In\u00edcio","item":"https:\/\/www.oarcanjo.net\/site\/"},{"@type":"ListItem","position":2,"name":"Bula que oficializa o Ano Santo da Miseric\u00f3rdia"}]},{"@type":"WebSite","@id":"https:\/\/www.oarcanjo.net\/site\/#website","url":"https:\/\/www.oarcanjo.net\/site\/","name":"O Arcanjo no ar","description":"Site da Par\u00f3quia S\u00e3o Miguel Arcanjo (Arquidiocese de SP)","publisher":{"@id":"https:\/\/www.oarcanjo.net\/site\/#organization"},"potentialAction":[{"@type":"SearchAction","target":{"@type":"EntryPoint","urlTemplate":"https:\/\/www.oarcanjo.net\/site\/?s={search_term_string}"},"query-input":{"@type":"PropertyValueSpecification","valueRequired":true,"valueName":"search_term_string"}}],"inLanguage":"pt-BR"},{"@type":"Organization","@id":"https:\/\/www.oarcanjo.net\/site\/#organization","name":"Par\u00f3quia S\u00e3o Miguel Arcanjo","url":"https:\/\/www.oarcanjo.net\/site\/","logo":{"@type":"ImageObject","inLanguage":"pt-BR","@id":"https:\/\/www.oarcanjo.net\/site\/#\/schema\/logo\/image\/","url":"https:\/\/www.oarcanjo.net\/site\/wp-content\/uploads\/LogoOArcanjo.png","contentUrl":"https:\/\/www.oarcanjo.net\/site\/wp-content\/uploads\/LogoOArcanjo.png","width":319,"height":99,"caption":"Par\u00f3quia S\u00e3o Miguel Arcanjo"},"image":{"@id":"https:\/\/www.oarcanjo.net\/site\/#\/schema\/logo\/image\/"},"sameAs":["https:\/\/www.facebook.com\/OArcanjoNoAr\/"]},{"@type":"Person","@id":"https:\/\/www.oarcanjo.net\/site\/#\/schema\/person\/ce0fba3450314a09c6442cfee983a3d8","name":"miriam.meyer"}]}},"publishpress_future_action":{"enabled":false,"date":"2026-05-09 03:21:21","action":"category","newStatus":"draft","terms":[],"taxonomy":"category"},"publishpress_future_workflow_manual_trigger":{"enabledWorkflows":[]},"_links":{"self":[{"href":"https:\/\/www.oarcanjo.net\/site\/wp-json\/wp\/v2\/posts\/60353"}],"collection":[{"href":"https:\/\/www.oarcanjo.net\/site\/wp-json\/wp\/v2\/posts"}],"about":[{"href":"https:\/\/www.oarcanjo.net\/site\/wp-json\/wp\/v2\/types\/post"}],"author":[{"embeddable":true,"href":"https:\/\/www.oarcanjo.net\/site\/wp-json\/wp\/v2\/users\/3"}],"replies":[{"embeddable":true,"href":"https:\/\/www.oarcanjo.net\/site\/wp-json\/wp\/v2\/comments?post=60353"}],"version-history":[{"count":0,"href":"https:\/\/www.oarcanjo.net\/site\/wp-json\/wp\/v2\/posts\/60353\/revisions"}],"wp:featuredmedia":[{"embeddable":true,"href":"https:\/\/www.oarcanjo.net\/site\/wp-json\/wp\/v2\/media\/60357"}],"wp:attachment":[{"href":"https:\/\/www.oarcanjo.net\/site\/wp-json\/wp\/v2\/media?parent=60353"}],"wp:term":[{"taxonomy":"category","embeddable":true,"href":"https:\/\/www.oarcanjo.net\/site\/wp-json\/wp\/v2\/categories?post=60353"},{"taxonomy":"post_tag","embeddable":true,"href":"https:\/\/www.oarcanjo.net\/site\/wp-json\/wp\/v2\/tags?post=60353"}],"curies":[{"name":"wp","href":"https:\/\/api.w.org\/{rel}","templated":true}]}}