
{"id":60390,"date":"2015-04-20T00:43:44","date_gmt":"2015-04-20T03:43:44","guid":{"rendered":"http:\/\/www.oarcanjo.net\/site\/?p=60390"},"modified":"2015-05-20T02:25:54","modified_gmt":"2015-05-20T05:25:54","slug":"pe-julio-lancellotti-completa-hoje-dia-20-de-abril-30-anos-de-sacerdocio","status":"publish","type":"post","link":"https:\/\/www.oarcanjo.net\/site\/pe-julio-lancellotti-completa-hoje-dia-20-de-abril-30-anos-de-sacerdocio\/","title":{"rendered":"Pe. Julio Lancellotti completa 30 anos de sacerd\u00f3cio"},"content":{"rendered":"<p><iframe loading=\"lazy\" src=\"https:\/\/www.youtube.com\/embed\/h5EMdG2JC4Q?rel=0\" width=\"640\" height=\"360\" frameborder=\"0\" allowfullscreen=\"allowfullscreen\"><\/iframe><\/p>\n<p>Homenagem ao Pe. Julio:<\/p>\n<p><iframe loading=\"lazy\" src=\"https:\/\/www.youtube.com\/embed\/CHT7j8d1R8M?rel=0\" width=\"640\" height=\"360\" frameborder=\"0\" allowfullscreen=\"allowfullscreen\"><\/iframe><\/p>\n<p>Pe. Julio Lancellotti\u00a0completou nesta segunda-feira, dia 20 de abril, seus e nossos exatos 30 anos de minist\u00e9rio presbiteral como um bom sacerdote e s\u00e1bio evangelizador com cheiro de ovelha, um lutador e profeta dos pobres, pelejador da justi\u00e7a e companheiro sonhador de esperan\u00e7as na alian\u00e7a concreta com o povo. Sem clericalismos. Sem narcisismos. Sem dinheiro no bolso. Sem puxa-sacos. Sem carreirismos. Dizendo a verdade na cara de todos. Seja governador, seja presidente, seja pre<span class=\"text_exposed_show\">feito. <\/span><\/p>\n<p>Se voc\u00ea tiver alguma foto com o <a href=\"https:\/\/www.facebook.com\/PeJulioLancellotti\" target=\"_blank\">monsenhor Julio Renato Julio Lancellotti<\/a> em alguma celebra\u00e7\u00e3o, nas ruas, em passeata, na caminhada, realizando batizados, assistindo casamentos, fazendo reuni\u00e3o, animando festas, metido nas lutas, sonhando, cantando, pregando, chorando, rindo, dando de beber, acolhendo o fraco, a crian\u00e7a e o migrante, fa\u00e7a a gentileza de postar na linha do tempo dele no Facebook (ou envie pelo formul\u00e1rio desta p\u00e1gina). Seria muito lindo ver estas sementes e amizades entrela\u00e7adas.<\/p>\n<p><em>Mensagem\u00a0publicada pelo te\u00f3logo\u00a0<a id=\"js_9m\" class=\"profileLink\" href=\"https:\/\/www.facebook.com\/fernando.altemeyerjunior\" data-ft=\"{&quot;tn&quot;:&quot;l&quot;}\" data-hovercard=\"\/ajax\/hovercard\/user.php?id=100003581432466\">Fernando Altemeyer Junior<\/a>\u00a0no Facebook.<\/em><\/p>\n\n<div class=\"wpcf7 no-js\" id=\"wpcf7-f60477-o1\" lang=\"pt-BR\" dir=\"ltr\">\n<div class=\"screen-reader-response\"><p role=\"status\" aria-live=\"polite\" aria-atomic=\"true\"><\/p> <ul><\/ul><\/div>\n<form action=\"\/site\/wp-json\/wp\/v2\/posts\/60390#wpcf7-f60477-o1\" method=\"post\" class=\"wpcf7-form init\" aria-label=\"Formul\u00e1rios de contato\" enctype=\"multipart\/form-data\" novalidate=\"novalidate\" data-status=\"init\">\n<div style=\"display: none;\">\n<input type=\"hidden\" name=\"_wpcf7\" value=\"60477\" \/>\n<input type=\"hidden\" name=\"_wpcf7_version\" value=\"5.9.8\" \/>\n<input type=\"hidden\" name=\"_wpcf7_locale\" value=\"pt_BR\" \/>\n<input type=\"hidden\" name=\"_wpcf7_unit_tag\" value=\"wpcf7-f60477-o1\" \/>\n<input type=\"hidden\" name=\"_wpcf7_container_post\" value=\"0\" \/>\n<input type=\"hidden\" name=\"_wpcf7_posted_data_hash\" value=\"\" \/>\n<\/div>\n<p>Mande sua foto com o Pe. Julio para acrescentarmos na galeria dos 30 anos de sacerd\u00f3cio.\n<\/p>\n<p>Nome\n<\/p>\n<p><span class=\"wpcf7-form-control-wrap\" data-name=\"your-name\"><input size=\"40\" maxlength=\"400\" class=\"wpcf7-form-control wpcf7-text wpcf7-validates-as-required\" aria-required=\"true\" aria-invalid=\"false\" value=\"\" type=\"text\" name=\"your-name\" \/><\/span>\n<\/p>\n<p>E-mail\n<\/p>\n<p><span class=\"wpcf7-form-control-wrap\" data-name=\"your-email\"><input size=\"40\" maxlength=\"400\" class=\"wpcf7-form-control wpcf7-email wpcf7-validates-as-required wpcf7-text wpcf7-validates-as-email\" aria-required=\"true\" aria-invalid=\"false\" value=\"\" type=\"email\" name=\"your-email\" \/><\/span>\n<\/p>\n<p><span class=\"wpcf7-form-control-wrap\" data-name=\"foto\"><input size=\"40\" class=\"wpcf7-form-control wpcf7-file wpcf7-validates-as-required\" accept=\".jpg,.png\" aria-required=\"true\" aria-invalid=\"false\" type=\"file\" name=\"foto\" \/><\/span>\n<\/p>\n<p><i>(Tamanho m\u00e1ximo: 2MB | Formato: JPG e PNG)<\/i>\n<\/p>\n<p>Mensagem\n<\/p>\n<p><span class=\"wpcf7-form-control-wrap\" data-name=\"your-message\"><textarea cols=\"40\" rows=\"10\" maxlength=\"2000\" class=\"wpcf7-form-control wpcf7-textarea\" aria-invalid=\"false\" name=\"your-message\"><\/textarea><\/span>\n<\/p>\n<p><input class=\"wpcf7-form-control wpcf7-submit has-spinner\" type=\"submit\" value=\"Enviar\" \/>\n<\/p><p style=\"display: none !important;\" class=\"akismet-fields-container\" data-prefix=\"_wpcf7_ak_\"><label>&#916;<textarea name=\"_wpcf7_ak_hp_textarea\" cols=\"45\" rows=\"8\" maxlength=\"100\"><\/textarea><\/label><input type=\"hidden\" id=\"ak_js_1\" name=\"_wpcf7_ak_js\" value=\"195\"\/><script>document.getElementById( \"ak_js_1\" ).setAttribute( \"value\", ( new Date() ).getTime() );<\/script><\/p><div class=\"wpcf7-response-output\" aria-hidden=\"true\"><\/div>\n<\/form>\n<\/div>\n\n<p><strong>30 anos de minist\u00e9rio presbiteral<\/strong><\/p>\nngg_shortcode_0_placeholder\n<div id=\"themify_builder_content-60390\" data-postid=\"60390\" class=\"themify_builder_content themify_builder_content-60390 themify_builder themify_builder_front\">\n\t<\/div>\n<!-- \/themify_builder_content -->","protected":false},"excerpt":{"rendered":"<p>Pe. Julio Lancellotti completa nesta segunda-feira, 20 de abril, exatos 30 anos de minist\u00e9rio presbiteral como um bom sacerdote e s\u00e1bio evangelizador com cheiro de ovelha<\/p>\n","protected":false},"author":3,"featured_media":60392,"comment_status":"open","ping_status":"open","sticky":false,"template":"","format":"standard","meta":{"ngg_post_thumbnail":0,"footnotes":""},"categories":[8,280],"tags":[3175,523,967],"yoast_head":"<!-- This site is optimized with the Yoast SEO plugin v23.5 - https:\/\/yoast.com\/wordpress\/plugins\/seo\/ -->\n<title>Pe. Julio Lancellotti completa 30 anos de sacerd\u00f3cio - O Arcanjo no ar<\/title>\n<meta name=\"robots\" content=\"index, follow, max-snippet:-1, max-image-preview:large, max-video-preview:-1\" \/>\n<link rel=\"canonical\" href=\"https:\/\/www.oarcanjo.net\/site\/pe-julio-lancellotti-completa-hoje-dia-20-de-abril-30-anos-de-sacerdocio\/\" \/>\n<meta property=\"og:locale\" content=\"pt_BR\" \/>\n<meta property=\"og:type\" content=\"article\" \/>\n<meta property=\"og:title\" content=\"Pe. Julio Lancellotti completa 30 anos de sacerd\u00f3cio - O Arcanjo no ar\" \/>\n<meta property=\"og:description\" content=\"Pe. Julio Lancellotti completa nesta segunda-feira, 20 de abril, exatos 30 anos de minist\u00e9rio presbiteral como um bom sacerdote e s\u00e1bio evangelizador com cheiro de ovelha\" \/>\n<meta property=\"og:url\" content=\"https:\/\/www.oarcanjo.net\/site\/pe-julio-lancellotti-completa-hoje-dia-20-de-abril-30-anos-de-sacerdocio\/\" \/>\n<meta property=\"og:site_name\" content=\"O Arcanjo no ar\" \/>\n<meta property=\"article:publisher\" content=\"https:\/\/www.facebook.com\/OArcanjoNoAr\/\" \/>\n<meta property=\"article:published_time\" content=\"2015-04-20T03:43:44+00:00\" \/>\n<meta property=\"article:modified_time\" content=\"2015-05-20T05:25:54+00:00\" \/>\n<meta property=\"og:image\" content=\"https:\/\/www.oarcanjo.net\/site\/wp-content\/uploads\/banner-30-anos-sacerdocio-pe-julio-abril-2015.jpg\" \/>\n\t<meta property=\"og:image:width\" content=\"698\" \/>\n\t<meta property=\"og:image:height\" content=\"319\" \/>\n\t<meta property=\"og:image:type\" content=\"image\/jpeg\" \/>\n<meta name=\"author\" content=\"miriam.meyer\" \/>\n<meta name=\"twitter:card\" content=\"summary_large_image\" \/>\n<meta name=\"twitter:label1\" content=\"Escrito por\" \/>\n\t<meta name=\"twitter:data1\" content=\"miriam.meyer\" \/>\n\t<meta name=\"twitter:label2\" content=\"Est. tempo de leitura\" \/>\n\t<meta name=\"twitter:data2\" content=\"1 minuto\" \/>\n<script type=\"application\/ld+json\" class=\"yoast-schema-graph\">{\"@context\":\"https:\/\/schema.org\",\"@graph\":[{\"@type\":\"Article\",\"@id\":\"https:\/\/www.oarcanjo.net\/site\/pe-julio-lancellotti-completa-hoje-dia-20-de-abril-30-anos-de-sacerdocio\/#article\",\"isPartOf\":{\"@id\":\"https:\/\/www.oarcanjo.net\/site\/pe-julio-lancellotti-completa-hoje-dia-20-de-abril-30-anos-de-sacerdocio\/\"},\"author\":{\"name\":\"miriam.meyer\",\"@id\":\"https:\/\/www.oarcanjo.net\/site\/#\/schema\/person\/ce0fba3450314a09c6442cfee983a3d8\"},\"headline\":\"Pe. Julio Lancellotti completa 30 anos de sacerd\u00f3cio\",\"datePublished\":\"2015-04-20T03:43:44+00:00\",\"dateModified\":\"2015-05-20T05:25:54+00:00\",\"mainEntityOfPage\":{\"@id\":\"https:\/\/www.oarcanjo.net\/site\/pe-julio-lancellotti-completa-hoje-dia-20-de-abril-30-anos-de-sacerdocio\/\"},\"wordCount\":193,\"commentCount\":0,\"publisher\":{\"@id\":\"https:\/\/www.oarcanjo.net\/site\/#organization\"},\"image\":{\"@id\":\"https:\/\/www.oarcanjo.net\/site\/pe-julio-lancellotti-completa-hoje-dia-20-de-abril-30-anos-de-sacerdocio\/#primaryimage\"},\"thumbnailUrl\":\"https:\/\/www.oarcanjo.net\/site\/wp-content\/uploads\/banner-30-anos-sacerdocio-pe-julio-abril-2015.jpg\",\"keywords\":[\"Minist\u00e9rio presbiteral\",\"Ordena\u00e7\u00e3o\",\"Pe J\u00falio Lancellotti\"],\"articleSection\":[\"Not\u00edcias\",\"V\u00eddeos\"],\"inLanguage\":\"pt-BR\",\"potentialAction\":[{\"@type\":\"CommentAction\",\"name\":\"Comment\",\"target\":[\"https:\/\/www.oarcanjo.net\/site\/pe-julio-lancellotti-completa-hoje-dia-20-de-abril-30-anos-de-sacerdocio\/#respond\"]}]},{\"@type\":\"WebPage\",\"@id\":\"https:\/\/www.oarcanjo.net\/site\/pe-julio-lancellotti-completa-hoje-dia-20-de-abril-30-anos-de-sacerdocio\/\",\"url\":\"https:\/\/www.oarcanjo.net\/site\/pe-julio-lancellotti-completa-hoje-dia-20-de-abril-30-anos-de-sacerdocio\/\",\"name\":\"Pe. Julio Lancellotti completa 30 anos de sacerd\u00f3cio - O Arcanjo no ar\",\"isPartOf\":{\"@id\":\"https:\/\/www.oarcanjo.net\/site\/#website\"},\"primaryImageOfPage\":{\"@id\":\"https:\/\/www.oarcanjo.net\/site\/pe-julio-lancellotti-completa-hoje-dia-20-de-abril-30-anos-de-sacerdocio\/#primaryimage\"},\"image\":{\"@id\":\"https:\/\/www.oarcanjo.net\/site\/pe-julio-lancellotti-completa-hoje-dia-20-de-abril-30-anos-de-sacerdocio\/#primaryimage\"},\"thumbnailUrl\":\"https:\/\/www.oarcanjo.net\/site\/wp-content\/uploads\/banner-30-anos-sacerdocio-pe-julio-abril-2015.jpg\",\"datePublished\":\"2015-04-20T03:43:44+00:00\",\"dateModified\":\"2015-05-20T05:25:54+00:00\",\"breadcrumb\":{\"@id\":\"https:\/\/www.oarcanjo.net\/site\/pe-julio-lancellotti-completa-hoje-dia-20-de-abril-30-anos-de-sacerdocio\/#breadcrumb\"},\"inLanguage\":\"pt-BR\",\"potentialAction\":[{\"@type\":\"ReadAction\",\"target\":[\"https:\/\/www.oarcanjo.net\/site\/pe-julio-lancellotti-completa-hoje-dia-20-de-abril-30-anos-de-sacerdocio\/\"]}]},{\"@type\":\"ImageObject\",\"inLanguage\":\"pt-BR\",\"@id\":\"https:\/\/www.oarcanjo.net\/site\/pe-julio-lancellotti-completa-hoje-dia-20-de-abril-30-anos-de-sacerdocio\/#primaryimage\",\"url\":\"https:\/\/www.oarcanjo.net\/site\/wp-content\/uploads\/banner-30-anos-sacerdocio-pe-julio-abril-2015.jpg\",\"contentUrl\":\"https:\/\/www.oarcanjo.net\/site\/wp-content\/uploads\/banner-30-anos-sacerdocio-pe-julio-abril-2015.jpg\",\"width\":698,\"height\":319},{\"@type\":\"BreadcrumbList\",\"@id\":\"https:\/\/www.oarcanjo.net\/site\/pe-julio-lancellotti-completa-hoje-dia-20-de-abril-30-anos-de-sacerdocio\/#breadcrumb\",\"itemListElement\":[{\"@type\":\"ListItem\",\"position\":1,\"name\":\"In\u00edcio\",\"item\":\"https:\/\/www.oarcanjo.net\/site\/\"},{\"@type\":\"ListItem\",\"position\":2,\"name\":\"Pe. Julio Lancellotti completa 30 anos de sacerd\u00f3cio\"}]},{\"@type\":\"WebSite\",\"@id\":\"https:\/\/www.oarcanjo.net\/site\/#website\",\"url\":\"https:\/\/www.oarcanjo.net\/site\/\",\"name\":\"O Arcanjo no ar\",\"description\":\"Site da Par\u00f3quia S\u00e3o Miguel Arcanjo (Arquidiocese de SP)\",\"publisher\":{\"@id\":\"https:\/\/www.oarcanjo.net\/site\/#organization\"},\"potentialAction\":[{\"@type\":\"SearchAction\",\"target\":{\"@type\":\"EntryPoint\",\"urlTemplate\":\"https:\/\/www.oarcanjo.net\/site\/?s={search_term_string}\"},\"query-input\":{\"@type\":\"PropertyValueSpecification\",\"valueRequired\":true,\"valueName\":\"search_term_string\"}}],\"inLanguage\":\"pt-BR\"},{\"@type\":\"Organization\",\"@id\":\"https:\/\/www.oarcanjo.net\/site\/#organization\",\"name\":\"Par\u00f3quia S\u00e3o Miguel Arcanjo\",\"url\":\"https:\/\/www.oarcanjo.net\/site\/\",\"logo\":{\"@type\":\"ImageObject\",\"inLanguage\":\"pt-BR\",\"@id\":\"https:\/\/www.oarcanjo.net\/site\/#\/schema\/logo\/image\/\",\"url\":\"https:\/\/www.oarcanjo.net\/site\/wp-content\/uploads\/LogoOArcanjo.png\",\"contentUrl\":\"https:\/\/www.oarcanjo.net\/site\/wp-content\/uploads\/LogoOArcanjo.png\",\"width\":319,\"height\":99,\"caption\":\"Par\u00f3quia S\u00e3o Miguel Arcanjo\"},\"image\":{\"@id\":\"https:\/\/www.oarcanjo.net\/site\/#\/schema\/logo\/image\/\"},\"sameAs\":[\"https:\/\/www.facebook.com\/OArcanjoNoAr\/\"]},{\"@type\":\"Person\",\"@id\":\"https:\/\/www.oarcanjo.net\/site\/#\/schema\/person\/ce0fba3450314a09c6442cfee983a3d8\",\"name\":\"miriam.meyer\"}]}<\/script>\n<!-- \/ Yoast SEO plugin. -->","yoast_head_json":{"title":"Pe. Julio Lancellotti completa 30 anos de sacerd\u00f3cio - O Arcanjo no ar","robots":{"index":"index","follow":"follow","max-snippet":"max-snippet:-1","max-image-preview":"max-image-preview:large","max-video-preview":"max-video-preview:-1"},"canonical":"https:\/\/www.oarcanjo.net\/site\/pe-julio-lancellotti-completa-hoje-dia-20-de-abril-30-anos-de-sacerdocio\/","og_locale":"pt_BR","og_type":"article","og_title":"Pe. Julio Lancellotti completa 30 anos de sacerd\u00f3cio - O Arcanjo no ar","og_description":"Pe. Julio Lancellotti completa nesta segunda-feira, 20 de abril, exatos 30 anos de minist\u00e9rio presbiteral como um bom sacerdote e s\u00e1bio evangelizador com cheiro de ovelha","og_url":"https:\/\/www.oarcanjo.net\/site\/pe-julio-lancellotti-completa-hoje-dia-20-de-abril-30-anos-de-sacerdocio\/","og_site_name":"O Arcanjo no ar","article_publisher":"https:\/\/www.facebook.com\/OArcanjoNoAr\/","article_published_time":"2015-04-20T03:43:44+00:00","article_modified_time":"2015-05-20T05:25:54+00:00","og_image":[{"width":698,"height":319,"url":"https:\/\/www.oarcanjo.net\/site\/wp-content\/uploads\/banner-30-anos-sacerdocio-pe-julio-abril-2015.jpg","type":"image\/jpeg"}],"author":"miriam.meyer","twitter_card":"summary_large_image","twitter_misc":{"Escrito por":"miriam.meyer","Est. tempo de leitura":"1 minuto"},"schema":{"@context":"https:\/\/schema.org","@graph":[{"@type":"Article","@id":"https:\/\/www.oarcanjo.net\/site\/pe-julio-lancellotti-completa-hoje-dia-20-de-abril-30-anos-de-sacerdocio\/#article","isPartOf":{"@id":"https:\/\/www.oarcanjo.net\/site\/pe-julio-lancellotti-completa-hoje-dia-20-de-abril-30-anos-de-sacerdocio\/"},"author":{"name":"miriam.meyer","@id":"https:\/\/www.oarcanjo.net\/site\/#\/schema\/person\/ce0fba3450314a09c6442cfee983a3d8"},"headline":"Pe. Julio Lancellotti completa 30 anos de sacerd\u00f3cio","datePublished":"2015-04-20T03:43:44+00:00","dateModified":"2015-05-20T05:25:54+00:00","mainEntityOfPage":{"@id":"https:\/\/www.oarcanjo.net\/site\/pe-julio-lancellotti-completa-hoje-dia-20-de-abril-30-anos-de-sacerdocio\/"},"wordCount":193,"commentCount":0,"publisher":{"@id":"https:\/\/www.oarcanjo.net\/site\/#organization"},"image":{"@id":"https:\/\/www.oarcanjo.net\/site\/pe-julio-lancellotti-completa-hoje-dia-20-de-abril-30-anos-de-sacerdocio\/#primaryimage"},"thumbnailUrl":"https:\/\/www.oarcanjo.net\/site\/wp-content\/uploads\/banner-30-anos-sacerdocio-pe-julio-abril-2015.jpg","keywords":["Minist\u00e9rio presbiteral","Ordena\u00e7\u00e3o","Pe J\u00falio Lancellotti"],"articleSection":["Not\u00edcias","V\u00eddeos"],"inLanguage":"pt-BR","potentialAction":[{"@type":"CommentAction","name":"Comment","target":["https:\/\/www.oarcanjo.net\/site\/pe-julio-lancellotti-completa-hoje-dia-20-de-abril-30-anos-de-sacerdocio\/#respond"]}]},{"@type":"WebPage","@id":"https:\/\/www.oarcanjo.net\/site\/pe-julio-lancellotti-completa-hoje-dia-20-de-abril-30-anos-de-sacerdocio\/","url":"https:\/\/www.oarcanjo.net\/site\/pe-julio-lancellotti-completa-hoje-dia-20-de-abril-30-anos-de-sacerdocio\/","name":"Pe. Julio Lancellotti completa 30 anos de sacerd\u00f3cio - O Arcanjo no ar","isPartOf":{"@id":"https:\/\/www.oarcanjo.net\/site\/#website"},"primaryImageOfPage":{"@id":"https:\/\/www.oarcanjo.net\/site\/pe-julio-lancellotti-completa-hoje-dia-20-de-abril-30-anos-de-sacerdocio\/#primaryimage"},"image":{"@id":"https:\/\/www.oarcanjo.net\/site\/pe-julio-lancellotti-completa-hoje-dia-20-de-abril-30-anos-de-sacerdocio\/#primaryimage"},"thumbnailUrl":"https:\/\/www.oarcanjo.net\/site\/wp-content\/uploads\/banner-30-anos-sacerdocio-pe-julio-abril-2015.jpg","datePublished":"2015-04-20T03:43:44+00:00","dateModified":"2015-05-20T05:25:54+00:00","breadcrumb":{"@id":"https:\/\/www.oarcanjo.net\/site\/pe-julio-lancellotti-completa-hoje-dia-20-de-abril-30-anos-de-sacerdocio\/#breadcrumb"},"inLanguage":"pt-BR","potentialAction":[{"@type":"ReadAction","target":["https:\/\/www.oarcanjo.net\/site\/pe-julio-lancellotti-completa-hoje-dia-20-de-abril-30-anos-de-sacerdocio\/"]}]},{"@type":"ImageObject","inLanguage":"pt-BR","@id":"https:\/\/www.oarcanjo.net\/site\/pe-julio-lancellotti-completa-hoje-dia-20-de-abril-30-anos-de-sacerdocio\/#primaryimage","url":"https:\/\/www.oarcanjo.net\/site\/wp-content\/uploads\/banner-30-anos-sacerdocio-pe-julio-abril-2015.jpg","contentUrl":"https:\/\/www.oarcanjo.net\/site\/wp-content\/uploads\/banner-30-anos-sacerdocio-pe-julio-abril-2015.jpg","width":698,"height":319},{"@type":"BreadcrumbList","@id":"https:\/\/www.oarcanjo.net\/site\/pe-julio-lancellotti-completa-hoje-dia-20-de-abril-30-anos-de-sacerdocio\/#breadcrumb","itemListElement":[{"@type":"ListItem","position":1,"name":"In\u00edcio","item":"https:\/\/www.oarcanjo.net\/site\/"},{"@type":"ListItem","position":2,"name":"Pe. Julio Lancellotti completa 30 anos de sacerd\u00f3cio"}]},{"@type":"WebSite","@id":"https:\/\/www.oarcanjo.net\/site\/#website","url":"https:\/\/www.oarcanjo.net\/site\/","name":"O Arcanjo no ar","description":"Site da Par\u00f3quia S\u00e3o Miguel Arcanjo (Arquidiocese de SP)","publisher":{"@id":"https:\/\/www.oarcanjo.net\/site\/#organization"},"potentialAction":[{"@type":"SearchAction","target":{"@type":"EntryPoint","urlTemplate":"https:\/\/www.oarcanjo.net\/site\/?s={search_term_string}"},"query-input":{"@type":"PropertyValueSpecification","valueRequired":true,"valueName":"search_term_string"}}],"inLanguage":"pt-BR"},{"@type":"Organization","@id":"https:\/\/www.oarcanjo.net\/site\/#organization","name":"Par\u00f3quia S\u00e3o Miguel Arcanjo","url":"https:\/\/www.oarcanjo.net\/site\/","logo":{"@type":"ImageObject","inLanguage":"pt-BR","@id":"https:\/\/www.oarcanjo.net\/site\/#\/schema\/logo\/image\/","url":"https:\/\/www.oarcanjo.net\/site\/wp-content\/uploads\/LogoOArcanjo.png","contentUrl":"https:\/\/www.oarcanjo.net\/site\/wp-content\/uploads\/LogoOArcanjo.png","width":319,"height":99,"caption":"Par\u00f3quia S\u00e3o Miguel Arcanjo"},"image":{"@id":"https:\/\/www.oarcanjo.net\/site\/#\/schema\/logo\/image\/"},"sameAs":["https:\/\/www.facebook.com\/OArcanjoNoAr\/"]},{"@type":"Person","@id":"https:\/\/www.oarcanjo.net\/site\/#\/schema\/person\/ce0fba3450314a09c6442cfee983a3d8","name":"miriam.meyer"}]}},"publishpress_future_action":{"enabled":false,"date":"2026-05-09 07:56:44","action":"category","newStatus":"draft","terms":[],"taxonomy":"category"},"publishpress_future_workflow_manual_trigger":{"enabledWorkflows":[]},"_links":{"self":[{"href":"https:\/\/www.oarcanjo.net\/site\/wp-json\/wp\/v2\/posts\/60390"}],"collection":[{"href":"https:\/\/www.oarcanjo.net\/site\/wp-json\/wp\/v2\/posts"}],"about":[{"href":"https:\/\/www.oarcanjo.net\/site\/wp-json\/wp\/v2\/types\/post"}],"author":[{"embeddable":true,"href":"https:\/\/www.oarcanjo.net\/site\/wp-json\/wp\/v2\/users\/3"}],"replies":[{"embeddable":true,"href":"https:\/\/www.oarcanjo.net\/site\/wp-json\/wp\/v2\/comments?post=60390"}],"version-history":[{"count":0,"href":"https:\/\/www.oarcanjo.net\/site\/wp-json\/wp\/v2\/posts\/60390\/revisions"}],"wp:featuredmedia":[{"embeddable":true,"href":"https:\/\/www.oarcanjo.net\/site\/wp-json\/wp\/v2\/media\/60392"}],"wp:attachment":[{"href":"https:\/\/www.oarcanjo.net\/site\/wp-json\/wp\/v2\/media?parent=60390"}],"wp:term":[{"taxonomy":"category","embeddable":true,"href":"https:\/\/www.oarcanjo.net\/site\/wp-json\/wp\/v2\/categories?post=60390"},{"taxonomy":"post_tag","embeddable":true,"href":"https:\/\/www.oarcanjo.net\/site\/wp-json\/wp\/v2\/tags?post=60390"}],"curies":[{"name":"wp","href":"https:\/\/api.w.org\/{rel}","templated":true}]}}