
{"id":60499,"date":"2015-04-20T19:51:45","date_gmt":"2015-04-20T22:51:45","guid":{"rendered":"http:\/\/www.oarcanjo.net\/site\/?p=60499"},"modified":"2015-04-20T23:22:06","modified_gmt":"2015-04-21T02:22:06","slug":"setor-belem-faz-reuniao-na-sao-miguel","status":"publish","type":"post","link":"https:\/\/www.oarcanjo.net\/site\/setor-belem-faz-reuniao-na-sao-miguel\/","title":{"rendered":"Setor Bel\u00e9m faz reuni\u00e3o na S\u00e3o Miguel"},"content":{"rendered":"<p style=\"text-align: justify;\">Representantes e padres do Setor Bel\u00e9m estiveram reunidos na noite desta ter\u00e7a-feira, 14\/04\/15. A reuni\u00e3o aconteceu aqui na Par\u00f3quia S\u00e3o Miguel Arcanjo, que fez a acolhida e recep\u00e7\u00e3o para as 9 par\u00f3quias do Setor, ou seja, Santa Rita de C\u00e1ssia, S\u00e3o Jo\u00e3o Batista, S\u00e3o Jos\u00e9 do Bel\u00e9m, S\u00e3o Carlos Borromeu, S\u00e3o Rafael, Nossa Senhora do Bom Conselho, S\u00e3o Miguel Arcanjo, S\u00e3o Paulo Ap\u00f3stolo e Nossa Senhora de Lourdes.<\/p>\n<p style=\"text-align: justify;\">A acolhida foi diferente pois a Comunidade veio com\u00a0o seu avental, caracterizador do servi\u00e7o.<\/p>\n<p style=\"text-align: justify;\">Exibiu-se o v\u00eddeo da Miss\u00e3o Bel\u00e9m no Hait\u00ed, com a visita do Cardeal Dom Odilo Cherer e o pedido para que seja apadrinhada uma crian\u00e7a.<\/p>\n<p style=\"text-align: justify;\">Depois foram abordadas as prioridades assumidas em 2015, destacando-se como o primeiro tema, caracterizado com, a Igreja a servi\u00e7o da vida plena, tendo como eixo transversal, a cultura da paz. Tamb\u00e9m a miss\u00e3o, a\u00ed com a quest\u00e3o da forma\u00e7\u00e3o, retomada das visitas mission\u00e1rias e o levantamento das experi\u00eancias mission\u00e1rias. Ficou o questionamento, de quais as iniciativas o Setor Bel\u00e9m est\u00e1 realizando neste campo e como vai o COMIDI.<\/p>\n<p style=\"text-align: justify;\">O tema Vida Plena foi abordado, estabelecendo o questionamento acerca do que o Setor est\u00e1 fazendo em rela\u00e7\u00e3o \u00e0 forma\u00e7\u00e3o, no \u00e2mbito dos documentos do Vaticano II e CNBB\/Doutrina da Igreja bem como o encontro sobre a Gaudiun est spes para os dias 19 e 20 de maio de 2015. O apoio a Escola da F\u00e9 e Politica foi salientado, sendo que questionou-se a participa\u00e7\u00e3o na elei\u00e7\u00e3o do CMDCA e o envolvimento na Semana da F\u00e9, bem como o compromisso Social da Regi\u00e3o.<\/p>\n<p>O tema Juventude e como a Comiss\u00e3o est\u00e1 sendo articulada o Setor, gerou, como sempre, muita reflex\u00e3o.<\/p>\n<p>Nossa Par\u00f3quia fazendo sua parte na economia de \u00e1gua e aproveitamento da chuva,<\/p>\n<p>No final o exerc\u00edcio da partilha e acolhimento. Jeito S\u00e3o Miguel de ser.<\/p>\nngg_shortcode_0_placeholder\n<div id=\"themify_builder_content-60499\" data-postid=\"60499\" class=\"themify_builder_content themify_builder_content-60499 themify_builder themify_builder_front\">\n\t<\/div>\n<!-- \/themify_builder_content -->","protected":false},"excerpt":{"rendered":"<p>Representantes e padres do Setor Bel\u00e9m estiveram reunidos na noite desta ter\u00e7a-feira, 14\/04\/15 aqui na Par\u00f3quia S\u00e3o Miguel Arcanjo<\/p>\n","protected":false},"author":10,"featured_media":0,"comment_status":"open","ping_status":"open","sticky":false,"template":"","format":"standard","meta":{"ngg_post_thumbnail":0,"footnotes":""},"categories":[7],"tags":[],"yoast_head":"<!-- This site is optimized with the Yoast SEO plugin v23.5 - https:\/\/yoast.com\/wordpress\/plugins\/seo\/ -->\n<title>Setor Bel\u00e9m faz reuni\u00e3o na S\u00e3o Miguel - O Arcanjo no ar<\/title>\n<meta name=\"robots\" content=\"index, follow, max-snippet:-1, max-image-preview:large, max-video-preview:-1\" \/>\n<link rel=\"canonical\" href=\"https:\/\/www.oarcanjo.net\/site\/setor-belem-faz-reuniao-na-sao-miguel\/\" \/>\n<meta property=\"og:locale\" content=\"pt_BR\" \/>\n<meta property=\"og:type\" content=\"article\" \/>\n<meta property=\"og:title\" content=\"Setor Bel\u00e9m faz reuni\u00e3o na S\u00e3o Miguel - O Arcanjo no ar\" \/>\n<meta property=\"og:description\" content=\"Representantes e padres do Setor Bel\u00e9m estiveram reunidos na noite desta ter\u00e7a-feira, 14\/04\/15 aqui na Par\u00f3quia S\u00e3o Miguel Arcanjo\" \/>\n<meta property=\"og:url\" content=\"https:\/\/www.oarcanjo.net\/site\/setor-belem-faz-reuniao-na-sao-miguel\/\" \/>\n<meta property=\"og:site_name\" content=\"O Arcanjo no ar\" \/>\n<meta property=\"article:publisher\" content=\"https:\/\/www.facebook.com\/OArcanjoNoAr\/\" \/>\n<meta property=\"article:published_time\" content=\"2015-04-20T22:51:45+00:00\" \/>\n<meta property=\"article:modified_time\" content=\"2015-04-21T02:22:06+00:00\" \/>\n<meta property=\"og:image\" content=\"https:\/\/www.oarcanjo.net\/site\/wp-content\/uploads\/logo-o-arcanjo-no-ar-facebook.png\" \/>\n\t<meta property=\"og:image:width\" content=\"300\" \/>\n\t<meta property=\"og:image:height\" content=\"300\" \/>\n\t<meta property=\"og:image:type\" content=\"image\/png\" \/>\n<meta name=\"author\" content=\"carlos\" \/>\n<meta name=\"twitter:card\" content=\"summary_large_image\" \/>\n<meta name=\"twitter:label1\" content=\"Escrito por\" \/>\n\t<meta name=\"twitter:data1\" content=\"carlos\" \/>\n\t<meta name=\"twitter:label2\" content=\"Est. tempo de leitura\" \/>\n\t<meta name=\"twitter:data2\" content=\"2 minutos\" \/>\n<script type=\"application\/ld+json\" class=\"yoast-schema-graph\">{\"@context\":\"https:\/\/schema.org\",\"@graph\":[{\"@type\":\"Article\",\"@id\":\"https:\/\/www.oarcanjo.net\/site\/setor-belem-faz-reuniao-na-sao-miguel\/#article\",\"isPartOf\":{\"@id\":\"https:\/\/www.oarcanjo.net\/site\/setor-belem-faz-reuniao-na-sao-miguel\/\"},\"author\":{\"name\":\"carlos\",\"@id\":\"https:\/\/www.oarcanjo.net\/site\/#\/schema\/person\/f7870e710d8c8c30673de3a0ac2e451d\"},\"headline\":\"Setor Bel\u00e9m faz reuni\u00e3o na S\u00e3o Miguel\",\"datePublished\":\"2015-04-20T22:51:45+00:00\",\"dateModified\":\"2015-04-21T02:22:06+00:00\",\"mainEntityOfPage\":{\"@id\":\"https:\/\/www.oarcanjo.net\/site\/setor-belem-faz-reuniao-na-sao-miguel\/\"},\"wordCount\":349,\"commentCount\":0,\"publisher\":{\"@id\":\"https:\/\/www.oarcanjo.net\/site\/#organization\"},\"articleSection\":[\"Rosto da comunidade\"],\"inLanguage\":\"pt-BR\",\"potentialAction\":[{\"@type\":\"CommentAction\",\"name\":\"Comment\",\"target\":[\"https:\/\/www.oarcanjo.net\/site\/setor-belem-faz-reuniao-na-sao-miguel\/#respond\"]}]},{\"@type\":\"WebPage\",\"@id\":\"https:\/\/www.oarcanjo.net\/site\/setor-belem-faz-reuniao-na-sao-miguel\/\",\"url\":\"https:\/\/www.oarcanjo.net\/site\/setor-belem-faz-reuniao-na-sao-miguel\/\",\"name\":\"Setor Bel\u00e9m faz reuni\u00e3o na S\u00e3o Miguel - O Arcanjo no ar\",\"isPartOf\":{\"@id\":\"https:\/\/www.oarcanjo.net\/site\/#website\"},\"datePublished\":\"2015-04-20T22:51:45+00:00\",\"dateModified\":\"2015-04-21T02:22:06+00:00\",\"breadcrumb\":{\"@id\":\"https:\/\/www.oarcanjo.net\/site\/setor-belem-faz-reuniao-na-sao-miguel\/#breadcrumb\"},\"inLanguage\":\"pt-BR\",\"potentialAction\":[{\"@type\":\"ReadAction\",\"target\":[\"https:\/\/www.oarcanjo.net\/site\/setor-belem-faz-reuniao-na-sao-miguel\/\"]}]},{\"@type\":\"BreadcrumbList\",\"@id\":\"https:\/\/www.oarcanjo.net\/site\/setor-belem-faz-reuniao-na-sao-miguel\/#breadcrumb\",\"itemListElement\":[{\"@type\":\"ListItem\",\"position\":1,\"name\":\"In\u00edcio\",\"item\":\"https:\/\/www.oarcanjo.net\/site\/\"},{\"@type\":\"ListItem\",\"position\":2,\"name\":\"Setor Bel\u00e9m faz reuni\u00e3o na S\u00e3o Miguel\"}]},{\"@type\":\"WebSite\",\"@id\":\"https:\/\/www.oarcanjo.net\/site\/#website\",\"url\":\"https:\/\/www.oarcanjo.net\/site\/\",\"name\":\"O Arcanjo no ar\",\"description\":\"Site da Par\u00f3quia S\u00e3o Miguel Arcanjo (Arquidiocese de SP)\",\"publisher\":{\"@id\":\"https:\/\/www.oarcanjo.net\/site\/#organization\"},\"potentialAction\":[{\"@type\":\"SearchAction\",\"target\":{\"@type\":\"EntryPoint\",\"urlTemplate\":\"https:\/\/www.oarcanjo.net\/site\/?s={search_term_string}\"},\"query-input\":{\"@type\":\"PropertyValueSpecification\",\"valueRequired\":true,\"valueName\":\"search_term_string\"}}],\"inLanguage\":\"pt-BR\"},{\"@type\":\"Organization\",\"@id\":\"https:\/\/www.oarcanjo.net\/site\/#organization\",\"name\":\"Par\u00f3quia S\u00e3o Miguel Arcanjo\",\"url\":\"https:\/\/www.oarcanjo.net\/site\/\",\"logo\":{\"@type\":\"ImageObject\",\"inLanguage\":\"pt-BR\",\"@id\":\"https:\/\/www.oarcanjo.net\/site\/#\/schema\/logo\/image\/\",\"url\":\"https:\/\/www.oarcanjo.net\/site\/wp-content\/uploads\/LogoOArcanjo.png\",\"contentUrl\":\"https:\/\/www.oarcanjo.net\/site\/wp-content\/uploads\/LogoOArcanjo.png\",\"width\":319,\"height\":99,\"caption\":\"Par\u00f3quia S\u00e3o Miguel Arcanjo\"},\"image\":{\"@id\":\"https:\/\/www.oarcanjo.net\/site\/#\/schema\/logo\/image\/\"},\"sameAs\":[\"https:\/\/www.facebook.com\/OArcanjoNoAr\/\"]},{\"@type\":\"Person\",\"@id\":\"https:\/\/www.oarcanjo.net\/site\/#\/schema\/person\/f7870e710d8c8c30673de3a0ac2e451d\",\"name\":\"carlos\"}]}<\/script>\n<!-- \/ Yoast SEO plugin. -->","yoast_head_json":{"title":"Setor Bel\u00e9m faz reuni\u00e3o na S\u00e3o Miguel - O Arcanjo no ar","robots":{"index":"index","follow":"follow","max-snippet":"max-snippet:-1","max-image-preview":"max-image-preview:large","max-video-preview":"max-video-preview:-1"},"canonical":"https:\/\/www.oarcanjo.net\/site\/setor-belem-faz-reuniao-na-sao-miguel\/","og_locale":"pt_BR","og_type":"article","og_title":"Setor Bel\u00e9m faz reuni\u00e3o na S\u00e3o Miguel - O Arcanjo no ar","og_description":"Representantes e padres do Setor Bel\u00e9m estiveram reunidos na noite desta ter\u00e7a-feira, 14\/04\/15 aqui na Par\u00f3quia S\u00e3o Miguel Arcanjo","og_url":"https:\/\/www.oarcanjo.net\/site\/setor-belem-faz-reuniao-na-sao-miguel\/","og_site_name":"O Arcanjo no ar","article_publisher":"https:\/\/www.facebook.com\/OArcanjoNoAr\/","article_published_time":"2015-04-20T22:51:45+00:00","article_modified_time":"2015-04-21T02:22:06+00:00","og_image":[{"width":300,"height":300,"url":"https:\/\/www.oarcanjo.net\/site\/wp-content\/uploads\/logo-o-arcanjo-no-ar-facebook.png","type":"image\/png"}],"author":"carlos","twitter_card":"summary_large_image","twitter_misc":{"Escrito por":"carlos","Est. tempo de leitura":"2 minutos"},"schema":{"@context":"https:\/\/schema.org","@graph":[{"@type":"Article","@id":"https:\/\/www.oarcanjo.net\/site\/setor-belem-faz-reuniao-na-sao-miguel\/#article","isPartOf":{"@id":"https:\/\/www.oarcanjo.net\/site\/setor-belem-faz-reuniao-na-sao-miguel\/"},"author":{"name":"carlos","@id":"https:\/\/www.oarcanjo.net\/site\/#\/schema\/person\/f7870e710d8c8c30673de3a0ac2e451d"},"headline":"Setor Bel\u00e9m faz reuni\u00e3o na S\u00e3o Miguel","datePublished":"2015-04-20T22:51:45+00:00","dateModified":"2015-04-21T02:22:06+00:00","mainEntityOfPage":{"@id":"https:\/\/www.oarcanjo.net\/site\/setor-belem-faz-reuniao-na-sao-miguel\/"},"wordCount":349,"commentCount":0,"publisher":{"@id":"https:\/\/www.oarcanjo.net\/site\/#organization"},"articleSection":["Rosto da comunidade"],"inLanguage":"pt-BR","potentialAction":[{"@type":"CommentAction","name":"Comment","target":["https:\/\/www.oarcanjo.net\/site\/setor-belem-faz-reuniao-na-sao-miguel\/#respond"]}]},{"@type":"WebPage","@id":"https:\/\/www.oarcanjo.net\/site\/setor-belem-faz-reuniao-na-sao-miguel\/","url":"https:\/\/www.oarcanjo.net\/site\/setor-belem-faz-reuniao-na-sao-miguel\/","name":"Setor Bel\u00e9m faz reuni\u00e3o na S\u00e3o Miguel - O Arcanjo no ar","isPartOf":{"@id":"https:\/\/www.oarcanjo.net\/site\/#website"},"datePublished":"2015-04-20T22:51:45+00:00","dateModified":"2015-04-21T02:22:06+00:00","breadcrumb":{"@id":"https:\/\/www.oarcanjo.net\/site\/setor-belem-faz-reuniao-na-sao-miguel\/#breadcrumb"},"inLanguage":"pt-BR","potentialAction":[{"@type":"ReadAction","target":["https:\/\/www.oarcanjo.net\/site\/setor-belem-faz-reuniao-na-sao-miguel\/"]}]},{"@type":"BreadcrumbList","@id":"https:\/\/www.oarcanjo.net\/site\/setor-belem-faz-reuniao-na-sao-miguel\/#breadcrumb","itemListElement":[{"@type":"ListItem","position":1,"name":"In\u00edcio","item":"https:\/\/www.oarcanjo.net\/site\/"},{"@type":"ListItem","position":2,"name":"Setor Bel\u00e9m faz reuni\u00e3o na S\u00e3o Miguel"}]},{"@type":"WebSite","@id":"https:\/\/www.oarcanjo.net\/site\/#website","url":"https:\/\/www.oarcanjo.net\/site\/","name":"O Arcanjo no ar","description":"Site da Par\u00f3quia S\u00e3o Miguel Arcanjo (Arquidiocese de SP)","publisher":{"@id":"https:\/\/www.oarcanjo.net\/site\/#organization"},"potentialAction":[{"@type":"SearchAction","target":{"@type":"EntryPoint","urlTemplate":"https:\/\/www.oarcanjo.net\/site\/?s={search_term_string}"},"query-input":{"@type":"PropertyValueSpecification","valueRequired":true,"valueName":"search_term_string"}}],"inLanguage":"pt-BR"},{"@type":"Organization","@id":"https:\/\/www.oarcanjo.net\/site\/#organization","name":"Par\u00f3quia S\u00e3o Miguel Arcanjo","url":"https:\/\/www.oarcanjo.net\/site\/","logo":{"@type":"ImageObject","inLanguage":"pt-BR","@id":"https:\/\/www.oarcanjo.net\/site\/#\/schema\/logo\/image\/","url":"https:\/\/www.oarcanjo.net\/site\/wp-content\/uploads\/LogoOArcanjo.png","contentUrl":"https:\/\/www.oarcanjo.net\/site\/wp-content\/uploads\/LogoOArcanjo.png","width":319,"height":99,"caption":"Par\u00f3quia S\u00e3o Miguel Arcanjo"},"image":{"@id":"https:\/\/www.oarcanjo.net\/site\/#\/schema\/logo\/image\/"},"sameAs":["https:\/\/www.facebook.com\/OArcanjoNoAr\/"]},{"@type":"Person","@id":"https:\/\/www.oarcanjo.net\/site\/#\/schema\/person\/f7870e710d8c8c30673de3a0ac2e451d","name":"carlos"}]}},"publishpress_future_action":{"enabled":false,"date":"2026-05-10 05:11:22","action":"category","newStatus":"draft","terms":[],"taxonomy":"category"},"publishpress_future_workflow_manual_trigger":{"enabledWorkflows":[]},"_links":{"self":[{"href":"https:\/\/www.oarcanjo.net\/site\/wp-json\/wp\/v2\/posts\/60499"}],"collection":[{"href":"https:\/\/www.oarcanjo.net\/site\/wp-json\/wp\/v2\/posts"}],"about":[{"href":"https:\/\/www.oarcanjo.net\/site\/wp-json\/wp\/v2\/types\/post"}],"author":[{"embeddable":true,"href":"https:\/\/www.oarcanjo.net\/site\/wp-json\/wp\/v2\/users\/10"}],"replies":[{"embeddable":true,"href":"https:\/\/www.oarcanjo.net\/site\/wp-json\/wp\/v2\/comments?post=60499"}],"version-history":[{"count":0,"href":"https:\/\/www.oarcanjo.net\/site\/wp-json\/wp\/v2\/posts\/60499\/revisions"}],"wp:attachment":[{"href":"https:\/\/www.oarcanjo.net\/site\/wp-json\/wp\/v2\/media?parent=60499"}],"wp:term":[{"taxonomy":"category","embeddable":true,"href":"https:\/\/www.oarcanjo.net\/site\/wp-json\/wp\/v2\/categories?post=60499"},{"taxonomy":"post_tag","embeddable":true,"href":"https:\/\/www.oarcanjo.net\/site\/wp-json\/wp\/v2\/tags?post=60499"}],"curies":[{"name":"wp","href":"https:\/\/api.w.org\/{rel}","templated":true}]}}