
{"id":6050,"date":"2009-11-20T22:07:35","date_gmt":"2009-11-21T01:07:35","guid":{"rendered":"http:\/\/www.oarcanjo.net\/site\/?p=6050"},"modified":"2009-11-20T22:07:35","modified_gmt":"2009-11-21T01:07:35","slug":"nota-da-cnbb-pelo-dia-da-consciencia-negra","status":"publish","type":"post","link":"https:\/\/www.oarcanjo.net\/site\/nota-da-cnbb-pelo-dia-da-consciencia-negra\/","title":{"rendered":"Nota da CNBB pelo Dia da Consci\u00eancia Negra"},"content":{"rendered":"<p>A cada 20 de novembro, celebra-se o dia da Consci\u00eancia Negra, na mem\u00f3ria do mart\u00edrio de Zumbi dos Palmares. A mem\u00f3ria desta data assume o car\u00e1ter de celebra\u00e7\u00e3o pela presen\u00e7a dos afro-brasileiros que, desde o in\u00edcio, v\u00eam enriquecendo a hist\u00f3ria e a cultura brasileiras. Assume tamb\u00e9m o car\u00e1ter de compromisso e responsabilidade na luta pela inser\u00e7\u00e3o cidad\u00e3 dos negros e negras que vivem \u00e0 margem da sociedade, em situa\u00e7\u00f5es de mis\u00e9ria e exclus\u00e3o social.<\/p>\n<p>Congratulamo-nos com os afro-brasileiros e aproveitamos este momento de celebra\u00e7\u00e3o e de compromisso, para chamar a aten\u00e7\u00e3o para a realidade de viol\u00eancia que atinge os adolescentes e jovens, especialmente os negros e negras, em nosso pa\u00eds. Fazemos este alerta a partir do princ\u00edpio de que o cuidado com a vida humana deve atingir todas as suas fases, e \u00e9 justamente na adolesc\u00eancia e juventude que a vida se encontra, em nossos dias, mais amea\u00e7ada.<\/p>\n<p>A Igreja no Brasil, reconhecendo que os afro-brasileiros enriquecem a vida eclesial pela expressividade corporal, o enraizamento familiar e o sentido de Deus (Documento de Aparecida, 56), deseja que essa riqueza cultural seja partilhada na alegria de uma vida vivida com dignidade, e se faz solid\u00e1ria com todas as v\u00edtimas da viol\u00eancia. Oportunizar espa\u00e7os de vida digna a todos, particularmente aos adolescentes e jovens, viabilizados pelo acesso \u00e0 moradia, educa\u00e7\u00e3o, sa\u00fade e alimenta\u00e7\u00e3o adequadas, \u00e9 caminho necess\u00e1rio para a supera\u00e7\u00e3o dessa realidade perniciosa.<\/p>\n<p>Reafirmamos o nosso compromisso no cuidado com a vida e lembramos a necessidade de continuar com as pol\u00edticas afirmativas de inclus\u00e3o da popula\u00e7\u00e3o negra, um caminho inequ\u00edvoco de supera\u00e7\u00e3o da mis\u00e9ria e exclus\u00e3o social e de constru\u00e7\u00e3o da cidadania.<\/p>\n<p>Com as B\u00ean\u00e7\u00e3os de Nossa Senhora Aparecida!<\/p>\n<p>Bras\u00edlia, 20 de novembro de 2009<\/p>\n<p>Dom Geraldo Lyrio Rocha<br \/>\n<span style=\"background-color: #ffffff;\">Arcebispo de Mariana \u2013 MG<br \/>\nPresidente da CNBB<\/span><\/p>\n<p><span style=\"background-color: #ffffff;\">Dom Dimas Lara Barbosa<br \/>\nBispo Auxiliar do Rio de Janeiro<br \/>\nSecret\u00e1rio Geral da CNBB<\/span><\/p>\n<div id=\"themify_builder_content-6050\" data-postid=\"6050\" class=\"themify_builder_content themify_builder_content-6050 themify_builder themify_builder_front\">\n\t<\/div>\n<!-- \/themify_builder_content -->","protected":false},"excerpt":{"rendered":"<p>A cada 20 de novembro, celebra-se o dia da Consci\u00eancia Negra, na mem\u00f3ria do mart\u00edrio de Zumbi dos Palmares. A mem\u00f3ria desta data assume o car\u00e1ter de celebra\u00e7\u00e3o pela presen\u00e7a dos afro-brasileiros que, desde o in\u00edcio, v\u00eam enriquecendo a hist\u00f3ria e a cultura brasileiras. Assume tamb\u00e9m o car\u00e1ter de compromisso e responsabilidade na luta pela [&hellip;]<\/p>\n","protected":false},"author":5,"featured_media":0,"comment_status":"open","ping_status":"open","sticky":false,"template":"","format":"standard","meta":{"ngg_post_thumbnail":0,"footnotes":""},"categories":[8],"tags":[1269,63,113,1268],"yoast_head":"<!-- This site is optimized with the Yoast SEO plugin v23.5 - https:\/\/yoast.com\/wordpress\/plugins\/seo\/ -->\n<title>Nota da CNBB pelo Dia da Consci\u00eancia Negra - O Arcanjo no ar<\/title>\n<meta name=\"robots\" content=\"index, follow, max-snippet:-1, max-image-preview:large, max-video-preview:-1\" \/>\n<link rel=\"canonical\" href=\"https:\/\/www.oarcanjo.net\/site\/nota-da-cnbb-pelo-dia-da-consciencia-negra\/\" \/>\n<meta property=\"og:locale\" content=\"pt_BR\" \/>\n<meta property=\"og:type\" content=\"article\" \/>\n<meta property=\"og:title\" content=\"Nota da CNBB pelo Dia da Consci\u00eancia Negra - O Arcanjo no ar\" \/>\n<meta property=\"og:description\" content=\"A cada 20 de novembro, celebra-se o dia da Consci\u00eancia Negra, na mem\u00f3ria do mart\u00edrio de Zumbi dos Palmares. A mem\u00f3ria desta data assume o car\u00e1ter de celebra\u00e7\u00e3o pela presen\u00e7a dos afro-brasileiros que, desde o in\u00edcio, v\u00eam enriquecendo a hist\u00f3ria e a cultura brasileiras. Assume tamb\u00e9m o car\u00e1ter de compromisso e responsabilidade na luta pela [&hellip;]\" \/>\n<meta property=\"og:url\" content=\"https:\/\/www.oarcanjo.net\/site\/nota-da-cnbb-pelo-dia-da-consciencia-negra\/\" \/>\n<meta property=\"og:site_name\" content=\"O Arcanjo no ar\" \/>\n<meta property=\"article:publisher\" content=\"https:\/\/www.facebook.com\/OArcanjoNoAr\/\" \/>\n<meta property=\"article:published_time\" content=\"2009-11-21T01:07:35+00:00\" \/>\n<meta property=\"og:image\" content=\"https:\/\/www.oarcanjo.net\/site\/wp-content\/uploads\/logo-o-arcanjo-no-ar-facebook.png\" \/>\n\t<meta property=\"og:image:width\" content=\"300\" \/>\n\t<meta property=\"og:image:height\" content=\"300\" \/>\n\t<meta property=\"og:image:type\" content=\"image\/png\" \/>\n<meta name=\"author\" content=\"editor\" \/>\n<meta name=\"twitter:card\" content=\"summary_large_image\" \/>\n<meta name=\"twitter:label1\" content=\"Escrito por\" \/>\n\t<meta name=\"twitter:data1\" content=\"editor\" \/>\n\t<meta name=\"twitter:label2\" content=\"Est. tempo de leitura\" \/>\n\t<meta name=\"twitter:data2\" content=\"2 minutos\" \/>\n<script type=\"application\/ld+json\" class=\"yoast-schema-graph\">{\"@context\":\"https:\/\/schema.org\",\"@graph\":[{\"@type\":\"Article\",\"@id\":\"https:\/\/www.oarcanjo.net\/site\/nota-da-cnbb-pelo-dia-da-consciencia-negra\/#article\",\"isPartOf\":{\"@id\":\"https:\/\/www.oarcanjo.net\/site\/nota-da-cnbb-pelo-dia-da-consciencia-negra\/\"},\"author\":{\"name\":\"editor\",\"@id\":\"https:\/\/www.oarcanjo.net\/site\/#\/schema\/person\/f7024d007863202483a31326673a0838\"},\"headline\":\"Nota da CNBB pelo Dia da Consci\u00eancia Negra\",\"datePublished\":\"2009-11-21T01:07:35+00:00\",\"dateModified\":\"2009-11-21T01:07:35+00:00\",\"mainEntityOfPage\":{\"@id\":\"https:\/\/www.oarcanjo.net\/site\/nota-da-cnbb-pelo-dia-da-consciencia-negra\/\"},\"wordCount\":353,\"commentCount\":0,\"publisher\":{\"@id\":\"https:\/\/www.oarcanjo.net\/site\/#organization\"},\"keywords\":[\"20 de novembro\",\"CNBB\",\"consci\u00eancia negra\",\"Zumbi dos Palmares\"],\"articleSection\":[\"Not\u00edcias\"],\"inLanguage\":\"pt-BR\",\"potentialAction\":[{\"@type\":\"CommentAction\",\"name\":\"Comment\",\"target\":[\"https:\/\/www.oarcanjo.net\/site\/nota-da-cnbb-pelo-dia-da-consciencia-negra\/#respond\"]}]},{\"@type\":\"WebPage\",\"@id\":\"https:\/\/www.oarcanjo.net\/site\/nota-da-cnbb-pelo-dia-da-consciencia-negra\/\",\"url\":\"https:\/\/www.oarcanjo.net\/site\/nota-da-cnbb-pelo-dia-da-consciencia-negra\/\",\"name\":\"Nota da CNBB pelo Dia da Consci\u00eancia Negra - O Arcanjo no ar\",\"isPartOf\":{\"@id\":\"https:\/\/www.oarcanjo.net\/site\/#website\"},\"datePublished\":\"2009-11-21T01:07:35+00:00\",\"dateModified\":\"2009-11-21T01:07:35+00:00\",\"breadcrumb\":{\"@id\":\"https:\/\/www.oarcanjo.net\/site\/nota-da-cnbb-pelo-dia-da-consciencia-negra\/#breadcrumb\"},\"inLanguage\":\"pt-BR\",\"potentialAction\":[{\"@type\":\"ReadAction\",\"target\":[\"https:\/\/www.oarcanjo.net\/site\/nota-da-cnbb-pelo-dia-da-consciencia-negra\/\"]}]},{\"@type\":\"BreadcrumbList\",\"@id\":\"https:\/\/www.oarcanjo.net\/site\/nota-da-cnbb-pelo-dia-da-consciencia-negra\/#breadcrumb\",\"itemListElement\":[{\"@type\":\"ListItem\",\"position\":1,\"name\":\"In\u00edcio\",\"item\":\"https:\/\/www.oarcanjo.net\/site\/\"},{\"@type\":\"ListItem\",\"position\":2,\"name\":\"Nota da CNBB pelo Dia da Consci\u00eancia Negra\"}]},{\"@type\":\"WebSite\",\"@id\":\"https:\/\/www.oarcanjo.net\/site\/#website\",\"url\":\"https:\/\/www.oarcanjo.net\/site\/\",\"name\":\"O Arcanjo no ar\",\"description\":\"Site da Par\u00f3quia S\u00e3o Miguel Arcanjo (Arquidiocese de SP)\",\"publisher\":{\"@id\":\"https:\/\/www.oarcanjo.net\/site\/#organization\"},\"potentialAction\":[{\"@type\":\"SearchAction\",\"target\":{\"@type\":\"EntryPoint\",\"urlTemplate\":\"https:\/\/www.oarcanjo.net\/site\/?s={search_term_string}\"},\"query-input\":{\"@type\":\"PropertyValueSpecification\",\"valueRequired\":true,\"valueName\":\"search_term_string\"}}],\"inLanguage\":\"pt-BR\"},{\"@type\":\"Organization\",\"@id\":\"https:\/\/www.oarcanjo.net\/site\/#organization\",\"name\":\"Par\u00f3quia S\u00e3o Miguel Arcanjo\",\"url\":\"https:\/\/www.oarcanjo.net\/site\/\",\"logo\":{\"@type\":\"ImageObject\",\"inLanguage\":\"pt-BR\",\"@id\":\"https:\/\/www.oarcanjo.net\/site\/#\/schema\/logo\/image\/\",\"url\":\"https:\/\/www.oarcanjo.net\/site\/wp-content\/uploads\/LogoOArcanjo.png\",\"contentUrl\":\"https:\/\/www.oarcanjo.net\/site\/wp-content\/uploads\/LogoOArcanjo.png\",\"width\":319,\"height\":99,\"caption\":\"Par\u00f3quia S\u00e3o Miguel Arcanjo\"},\"image\":{\"@id\":\"https:\/\/www.oarcanjo.net\/site\/#\/schema\/logo\/image\/\"},\"sameAs\":[\"https:\/\/www.facebook.com\/OArcanjoNoAr\/\"]},{\"@type\":\"Person\",\"@id\":\"https:\/\/www.oarcanjo.net\/site\/#\/schema\/person\/f7024d007863202483a31326673a0838\",\"name\":\"editor\",\"sameAs\":[\"http:\/\/www.oarcanjo.net\"]}]}<\/script>\n<!-- \/ Yoast SEO plugin. -->","yoast_head_json":{"title":"Nota da CNBB pelo Dia da Consci\u00eancia Negra - O Arcanjo no ar","robots":{"index":"index","follow":"follow","max-snippet":"max-snippet:-1","max-image-preview":"max-image-preview:large","max-video-preview":"max-video-preview:-1"},"canonical":"https:\/\/www.oarcanjo.net\/site\/nota-da-cnbb-pelo-dia-da-consciencia-negra\/","og_locale":"pt_BR","og_type":"article","og_title":"Nota da CNBB pelo Dia da Consci\u00eancia Negra - O Arcanjo no ar","og_description":"A cada 20 de novembro, celebra-se o dia da Consci\u00eancia Negra, na mem\u00f3ria do mart\u00edrio de Zumbi dos Palmares. A mem\u00f3ria desta data assume o car\u00e1ter de celebra\u00e7\u00e3o pela presen\u00e7a dos afro-brasileiros que, desde o in\u00edcio, v\u00eam enriquecendo a hist\u00f3ria e a cultura brasileiras. Assume tamb\u00e9m o car\u00e1ter de compromisso e responsabilidade na luta pela [&hellip;]","og_url":"https:\/\/www.oarcanjo.net\/site\/nota-da-cnbb-pelo-dia-da-consciencia-negra\/","og_site_name":"O Arcanjo no ar","article_publisher":"https:\/\/www.facebook.com\/OArcanjoNoAr\/","article_published_time":"2009-11-21T01:07:35+00:00","og_image":[{"width":300,"height":300,"url":"https:\/\/www.oarcanjo.net\/site\/wp-content\/uploads\/logo-o-arcanjo-no-ar-facebook.png","type":"image\/png"}],"author":"editor","twitter_card":"summary_large_image","twitter_misc":{"Escrito por":"editor","Est. tempo de leitura":"2 minutos"},"schema":{"@context":"https:\/\/schema.org","@graph":[{"@type":"Article","@id":"https:\/\/www.oarcanjo.net\/site\/nota-da-cnbb-pelo-dia-da-consciencia-negra\/#article","isPartOf":{"@id":"https:\/\/www.oarcanjo.net\/site\/nota-da-cnbb-pelo-dia-da-consciencia-negra\/"},"author":{"name":"editor","@id":"https:\/\/www.oarcanjo.net\/site\/#\/schema\/person\/f7024d007863202483a31326673a0838"},"headline":"Nota da CNBB pelo Dia da Consci\u00eancia Negra","datePublished":"2009-11-21T01:07:35+00:00","dateModified":"2009-11-21T01:07:35+00:00","mainEntityOfPage":{"@id":"https:\/\/www.oarcanjo.net\/site\/nota-da-cnbb-pelo-dia-da-consciencia-negra\/"},"wordCount":353,"commentCount":0,"publisher":{"@id":"https:\/\/www.oarcanjo.net\/site\/#organization"},"keywords":["20 de novembro","CNBB","consci\u00eancia negra","Zumbi dos Palmares"],"articleSection":["Not\u00edcias"],"inLanguage":"pt-BR","potentialAction":[{"@type":"CommentAction","name":"Comment","target":["https:\/\/www.oarcanjo.net\/site\/nota-da-cnbb-pelo-dia-da-consciencia-negra\/#respond"]}]},{"@type":"WebPage","@id":"https:\/\/www.oarcanjo.net\/site\/nota-da-cnbb-pelo-dia-da-consciencia-negra\/","url":"https:\/\/www.oarcanjo.net\/site\/nota-da-cnbb-pelo-dia-da-consciencia-negra\/","name":"Nota da CNBB pelo Dia da Consci\u00eancia Negra - O Arcanjo no ar","isPartOf":{"@id":"https:\/\/www.oarcanjo.net\/site\/#website"},"datePublished":"2009-11-21T01:07:35+00:00","dateModified":"2009-11-21T01:07:35+00:00","breadcrumb":{"@id":"https:\/\/www.oarcanjo.net\/site\/nota-da-cnbb-pelo-dia-da-consciencia-negra\/#breadcrumb"},"inLanguage":"pt-BR","potentialAction":[{"@type":"ReadAction","target":["https:\/\/www.oarcanjo.net\/site\/nota-da-cnbb-pelo-dia-da-consciencia-negra\/"]}]},{"@type":"BreadcrumbList","@id":"https:\/\/www.oarcanjo.net\/site\/nota-da-cnbb-pelo-dia-da-consciencia-negra\/#breadcrumb","itemListElement":[{"@type":"ListItem","position":1,"name":"In\u00edcio","item":"https:\/\/www.oarcanjo.net\/site\/"},{"@type":"ListItem","position":2,"name":"Nota da CNBB pelo Dia da Consci\u00eancia Negra"}]},{"@type":"WebSite","@id":"https:\/\/www.oarcanjo.net\/site\/#website","url":"https:\/\/www.oarcanjo.net\/site\/","name":"O Arcanjo no ar","description":"Site da Par\u00f3quia S\u00e3o Miguel Arcanjo (Arquidiocese de SP)","publisher":{"@id":"https:\/\/www.oarcanjo.net\/site\/#organization"},"potentialAction":[{"@type":"SearchAction","target":{"@type":"EntryPoint","urlTemplate":"https:\/\/www.oarcanjo.net\/site\/?s={search_term_string}"},"query-input":{"@type":"PropertyValueSpecification","valueRequired":true,"valueName":"search_term_string"}}],"inLanguage":"pt-BR"},{"@type":"Organization","@id":"https:\/\/www.oarcanjo.net\/site\/#organization","name":"Par\u00f3quia S\u00e3o Miguel Arcanjo","url":"https:\/\/www.oarcanjo.net\/site\/","logo":{"@type":"ImageObject","inLanguage":"pt-BR","@id":"https:\/\/www.oarcanjo.net\/site\/#\/schema\/logo\/image\/","url":"https:\/\/www.oarcanjo.net\/site\/wp-content\/uploads\/LogoOArcanjo.png","contentUrl":"https:\/\/www.oarcanjo.net\/site\/wp-content\/uploads\/LogoOArcanjo.png","width":319,"height":99,"caption":"Par\u00f3quia S\u00e3o Miguel Arcanjo"},"image":{"@id":"https:\/\/www.oarcanjo.net\/site\/#\/schema\/logo\/image\/"},"sameAs":["https:\/\/www.facebook.com\/OArcanjoNoAr\/"]},{"@type":"Person","@id":"https:\/\/www.oarcanjo.net\/site\/#\/schema\/person\/f7024d007863202483a31326673a0838","name":"editor","sameAs":["http:\/\/www.oarcanjo.net"]}]}},"publishpress_future_action":{"enabled":false,"date":"2026-05-09 10:16:55","action":"category","newStatus":"draft","terms":[],"taxonomy":"category"},"publishpress_future_workflow_manual_trigger":{"enabledWorkflows":[]},"_links":{"self":[{"href":"https:\/\/www.oarcanjo.net\/site\/wp-json\/wp\/v2\/posts\/6050"}],"collection":[{"href":"https:\/\/www.oarcanjo.net\/site\/wp-json\/wp\/v2\/posts"}],"about":[{"href":"https:\/\/www.oarcanjo.net\/site\/wp-json\/wp\/v2\/types\/post"}],"author":[{"embeddable":true,"href":"https:\/\/www.oarcanjo.net\/site\/wp-json\/wp\/v2\/users\/5"}],"replies":[{"embeddable":true,"href":"https:\/\/www.oarcanjo.net\/site\/wp-json\/wp\/v2\/comments?post=6050"}],"version-history":[{"count":0,"href":"https:\/\/www.oarcanjo.net\/site\/wp-json\/wp\/v2\/posts\/6050\/revisions"}],"wp:attachment":[{"href":"https:\/\/www.oarcanjo.net\/site\/wp-json\/wp\/v2\/media?parent=6050"}],"wp:term":[{"taxonomy":"category","embeddable":true,"href":"https:\/\/www.oarcanjo.net\/site\/wp-json\/wp\/v2\/categories?post=6050"},{"taxonomy":"post_tag","embeddable":true,"href":"https:\/\/www.oarcanjo.net\/site\/wp-json\/wp\/v2\/tags?post=6050"}],"curies":[{"name":"wp","href":"https:\/\/api.w.org\/{rel}","templated":true}]}}