
{"id":60502,"date":"2015-04-20T19:57:48","date_gmt":"2015-04-20T22:57:48","guid":{"rendered":"http:\/\/www.oarcanjo.net\/site\/?p=60502"},"modified":"2015-04-20T23:39:27","modified_gmt":"2015-04-21T02:39:27","slug":"pe-julio-lancellotti-foi-abracado-pelos-30-anos","status":"publish","type":"post","link":"https:\/\/www.oarcanjo.net\/site\/pe-julio-lancellotti-foi-abracado-pelos-30-anos\/","title":{"rendered":"Pe J\u00falio Lancellotti foi abra\u00e7ado pelos 30 anos"},"content":{"rendered":"<p style=\"text-align: justify;\">Parte da Comunidade S\u00e3o Miguel Arcanjo deu um grande abra\u00e7o no Padre Julio Lancellotti, pelos seus 30 anos de ordena\u00e7\u00e3o. O abra\u00e7\u00e3o foi na Capela da Universidade S\u00e3o Judas Tadeu, envolvendo o altar, que \u00e9 central.<\/p>\n<p style=\"text-align: justify;\">O Tarcisio, em nome da Comunidade leu a bel\u00edssima homenagem ao Pe Julio, que tamb\u00e9m recebeu flores e presentes. Presen\u00e7a de pessoas que acompanharam esses 30 anos, desde a favela do Sinh\u00e1, a Febem, Casa Vida, o Povo da Rua, com forte lembran\u00e7a de Dom Luciano Mendes de Almeida que alguns dizem muito parecido com o Pe Julio.<\/p>\n<p>Aqui o texto da homenagem:<\/p>\n<p>&#8220;Padre J\u00falio<\/p>\n<p>Voc\u00ea \u00e9 nosso irm\u00e3o.<\/p>\n<p style=\"text-align: justify;\">\u00a0 \u00a0 N\u00e3o notamos mais quanto tempo voc\u00ea est\u00e1 conosco, t\u00e3o acostumados estamos com a sua palavra, com seu sorriso, com suas preocupa\u00e7\u00f5es, com seu apoio, com sua mensagem e exemplo de vida. N\u00e3o notamos mais quanto tempo faz, j\u00e1 que sempre est\u00e1 conosco, pois voc\u00ea \u00e9 nosso irm\u00e3o. Ao contr\u00e1rio, \u00e9 o tempo que chama a nossa aten\u00e7\u00e3o e ficamos surpresos. S\u00e3o trinta anos de vida sacerdotal e sempre na S\u00e3o Miguel. Apesar de sua humildade ao comentarmos sobre essa exclusividade, todos n\u00f3s que acompanhamos esse per\u00edodo sabemos que somos privilegiados. Voc\u00ea \u00e9 nosso e quem te entregou foi o Esp\u00edrito Santo.<\/p>\n<p style=\"text-align: justify;\">\u00a0 \u00a0 \u00a0Dom Oscar Romero disse que &#8220;n\u00f3s que temos voz devemos falar pelos que n\u00e3o t\u00eam.&#8221; E voc\u00ea falou constantemente, pois muitos aqui em S\u00e3o Paulo tamb\u00e9m est\u00e3o sem voz. E n\u00e3o foi apenas a voz emprestada, foi muito al\u00e9m; foi p\u00e3o para os famintos, \u00e1gua aos sedentos, foi roupa aos que estavam nus, foi conforto aos doentes, foi presen\u00e7a aos que estavam encarcerados, foi acolhida para os estrangeiros, foi manifesta\u00e7\u00e3o de amor \u00e0 nossa comunidade: foram tantos casamentos, batizados, crismas, encontros, reuni\u00f5es, vel\u00f3rios, festas, prociss\u00f5es. Tantas experi\u00eancias&#8230; Estivemos juntos na alegria e na tristeza, na sa\u00fade e na doen\u00e7a. Sempre com o amor presente, pois como disse Santa Edith Stein, a\u00a0&#8220;ess\u00eancia mais \u00edntima do amor \u00e9 a doa\u00e7\u00e3o&#8221;.<\/p>\n<p style=\"text-align: justify;\">\u00a0 \u00a0 \u00a0Padre J\u00falio, com tantas perdas que teve em sua vida, em especial a da sua querida m\u00e3e, voc\u00ea tem refletido muito sobre a mem\u00f3ria, sobre aquilo que fica. Sabemos que o amor sempre fica. Estamos juntos nesses trinta anos. N\u00e3o h\u00e1 como esquecer as experi\u00eancias do jardim Sinh\u00e1, da pastoral do menor, da FEBEM, do Centro Comunit\u00e1rio S\u00e3o Martinho de Lima, da Casa Vida e seu s\u00edmbolo, a coruja &#8211; que simboliza tamb\u00e9m a Filosofia, da Casa de Ora\u00e7\u00e3o, das casas de acolhida e tantos outros locais e experi\u00eancias. Padre J\u00falio, sua mem\u00f3ria j\u00e1 \u00e9 nossa e seu exemplo permanece conosco, pois como nos diz o salmo\u00a0112 &#8220;Quem \u00e9 correto nunca fracassar\u00e1 e ser\u00e1 lembrado para sempre.&#8221;<\/p>\n<p style=\"text-align: justify;\">\u00a0 \u00a0 \u00a0Padre J\u00falio, parab\u00e9ns pelos trinta anos de exemplar vida sacerdotal.&#8221;<\/p>\n<p>[nggalery id=704]<\/p>\n<div id=\"themify_builder_content-60502\" data-postid=\"60502\" class=\"themify_builder_content themify_builder_content-60502 themify_builder themify_builder_front\">\n\t<\/div>\n<!-- \/themify_builder_content -->","protected":false},"excerpt":{"rendered":"<p>Parte da Comunidade S\u00e3o Miguel Arcanjo deu um grande abra\u00e7o no Padre Julio Lancellotti, pelos seus 30 anos de ordena\u00e7\u00e3o. O abra\u00e7\u00e3o foi na Capela da Universidade S\u00e3o Judas Tadeu, envolvendo o altar, que \u00e9 central. O Tarcisio, em nome da Comunidade leu a bel\u00edssima homenagem ao Pe Julio, que tamb\u00e9m recebeu flores e presentes. [&hellip;]<\/p>\n","protected":false},"author":10,"featured_media":0,"comment_status":"open","ping_status":"open","sticky":false,"template":"","format":"standard","meta":{"ngg_post_thumbnail":0,"footnotes":""},"categories":[7],"tags":[],"yoast_head":"<!-- This site is optimized with the Yoast SEO plugin v23.5 - https:\/\/yoast.com\/wordpress\/plugins\/seo\/ -->\n<title>Pe J\u00falio Lancellotti foi abra\u00e7ado pelos 30 anos - O Arcanjo no ar<\/title>\n<meta name=\"robots\" content=\"index, follow, max-snippet:-1, max-image-preview:large, max-video-preview:-1\" \/>\n<link rel=\"canonical\" href=\"https:\/\/www.oarcanjo.net\/site\/pe-julio-lancellotti-foi-abracado-pelos-30-anos\/\" \/>\n<meta property=\"og:locale\" content=\"pt_BR\" \/>\n<meta property=\"og:type\" content=\"article\" \/>\n<meta property=\"og:title\" content=\"Pe J\u00falio Lancellotti foi abra\u00e7ado pelos 30 anos - O Arcanjo no ar\" \/>\n<meta property=\"og:description\" content=\"Parte da Comunidade S\u00e3o Miguel Arcanjo deu um grande abra\u00e7o no Padre Julio Lancellotti, pelos seus 30 anos de ordena\u00e7\u00e3o. O abra\u00e7\u00e3o foi na Capela da Universidade S\u00e3o Judas Tadeu, envolvendo o altar, que \u00e9 central. O Tarcisio, em nome da Comunidade leu a bel\u00edssima homenagem ao Pe Julio, que tamb\u00e9m recebeu flores e presentes. [&hellip;]\" \/>\n<meta property=\"og:url\" content=\"https:\/\/www.oarcanjo.net\/site\/pe-julio-lancellotti-foi-abracado-pelos-30-anos\/\" \/>\n<meta property=\"og:site_name\" content=\"O Arcanjo no ar\" \/>\n<meta property=\"article:publisher\" content=\"https:\/\/www.facebook.com\/OArcanjoNoAr\/\" \/>\n<meta property=\"article:published_time\" content=\"2015-04-20T22:57:48+00:00\" \/>\n<meta property=\"article:modified_time\" content=\"2015-04-21T02:39:27+00:00\" \/>\n<meta property=\"og:image\" content=\"https:\/\/www.oarcanjo.net\/site\/wp-content\/uploads\/logo-o-arcanjo-no-ar-facebook.png\" \/>\n\t<meta property=\"og:image:width\" content=\"300\" \/>\n\t<meta property=\"og:image:height\" content=\"300\" \/>\n\t<meta property=\"og:image:type\" content=\"image\/png\" \/>\n<meta name=\"author\" content=\"carlos\" \/>\n<meta name=\"twitter:card\" content=\"summary_large_image\" \/>\n<meta name=\"twitter:label1\" content=\"Escrito por\" \/>\n\t<meta name=\"twitter:data1\" content=\"carlos\" \/>\n\t<meta name=\"twitter:label2\" content=\"Est. tempo de leitura\" \/>\n\t<meta name=\"twitter:data2\" content=\"3 minutos\" \/>\n<script type=\"application\/ld+json\" class=\"yoast-schema-graph\">{\"@context\":\"https:\/\/schema.org\",\"@graph\":[{\"@type\":\"Article\",\"@id\":\"https:\/\/www.oarcanjo.net\/site\/pe-julio-lancellotti-foi-abracado-pelos-30-anos\/#article\",\"isPartOf\":{\"@id\":\"https:\/\/www.oarcanjo.net\/site\/pe-julio-lancellotti-foi-abracado-pelos-30-anos\/\"},\"author\":{\"name\":\"carlos\",\"@id\":\"https:\/\/www.oarcanjo.net\/site\/#\/schema\/person\/f7870e710d8c8c30673de3a0ac2e451d\"},\"headline\":\"Pe J\u00falio Lancellotti foi abra\u00e7ado pelos 30 anos\",\"datePublished\":\"2015-04-20T22:57:48+00:00\",\"dateModified\":\"2015-04-21T02:39:27+00:00\",\"mainEntityOfPage\":{\"@id\":\"https:\/\/www.oarcanjo.net\/site\/pe-julio-lancellotti-foi-abracado-pelos-30-anos\/\"},\"wordCount\":509,\"commentCount\":0,\"publisher\":{\"@id\":\"https:\/\/www.oarcanjo.net\/site\/#organization\"},\"articleSection\":[\"Rosto da comunidade\"],\"inLanguage\":\"pt-BR\",\"potentialAction\":[{\"@type\":\"CommentAction\",\"name\":\"Comment\",\"target\":[\"https:\/\/www.oarcanjo.net\/site\/pe-julio-lancellotti-foi-abracado-pelos-30-anos\/#respond\"]}]},{\"@type\":\"WebPage\",\"@id\":\"https:\/\/www.oarcanjo.net\/site\/pe-julio-lancellotti-foi-abracado-pelos-30-anos\/\",\"url\":\"https:\/\/www.oarcanjo.net\/site\/pe-julio-lancellotti-foi-abracado-pelos-30-anos\/\",\"name\":\"Pe J\u00falio Lancellotti foi abra\u00e7ado pelos 30 anos - O Arcanjo no ar\",\"isPartOf\":{\"@id\":\"https:\/\/www.oarcanjo.net\/site\/#website\"},\"datePublished\":\"2015-04-20T22:57:48+00:00\",\"dateModified\":\"2015-04-21T02:39:27+00:00\",\"breadcrumb\":{\"@id\":\"https:\/\/www.oarcanjo.net\/site\/pe-julio-lancellotti-foi-abracado-pelos-30-anos\/#breadcrumb\"},\"inLanguage\":\"pt-BR\",\"potentialAction\":[{\"@type\":\"ReadAction\",\"target\":[\"https:\/\/www.oarcanjo.net\/site\/pe-julio-lancellotti-foi-abracado-pelos-30-anos\/\"]}]},{\"@type\":\"BreadcrumbList\",\"@id\":\"https:\/\/www.oarcanjo.net\/site\/pe-julio-lancellotti-foi-abracado-pelos-30-anos\/#breadcrumb\",\"itemListElement\":[{\"@type\":\"ListItem\",\"position\":1,\"name\":\"In\u00edcio\",\"item\":\"https:\/\/www.oarcanjo.net\/site\/\"},{\"@type\":\"ListItem\",\"position\":2,\"name\":\"Pe J\u00falio Lancellotti foi abra\u00e7ado pelos 30 anos\"}]},{\"@type\":\"WebSite\",\"@id\":\"https:\/\/www.oarcanjo.net\/site\/#website\",\"url\":\"https:\/\/www.oarcanjo.net\/site\/\",\"name\":\"O Arcanjo no ar\",\"description\":\"Site da Par\u00f3quia S\u00e3o Miguel Arcanjo (Arquidiocese de SP)\",\"publisher\":{\"@id\":\"https:\/\/www.oarcanjo.net\/site\/#organization\"},\"potentialAction\":[{\"@type\":\"SearchAction\",\"target\":{\"@type\":\"EntryPoint\",\"urlTemplate\":\"https:\/\/www.oarcanjo.net\/site\/?s={search_term_string}\"},\"query-input\":{\"@type\":\"PropertyValueSpecification\",\"valueRequired\":true,\"valueName\":\"search_term_string\"}}],\"inLanguage\":\"pt-BR\"},{\"@type\":\"Organization\",\"@id\":\"https:\/\/www.oarcanjo.net\/site\/#organization\",\"name\":\"Par\u00f3quia S\u00e3o Miguel Arcanjo\",\"url\":\"https:\/\/www.oarcanjo.net\/site\/\",\"logo\":{\"@type\":\"ImageObject\",\"inLanguage\":\"pt-BR\",\"@id\":\"https:\/\/www.oarcanjo.net\/site\/#\/schema\/logo\/image\/\",\"url\":\"https:\/\/www.oarcanjo.net\/site\/wp-content\/uploads\/LogoOArcanjo.png\",\"contentUrl\":\"https:\/\/www.oarcanjo.net\/site\/wp-content\/uploads\/LogoOArcanjo.png\",\"width\":319,\"height\":99,\"caption\":\"Par\u00f3quia S\u00e3o Miguel Arcanjo\"},\"image\":{\"@id\":\"https:\/\/www.oarcanjo.net\/site\/#\/schema\/logo\/image\/\"},\"sameAs\":[\"https:\/\/www.facebook.com\/OArcanjoNoAr\/\"]},{\"@type\":\"Person\",\"@id\":\"https:\/\/www.oarcanjo.net\/site\/#\/schema\/person\/f7870e710d8c8c30673de3a0ac2e451d\",\"name\":\"carlos\"}]}<\/script>\n<!-- \/ Yoast SEO plugin. -->","yoast_head_json":{"title":"Pe J\u00falio Lancellotti foi abra\u00e7ado pelos 30 anos - O Arcanjo no ar","robots":{"index":"index","follow":"follow","max-snippet":"max-snippet:-1","max-image-preview":"max-image-preview:large","max-video-preview":"max-video-preview:-1"},"canonical":"https:\/\/www.oarcanjo.net\/site\/pe-julio-lancellotti-foi-abracado-pelos-30-anos\/","og_locale":"pt_BR","og_type":"article","og_title":"Pe J\u00falio Lancellotti foi abra\u00e7ado pelos 30 anos - O Arcanjo no ar","og_description":"Parte da Comunidade S\u00e3o Miguel Arcanjo deu um grande abra\u00e7o no Padre Julio Lancellotti, pelos seus 30 anos de ordena\u00e7\u00e3o. O abra\u00e7\u00e3o foi na Capela da Universidade S\u00e3o Judas Tadeu, envolvendo o altar, que \u00e9 central. O Tarcisio, em nome da Comunidade leu a bel\u00edssima homenagem ao Pe Julio, que tamb\u00e9m recebeu flores e presentes. [&hellip;]","og_url":"https:\/\/www.oarcanjo.net\/site\/pe-julio-lancellotti-foi-abracado-pelos-30-anos\/","og_site_name":"O Arcanjo no ar","article_publisher":"https:\/\/www.facebook.com\/OArcanjoNoAr\/","article_published_time":"2015-04-20T22:57:48+00:00","article_modified_time":"2015-04-21T02:39:27+00:00","og_image":[{"width":300,"height":300,"url":"https:\/\/www.oarcanjo.net\/site\/wp-content\/uploads\/logo-o-arcanjo-no-ar-facebook.png","type":"image\/png"}],"author":"carlos","twitter_card":"summary_large_image","twitter_misc":{"Escrito por":"carlos","Est. tempo de leitura":"3 minutos"},"schema":{"@context":"https:\/\/schema.org","@graph":[{"@type":"Article","@id":"https:\/\/www.oarcanjo.net\/site\/pe-julio-lancellotti-foi-abracado-pelos-30-anos\/#article","isPartOf":{"@id":"https:\/\/www.oarcanjo.net\/site\/pe-julio-lancellotti-foi-abracado-pelos-30-anos\/"},"author":{"name":"carlos","@id":"https:\/\/www.oarcanjo.net\/site\/#\/schema\/person\/f7870e710d8c8c30673de3a0ac2e451d"},"headline":"Pe J\u00falio Lancellotti foi abra\u00e7ado pelos 30 anos","datePublished":"2015-04-20T22:57:48+00:00","dateModified":"2015-04-21T02:39:27+00:00","mainEntityOfPage":{"@id":"https:\/\/www.oarcanjo.net\/site\/pe-julio-lancellotti-foi-abracado-pelos-30-anos\/"},"wordCount":509,"commentCount":0,"publisher":{"@id":"https:\/\/www.oarcanjo.net\/site\/#organization"},"articleSection":["Rosto da comunidade"],"inLanguage":"pt-BR","potentialAction":[{"@type":"CommentAction","name":"Comment","target":["https:\/\/www.oarcanjo.net\/site\/pe-julio-lancellotti-foi-abracado-pelos-30-anos\/#respond"]}]},{"@type":"WebPage","@id":"https:\/\/www.oarcanjo.net\/site\/pe-julio-lancellotti-foi-abracado-pelos-30-anos\/","url":"https:\/\/www.oarcanjo.net\/site\/pe-julio-lancellotti-foi-abracado-pelos-30-anos\/","name":"Pe J\u00falio Lancellotti foi abra\u00e7ado pelos 30 anos - O Arcanjo no ar","isPartOf":{"@id":"https:\/\/www.oarcanjo.net\/site\/#website"},"datePublished":"2015-04-20T22:57:48+00:00","dateModified":"2015-04-21T02:39:27+00:00","breadcrumb":{"@id":"https:\/\/www.oarcanjo.net\/site\/pe-julio-lancellotti-foi-abracado-pelos-30-anos\/#breadcrumb"},"inLanguage":"pt-BR","potentialAction":[{"@type":"ReadAction","target":["https:\/\/www.oarcanjo.net\/site\/pe-julio-lancellotti-foi-abracado-pelos-30-anos\/"]}]},{"@type":"BreadcrumbList","@id":"https:\/\/www.oarcanjo.net\/site\/pe-julio-lancellotti-foi-abracado-pelos-30-anos\/#breadcrumb","itemListElement":[{"@type":"ListItem","position":1,"name":"In\u00edcio","item":"https:\/\/www.oarcanjo.net\/site\/"},{"@type":"ListItem","position":2,"name":"Pe J\u00falio Lancellotti foi abra\u00e7ado pelos 30 anos"}]},{"@type":"WebSite","@id":"https:\/\/www.oarcanjo.net\/site\/#website","url":"https:\/\/www.oarcanjo.net\/site\/","name":"O Arcanjo no ar","description":"Site da Par\u00f3quia S\u00e3o Miguel Arcanjo (Arquidiocese de SP)","publisher":{"@id":"https:\/\/www.oarcanjo.net\/site\/#organization"},"potentialAction":[{"@type":"SearchAction","target":{"@type":"EntryPoint","urlTemplate":"https:\/\/www.oarcanjo.net\/site\/?s={search_term_string}"},"query-input":{"@type":"PropertyValueSpecification","valueRequired":true,"valueName":"search_term_string"}}],"inLanguage":"pt-BR"},{"@type":"Organization","@id":"https:\/\/www.oarcanjo.net\/site\/#organization","name":"Par\u00f3quia S\u00e3o Miguel Arcanjo","url":"https:\/\/www.oarcanjo.net\/site\/","logo":{"@type":"ImageObject","inLanguage":"pt-BR","@id":"https:\/\/www.oarcanjo.net\/site\/#\/schema\/logo\/image\/","url":"https:\/\/www.oarcanjo.net\/site\/wp-content\/uploads\/LogoOArcanjo.png","contentUrl":"https:\/\/www.oarcanjo.net\/site\/wp-content\/uploads\/LogoOArcanjo.png","width":319,"height":99,"caption":"Par\u00f3quia S\u00e3o Miguel Arcanjo"},"image":{"@id":"https:\/\/www.oarcanjo.net\/site\/#\/schema\/logo\/image\/"},"sameAs":["https:\/\/www.facebook.com\/OArcanjoNoAr\/"]},{"@type":"Person","@id":"https:\/\/www.oarcanjo.net\/site\/#\/schema\/person\/f7870e710d8c8c30673de3a0ac2e451d","name":"carlos"}]}},"publishpress_future_action":{"enabled":false,"date":"2026-05-10 05:09:18","action":"category","newStatus":"draft","terms":[],"taxonomy":"category"},"publishpress_future_workflow_manual_trigger":{"enabledWorkflows":[]},"_links":{"self":[{"href":"https:\/\/www.oarcanjo.net\/site\/wp-json\/wp\/v2\/posts\/60502"}],"collection":[{"href":"https:\/\/www.oarcanjo.net\/site\/wp-json\/wp\/v2\/posts"}],"about":[{"href":"https:\/\/www.oarcanjo.net\/site\/wp-json\/wp\/v2\/types\/post"}],"author":[{"embeddable":true,"href":"https:\/\/www.oarcanjo.net\/site\/wp-json\/wp\/v2\/users\/10"}],"replies":[{"embeddable":true,"href":"https:\/\/www.oarcanjo.net\/site\/wp-json\/wp\/v2\/comments?post=60502"}],"version-history":[{"count":0,"href":"https:\/\/www.oarcanjo.net\/site\/wp-json\/wp\/v2\/posts\/60502\/revisions"}],"wp:attachment":[{"href":"https:\/\/www.oarcanjo.net\/site\/wp-json\/wp\/v2\/media?parent=60502"}],"wp:term":[{"taxonomy":"category","embeddable":true,"href":"https:\/\/www.oarcanjo.net\/site\/wp-json\/wp\/v2\/categories?post=60502"},{"taxonomy":"post_tag","embeddable":true,"href":"https:\/\/www.oarcanjo.net\/site\/wp-json\/wp\/v2\/tags?post=60502"}],"curies":[{"name":"wp","href":"https:\/\/api.w.org\/{rel}","templated":true}]}}