
{"id":6058,"date":"2009-11-20T21:03:24","date_gmt":"2009-11-21T00:03:24","guid":{"rendered":"http:\/\/www.oarcanjo.net\/site\/?p=6058"},"modified":"2009-11-26T06:04:37","modified_gmt":"2009-11-26T09:04:37","slug":"santo-edmundo","status":"publish","type":"post","link":"https:\/\/www.oarcanjo.net\/site\/santo-edmundo\/","title":{"rendered":"Santo Edmundo"},"content":{"rendered":"<p><strong>20 de novembro<\/strong><\/p>\n<p>Reinava Offa nos Estados ingleses. Desejando terminar seus dias em Roma, no exerc\u00edcio da piedade e da penit\u00eancia, passou a coroa para Edmundo, de quinze anos de idade, descendente dos antigos reis anglo-sax\u00f5es da Gr\u00e3-Bretanha.<\/p>\n<p>Edmundo, segundo os seus historiadores, foi coroado no dia de Natal de 885. Suas qualidades morais tornaram-no modelo dos bons reis. Tinha grande avers\u00e3o aos lisonjeiros; toda a sua ambi\u00e7\u00e3o era manter a paz e assegurar a felicidade dos s\u00faditos. Da\u00ed o grande z\u00ealo na administra\u00e7\u00e3o da justi\u00e7a e na implanta\u00e7\u00e3o dos bons costumes nos seus Estados. Foi o pai dos s\u00faditos, sobretudo dos pobres, protetor das vi\u00favas e dos \u00f3rf\u00e3os, sustento e apoio dos fracos. O fervor no servi\u00e7o de Deus real\u00e7ava o brilho das suas outras virtudes. A exemplo dos monges e de v\u00e1rias outras pessoas piedosas, aprendeu o salt\u00e9rio de cor.<\/p>\n<p>No d\u00e9cimo quinto ano do seu reinado, foi atacado pelos Dinamarqueses H\u00ednguar e Hubla, pr\u00edncipes desta na\u00e7\u00e3o, verdadeiros piratas, que foram desembarcar na Inglaterra. Edmundo, a princ\u00edpio, manteve-se sereno, confiando num tratado que tinha feito com os b\u00e1rbaros logo que vieram para o seu pa\u00eds. Mas quando viu que n\u00e3o respeitaram o tratado, reuniu o seu ex\u00e9rcito. Mas os infi\u00e9is receberam aux\u00edlios. Perante este refor\u00e7o do inimigo, Edmundo sentia-se impotente para o combater.<\/p>\n<p>Ent\u00e3o os b\u00e1rbaros fizeram-lhe v\u00e1rias propostas que recusou, por serem contr\u00e1rias \u00e0 religi\u00e3o e \u00e0 justi\u00e7a que devia aos s\u00faditos. Preferiu expor-se \u00e0 morte a trair sua consci\u00eancia. Carregaram-no de pesadas cadeias e levaram Edmundo \u00e0 tenda do general inimigo. Fizeram-lhe novas propostas. Respondeu com firmeza que a religi\u00e3o lhe era mais cara do que a vida, e que nunca consentiria em ofender a Deus, que adorava. H\u00ednguar, enfurecido com esta resposta, mandou a\u00e7oit\u00e1-lo cruelmente.<\/p>\n<p>O santo sofreu todos os maus tratos com paci\u00eancia invenc\u00edvel, invocando o Sagrado Nome de Jesus. Por fim, foi condenado a ser decapitado, recebendo a palma do mart\u00edrio a 20 de novembro de 870.<\/p>\n<p>Os ingleses consideraram-no m\u00e1rtir e dedicaram-lhe numerosas igrejas.<\/p>\n<p><strong>Outros Santos e Santas desta data:<\/strong><\/p>\n<p>S. F\u00e9lix de Valois, S. D\u00e1sio, Ss. Nerses e companheiros, S. Max\u00eancia, S. Benvardo, B. Ambr\u00f3sio de Camaldoli, B. Maria dos Milagres Ortelles Gimeno, B. Maria Fortunata, B. Amparo Rosat, B. Maria do Calv\u00e1rio e B. Maria da Concei\u00e7\u00e3o.<\/p>\n<p><em>Colabora\u00e7\u00e3o de Danilo Santana<\/em><\/p>\n<div id=\"themify_builder_content-6058\" data-postid=\"6058\" class=\"themify_builder_content themify_builder_content-6058 themify_builder themify_builder_front\">\n\t<\/div>\n<!-- \/themify_builder_content -->","protected":false},"excerpt":{"rendered":"<p>20 de novembro Reinava Offa nos Estados ingleses. Desejando terminar seus dias em Roma, no exerc\u00edcio da piedade e da penit\u00eancia, passou a coroa para Edmundo, de quinze anos de idade, descendente dos antigos reis anglo-sax\u00f5es da Gr\u00e3-Bretanha. Edmundo, segundo os seus historiadores, foi coroado no dia de Natal de 885. Suas qualidades morais tornaram-no [&hellip;]<\/p>\n","protected":false},"author":5,"featured_media":0,"comment_status":"open","ping_status":"open","sticky":false,"template":"","format":"standard","meta":{"ngg_post_thumbnail":0,"footnotes":""},"categories":[186],"tags":[1270],"yoast_head":"<!-- This site is optimized with the Yoast SEO plugin v23.5 - https:\/\/yoast.com\/wordpress\/plugins\/seo\/ -->\n<title>Santo Edmundo - O Arcanjo no ar<\/title>\n<meta name=\"robots\" content=\"index, follow, max-snippet:-1, max-image-preview:large, max-video-preview:-1\" \/>\n<link rel=\"canonical\" href=\"https:\/\/www.oarcanjo.net\/site\/santo-edmundo\/\" \/>\n<meta property=\"og:locale\" content=\"pt_BR\" \/>\n<meta property=\"og:type\" content=\"article\" \/>\n<meta property=\"og:title\" content=\"Santo Edmundo - O Arcanjo no ar\" \/>\n<meta property=\"og:description\" content=\"20 de novembro Reinava Offa nos Estados ingleses. Desejando terminar seus dias em Roma, no exerc\u00edcio da piedade e da penit\u00eancia, passou a coroa para Edmundo, de quinze anos de idade, descendente dos antigos reis anglo-sax\u00f5es da Gr\u00e3-Bretanha. Edmundo, segundo os seus historiadores, foi coroado no dia de Natal de 885. Suas qualidades morais tornaram-no [&hellip;]\" \/>\n<meta property=\"og:url\" content=\"https:\/\/www.oarcanjo.net\/site\/santo-edmundo\/\" \/>\n<meta property=\"og:site_name\" content=\"O Arcanjo no ar\" \/>\n<meta property=\"article:publisher\" content=\"https:\/\/www.facebook.com\/OArcanjoNoAr\/\" \/>\n<meta property=\"article:published_time\" content=\"2009-11-21T00:03:24+00:00\" \/>\n<meta property=\"article:modified_time\" content=\"2009-11-26T09:04:37+00:00\" \/>\n<meta property=\"og:image\" content=\"https:\/\/www.oarcanjo.net\/site\/wp-content\/uploads\/logo-o-arcanjo-no-ar-facebook.png\" \/>\n\t<meta property=\"og:image:width\" content=\"300\" \/>\n\t<meta property=\"og:image:height\" content=\"300\" \/>\n\t<meta property=\"og:image:type\" content=\"image\/png\" \/>\n<meta name=\"author\" content=\"editor\" \/>\n<meta name=\"twitter:card\" content=\"summary_large_image\" \/>\n<meta name=\"twitter:label1\" content=\"Escrito por\" \/>\n\t<meta name=\"twitter:data1\" content=\"editor\" \/>\n\t<meta name=\"twitter:label2\" content=\"Est. tempo de leitura\" \/>\n\t<meta name=\"twitter:data2\" content=\"2 minutos\" \/>\n<script type=\"application\/ld+json\" class=\"yoast-schema-graph\">{\"@context\":\"https:\/\/schema.org\",\"@graph\":[{\"@type\":\"Article\",\"@id\":\"https:\/\/www.oarcanjo.net\/site\/santo-edmundo\/#article\",\"isPartOf\":{\"@id\":\"https:\/\/www.oarcanjo.net\/site\/santo-edmundo\/\"},\"author\":{\"name\":\"editor\",\"@id\":\"https:\/\/www.oarcanjo.net\/site\/#\/schema\/person\/f7024d007863202483a31326673a0838\"},\"headline\":\"Santo Edmundo\",\"datePublished\":\"2009-11-21T00:03:24+00:00\",\"dateModified\":\"2009-11-26T09:04:37+00:00\",\"mainEntityOfPage\":{\"@id\":\"https:\/\/www.oarcanjo.net\/site\/santo-edmundo\/\"},\"wordCount\":428,\"commentCount\":0,\"publisher\":{\"@id\":\"https:\/\/www.oarcanjo.net\/site\/#organization\"},\"keywords\":[\"Santo Edmundo\"],\"articleSection\":[\"Testemunhos\"],\"inLanguage\":\"pt-BR\",\"potentialAction\":[{\"@type\":\"CommentAction\",\"name\":\"Comment\",\"target\":[\"https:\/\/www.oarcanjo.net\/site\/santo-edmundo\/#respond\"]}]},{\"@type\":\"WebPage\",\"@id\":\"https:\/\/www.oarcanjo.net\/site\/santo-edmundo\/\",\"url\":\"https:\/\/www.oarcanjo.net\/site\/santo-edmundo\/\",\"name\":\"Santo Edmundo - O Arcanjo no ar\",\"isPartOf\":{\"@id\":\"https:\/\/www.oarcanjo.net\/site\/#website\"},\"datePublished\":\"2009-11-21T00:03:24+00:00\",\"dateModified\":\"2009-11-26T09:04:37+00:00\",\"breadcrumb\":{\"@id\":\"https:\/\/www.oarcanjo.net\/site\/santo-edmundo\/#breadcrumb\"},\"inLanguage\":\"pt-BR\",\"potentialAction\":[{\"@type\":\"ReadAction\",\"target\":[\"https:\/\/www.oarcanjo.net\/site\/santo-edmundo\/\"]}]},{\"@type\":\"BreadcrumbList\",\"@id\":\"https:\/\/www.oarcanjo.net\/site\/santo-edmundo\/#breadcrumb\",\"itemListElement\":[{\"@type\":\"ListItem\",\"position\":1,\"name\":\"In\u00edcio\",\"item\":\"https:\/\/www.oarcanjo.net\/site\/\"},{\"@type\":\"ListItem\",\"position\":2,\"name\":\"Santo Edmundo\"}]},{\"@type\":\"WebSite\",\"@id\":\"https:\/\/www.oarcanjo.net\/site\/#website\",\"url\":\"https:\/\/www.oarcanjo.net\/site\/\",\"name\":\"O Arcanjo no ar\",\"description\":\"Site da Par\u00f3quia S\u00e3o Miguel Arcanjo (Arquidiocese de SP)\",\"publisher\":{\"@id\":\"https:\/\/www.oarcanjo.net\/site\/#organization\"},\"potentialAction\":[{\"@type\":\"SearchAction\",\"target\":{\"@type\":\"EntryPoint\",\"urlTemplate\":\"https:\/\/www.oarcanjo.net\/site\/?s={search_term_string}\"},\"query-input\":{\"@type\":\"PropertyValueSpecification\",\"valueRequired\":true,\"valueName\":\"search_term_string\"}}],\"inLanguage\":\"pt-BR\"},{\"@type\":\"Organization\",\"@id\":\"https:\/\/www.oarcanjo.net\/site\/#organization\",\"name\":\"Par\u00f3quia S\u00e3o Miguel Arcanjo\",\"url\":\"https:\/\/www.oarcanjo.net\/site\/\",\"logo\":{\"@type\":\"ImageObject\",\"inLanguage\":\"pt-BR\",\"@id\":\"https:\/\/www.oarcanjo.net\/site\/#\/schema\/logo\/image\/\",\"url\":\"https:\/\/www.oarcanjo.net\/site\/wp-content\/uploads\/LogoOArcanjo.png\",\"contentUrl\":\"https:\/\/www.oarcanjo.net\/site\/wp-content\/uploads\/LogoOArcanjo.png\",\"width\":319,\"height\":99,\"caption\":\"Par\u00f3quia S\u00e3o Miguel Arcanjo\"},\"image\":{\"@id\":\"https:\/\/www.oarcanjo.net\/site\/#\/schema\/logo\/image\/\"},\"sameAs\":[\"https:\/\/www.facebook.com\/OArcanjoNoAr\/\"]},{\"@type\":\"Person\",\"@id\":\"https:\/\/www.oarcanjo.net\/site\/#\/schema\/person\/f7024d007863202483a31326673a0838\",\"name\":\"editor\",\"sameAs\":[\"http:\/\/www.oarcanjo.net\"]}]}<\/script>\n<!-- \/ Yoast SEO plugin. -->","yoast_head_json":{"title":"Santo Edmundo - O Arcanjo no ar","robots":{"index":"index","follow":"follow","max-snippet":"max-snippet:-1","max-image-preview":"max-image-preview:large","max-video-preview":"max-video-preview:-1"},"canonical":"https:\/\/www.oarcanjo.net\/site\/santo-edmundo\/","og_locale":"pt_BR","og_type":"article","og_title":"Santo Edmundo - O Arcanjo no ar","og_description":"20 de novembro Reinava Offa nos Estados ingleses. Desejando terminar seus dias em Roma, no exerc\u00edcio da piedade e da penit\u00eancia, passou a coroa para Edmundo, de quinze anos de idade, descendente dos antigos reis anglo-sax\u00f5es da Gr\u00e3-Bretanha. Edmundo, segundo os seus historiadores, foi coroado no dia de Natal de 885. Suas qualidades morais tornaram-no [&hellip;]","og_url":"https:\/\/www.oarcanjo.net\/site\/santo-edmundo\/","og_site_name":"O Arcanjo no ar","article_publisher":"https:\/\/www.facebook.com\/OArcanjoNoAr\/","article_published_time":"2009-11-21T00:03:24+00:00","article_modified_time":"2009-11-26T09:04:37+00:00","og_image":[{"width":300,"height":300,"url":"https:\/\/www.oarcanjo.net\/site\/wp-content\/uploads\/logo-o-arcanjo-no-ar-facebook.png","type":"image\/png"}],"author":"editor","twitter_card":"summary_large_image","twitter_misc":{"Escrito por":"editor","Est. tempo de leitura":"2 minutos"},"schema":{"@context":"https:\/\/schema.org","@graph":[{"@type":"Article","@id":"https:\/\/www.oarcanjo.net\/site\/santo-edmundo\/#article","isPartOf":{"@id":"https:\/\/www.oarcanjo.net\/site\/santo-edmundo\/"},"author":{"name":"editor","@id":"https:\/\/www.oarcanjo.net\/site\/#\/schema\/person\/f7024d007863202483a31326673a0838"},"headline":"Santo Edmundo","datePublished":"2009-11-21T00:03:24+00:00","dateModified":"2009-11-26T09:04:37+00:00","mainEntityOfPage":{"@id":"https:\/\/www.oarcanjo.net\/site\/santo-edmundo\/"},"wordCount":428,"commentCount":0,"publisher":{"@id":"https:\/\/www.oarcanjo.net\/site\/#organization"},"keywords":["Santo Edmundo"],"articleSection":["Testemunhos"],"inLanguage":"pt-BR","potentialAction":[{"@type":"CommentAction","name":"Comment","target":["https:\/\/www.oarcanjo.net\/site\/santo-edmundo\/#respond"]}]},{"@type":"WebPage","@id":"https:\/\/www.oarcanjo.net\/site\/santo-edmundo\/","url":"https:\/\/www.oarcanjo.net\/site\/santo-edmundo\/","name":"Santo Edmundo - O Arcanjo no ar","isPartOf":{"@id":"https:\/\/www.oarcanjo.net\/site\/#website"},"datePublished":"2009-11-21T00:03:24+00:00","dateModified":"2009-11-26T09:04:37+00:00","breadcrumb":{"@id":"https:\/\/www.oarcanjo.net\/site\/santo-edmundo\/#breadcrumb"},"inLanguage":"pt-BR","potentialAction":[{"@type":"ReadAction","target":["https:\/\/www.oarcanjo.net\/site\/santo-edmundo\/"]}]},{"@type":"BreadcrumbList","@id":"https:\/\/www.oarcanjo.net\/site\/santo-edmundo\/#breadcrumb","itemListElement":[{"@type":"ListItem","position":1,"name":"In\u00edcio","item":"https:\/\/www.oarcanjo.net\/site\/"},{"@type":"ListItem","position":2,"name":"Santo Edmundo"}]},{"@type":"WebSite","@id":"https:\/\/www.oarcanjo.net\/site\/#website","url":"https:\/\/www.oarcanjo.net\/site\/","name":"O Arcanjo no ar","description":"Site da Par\u00f3quia S\u00e3o Miguel Arcanjo (Arquidiocese de SP)","publisher":{"@id":"https:\/\/www.oarcanjo.net\/site\/#organization"},"potentialAction":[{"@type":"SearchAction","target":{"@type":"EntryPoint","urlTemplate":"https:\/\/www.oarcanjo.net\/site\/?s={search_term_string}"},"query-input":{"@type":"PropertyValueSpecification","valueRequired":true,"valueName":"search_term_string"}}],"inLanguage":"pt-BR"},{"@type":"Organization","@id":"https:\/\/www.oarcanjo.net\/site\/#organization","name":"Par\u00f3quia S\u00e3o Miguel Arcanjo","url":"https:\/\/www.oarcanjo.net\/site\/","logo":{"@type":"ImageObject","inLanguage":"pt-BR","@id":"https:\/\/www.oarcanjo.net\/site\/#\/schema\/logo\/image\/","url":"https:\/\/www.oarcanjo.net\/site\/wp-content\/uploads\/LogoOArcanjo.png","contentUrl":"https:\/\/www.oarcanjo.net\/site\/wp-content\/uploads\/LogoOArcanjo.png","width":319,"height":99,"caption":"Par\u00f3quia S\u00e3o Miguel Arcanjo"},"image":{"@id":"https:\/\/www.oarcanjo.net\/site\/#\/schema\/logo\/image\/"},"sameAs":["https:\/\/www.facebook.com\/OArcanjoNoAr\/"]},{"@type":"Person","@id":"https:\/\/www.oarcanjo.net\/site\/#\/schema\/person\/f7024d007863202483a31326673a0838","name":"editor","sameAs":["http:\/\/www.oarcanjo.net"]}]}},"publishpress_future_action":{"enabled":false,"date":"2026-05-08 00:41:50","action":"category","newStatus":"draft","terms":[],"taxonomy":"category"},"publishpress_future_workflow_manual_trigger":{"enabledWorkflows":[]},"_links":{"self":[{"href":"https:\/\/www.oarcanjo.net\/site\/wp-json\/wp\/v2\/posts\/6058"}],"collection":[{"href":"https:\/\/www.oarcanjo.net\/site\/wp-json\/wp\/v2\/posts"}],"about":[{"href":"https:\/\/www.oarcanjo.net\/site\/wp-json\/wp\/v2\/types\/post"}],"author":[{"embeddable":true,"href":"https:\/\/www.oarcanjo.net\/site\/wp-json\/wp\/v2\/users\/5"}],"replies":[{"embeddable":true,"href":"https:\/\/www.oarcanjo.net\/site\/wp-json\/wp\/v2\/comments?post=6058"}],"version-history":[{"count":0,"href":"https:\/\/www.oarcanjo.net\/site\/wp-json\/wp\/v2\/posts\/6058\/revisions"}],"wp:attachment":[{"href":"https:\/\/www.oarcanjo.net\/site\/wp-json\/wp\/v2\/media?parent=6058"}],"wp:term":[{"taxonomy":"category","embeddable":true,"href":"https:\/\/www.oarcanjo.net\/site\/wp-json\/wp\/v2\/categories?post=6058"},{"taxonomy":"post_tag","embeddable":true,"href":"https:\/\/www.oarcanjo.net\/site\/wp-json\/wp\/v2\/tags?post=6058"}],"curies":[{"name":"wp","href":"https:\/\/api.w.org\/{rel}","templated":true}]}}