
{"id":6060,"date":"2009-11-20T21:05:06","date_gmt":"2009-11-21T00:05:06","guid":{"rendered":"http:\/\/www.oarcanjo.net\/site\/?p=6060"},"modified":"2009-11-26T06:03:23","modified_gmt":"2009-11-26T09:03:23","slug":"santos-otavio-solutor-e-aventor","status":"publish","type":"post","link":"https:\/\/www.oarcanjo.net\/site\/santos-otavio-solutor-e-aventor\/","title":{"rendered":"Santos Ot\u00e1vio Solutor e Aventor"},"content":{"rendered":"<p><strong>20 de novembro<\/strong><\/p>\n<p>No Martirol\u00f3gio Romano, na data de 20 de novembro, lemos: \u201cS\u00e3o festejados em Turim os santos m\u00e1rtires Ot\u00e1vio, Solutor e Aventor, soldados da legi\u00e3o tebana, os quais sob o imperador Maximiano, combatendo valorosamente, foram coroados pelo mart\u00edrio.\u201d O inciso \u201ccombatendo valorosamente\u201d refere-se evidentemente a sua declara\u00e7\u00e3o de serem crist\u00e3os, e portando a sua vontade de permanecerem fi\u00e9is a profiss\u00e3o de f\u00e9 crist\u00e3, n\u00e3o obstante o clima de persegui\u00e7\u00e3o instaurado por Maximiano, o feroz colega do imperador Diocleciano. N\u00e3o conhecemos por\u00e9m com certeza em quais circunst\u00e2ncias Ot\u00e1vio, Solutor e Aventor foram coroados com o mart\u00edrio.<\/p>\n<p>A pr\u00f3pria informa\u00e7\u00e3o de que eram soldados da legi\u00e3o tebana funda-se, na realidade, sobre uma paix\u00e3o bastante tardia. Foi de fato entre 432-450 que foi redigida a paix\u00e3o de s\u00e3o Maur\u00edcio e companheiros, da qual depende a de Ot\u00e1vio, Solutor e Aventor. Parece at\u00e9 que fosse um costume bastante difundido naquela \u00e9poca considerar membros da legi\u00e3o tebana os m\u00e1rtires de sexo masculino dos quais se ignorasse tudo ou quase tudo. Dos nossos tr\u00eas santos, a paix\u00e3o do s\u00e9culo V narrava que tinham conseguido escapar do massacre geral de Agaunum, por\u00e9m, a fuga teria sido descoberta e foram imediatamente seguidos.<\/p>\n<p>A ca\u00e7ada terminou nas proximidades de Turim: Aventor e Ot\u00e1vio alcan\u00e7ados, foram trucidados no local. Solutor, talvez porque mais jovem e ferido levemente, conseguiu prosseguir na fuga. Chegando \u00e0s margens de Dora Riparia, encontrou ref\u00fagio numa gruta de areia. Uma vez descoberto tamb\u00e9m foi decapitado bem no meio de um pantano. Uma piedosa crist\u00e3 e matrona romana, Juliana, conseguiu recuperar o seu corpo, como j\u00e1 havia recuperado os corpos de Aventor e Ot\u00e1vio. Sepultados nas vizinhan\u00e7as de Turim, construiu sobre os sepulcros uma das c\u00e9lulas orat\u00f3rias, isto \u00e9, uma capelinha que mais tarde foi ampliada em bas\u00edlica pelo bispo V\u00edtor, no fim do s\u00e9culo V.<\/p>\n<p>Mais tarde o bispo Ges\u00e3o renovou a bas\u00edlica e incorporou-se a um mosteiro beneditino dedicado a s\u00e3o Solutor e que teve como primeiro abade um certo Romano, a quem sucedeu s\u00e3o Goslino (ou Goselino). Quando os franceses ordenaram a demoli\u00e7\u00e3o do mosteiro em 1536, os corpos dos tr\u00eas m\u00e1rtires foram transferidos para a Consolata e finalmente em 1575 foi levantada a igreja dos m\u00e1rtires, que ainda hoje hospeda suas rel\u00edquias.<\/p>\n<p><strong>Outros Santos e Santas desta data:<\/strong><\/p>\n<p>S. F\u00e9lix de Valois, S. D\u00e1sio, Ss. Nerses e companheiros, S. Max\u00eancia, S. Benvardo, B. Ambr\u00f3sio de Camaldoli, B. Maria dos Milagres Ortelles Gimeno, B. Maria Fortunata, B. Amparo Rosat, B. Maria do Calv\u00e1rio e B. Maria da Concei\u00e7\u00e3o.<\/p>\n<p><em>Colabora\u00e7\u00e3o de Danilo Santana<\/em><\/p>\n<div id=\"themify_builder_content-6060\" data-postid=\"6060\" class=\"themify_builder_content themify_builder_content-6060 themify_builder themify_builder_front\">\n\t<\/div>\n<!-- \/themify_builder_content -->","protected":false},"excerpt":{"rendered":"<p>20 de novembro No Martirol\u00f3gio Romano, na data de 20 de novembro, lemos: \u201cS\u00e3o festejados em Turim os santos m\u00e1rtires Ot\u00e1vio, Solutor e Aventor, soldados da legi\u00e3o tebana, os quais sob o imperador Maximiano, combatendo valorosamente, foram coroados pelo mart\u00edrio.\u201d O inciso \u201ccombatendo valorosamente\u201d refere-se evidentemente a sua declara\u00e7\u00e3o de serem crist\u00e3os, e portando a [&hellip;]<\/p>\n","protected":false},"author":5,"featured_media":0,"comment_status":"open","ping_status":"open","sticky":false,"template":"","format":"standard","meta":{"ngg_post_thumbnail":0,"footnotes":""},"categories":[186],"tags":[1271],"yoast_head":"<!-- This site is optimized with the Yoast SEO plugin v23.5 - https:\/\/yoast.com\/wordpress\/plugins\/seo\/ -->\n<title>Santos Ot\u00e1vio Solutor e Aventor - O Arcanjo no ar<\/title>\n<meta name=\"robots\" content=\"index, follow, max-snippet:-1, max-image-preview:large, max-video-preview:-1\" \/>\n<link rel=\"canonical\" href=\"https:\/\/www.oarcanjo.net\/site\/santos-otavio-solutor-e-aventor\/\" \/>\n<meta property=\"og:locale\" content=\"pt_BR\" \/>\n<meta property=\"og:type\" content=\"article\" \/>\n<meta property=\"og:title\" content=\"Santos Ot\u00e1vio Solutor e Aventor - O Arcanjo no ar\" \/>\n<meta property=\"og:description\" content=\"20 de novembro No Martirol\u00f3gio Romano, na data de 20 de novembro, lemos: \u201cS\u00e3o festejados em Turim os santos m\u00e1rtires Ot\u00e1vio, Solutor e Aventor, soldados da legi\u00e3o tebana, os quais sob o imperador Maximiano, combatendo valorosamente, foram coroados pelo mart\u00edrio.\u201d O inciso \u201ccombatendo valorosamente\u201d refere-se evidentemente a sua declara\u00e7\u00e3o de serem crist\u00e3os, e portando a [&hellip;]\" \/>\n<meta property=\"og:url\" content=\"https:\/\/www.oarcanjo.net\/site\/santos-otavio-solutor-e-aventor\/\" \/>\n<meta property=\"og:site_name\" content=\"O Arcanjo no ar\" \/>\n<meta property=\"article:publisher\" content=\"https:\/\/www.facebook.com\/OArcanjoNoAr\/\" \/>\n<meta property=\"article:published_time\" content=\"2009-11-21T00:05:06+00:00\" \/>\n<meta property=\"article:modified_time\" content=\"2009-11-26T09:03:23+00:00\" \/>\n<meta property=\"og:image\" content=\"https:\/\/www.oarcanjo.net\/site\/wp-content\/uploads\/logo-o-arcanjo-no-ar-facebook.png\" \/>\n\t<meta property=\"og:image:width\" content=\"300\" \/>\n\t<meta property=\"og:image:height\" content=\"300\" \/>\n\t<meta property=\"og:image:type\" content=\"image\/png\" \/>\n<meta name=\"author\" content=\"editor\" \/>\n<meta name=\"twitter:card\" content=\"summary_large_image\" \/>\n<meta name=\"twitter:label1\" content=\"Escrito por\" \/>\n\t<meta name=\"twitter:data1\" content=\"editor\" \/>\n\t<meta name=\"twitter:label2\" content=\"Est. tempo de leitura\" \/>\n\t<meta name=\"twitter:data2\" content=\"2 minutos\" \/>\n<script type=\"application\/ld+json\" class=\"yoast-schema-graph\">{\"@context\":\"https:\/\/schema.org\",\"@graph\":[{\"@type\":\"Article\",\"@id\":\"https:\/\/www.oarcanjo.net\/site\/santos-otavio-solutor-e-aventor\/#article\",\"isPartOf\":{\"@id\":\"https:\/\/www.oarcanjo.net\/site\/santos-otavio-solutor-e-aventor\/\"},\"author\":{\"name\":\"editor\",\"@id\":\"https:\/\/www.oarcanjo.net\/site\/#\/schema\/person\/f7024d007863202483a31326673a0838\"},\"headline\":\"Santos Ot\u00e1vio Solutor e Aventor\",\"datePublished\":\"2009-11-21T00:05:06+00:00\",\"dateModified\":\"2009-11-26T09:03:23+00:00\",\"mainEntityOfPage\":{\"@id\":\"https:\/\/www.oarcanjo.net\/site\/santos-otavio-solutor-e-aventor\/\"},\"wordCount\":480,\"commentCount\":0,\"publisher\":{\"@id\":\"https:\/\/www.oarcanjo.net\/site\/#organization\"},\"keywords\":[\"Santos Ot\u00e1vio Solutor e Aventor\"],\"articleSection\":[\"Testemunhos\"],\"inLanguage\":\"pt-BR\",\"potentialAction\":[{\"@type\":\"CommentAction\",\"name\":\"Comment\",\"target\":[\"https:\/\/www.oarcanjo.net\/site\/santos-otavio-solutor-e-aventor\/#respond\"]}]},{\"@type\":\"WebPage\",\"@id\":\"https:\/\/www.oarcanjo.net\/site\/santos-otavio-solutor-e-aventor\/\",\"url\":\"https:\/\/www.oarcanjo.net\/site\/santos-otavio-solutor-e-aventor\/\",\"name\":\"Santos Ot\u00e1vio Solutor e Aventor - O Arcanjo no ar\",\"isPartOf\":{\"@id\":\"https:\/\/www.oarcanjo.net\/site\/#website\"},\"datePublished\":\"2009-11-21T00:05:06+00:00\",\"dateModified\":\"2009-11-26T09:03:23+00:00\",\"breadcrumb\":{\"@id\":\"https:\/\/www.oarcanjo.net\/site\/santos-otavio-solutor-e-aventor\/#breadcrumb\"},\"inLanguage\":\"pt-BR\",\"potentialAction\":[{\"@type\":\"ReadAction\",\"target\":[\"https:\/\/www.oarcanjo.net\/site\/santos-otavio-solutor-e-aventor\/\"]}]},{\"@type\":\"BreadcrumbList\",\"@id\":\"https:\/\/www.oarcanjo.net\/site\/santos-otavio-solutor-e-aventor\/#breadcrumb\",\"itemListElement\":[{\"@type\":\"ListItem\",\"position\":1,\"name\":\"In\u00edcio\",\"item\":\"https:\/\/www.oarcanjo.net\/site\/\"},{\"@type\":\"ListItem\",\"position\":2,\"name\":\"Santos Ot\u00e1vio Solutor e Aventor\"}]},{\"@type\":\"WebSite\",\"@id\":\"https:\/\/www.oarcanjo.net\/site\/#website\",\"url\":\"https:\/\/www.oarcanjo.net\/site\/\",\"name\":\"O Arcanjo no ar\",\"description\":\"Site da Par\u00f3quia S\u00e3o Miguel Arcanjo (Arquidiocese de SP)\",\"publisher\":{\"@id\":\"https:\/\/www.oarcanjo.net\/site\/#organization\"},\"potentialAction\":[{\"@type\":\"SearchAction\",\"target\":{\"@type\":\"EntryPoint\",\"urlTemplate\":\"https:\/\/www.oarcanjo.net\/site\/?s={search_term_string}\"},\"query-input\":{\"@type\":\"PropertyValueSpecification\",\"valueRequired\":true,\"valueName\":\"search_term_string\"}}],\"inLanguage\":\"pt-BR\"},{\"@type\":\"Organization\",\"@id\":\"https:\/\/www.oarcanjo.net\/site\/#organization\",\"name\":\"Par\u00f3quia S\u00e3o Miguel Arcanjo\",\"url\":\"https:\/\/www.oarcanjo.net\/site\/\",\"logo\":{\"@type\":\"ImageObject\",\"inLanguage\":\"pt-BR\",\"@id\":\"https:\/\/www.oarcanjo.net\/site\/#\/schema\/logo\/image\/\",\"url\":\"https:\/\/www.oarcanjo.net\/site\/wp-content\/uploads\/LogoOArcanjo.png\",\"contentUrl\":\"https:\/\/www.oarcanjo.net\/site\/wp-content\/uploads\/LogoOArcanjo.png\",\"width\":319,\"height\":99,\"caption\":\"Par\u00f3quia S\u00e3o Miguel Arcanjo\"},\"image\":{\"@id\":\"https:\/\/www.oarcanjo.net\/site\/#\/schema\/logo\/image\/\"},\"sameAs\":[\"https:\/\/www.facebook.com\/OArcanjoNoAr\/\"]},{\"@type\":\"Person\",\"@id\":\"https:\/\/www.oarcanjo.net\/site\/#\/schema\/person\/f7024d007863202483a31326673a0838\",\"name\":\"editor\",\"sameAs\":[\"http:\/\/www.oarcanjo.net\"]}]}<\/script>\n<!-- \/ Yoast SEO plugin. -->","yoast_head_json":{"title":"Santos Ot\u00e1vio Solutor e Aventor - O Arcanjo no ar","robots":{"index":"index","follow":"follow","max-snippet":"max-snippet:-1","max-image-preview":"max-image-preview:large","max-video-preview":"max-video-preview:-1"},"canonical":"https:\/\/www.oarcanjo.net\/site\/santos-otavio-solutor-e-aventor\/","og_locale":"pt_BR","og_type":"article","og_title":"Santos Ot\u00e1vio Solutor e Aventor - O Arcanjo no ar","og_description":"20 de novembro No Martirol\u00f3gio Romano, na data de 20 de novembro, lemos: \u201cS\u00e3o festejados em Turim os santos m\u00e1rtires Ot\u00e1vio, Solutor e Aventor, soldados da legi\u00e3o tebana, os quais sob o imperador Maximiano, combatendo valorosamente, foram coroados pelo mart\u00edrio.\u201d O inciso \u201ccombatendo valorosamente\u201d refere-se evidentemente a sua declara\u00e7\u00e3o de serem crist\u00e3os, e portando a [&hellip;]","og_url":"https:\/\/www.oarcanjo.net\/site\/santos-otavio-solutor-e-aventor\/","og_site_name":"O Arcanjo no ar","article_publisher":"https:\/\/www.facebook.com\/OArcanjoNoAr\/","article_published_time":"2009-11-21T00:05:06+00:00","article_modified_time":"2009-11-26T09:03:23+00:00","og_image":[{"width":300,"height":300,"url":"https:\/\/www.oarcanjo.net\/site\/wp-content\/uploads\/logo-o-arcanjo-no-ar-facebook.png","type":"image\/png"}],"author":"editor","twitter_card":"summary_large_image","twitter_misc":{"Escrito por":"editor","Est. tempo de leitura":"2 minutos"},"schema":{"@context":"https:\/\/schema.org","@graph":[{"@type":"Article","@id":"https:\/\/www.oarcanjo.net\/site\/santos-otavio-solutor-e-aventor\/#article","isPartOf":{"@id":"https:\/\/www.oarcanjo.net\/site\/santos-otavio-solutor-e-aventor\/"},"author":{"name":"editor","@id":"https:\/\/www.oarcanjo.net\/site\/#\/schema\/person\/f7024d007863202483a31326673a0838"},"headline":"Santos Ot\u00e1vio Solutor e Aventor","datePublished":"2009-11-21T00:05:06+00:00","dateModified":"2009-11-26T09:03:23+00:00","mainEntityOfPage":{"@id":"https:\/\/www.oarcanjo.net\/site\/santos-otavio-solutor-e-aventor\/"},"wordCount":480,"commentCount":0,"publisher":{"@id":"https:\/\/www.oarcanjo.net\/site\/#organization"},"keywords":["Santos Ot\u00e1vio Solutor e Aventor"],"articleSection":["Testemunhos"],"inLanguage":"pt-BR","potentialAction":[{"@type":"CommentAction","name":"Comment","target":["https:\/\/www.oarcanjo.net\/site\/santos-otavio-solutor-e-aventor\/#respond"]}]},{"@type":"WebPage","@id":"https:\/\/www.oarcanjo.net\/site\/santos-otavio-solutor-e-aventor\/","url":"https:\/\/www.oarcanjo.net\/site\/santos-otavio-solutor-e-aventor\/","name":"Santos Ot\u00e1vio Solutor e Aventor - O Arcanjo no ar","isPartOf":{"@id":"https:\/\/www.oarcanjo.net\/site\/#website"},"datePublished":"2009-11-21T00:05:06+00:00","dateModified":"2009-11-26T09:03:23+00:00","breadcrumb":{"@id":"https:\/\/www.oarcanjo.net\/site\/santos-otavio-solutor-e-aventor\/#breadcrumb"},"inLanguage":"pt-BR","potentialAction":[{"@type":"ReadAction","target":["https:\/\/www.oarcanjo.net\/site\/santos-otavio-solutor-e-aventor\/"]}]},{"@type":"BreadcrumbList","@id":"https:\/\/www.oarcanjo.net\/site\/santos-otavio-solutor-e-aventor\/#breadcrumb","itemListElement":[{"@type":"ListItem","position":1,"name":"In\u00edcio","item":"https:\/\/www.oarcanjo.net\/site\/"},{"@type":"ListItem","position":2,"name":"Santos Ot\u00e1vio Solutor e Aventor"}]},{"@type":"WebSite","@id":"https:\/\/www.oarcanjo.net\/site\/#website","url":"https:\/\/www.oarcanjo.net\/site\/","name":"O Arcanjo no ar","description":"Site da Par\u00f3quia S\u00e3o Miguel Arcanjo (Arquidiocese de SP)","publisher":{"@id":"https:\/\/www.oarcanjo.net\/site\/#organization"},"potentialAction":[{"@type":"SearchAction","target":{"@type":"EntryPoint","urlTemplate":"https:\/\/www.oarcanjo.net\/site\/?s={search_term_string}"},"query-input":{"@type":"PropertyValueSpecification","valueRequired":true,"valueName":"search_term_string"}}],"inLanguage":"pt-BR"},{"@type":"Organization","@id":"https:\/\/www.oarcanjo.net\/site\/#organization","name":"Par\u00f3quia S\u00e3o Miguel Arcanjo","url":"https:\/\/www.oarcanjo.net\/site\/","logo":{"@type":"ImageObject","inLanguage":"pt-BR","@id":"https:\/\/www.oarcanjo.net\/site\/#\/schema\/logo\/image\/","url":"https:\/\/www.oarcanjo.net\/site\/wp-content\/uploads\/LogoOArcanjo.png","contentUrl":"https:\/\/www.oarcanjo.net\/site\/wp-content\/uploads\/LogoOArcanjo.png","width":319,"height":99,"caption":"Par\u00f3quia S\u00e3o Miguel Arcanjo"},"image":{"@id":"https:\/\/www.oarcanjo.net\/site\/#\/schema\/logo\/image\/"},"sameAs":["https:\/\/www.facebook.com\/OArcanjoNoAr\/"]},{"@type":"Person","@id":"https:\/\/www.oarcanjo.net\/site\/#\/schema\/person\/f7024d007863202483a31326673a0838","name":"editor","sameAs":["http:\/\/www.oarcanjo.net"]}]}},"publishpress_future_action":{"enabled":false,"date":"2026-05-07 23:08:44","action":"category","newStatus":"draft","terms":[],"taxonomy":"category"},"publishpress_future_workflow_manual_trigger":{"enabledWorkflows":[]},"_links":{"self":[{"href":"https:\/\/www.oarcanjo.net\/site\/wp-json\/wp\/v2\/posts\/6060"}],"collection":[{"href":"https:\/\/www.oarcanjo.net\/site\/wp-json\/wp\/v2\/posts"}],"about":[{"href":"https:\/\/www.oarcanjo.net\/site\/wp-json\/wp\/v2\/types\/post"}],"author":[{"embeddable":true,"href":"https:\/\/www.oarcanjo.net\/site\/wp-json\/wp\/v2\/users\/5"}],"replies":[{"embeddable":true,"href":"https:\/\/www.oarcanjo.net\/site\/wp-json\/wp\/v2\/comments?post=6060"}],"version-history":[{"count":0,"href":"https:\/\/www.oarcanjo.net\/site\/wp-json\/wp\/v2\/posts\/6060\/revisions"}],"wp:attachment":[{"href":"https:\/\/www.oarcanjo.net\/site\/wp-json\/wp\/v2\/media?parent=6060"}],"wp:term":[{"taxonomy":"category","embeddable":true,"href":"https:\/\/www.oarcanjo.net\/site\/wp-json\/wp\/v2\/categories?post=6060"},{"taxonomy":"post_tag","embeddable":true,"href":"https:\/\/www.oarcanjo.net\/site\/wp-json\/wp\/v2\/tags?post=6060"}],"curies":[{"name":"wp","href":"https:\/\/api.w.org\/{rel}","templated":true}]}}