
{"id":6065,"date":"2009-11-21T06:45:32","date_gmt":"2009-11-21T09:45:32","guid":{"rendered":"http:\/\/www.oarcanjo.net\/site\/?p=6065"},"modified":"2009-11-26T06:00:34","modified_gmt":"2009-11-26T09:00:34","slug":"nossa-senhora-no-templo-ou-nossa-senhora-da-apresentacao","status":"publish","type":"post","link":"https:\/\/www.oarcanjo.net\/site\/nossa-senhora-no-templo-ou-nossa-senhora-da-apresentacao\/","title":{"rendered":"Nossa Senhora no Templo ou Nossa Senhora da Apresenta\u00e7\u00e3o"},"content":{"rendered":"<p><strong>21 de novembro<\/strong><\/p>\n<p>A mem\u00f3ria que a Igreja celebra nesta data n\u00e3o encontra fundamentos expl\u00edcitos nos Evangelhos Can\u00f4nicos, mas algumas pistas no chamado proto-evangelho de Tiago, livro de Tiago, ou ainda, Hist\u00f3ria do nascimento de Maria,o que n\u00e3o quer dizer que o assunto da festa care\u00e7a de probabilidade\u00a0 hist\u00f3rica. Segundo uma piedosa\u00a0 lenda, Maria Sant\u00edssima, tendo apenas tr\u00eas anos de idade, foi pelos\u00a0 pais, em cumprimento de uma promessa, levada ao templo, para ali, com outras\u00a0 meninas, receber educa\u00e7\u00e3o adequada\u00a0 \u00e0 sua idade e\u00a0 posi\u00e7\u00e3o. A\u00a0 Igreja oriental distinguiu este fato com as honras de uma festa lit\u00fargica. A Igreja ocidental conhece a comemora\u00e7\u00e3o da Apresenta\u00e7\u00e3o de Nossa Senhora desde o s\u00e9culo VIII.\u00a0 Estabelecida primeiramente pelo Papa Greg\u00f3rio XI, em 1372, s\u00f3 para a corte papal, em Avignon, em 1585, Sixto V ordenou que fosse celebrada em toda a Igreja.<\/p>\n<p>A Apresenta\u00e7\u00e3o de Nossa Senhora encerra dois sacrif\u00edcios: A dos pais e da menina Maria. Diz a\u00a0 lenda que Joaquim e Ana ofereceram a Deus a filhinha no templo, quando esta tinha tr\u00eas anos. Sem d\u00favida, foi para estas santas pessoas um sacrif\u00edcio muito grande separar-se da filhinha que se achava numa\u00a0 idade em que h\u00e1 pais\u00a0 que queiram confiar\u00a0 os filhos a m\u00e3os\u00a0 estranhas. Tr\u00eas anos\u00a0 \u00e9 a idade em\u00a0 que a crian\u00e7a j\u00e1 recompensa de\u00a0 algum modo os\u00a0 trabalhos e sacrif\u00edcios dos pais, formulando palavras e fazendo j\u00e1 exerc\u00edcios mentais\u00a0 que encantam e divertem, dando ao mesmo tempo provas de gratid\u00e3o e\u00a0 amor\u00a0 filiais.\u00a0 S\u00e3o Joaquim e Santa Ana n\u00e3o teriam experimentado o sacrif\u00edcio em toda a sua amargura? O cora\u00e7\u00e3o dos\u00a0 amorosos pais\u00a0 n\u00e3o teria sentido a dor da separa\u00e7\u00e3o?\u00a0 Que foi que os levou a\u00a0 fazer tal sacrif\u00edcio?\u00a0 A lenda fala de um voto que tinham feito. Votos desta natureza n\u00e3o eram raros no\u00a0 Antigo testamento. As crian\u00e7as eram educadas em col\u00e9gios\u00a0 anexos ao templo, e ajudavam nos m\u00faltiplos servi\u00e7os e\u00a0 fun\u00e7\u00f5es da casa de Deus.\u00a0 N\u00e3o erramos em supor que Joaquim e Ana, quando levaram a filhinha ao templo, fizeram-no por inspira\u00e7\u00e3o sobrenatural, querendo Deus que sua futura esposa e m\u00e3e recebesse uma educa\u00e7\u00e3o e\u00a0 instru\u00e7\u00e3o esmerad\u00edssima.<\/p>\n<p>Grande era o sacrif\u00edcio de Maria. N\u00e3o resta d\u00favida que para Maria, a crian\u00e7a entre todas as\u00a0 mais privilegiada, a cerim\u00f4nia da\u00a0 apresenta\u00e7\u00e3o significava mais que a entrada no col\u00e9gio do templo. Maria\u00a0 reconhecia em tudo uma solene\u00a0 consagra\u00e7\u00e3o da\u00a0 vida a Deus, a oferta de\u00a0 si mesma ao Supremo Senhor. O sacrif\u00edcio que oferecia, era a oferta das prim\u00edcias, e as prim\u00edcias, por mais insignificantes que sejam,\u00a0 s\u00e3o preciosas\u00a0 por serem uma demonstra\u00e7\u00e3o da generosidade do ofertante, e uma homenagem a quem as recebe.\u00a0 Maria ofereceu-se sem reserva, para sempre,\u00a0 com contentamento e j\u00fabilo. O que o salmista cantou, cheio de\u00a0 entusiasmo, traduziu-se na alma da bem-aventurada menina:\u00a0 \u201cQu\u00e3o am\u00e1veis s\u00e3o os teus tabern\u00e1culos, Senhor dos Ex\u00e9rcitos! A minha alma suspira e\u00a0 desfalece pelos\u00a0 \u00e1trios do Senhor\u201d .\u00a0 E entrarei junto ao altar de\u00a0 Deus;\u00a0 do Deus que alegra a minha mocidade.<\/p>\n<p>Que esp\u00edrito, tanto nos santos pais como na santa menina!\u00a0 Que espet\u00e1culo para o c\u00e9u e para os homens! O que encanta a\u00a0 Deus e lhe atrai a\u00a0 gra\u00e7a, em toda a plenitude edifica e enleva a\u00a0 todos que se ocupam deste mist\u00e9rio na vida de Nossa Senhora. Poder\u00e1 haver coisa mais bela que a piedade, o desprendimento completo no servi\u00e7o do Senhor?<\/p>\n<p>A vida de Maria Sant\u00edssima no templo foi a\u00a0 mais santa, a mais perfeita que se pode imaginar. O templo era a\u00a0 casa de Deus e\u00a0 na proximidade de\u00a0 Deus se\u00a0 sentia bem a bela alma em flor.\u00a0 \u201cO passarinho acha casa para si e a r\u00f4la ninho nos altares do Senhor dos Ex\u00e9rcitos, onde um dia \u00e9 melhor que mil nas tendas dos pecadores\u201d .\u00a0 Santo era o lugar onde Maria vivia. Era o templo onde os antepassados tinham feito ora\u00e7\u00f5es, celebrado as festas; era o templo onde se achava o santu\u00e1rio do Antigo testamento, a arca, o trono de Deus no meio do povo;\u00a0 era\u00a0 o templo afinal, de\u00a0 que as profecias\u00a0 diziam que o Messias nele devia fazer entrada.<\/p>\n<p>Naquele\u00a0 templo a\u00a0 menina Maria rezava e se\u00a0 preparava\u00a0 para a grande miss\u00e3o que Deus lhe tinha reservado.\u00a0 \u201cComo os\u00a0 olhos da serva nas m\u00e3os da Senhora, assim os olhos de Maria estavam fitos no Senhor\u00a0 seu Deus\u201d. Segundo uma revela\u00e7\u00e3o com que Maria agraciou\u00a0 a\u00a0 Santa Isabel de Tur\u00edngia todas as ora\u00e7\u00f5es feitas naquele\u00a0 tempo se\u00a0 lhe resumiram no seguinte:\u00a0<\/p>\n<p>1) alcan\u00e7ar as virtudes da humildade, paci\u00eancia e caridade;<\/p>\n<p>2) conseguir amar e\u00a0 odiar tudo que a Deus tem amor ou \u00f3dio;<\/p>\n<p>3) amar o pr\u00f3ximo e tudo que lhe \u00e9 caro;<\/p>\n<p>4) a conserva\u00e7\u00e3o da na\u00e7\u00e3o e do templo, a paz e a plenitude das gra\u00e7as de Deus e<\/p>\n<p>5) finalmente ver o Messias e\u00a0 poder servir a\u00a0 sua santa M\u00e3e.<\/p>\n<p>Maria era o modelo de\u00a0 obedi\u00eancia, amor e respeito para com os\u00a0 superiores de\u00a0 caridade e\u00a0 amabilidade para com as\u00a0 companheiras. Tinha o cora\u00e7\u00e3o alheio \u00e0 antipatia, \u00e0 rixa, ao azedume e ao amor pr\u00f3prio. Maria era uma menina humilde, despretensiosa e\u00a0 amante do trabalho. Com af\u00e3 lia e estudava os Santos Livros.<\/p>\n<p>Como as meninas do Col\u00e9gio do templo se\u00a0 ocupavam de\u00a0 outros trabalhos\u00a0 concernentes ao servi\u00e7o santo, \u00e9 prov\u00e1vel que Maria\u00a0 tenha recebido instru\u00e7\u00f5es sobre diversos trabalhos, como fossem:\u00a0 Pintura, trabalhos de\u00a0 agulha, canto e m\u00fasica. \u00c9 opini\u00e3o de muitos que o grande\u00a0 v\u00e9u do templo, que na hora da morte de Jesus se partiu de alto a baixo, tenha sido confeccionado por Maria\u00a0 Sant\u00edssima e as\u00a0 companheiras.<\/p>\n<p>Assim foi sant\u00edssima a\u00a0 vida de\u00a0 Maria no templo. O Divino Esp\u00edrito Santo lapidou o cora\u00e7\u00e3o e\u00a0 o esp\u00edrito da esposa, mais do que qualquer\u00a0 outra\u00a0 criatura. Maria poderia aplicar a\u00a0 si as palavras contidas no Eclesi\u00e1stico:\u00a0 \u201cQuando ainda era pequena, procurei a sabedoria na ora\u00e7\u00e3o. Na entrada do templo instava por ela&#8230; Ela floresceu como uma nova tempor\u00e3. Meu cora\u00e7\u00e3o nela se alegrou e desde a mocidade procurei seguir-lhe o rastro\u201d.<\/p>\n<p>\u00c9 de admirar que Maria, assim amparada pelos cuidados humanos e divinos, progredisse de virtude em virtude?\u00a0 De Nosso Senhor o Evangelho constata diversas vezes esta circunst\u00e2ncia.\u00a0 Como Jesus, tamb\u00e9m Maria cresceu em gra\u00e7a e\u00a0 sabedoria diante de Deus e dos homens. Este crescimento a\u00a0 Igreja contempla-o em imagens\u00a0 grandiosas tra\u00e7adas no Livro do Eclesi\u00e1stico: \u201cSou\u00a0 exaltada qual cedro no L\u00edbano, e qual cipreste no monte Si\u00e3o. Sou exaltada qual palma em Cedes e como rosais em Jeric\u00f3. Qual oliveira especiosa nos campos e\u00a0 qual pl\u00e1tano, sou exaltada junto da \u00e1gua nas pra\u00e7as. Assim como o cinamomo e o b\u00e1lsamo que difundem cheiro, exalei fragr\u00e2ncia; como a\u00a0 mirra escolhida derramei odor de suavidade na minha habita\u00e7\u00e3o;\u00a0 como uma vide, lancei flores| de um agrad\u00e1vel perfume e as\u00a0 minhas flores s\u00e3o frutos de honra e de\u00a0 honestidade\u201d.\u00a0 Nunca houve mocidade\u00a0 t\u00e3o santa e\u00a0 esplendorosa como a\u00a0 de Maria Sant\u00edssima. Outra n\u00e3o poderia ser, devendo Maria preparar-se para a realiza\u00e7\u00e3o do mist\u00e9rio dos mist\u00e9rios;\u00a0 da Encarna\u00e7\u00e3o do Verbo Eterno.<\/p>\n<p>\u00a0<strong>REFLEX\u00c3O<\/strong><\/p>\n<p>\u00a0A festa da\u00a0 Apresenta\u00e7\u00e3o de Nossa Senhora encerra belos ensinamentos para a fam\u00edlia crist\u00e3,\u00a0 para pais e filhos. Que modelo mais perfeito pais crist\u00e3os poderiam procurar, que Joaquim e Ana?\u00a0 Que exemplo de\u00a0 verdadeiro amor de\u00a0 Deus eles nos d\u00e3o!\u00a0 Os pais n\u00e3o devem sacrificar os filhos\u00a0 ao ego\u00edsmo e \u00e0s paix\u00f5es, mas a Deus, que lhos deu. Como Joaquim e Ana devem estar prontos a\u00a0 oferecer os filhos, quando Deus os chamar para o seu servi\u00e7o. Todos n\u00f3s, vemos em Maria o exemplo que devemos imitar, se queremos que nossa vida seja agrad\u00e1vel a Deus.\u00a0 Ora\u00e7\u00e3o, pureza de\u00a0 cora\u00e7\u00e3o e\u00a0 trabalho \u2013 eis os\u00a0 cap\u00edtulos\u00a0 principais da vida crist\u00e3.<\/p>\n<p>\u00a0Foi no dia 21 de novembro de 1964 que o Papa Paulo VI, na clausura da 3\u00aa Sess\u00e3o do Conc\u00edlio Vaticano II, consagrou o mundo ao Cora\u00e7\u00e3o de Maria e declarou Nossa Senhora M\u00e3e da Igreja.<\/p>\n<p><em>Colabora\u00e7\u00e3o de Danilo Santana<\/em><\/p>\n<div id=\"themify_builder_content-6065\" data-postid=\"6065\" class=\"themify_builder_content themify_builder_content-6065 themify_builder themify_builder_front\">\n\t<\/div>\n<!-- \/themify_builder_content -->","protected":false},"excerpt":{"rendered":"<p>21 de novembro A mem\u00f3ria que a Igreja celebra nesta data n\u00e3o encontra fundamentos expl\u00edcitos nos Evangelhos Can\u00f4nicos, mas algumas pistas no chamado proto-evangelho de Tiago, livro de Tiago, ou ainda, Hist\u00f3ria do nascimento de Maria,o que n\u00e3o quer dizer que o assunto da festa care\u00e7a de probabilidade\u00a0 hist\u00f3rica. Segundo uma piedosa\u00a0 lenda, Maria Sant\u00edssima, [&hellip;]<\/p>\n","protected":false},"author":5,"featured_media":0,"comment_status":"open","ping_status":"open","sticky":false,"template":"","format":"standard","meta":{"ngg_post_thumbnail":0,"footnotes":""},"categories":[186],"tags":[1272,1273],"yoast_head":"<!-- This site is optimized with the Yoast SEO plugin v23.5 - https:\/\/yoast.com\/wordpress\/plugins\/seo\/ -->\n<title>Nossa Senhora no Templo ou Nossa Senhora da Apresenta\u00e7\u00e3o - O Arcanjo no ar<\/title>\n<meta name=\"robots\" content=\"index, follow, max-snippet:-1, max-image-preview:large, max-video-preview:-1\" \/>\n<link rel=\"canonical\" href=\"https:\/\/www.oarcanjo.net\/site\/nossa-senhora-no-templo-ou-nossa-senhora-da-apresentacao\/\" \/>\n<meta property=\"og:locale\" content=\"pt_BR\" \/>\n<meta property=\"og:type\" content=\"article\" \/>\n<meta property=\"og:title\" content=\"Nossa Senhora no Templo ou Nossa Senhora da Apresenta\u00e7\u00e3o - O Arcanjo no ar\" \/>\n<meta property=\"og:description\" content=\"21 de novembro A mem\u00f3ria que a Igreja celebra nesta data n\u00e3o encontra fundamentos expl\u00edcitos nos Evangelhos Can\u00f4nicos, mas algumas pistas no chamado proto-evangelho de Tiago, livro de Tiago, ou ainda, Hist\u00f3ria do nascimento de Maria,o que n\u00e3o quer dizer que o assunto da festa care\u00e7a de probabilidade\u00a0 hist\u00f3rica. Segundo uma piedosa\u00a0 lenda, Maria Sant\u00edssima, [&hellip;]\" \/>\n<meta property=\"og:url\" content=\"https:\/\/www.oarcanjo.net\/site\/nossa-senhora-no-templo-ou-nossa-senhora-da-apresentacao\/\" \/>\n<meta property=\"og:site_name\" content=\"O Arcanjo no ar\" \/>\n<meta property=\"article:publisher\" content=\"https:\/\/www.facebook.com\/OArcanjoNoAr\/\" \/>\n<meta property=\"article:published_time\" content=\"2009-11-21T09:45:32+00:00\" \/>\n<meta property=\"article:modified_time\" content=\"2009-11-26T09:00:34+00:00\" \/>\n<meta property=\"og:image\" content=\"https:\/\/www.oarcanjo.net\/site\/wp-content\/uploads\/logo-o-arcanjo-no-ar-facebook.png\" \/>\n\t<meta property=\"og:image:width\" content=\"300\" \/>\n\t<meta property=\"og:image:height\" content=\"300\" \/>\n\t<meta property=\"og:image:type\" content=\"image\/png\" \/>\n<meta name=\"author\" content=\"editor\" \/>\n<meta name=\"twitter:card\" content=\"summary_large_image\" \/>\n<meta name=\"twitter:label1\" content=\"Escrito por\" \/>\n\t<meta name=\"twitter:data1\" content=\"editor\" \/>\n\t<meta name=\"twitter:label2\" content=\"Est. tempo de leitura\" \/>\n\t<meta name=\"twitter:data2\" content=\"7 minutos\" \/>\n<script type=\"application\/ld+json\" class=\"yoast-schema-graph\">{\"@context\":\"https:\/\/schema.org\",\"@graph\":[{\"@type\":\"Article\",\"@id\":\"https:\/\/www.oarcanjo.net\/site\/nossa-senhora-no-templo-ou-nossa-senhora-da-apresentacao\/#article\",\"isPartOf\":{\"@id\":\"https:\/\/www.oarcanjo.net\/site\/nossa-senhora-no-templo-ou-nossa-senhora-da-apresentacao\/\"},\"author\":{\"name\":\"editor\",\"@id\":\"https:\/\/www.oarcanjo.net\/site\/#\/schema\/person\/f7024d007863202483a31326673a0838\"},\"headline\":\"Nossa Senhora no Templo ou Nossa Senhora da Apresenta\u00e7\u00e3o\",\"datePublished\":\"2009-11-21T09:45:32+00:00\",\"dateModified\":\"2009-11-26T09:00:34+00:00\",\"mainEntityOfPage\":{\"@id\":\"https:\/\/www.oarcanjo.net\/site\/nossa-senhora-no-templo-ou-nossa-senhora-da-apresentacao\/\"},\"wordCount\":1448,\"commentCount\":0,\"publisher\":{\"@id\":\"https:\/\/www.oarcanjo.net\/site\/#organization\"},\"keywords\":[\"Nossa Senhora da Apresenta\u00e7\u00e3o\",\"Nossa Senhora no Templo\"],\"articleSection\":[\"Testemunhos\"],\"inLanguage\":\"pt-BR\",\"potentialAction\":[{\"@type\":\"CommentAction\",\"name\":\"Comment\",\"target\":[\"https:\/\/www.oarcanjo.net\/site\/nossa-senhora-no-templo-ou-nossa-senhora-da-apresentacao\/#respond\"]}]},{\"@type\":\"WebPage\",\"@id\":\"https:\/\/www.oarcanjo.net\/site\/nossa-senhora-no-templo-ou-nossa-senhora-da-apresentacao\/\",\"url\":\"https:\/\/www.oarcanjo.net\/site\/nossa-senhora-no-templo-ou-nossa-senhora-da-apresentacao\/\",\"name\":\"Nossa Senhora no Templo ou Nossa Senhora da Apresenta\u00e7\u00e3o - O Arcanjo no ar\",\"isPartOf\":{\"@id\":\"https:\/\/www.oarcanjo.net\/site\/#website\"},\"datePublished\":\"2009-11-21T09:45:32+00:00\",\"dateModified\":\"2009-11-26T09:00:34+00:00\",\"breadcrumb\":{\"@id\":\"https:\/\/www.oarcanjo.net\/site\/nossa-senhora-no-templo-ou-nossa-senhora-da-apresentacao\/#breadcrumb\"},\"inLanguage\":\"pt-BR\",\"potentialAction\":[{\"@type\":\"ReadAction\",\"target\":[\"https:\/\/www.oarcanjo.net\/site\/nossa-senhora-no-templo-ou-nossa-senhora-da-apresentacao\/\"]}]},{\"@type\":\"BreadcrumbList\",\"@id\":\"https:\/\/www.oarcanjo.net\/site\/nossa-senhora-no-templo-ou-nossa-senhora-da-apresentacao\/#breadcrumb\",\"itemListElement\":[{\"@type\":\"ListItem\",\"position\":1,\"name\":\"In\u00edcio\",\"item\":\"https:\/\/www.oarcanjo.net\/site\/\"},{\"@type\":\"ListItem\",\"position\":2,\"name\":\"Nossa Senhora no Templo ou Nossa Senhora da Apresenta\u00e7\u00e3o\"}]},{\"@type\":\"WebSite\",\"@id\":\"https:\/\/www.oarcanjo.net\/site\/#website\",\"url\":\"https:\/\/www.oarcanjo.net\/site\/\",\"name\":\"O Arcanjo no ar\",\"description\":\"Site da Par\u00f3quia S\u00e3o Miguel Arcanjo (Arquidiocese de SP)\",\"publisher\":{\"@id\":\"https:\/\/www.oarcanjo.net\/site\/#organization\"},\"potentialAction\":[{\"@type\":\"SearchAction\",\"target\":{\"@type\":\"EntryPoint\",\"urlTemplate\":\"https:\/\/www.oarcanjo.net\/site\/?s={search_term_string}\"},\"query-input\":{\"@type\":\"PropertyValueSpecification\",\"valueRequired\":true,\"valueName\":\"search_term_string\"}}],\"inLanguage\":\"pt-BR\"},{\"@type\":\"Organization\",\"@id\":\"https:\/\/www.oarcanjo.net\/site\/#organization\",\"name\":\"Par\u00f3quia S\u00e3o Miguel Arcanjo\",\"url\":\"https:\/\/www.oarcanjo.net\/site\/\",\"logo\":{\"@type\":\"ImageObject\",\"inLanguage\":\"pt-BR\",\"@id\":\"https:\/\/www.oarcanjo.net\/site\/#\/schema\/logo\/image\/\",\"url\":\"https:\/\/www.oarcanjo.net\/site\/wp-content\/uploads\/LogoOArcanjo.png\",\"contentUrl\":\"https:\/\/www.oarcanjo.net\/site\/wp-content\/uploads\/LogoOArcanjo.png\",\"width\":319,\"height\":99,\"caption\":\"Par\u00f3quia S\u00e3o Miguel Arcanjo\"},\"image\":{\"@id\":\"https:\/\/www.oarcanjo.net\/site\/#\/schema\/logo\/image\/\"},\"sameAs\":[\"https:\/\/www.facebook.com\/OArcanjoNoAr\/\"]},{\"@type\":\"Person\",\"@id\":\"https:\/\/www.oarcanjo.net\/site\/#\/schema\/person\/f7024d007863202483a31326673a0838\",\"name\":\"editor\",\"sameAs\":[\"http:\/\/www.oarcanjo.net\"]}]}<\/script>\n<!-- \/ Yoast SEO plugin. -->","yoast_head_json":{"title":"Nossa Senhora no Templo ou Nossa Senhora da Apresenta\u00e7\u00e3o - O Arcanjo no ar","robots":{"index":"index","follow":"follow","max-snippet":"max-snippet:-1","max-image-preview":"max-image-preview:large","max-video-preview":"max-video-preview:-1"},"canonical":"https:\/\/www.oarcanjo.net\/site\/nossa-senhora-no-templo-ou-nossa-senhora-da-apresentacao\/","og_locale":"pt_BR","og_type":"article","og_title":"Nossa Senhora no Templo ou Nossa Senhora da Apresenta\u00e7\u00e3o - O Arcanjo no ar","og_description":"21 de novembro A mem\u00f3ria que a Igreja celebra nesta data n\u00e3o encontra fundamentos expl\u00edcitos nos Evangelhos Can\u00f4nicos, mas algumas pistas no chamado proto-evangelho de Tiago, livro de Tiago, ou ainda, Hist\u00f3ria do nascimento de Maria,o que n\u00e3o quer dizer que o assunto da festa care\u00e7a de probabilidade\u00a0 hist\u00f3rica. Segundo uma piedosa\u00a0 lenda, Maria Sant\u00edssima, [&hellip;]","og_url":"https:\/\/www.oarcanjo.net\/site\/nossa-senhora-no-templo-ou-nossa-senhora-da-apresentacao\/","og_site_name":"O Arcanjo no ar","article_publisher":"https:\/\/www.facebook.com\/OArcanjoNoAr\/","article_published_time":"2009-11-21T09:45:32+00:00","article_modified_time":"2009-11-26T09:00:34+00:00","og_image":[{"width":300,"height":300,"url":"https:\/\/www.oarcanjo.net\/site\/wp-content\/uploads\/logo-o-arcanjo-no-ar-facebook.png","type":"image\/png"}],"author":"editor","twitter_card":"summary_large_image","twitter_misc":{"Escrito por":"editor","Est. tempo de leitura":"7 minutos"},"schema":{"@context":"https:\/\/schema.org","@graph":[{"@type":"Article","@id":"https:\/\/www.oarcanjo.net\/site\/nossa-senhora-no-templo-ou-nossa-senhora-da-apresentacao\/#article","isPartOf":{"@id":"https:\/\/www.oarcanjo.net\/site\/nossa-senhora-no-templo-ou-nossa-senhora-da-apresentacao\/"},"author":{"name":"editor","@id":"https:\/\/www.oarcanjo.net\/site\/#\/schema\/person\/f7024d007863202483a31326673a0838"},"headline":"Nossa Senhora no Templo ou Nossa Senhora da Apresenta\u00e7\u00e3o","datePublished":"2009-11-21T09:45:32+00:00","dateModified":"2009-11-26T09:00:34+00:00","mainEntityOfPage":{"@id":"https:\/\/www.oarcanjo.net\/site\/nossa-senhora-no-templo-ou-nossa-senhora-da-apresentacao\/"},"wordCount":1448,"commentCount":0,"publisher":{"@id":"https:\/\/www.oarcanjo.net\/site\/#organization"},"keywords":["Nossa Senhora da Apresenta\u00e7\u00e3o","Nossa Senhora no Templo"],"articleSection":["Testemunhos"],"inLanguage":"pt-BR","potentialAction":[{"@type":"CommentAction","name":"Comment","target":["https:\/\/www.oarcanjo.net\/site\/nossa-senhora-no-templo-ou-nossa-senhora-da-apresentacao\/#respond"]}]},{"@type":"WebPage","@id":"https:\/\/www.oarcanjo.net\/site\/nossa-senhora-no-templo-ou-nossa-senhora-da-apresentacao\/","url":"https:\/\/www.oarcanjo.net\/site\/nossa-senhora-no-templo-ou-nossa-senhora-da-apresentacao\/","name":"Nossa Senhora no Templo ou Nossa Senhora da Apresenta\u00e7\u00e3o - O Arcanjo no ar","isPartOf":{"@id":"https:\/\/www.oarcanjo.net\/site\/#website"},"datePublished":"2009-11-21T09:45:32+00:00","dateModified":"2009-11-26T09:00:34+00:00","breadcrumb":{"@id":"https:\/\/www.oarcanjo.net\/site\/nossa-senhora-no-templo-ou-nossa-senhora-da-apresentacao\/#breadcrumb"},"inLanguage":"pt-BR","potentialAction":[{"@type":"ReadAction","target":["https:\/\/www.oarcanjo.net\/site\/nossa-senhora-no-templo-ou-nossa-senhora-da-apresentacao\/"]}]},{"@type":"BreadcrumbList","@id":"https:\/\/www.oarcanjo.net\/site\/nossa-senhora-no-templo-ou-nossa-senhora-da-apresentacao\/#breadcrumb","itemListElement":[{"@type":"ListItem","position":1,"name":"In\u00edcio","item":"https:\/\/www.oarcanjo.net\/site\/"},{"@type":"ListItem","position":2,"name":"Nossa Senhora no Templo ou Nossa Senhora da Apresenta\u00e7\u00e3o"}]},{"@type":"WebSite","@id":"https:\/\/www.oarcanjo.net\/site\/#website","url":"https:\/\/www.oarcanjo.net\/site\/","name":"O Arcanjo no ar","description":"Site da Par\u00f3quia S\u00e3o Miguel Arcanjo (Arquidiocese de SP)","publisher":{"@id":"https:\/\/www.oarcanjo.net\/site\/#organization"},"potentialAction":[{"@type":"SearchAction","target":{"@type":"EntryPoint","urlTemplate":"https:\/\/www.oarcanjo.net\/site\/?s={search_term_string}"},"query-input":{"@type":"PropertyValueSpecification","valueRequired":true,"valueName":"search_term_string"}}],"inLanguage":"pt-BR"},{"@type":"Organization","@id":"https:\/\/www.oarcanjo.net\/site\/#organization","name":"Par\u00f3quia S\u00e3o Miguel Arcanjo","url":"https:\/\/www.oarcanjo.net\/site\/","logo":{"@type":"ImageObject","inLanguage":"pt-BR","@id":"https:\/\/www.oarcanjo.net\/site\/#\/schema\/logo\/image\/","url":"https:\/\/www.oarcanjo.net\/site\/wp-content\/uploads\/LogoOArcanjo.png","contentUrl":"https:\/\/www.oarcanjo.net\/site\/wp-content\/uploads\/LogoOArcanjo.png","width":319,"height":99,"caption":"Par\u00f3quia S\u00e3o Miguel Arcanjo"},"image":{"@id":"https:\/\/www.oarcanjo.net\/site\/#\/schema\/logo\/image\/"},"sameAs":["https:\/\/www.facebook.com\/OArcanjoNoAr\/"]},{"@type":"Person","@id":"https:\/\/www.oarcanjo.net\/site\/#\/schema\/person\/f7024d007863202483a31326673a0838","name":"editor","sameAs":["http:\/\/www.oarcanjo.net"]}]}},"publishpress_future_action":{"enabled":false,"date":"2026-05-07 21:40:04","action":"category","newStatus":"draft","terms":[],"taxonomy":"category"},"publishpress_future_workflow_manual_trigger":{"enabledWorkflows":[]},"_links":{"self":[{"href":"https:\/\/www.oarcanjo.net\/site\/wp-json\/wp\/v2\/posts\/6065"}],"collection":[{"href":"https:\/\/www.oarcanjo.net\/site\/wp-json\/wp\/v2\/posts"}],"about":[{"href":"https:\/\/www.oarcanjo.net\/site\/wp-json\/wp\/v2\/types\/post"}],"author":[{"embeddable":true,"href":"https:\/\/www.oarcanjo.net\/site\/wp-json\/wp\/v2\/users\/5"}],"replies":[{"embeddable":true,"href":"https:\/\/www.oarcanjo.net\/site\/wp-json\/wp\/v2\/comments?post=6065"}],"version-history":[{"count":0,"href":"https:\/\/www.oarcanjo.net\/site\/wp-json\/wp\/v2\/posts\/6065\/revisions"}],"wp:attachment":[{"href":"https:\/\/www.oarcanjo.net\/site\/wp-json\/wp\/v2\/media?parent=6065"}],"wp:term":[{"taxonomy":"category","embeddable":true,"href":"https:\/\/www.oarcanjo.net\/site\/wp-json\/wp\/v2\/categories?post=6065"},{"taxonomy":"post_tag","embeddable":true,"href":"https:\/\/www.oarcanjo.net\/site\/wp-json\/wp\/v2\/tags?post=6065"}],"curies":[{"name":"wp","href":"https:\/\/api.w.org\/{rel}","templated":true}]}}