
{"id":6081,"date":"2009-11-21T23:28:45","date_gmt":"2009-11-22T02:28:45","guid":{"rendered":"http:\/\/www.oarcanjo.net\/site\/?p=6081"},"modified":"2009-11-26T05:56:09","modified_gmt":"2009-11-26T08:56:09","slug":"santa-cecilia","status":"publish","type":"post","link":"https:\/\/www.oarcanjo.net\/site\/santa-cecilia\/","title":{"rendered":"Santa Cec\u00edlia"},"content":{"rendered":"<p><strong>22 de novembro<\/strong><\/p>\n<p>Neste dia celebra-se a santidade da virgem que foi exaltada como exemplo perfeit\u00edssimo de mulher crist\u00e3, pois em tudo glorificou a Jesus. Santa Cec\u00edlia \u00e9 uma das m\u00e1rtires mais veneradas durante a Idade M\u00e9dia, tanto assim que no s\u00e9culo V uma Bas\u00edlica foi constru\u00edda em seu nome.<\/p>\n<p>Embora se trate da mesma pessoa, na pr\u00e1tica fala-se de duas santas Cec\u00edlias: a da hist\u00f3ria e a da lenda.<\/p>\n<p>A Cec\u00edlia hist\u00f3rica \u00e9 uma senhora romana que deu uma casa e um terreno aos crist\u00e3os dos primeiros s\u00e9culos. A casa transformou-se em igreja que se chamou mais tarde Santa Cec\u00edlia no Trast\u00e9vere; o terreno tornou-se cemit\u00e9rio de S\u00e3o Calisto, onde foi enterrada a doadora, perto da cripta f\u00fanebre dos Papas. No s\u00e9culo VI, quando os peregrinos come\u00e7aram a perguntar quem era essa Cec\u00edlia cujo t\u00famulo e cuja inscri\u00e7\u00e3o se encontravam em t\u00e3o honrosa companhia, para satisfazer a curiosidade deles, foi ent\u00e3o publicada uma Paix\u00e3o, que deu origem \u00e0 Cec\u00edlia lend\u00e1ria; esta foi sem demora colocada na categoria das m\u00e1rtires mais ilustres.<\/p>\n<p>Segundo o relato da sua Paix\u00e3o Cec\u00edlia tinha sido uma bela crist\u00e3 da mais alta nobreza romana que, segundo o costume, foi prometida pelos pais em casamento a um nobre jovem chamado Valeriano. Aconteceu que, no dia das n\u00fapcias, a jovem noiva, em meio aos hinos de pureza que cantava no \u00edntimo do cora\u00e7\u00e3o, partilhou com o marido, com transpar\u00eancia, o fato de ter consagrado sua virgindade a Cristo e que um Anjo guardava sua decis\u00e3o.<\/p>\n<p>Valeriano, que at\u00e9 ent\u00e3o era pag\u00e3o, a respeitou, mas disse que somente acreditaria se contemplasse o Anjo. Desse desafio Cec\u00edlia conseguiu a convers\u00e3o do esposo que foi apresentado ao Papa Urbano, sendo ent\u00e3o preparado e batizado, juntamente com um irm\u00e3o de sangue de nome Tib\u00farcio. Depois de batizado, o jovem, agora crist\u00e3o, contemplou o Anjo, que possu\u00eda duas coroas (s\u00edmbolo do mart\u00edrio) nas m\u00e3os.<\/p>\n<p>O Anjo colocou uma coroa sobre a cabe\u00e7a de Cec\u00edlia e outra sobre a de Valeriano, o que significava um sinal, pois primeiro morreu Valeriano e seu irm\u00e3o por causa da f\u00e9 abra\u00e7ada e logo depois Santa Cec\u00edlia sofreu o mart\u00edrio, ap\u00f3s ter sido presa ao sepultar Valeriano e Tib\u00farcio na sua vila da Via \u00c1pia. Colocada perante a alternativa de sacrificar aos deuses ou morrer, escolheu a morte. Ao prefeito Alm\u00e1quio, que lembrava Cec\u00edlia que tinha sobre ela direito de vida ou de morte, respondeu: &#8220;\u00c9 falso, porque podes dar-me a morte, mas n\u00e3o me podes dar a vida&#8221;. Alm\u00e1quio condenou-a a morrer asfixiada; como ela sobreviveu a esse supl\u00edcio, mandou cortar-lhe a cabe\u00e7a.<\/p>\n<p>Nas Atas de Santa Cec\u00edlia l\u00ea-se esta frase: &#8220;Enquanto ressoavam os concertos profanos das suas n\u00fapcias, Cec\u00edlia cantava no seu cora\u00e7\u00e3o um hino de amor a Jesus, seu verdadeiro esposo&#8221;. Estas palavras, lidas um tanto por alto, fizeram acreditar no talento musical de Santa Cec\u00edlia e valeram-lhe o ser padroeira dos m\u00fasicos.<\/p>\n<p>Hoje essa grande m\u00e1rtir e padroeira dos m\u00fasicos canta louvores ao Senhor no c\u00e9u.\u00a0<\/p>\n<p><strong><strong>Outros Santos e Santas desta data:<\/strong><\/strong><\/p>\n<p><strong>Santos Filemon e \u00c1pia<\/strong><\/p>\n<p>Fil\u00eamon \u00e9 o destinat\u00e1rio da breve e bel\u00edssima carta de S\u00e3o Paulo; \u00c1pia seria sua mulher. Ambos foram martirizados em Colossos por volta do ano 70.<\/p>\n<p>\u00a0<strong>S\u00e3o Miguel de Tver<\/strong><\/p>\n<p>\u00a0Nesta data a igreja russa comemora S\u00e3o Miguel, principe de Tver, martirizado em 1318.<\/p>\n<p><em>Colabora\u00e7\u00e3o de Danilo Santana<\/em><\/p>\n<div id=\"themify_builder_content-6081\" data-postid=\"6081\" class=\"themify_builder_content themify_builder_content-6081 themify_builder themify_builder_front\">\n\t<\/div>\n<!-- \/themify_builder_content -->","protected":false},"excerpt":{"rendered":"<p>22 de novembro Neste dia celebra-se a santidade da virgem que foi exaltada como exemplo perfeit\u00edssimo de mulher crist\u00e3, pois em tudo glorificou a Jesus. Santa Cec\u00edlia \u00e9 uma das m\u00e1rtires mais veneradas durante a Idade M\u00e9dia, tanto assim que no s\u00e9culo V uma Bas\u00edlica foi constru\u00edda em seu nome. Embora se trate da mesma [&hellip;]<\/p>\n","protected":false},"author":5,"featured_media":0,"comment_status":"open","ping_status":"open","sticky":false,"template":"","format":"standard","meta":{"ngg_post_thumbnail":0,"footnotes":""},"categories":[186],"tags":[1274,1275,1276],"yoast_head":"<!-- This site is optimized with the Yoast SEO plugin v23.5 - https:\/\/yoast.com\/wordpress\/plugins\/seo\/ -->\n<title>Santa Cec\u00edlia - O Arcanjo no ar<\/title>\n<meta name=\"robots\" content=\"index, follow, max-snippet:-1, max-image-preview:large, max-video-preview:-1\" \/>\n<link rel=\"canonical\" href=\"https:\/\/www.oarcanjo.net\/site\/santa-cecilia\/\" \/>\n<meta property=\"og:locale\" content=\"pt_BR\" \/>\n<meta property=\"og:type\" content=\"article\" \/>\n<meta property=\"og:title\" content=\"Santa Cec\u00edlia - O Arcanjo no ar\" \/>\n<meta property=\"og:description\" content=\"22 de novembro Neste dia celebra-se a santidade da virgem que foi exaltada como exemplo perfeit\u00edssimo de mulher crist\u00e3, pois em tudo glorificou a Jesus. Santa Cec\u00edlia \u00e9 uma das m\u00e1rtires mais veneradas durante a Idade M\u00e9dia, tanto assim que no s\u00e9culo V uma Bas\u00edlica foi constru\u00edda em seu nome. Embora se trate da mesma [&hellip;]\" \/>\n<meta property=\"og:url\" content=\"https:\/\/www.oarcanjo.net\/site\/santa-cecilia\/\" \/>\n<meta property=\"og:site_name\" content=\"O Arcanjo no ar\" \/>\n<meta property=\"article:publisher\" content=\"https:\/\/www.facebook.com\/OArcanjoNoAr\/\" \/>\n<meta property=\"article:published_time\" content=\"2009-11-22T02:28:45+00:00\" \/>\n<meta property=\"article:modified_time\" content=\"2009-11-26T08:56:09+00:00\" \/>\n<meta property=\"og:image\" content=\"https:\/\/www.oarcanjo.net\/site\/wp-content\/uploads\/logo-o-arcanjo-no-ar-facebook.png\" \/>\n\t<meta property=\"og:image:width\" content=\"300\" \/>\n\t<meta property=\"og:image:height\" content=\"300\" \/>\n\t<meta property=\"og:image:type\" content=\"image\/png\" \/>\n<meta name=\"author\" content=\"editor\" \/>\n<meta name=\"twitter:card\" content=\"summary_large_image\" \/>\n<meta name=\"twitter:label1\" content=\"Escrito por\" \/>\n\t<meta name=\"twitter:data1\" content=\"editor\" \/>\n\t<meta name=\"twitter:label2\" content=\"Est. tempo de leitura\" \/>\n\t<meta name=\"twitter:data2\" content=\"3 minutos\" \/>\n<script type=\"application\/ld+json\" class=\"yoast-schema-graph\">{\"@context\":\"https:\/\/schema.org\",\"@graph\":[{\"@type\":\"Article\",\"@id\":\"https:\/\/www.oarcanjo.net\/site\/santa-cecilia\/#article\",\"isPartOf\":{\"@id\":\"https:\/\/www.oarcanjo.net\/site\/santa-cecilia\/\"},\"author\":{\"name\":\"editor\",\"@id\":\"https:\/\/www.oarcanjo.net\/site\/#\/schema\/person\/f7024d007863202483a31326673a0838\"},\"headline\":\"Santa Cec\u00edlia\",\"datePublished\":\"2009-11-22T02:28:45+00:00\",\"dateModified\":\"2009-11-26T08:56:09+00:00\",\"mainEntityOfPage\":{\"@id\":\"https:\/\/www.oarcanjo.net\/site\/santa-cecilia\/\"},\"wordCount\":625,\"commentCount\":0,\"publisher\":{\"@id\":\"https:\/\/www.oarcanjo.net\/site\/#organization\"},\"keywords\":[\"Santa Cec\u00edlia\",\"Santos Filemon e \u00c1pia\",\"S\u00e3o Miguel de Tver\"],\"articleSection\":[\"Testemunhos\"],\"inLanguage\":\"pt-BR\",\"potentialAction\":[{\"@type\":\"CommentAction\",\"name\":\"Comment\",\"target\":[\"https:\/\/www.oarcanjo.net\/site\/santa-cecilia\/#respond\"]}]},{\"@type\":\"WebPage\",\"@id\":\"https:\/\/www.oarcanjo.net\/site\/santa-cecilia\/\",\"url\":\"https:\/\/www.oarcanjo.net\/site\/santa-cecilia\/\",\"name\":\"Santa Cec\u00edlia - O Arcanjo no ar\",\"isPartOf\":{\"@id\":\"https:\/\/www.oarcanjo.net\/site\/#website\"},\"datePublished\":\"2009-11-22T02:28:45+00:00\",\"dateModified\":\"2009-11-26T08:56:09+00:00\",\"breadcrumb\":{\"@id\":\"https:\/\/www.oarcanjo.net\/site\/santa-cecilia\/#breadcrumb\"},\"inLanguage\":\"pt-BR\",\"potentialAction\":[{\"@type\":\"ReadAction\",\"target\":[\"https:\/\/www.oarcanjo.net\/site\/santa-cecilia\/\"]}]},{\"@type\":\"BreadcrumbList\",\"@id\":\"https:\/\/www.oarcanjo.net\/site\/santa-cecilia\/#breadcrumb\",\"itemListElement\":[{\"@type\":\"ListItem\",\"position\":1,\"name\":\"In\u00edcio\",\"item\":\"https:\/\/www.oarcanjo.net\/site\/\"},{\"@type\":\"ListItem\",\"position\":2,\"name\":\"Santa Cec\u00edlia\"}]},{\"@type\":\"WebSite\",\"@id\":\"https:\/\/www.oarcanjo.net\/site\/#website\",\"url\":\"https:\/\/www.oarcanjo.net\/site\/\",\"name\":\"O Arcanjo no ar\",\"description\":\"Site da Par\u00f3quia S\u00e3o Miguel Arcanjo (Arquidiocese de SP)\",\"publisher\":{\"@id\":\"https:\/\/www.oarcanjo.net\/site\/#organization\"},\"potentialAction\":[{\"@type\":\"SearchAction\",\"target\":{\"@type\":\"EntryPoint\",\"urlTemplate\":\"https:\/\/www.oarcanjo.net\/site\/?s={search_term_string}\"},\"query-input\":{\"@type\":\"PropertyValueSpecification\",\"valueRequired\":true,\"valueName\":\"search_term_string\"}}],\"inLanguage\":\"pt-BR\"},{\"@type\":\"Organization\",\"@id\":\"https:\/\/www.oarcanjo.net\/site\/#organization\",\"name\":\"Par\u00f3quia S\u00e3o Miguel Arcanjo\",\"url\":\"https:\/\/www.oarcanjo.net\/site\/\",\"logo\":{\"@type\":\"ImageObject\",\"inLanguage\":\"pt-BR\",\"@id\":\"https:\/\/www.oarcanjo.net\/site\/#\/schema\/logo\/image\/\",\"url\":\"https:\/\/www.oarcanjo.net\/site\/wp-content\/uploads\/LogoOArcanjo.png\",\"contentUrl\":\"https:\/\/www.oarcanjo.net\/site\/wp-content\/uploads\/LogoOArcanjo.png\",\"width\":319,\"height\":99,\"caption\":\"Par\u00f3quia S\u00e3o Miguel Arcanjo\"},\"image\":{\"@id\":\"https:\/\/www.oarcanjo.net\/site\/#\/schema\/logo\/image\/\"},\"sameAs\":[\"https:\/\/www.facebook.com\/OArcanjoNoAr\/\"]},{\"@type\":\"Person\",\"@id\":\"https:\/\/www.oarcanjo.net\/site\/#\/schema\/person\/f7024d007863202483a31326673a0838\",\"name\":\"editor\",\"sameAs\":[\"http:\/\/www.oarcanjo.net\"]}]}<\/script>\n<!-- \/ Yoast SEO plugin. -->","yoast_head_json":{"title":"Santa Cec\u00edlia - O Arcanjo no ar","robots":{"index":"index","follow":"follow","max-snippet":"max-snippet:-1","max-image-preview":"max-image-preview:large","max-video-preview":"max-video-preview:-1"},"canonical":"https:\/\/www.oarcanjo.net\/site\/santa-cecilia\/","og_locale":"pt_BR","og_type":"article","og_title":"Santa Cec\u00edlia - O Arcanjo no ar","og_description":"22 de novembro Neste dia celebra-se a santidade da virgem que foi exaltada como exemplo perfeit\u00edssimo de mulher crist\u00e3, pois em tudo glorificou a Jesus. Santa Cec\u00edlia \u00e9 uma das m\u00e1rtires mais veneradas durante a Idade M\u00e9dia, tanto assim que no s\u00e9culo V uma Bas\u00edlica foi constru\u00edda em seu nome. Embora se trate da mesma [&hellip;]","og_url":"https:\/\/www.oarcanjo.net\/site\/santa-cecilia\/","og_site_name":"O Arcanjo no ar","article_publisher":"https:\/\/www.facebook.com\/OArcanjoNoAr\/","article_published_time":"2009-11-22T02:28:45+00:00","article_modified_time":"2009-11-26T08:56:09+00:00","og_image":[{"width":300,"height":300,"url":"https:\/\/www.oarcanjo.net\/site\/wp-content\/uploads\/logo-o-arcanjo-no-ar-facebook.png","type":"image\/png"}],"author":"editor","twitter_card":"summary_large_image","twitter_misc":{"Escrito por":"editor","Est. tempo de leitura":"3 minutos"},"schema":{"@context":"https:\/\/schema.org","@graph":[{"@type":"Article","@id":"https:\/\/www.oarcanjo.net\/site\/santa-cecilia\/#article","isPartOf":{"@id":"https:\/\/www.oarcanjo.net\/site\/santa-cecilia\/"},"author":{"name":"editor","@id":"https:\/\/www.oarcanjo.net\/site\/#\/schema\/person\/f7024d007863202483a31326673a0838"},"headline":"Santa Cec\u00edlia","datePublished":"2009-11-22T02:28:45+00:00","dateModified":"2009-11-26T08:56:09+00:00","mainEntityOfPage":{"@id":"https:\/\/www.oarcanjo.net\/site\/santa-cecilia\/"},"wordCount":625,"commentCount":0,"publisher":{"@id":"https:\/\/www.oarcanjo.net\/site\/#organization"},"keywords":["Santa Cec\u00edlia","Santos Filemon e \u00c1pia","S\u00e3o Miguel de Tver"],"articleSection":["Testemunhos"],"inLanguage":"pt-BR","potentialAction":[{"@type":"CommentAction","name":"Comment","target":["https:\/\/www.oarcanjo.net\/site\/santa-cecilia\/#respond"]}]},{"@type":"WebPage","@id":"https:\/\/www.oarcanjo.net\/site\/santa-cecilia\/","url":"https:\/\/www.oarcanjo.net\/site\/santa-cecilia\/","name":"Santa Cec\u00edlia - O Arcanjo no ar","isPartOf":{"@id":"https:\/\/www.oarcanjo.net\/site\/#website"},"datePublished":"2009-11-22T02:28:45+00:00","dateModified":"2009-11-26T08:56:09+00:00","breadcrumb":{"@id":"https:\/\/www.oarcanjo.net\/site\/santa-cecilia\/#breadcrumb"},"inLanguage":"pt-BR","potentialAction":[{"@type":"ReadAction","target":["https:\/\/www.oarcanjo.net\/site\/santa-cecilia\/"]}]},{"@type":"BreadcrumbList","@id":"https:\/\/www.oarcanjo.net\/site\/santa-cecilia\/#breadcrumb","itemListElement":[{"@type":"ListItem","position":1,"name":"In\u00edcio","item":"https:\/\/www.oarcanjo.net\/site\/"},{"@type":"ListItem","position":2,"name":"Santa Cec\u00edlia"}]},{"@type":"WebSite","@id":"https:\/\/www.oarcanjo.net\/site\/#website","url":"https:\/\/www.oarcanjo.net\/site\/","name":"O Arcanjo no ar","description":"Site da Par\u00f3quia S\u00e3o Miguel Arcanjo (Arquidiocese de SP)","publisher":{"@id":"https:\/\/www.oarcanjo.net\/site\/#organization"},"potentialAction":[{"@type":"SearchAction","target":{"@type":"EntryPoint","urlTemplate":"https:\/\/www.oarcanjo.net\/site\/?s={search_term_string}"},"query-input":{"@type":"PropertyValueSpecification","valueRequired":true,"valueName":"search_term_string"}}],"inLanguage":"pt-BR"},{"@type":"Organization","@id":"https:\/\/www.oarcanjo.net\/site\/#organization","name":"Par\u00f3quia S\u00e3o Miguel Arcanjo","url":"https:\/\/www.oarcanjo.net\/site\/","logo":{"@type":"ImageObject","inLanguage":"pt-BR","@id":"https:\/\/www.oarcanjo.net\/site\/#\/schema\/logo\/image\/","url":"https:\/\/www.oarcanjo.net\/site\/wp-content\/uploads\/LogoOArcanjo.png","contentUrl":"https:\/\/www.oarcanjo.net\/site\/wp-content\/uploads\/LogoOArcanjo.png","width":319,"height":99,"caption":"Par\u00f3quia S\u00e3o Miguel Arcanjo"},"image":{"@id":"https:\/\/www.oarcanjo.net\/site\/#\/schema\/logo\/image\/"},"sameAs":["https:\/\/www.facebook.com\/OArcanjoNoAr\/"]},{"@type":"Person","@id":"https:\/\/www.oarcanjo.net\/site\/#\/schema\/person\/f7024d007863202483a31326673a0838","name":"editor","sameAs":["http:\/\/www.oarcanjo.net"]}]}},"publishpress_future_action":{"enabled":false,"date":"2026-05-07 20:18:19","action":"category","newStatus":"draft","terms":[],"taxonomy":"category"},"publishpress_future_workflow_manual_trigger":{"enabledWorkflows":[]},"_links":{"self":[{"href":"https:\/\/www.oarcanjo.net\/site\/wp-json\/wp\/v2\/posts\/6081"}],"collection":[{"href":"https:\/\/www.oarcanjo.net\/site\/wp-json\/wp\/v2\/posts"}],"about":[{"href":"https:\/\/www.oarcanjo.net\/site\/wp-json\/wp\/v2\/types\/post"}],"author":[{"embeddable":true,"href":"https:\/\/www.oarcanjo.net\/site\/wp-json\/wp\/v2\/users\/5"}],"replies":[{"embeddable":true,"href":"https:\/\/www.oarcanjo.net\/site\/wp-json\/wp\/v2\/comments?post=6081"}],"version-history":[{"count":0,"href":"https:\/\/www.oarcanjo.net\/site\/wp-json\/wp\/v2\/posts\/6081\/revisions"}],"wp:attachment":[{"href":"https:\/\/www.oarcanjo.net\/site\/wp-json\/wp\/v2\/media?parent=6081"}],"wp:term":[{"taxonomy":"category","embeddable":true,"href":"https:\/\/www.oarcanjo.net\/site\/wp-json\/wp\/v2\/categories?post=6081"},{"taxonomy":"post_tag","embeddable":true,"href":"https:\/\/www.oarcanjo.net\/site\/wp-json\/wp\/v2\/tags?post=6081"}],"curies":[{"name":"wp","href":"https:\/\/api.w.org\/{rel}","templated":true}]}}