
{"id":6095,"date":"2009-11-22T07:34:53","date_gmt":"2009-11-22T10:34:53","guid":{"rendered":"http:\/\/www.oarcanjo.net\/site\/?p=6095"},"modified":"2009-11-22T07:52:47","modified_gmt":"2009-11-22T10:52:47","slug":"pastoral-reflete-a-comunicacao-na-paroquia","status":"publish","type":"post","link":"https:\/\/www.oarcanjo.net\/site\/pastoral-reflete-a-comunicacao-na-paroquia\/","title":{"rendered":"Pastoral reflete a comunica\u00e7\u00e3o na par\u00f3quia"},"content":{"rendered":"<p>Representantes de diversas par\u00f3quias e comunidades, e at\u00e9 de outras dioceses, participaram no s\u00e1bado, 21 de novembro, do II Encontro Arquidiocesano de Comunica\u00e7\u00e3o, organizado pela Pastoral da Comunica\u00e7\u00e3o (Pascom) da Arquidiocese de S\u00e3o Paulo, com o tema\u00a0<span style=\"background-color: #ffffff;\">&#8220;Comunica\u00e7\u00e3o na Par\u00f3quia&#8221;.<\/span><\/p>\n<p><span style=\"background-color: #ffffff;\">O Pe. Ailton dos Santos, diretor da Editora Salesiana, fez uma apresenta\u00e7\u00e3o sobre as estrat\u00e9gias necess\u00e1rias para uma boa comunica\u00e7\u00e3o. Segundo ele, a Pascom n\u00e3o deve ser uma pastoral respons\u00e1vel apenas pelos ve\u00edculos, como jornal, boletim, mural e Internet, mas um grupo que auxilie toda a comunidade a se comunicar melhor.<\/span><\/p>\n<p><span style=\"background-color: #ffffff;\">Para isso, nem sempre \u00e9 preciso criar um novo meio, mas usar recursos que j\u00e1 existem. Pe. Ailton citou exemplos, como experi\u00eancias de par\u00f3quias, cart\u00f5es da pr\u00f3pria Editora, a revista Fam\u00edlia Crist\u00e3 etc. O importante, segundo ele, \u00e9 adequar a mensagem aos diversos p\u00fablicos.<\/span><\/p>\n<p><span style=\"background-color: #ffffff;\">Depois dessa reflex\u00e3o, os participantes puderam conhecer casos bem sucedidos de informativo (jornal impresso), mural, r\u00e1dio e Internet. O site apresentado foi o da igreja da Candel\u00e1ria, na Vila Maria (<a href=\"http:\/\/www.candelaria.org.br\" target=\"_blank\">www.candelaria.org.br<\/a>) e a equipe da S\u00e3o Miguel Arcanjo aproveitou para falar tamb\u00e9m sobre <em>O Arcanjo no ar<\/em>.<\/span><\/p>\n<p>O encontro teve ainda um momento para sugest\u00f5es de temas para as pr\u00f3ximas edi\u00e7\u00f5es e o testemunho de f\u00e9 do professor Reinaldo Pito, rec\u00e9m-curado de um c\u00e2ncer.<\/p>\n<p>Pela comunidade, participaram Alexandre Nunes, Carlos Alberto Beatriz, Rubens S. Meyer e Wanderley Oliveira.<\/p>\n<div id=\"themify_builder_content-6095\" data-postid=\"6095\" class=\"themify_builder_content themify_builder_content-6095 themify_builder themify_builder_front\">\n\t<\/div>\n<!-- \/themify_builder_content -->","protected":false},"excerpt":{"rendered":"<p>Representantes de diversas par\u00f3quias e comunidades, e at\u00e9 de outras dioceses, participaram no s\u00e1bado, 21 de novembro, do II Encontro Arquidiocesano de Comunica\u00e7\u00e3o, organizado pela Pastoral da Comunica\u00e7\u00e3o (Pascom) da Arquidiocese de S\u00e3o Paulo, com o tema\u00a0&#8220;Comunica\u00e7\u00e3o na Par\u00f3quia&#8221;. O Pe. Ailton dos Santos, diretor da Editora Salesiana, fez uma apresenta\u00e7\u00e3o sobre as estrat\u00e9gias necess\u00e1rias [&hellip;]<\/p>\n","protected":false},"author":2,"featured_media":0,"comment_status":"open","ping_status":"open","sticky":false,"template":"","format":"standard","meta":{"ngg_post_thumbnail":0,"footnotes":""},"categories":[8],"tags":[239,27,21,1237,1239,1277,1236,623,1278],"yoast_head":"<!-- This site is optimized with the Yoast SEO plugin v23.5 - https:\/\/yoast.com\/wordpress\/plugins\/seo\/ -->\n<title>Pastoral reflete a comunica\u00e7\u00e3o na par\u00f3quia - O Arcanjo no ar<\/title>\n<meta name=\"robots\" content=\"index, follow, max-snippet:-1, max-image-preview:large, max-video-preview:-1\" \/>\n<link rel=\"canonical\" href=\"https:\/\/www.oarcanjo.net\/site\/pastoral-reflete-a-comunicacao-na-paroquia\/\" \/>\n<meta property=\"og:locale\" content=\"pt_BR\" \/>\n<meta property=\"og:type\" content=\"article\" \/>\n<meta property=\"og:title\" content=\"Pastoral reflete a comunica\u00e7\u00e3o na par\u00f3quia - O Arcanjo no ar\" \/>\n<meta property=\"og:description\" content=\"Representantes de diversas par\u00f3quias e comunidades, e at\u00e9 de outras dioceses, participaram no s\u00e1bado, 21 de novembro, do II Encontro Arquidiocesano de Comunica\u00e7\u00e3o, organizado pela Pastoral da Comunica\u00e7\u00e3o (Pascom) da Arquidiocese de S\u00e3o Paulo, com o tema\u00a0&#8220;Comunica\u00e7\u00e3o na Par\u00f3quia&#8221;. O Pe. Ailton dos Santos, diretor da Editora Salesiana, fez uma apresenta\u00e7\u00e3o sobre as estrat\u00e9gias necess\u00e1rias [&hellip;]\" \/>\n<meta property=\"og:url\" content=\"https:\/\/www.oarcanjo.net\/site\/pastoral-reflete-a-comunicacao-na-paroquia\/\" \/>\n<meta property=\"og:site_name\" content=\"O Arcanjo no ar\" \/>\n<meta property=\"article:publisher\" content=\"https:\/\/www.facebook.com\/OArcanjoNoAr\/\" \/>\n<meta property=\"article:published_time\" content=\"2009-11-22T10:34:53+00:00\" \/>\n<meta property=\"article:modified_time\" content=\"2009-11-22T10:52:47+00:00\" \/>\n<meta property=\"og:image\" content=\"https:\/\/www.oarcanjo.net\/site\/wp-content\/uploads\/logo-o-arcanjo-no-ar-facebook.png\" \/>\n\t<meta property=\"og:image:width\" content=\"300\" \/>\n\t<meta property=\"og:image:height\" content=\"300\" \/>\n\t<meta property=\"og:image:type\" content=\"image\/png\" \/>\n<meta name=\"author\" content=\"rubens.meyer\" \/>\n<meta name=\"twitter:card\" content=\"summary_large_image\" \/>\n<meta name=\"twitter:label1\" content=\"Escrito por\" \/>\n\t<meta name=\"twitter:data1\" content=\"rubens.meyer\" \/>\n\t<meta name=\"twitter:label2\" content=\"Est. tempo de leitura\" \/>\n\t<meta name=\"twitter:data2\" content=\"1 minuto\" \/>\n<script type=\"application\/ld+json\" class=\"yoast-schema-graph\">{\"@context\":\"https:\/\/schema.org\",\"@graph\":[{\"@type\":\"Article\",\"@id\":\"https:\/\/www.oarcanjo.net\/site\/pastoral-reflete-a-comunicacao-na-paroquia\/#article\",\"isPartOf\":{\"@id\":\"https:\/\/www.oarcanjo.net\/site\/pastoral-reflete-a-comunicacao-na-paroquia\/\"},\"author\":{\"name\":\"rubens.meyer\",\"@id\":\"https:\/\/www.oarcanjo.net\/site\/#\/schema\/person\/8f702af457b0cfb4ac1a7228ee23f026\"},\"headline\":\"Pastoral reflete a comunica\u00e7\u00e3o na par\u00f3quia\",\"datePublished\":\"2009-11-22T10:34:53+00:00\",\"dateModified\":\"2009-11-22T10:52:47+00:00\",\"mainEntityOfPage\":{\"@id\":\"https:\/\/www.oarcanjo.net\/site\/pastoral-reflete-a-comunicacao-na-paroquia\/\"},\"wordCount\":261,\"commentCount\":5,\"publisher\":{\"@id\":\"https:\/\/www.oarcanjo.net\/site\/#organization\"},\"keywords\":[\"Arquidiocese de S\u00e3o Paulo\",\"comunica\u00e7\u00e3o\",\"internet\",\"jornal\",\"mural\",\"Pascom\",\"Pastoral da Comunica\u00e7\u00e3o\",\"r\u00e1dio\",\"website\"],\"articleSection\":[\"Not\u00edcias\"],\"inLanguage\":\"pt-BR\",\"potentialAction\":[{\"@type\":\"CommentAction\",\"name\":\"Comment\",\"target\":[\"https:\/\/www.oarcanjo.net\/site\/pastoral-reflete-a-comunicacao-na-paroquia\/#respond\"]}]},{\"@type\":\"WebPage\",\"@id\":\"https:\/\/www.oarcanjo.net\/site\/pastoral-reflete-a-comunicacao-na-paroquia\/\",\"url\":\"https:\/\/www.oarcanjo.net\/site\/pastoral-reflete-a-comunicacao-na-paroquia\/\",\"name\":\"Pastoral reflete a comunica\u00e7\u00e3o na par\u00f3quia - O Arcanjo no ar\",\"isPartOf\":{\"@id\":\"https:\/\/www.oarcanjo.net\/site\/#website\"},\"datePublished\":\"2009-11-22T10:34:53+00:00\",\"dateModified\":\"2009-11-22T10:52:47+00:00\",\"breadcrumb\":{\"@id\":\"https:\/\/www.oarcanjo.net\/site\/pastoral-reflete-a-comunicacao-na-paroquia\/#breadcrumb\"},\"inLanguage\":\"pt-BR\",\"potentialAction\":[{\"@type\":\"ReadAction\",\"target\":[\"https:\/\/www.oarcanjo.net\/site\/pastoral-reflete-a-comunicacao-na-paroquia\/\"]}]},{\"@type\":\"BreadcrumbList\",\"@id\":\"https:\/\/www.oarcanjo.net\/site\/pastoral-reflete-a-comunicacao-na-paroquia\/#breadcrumb\",\"itemListElement\":[{\"@type\":\"ListItem\",\"position\":1,\"name\":\"In\u00edcio\",\"item\":\"https:\/\/www.oarcanjo.net\/site\/\"},{\"@type\":\"ListItem\",\"position\":2,\"name\":\"Pastoral reflete a comunica\u00e7\u00e3o na par\u00f3quia\"}]},{\"@type\":\"WebSite\",\"@id\":\"https:\/\/www.oarcanjo.net\/site\/#website\",\"url\":\"https:\/\/www.oarcanjo.net\/site\/\",\"name\":\"O Arcanjo no ar\",\"description\":\"Site da Par\u00f3quia S\u00e3o Miguel Arcanjo (Arquidiocese de SP)\",\"publisher\":{\"@id\":\"https:\/\/www.oarcanjo.net\/site\/#organization\"},\"potentialAction\":[{\"@type\":\"SearchAction\",\"target\":{\"@type\":\"EntryPoint\",\"urlTemplate\":\"https:\/\/www.oarcanjo.net\/site\/?s={search_term_string}\"},\"query-input\":{\"@type\":\"PropertyValueSpecification\",\"valueRequired\":true,\"valueName\":\"search_term_string\"}}],\"inLanguage\":\"pt-BR\"},{\"@type\":\"Organization\",\"@id\":\"https:\/\/www.oarcanjo.net\/site\/#organization\",\"name\":\"Par\u00f3quia S\u00e3o Miguel Arcanjo\",\"url\":\"https:\/\/www.oarcanjo.net\/site\/\",\"logo\":{\"@type\":\"ImageObject\",\"inLanguage\":\"pt-BR\",\"@id\":\"https:\/\/www.oarcanjo.net\/site\/#\/schema\/logo\/image\/\",\"url\":\"https:\/\/www.oarcanjo.net\/site\/wp-content\/uploads\/LogoOArcanjo.png\",\"contentUrl\":\"https:\/\/www.oarcanjo.net\/site\/wp-content\/uploads\/LogoOArcanjo.png\",\"width\":319,\"height\":99,\"caption\":\"Par\u00f3quia S\u00e3o Miguel Arcanjo\"},\"image\":{\"@id\":\"https:\/\/www.oarcanjo.net\/site\/#\/schema\/logo\/image\/\"},\"sameAs\":[\"https:\/\/www.facebook.com\/OArcanjoNoAr\/\"]},{\"@type\":\"Person\",\"@id\":\"https:\/\/www.oarcanjo.net\/site\/#\/schema\/person\/8f702af457b0cfb4ac1a7228ee23f026\",\"name\":\"rubens.meyer\"}]}<\/script>\n<!-- \/ Yoast SEO plugin. -->","yoast_head_json":{"title":"Pastoral reflete a comunica\u00e7\u00e3o na par\u00f3quia - O Arcanjo no ar","robots":{"index":"index","follow":"follow","max-snippet":"max-snippet:-1","max-image-preview":"max-image-preview:large","max-video-preview":"max-video-preview:-1"},"canonical":"https:\/\/www.oarcanjo.net\/site\/pastoral-reflete-a-comunicacao-na-paroquia\/","og_locale":"pt_BR","og_type":"article","og_title":"Pastoral reflete a comunica\u00e7\u00e3o na par\u00f3quia - O Arcanjo no ar","og_description":"Representantes de diversas par\u00f3quias e comunidades, e at\u00e9 de outras dioceses, participaram no s\u00e1bado, 21 de novembro, do II Encontro Arquidiocesano de Comunica\u00e7\u00e3o, organizado pela Pastoral da Comunica\u00e7\u00e3o (Pascom) da Arquidiocese de S\u00e3o Paulo, com o tema\u00a0&#8220;Comunica\u00e7\u00e3o na Par\u00f3quia&#8221;. O Pe. Ailton dos Santos, diretor da Editora Salesiana, fez uma apresenta\u00e7\u00e3o sobre as estrat\u00e9gias necess\u00e1rias [&hellip;]","og_url":"https:\/\/www.oarcanjo.net\/site\/pastoral-reflete-a-comunicacao-na-paroquia\/","og_site_name":"O Arcanjo no ar","article_publisher":"https:\/\/www.facebook.com\/OArcanjoNoAr\/","article_published_time":"2009-11-22T10:34:53+00:00","article_modified_time":"2009-11-22T10:52:47+00:00","og_image":[{"width":300,"height":300,"url":"https:\/\/www.oarcanjo.net\/site\/wp-content\/uploads\/logo-o-arcanjo-no-ar-facebook.png","type":"image\/png"}],"author":"rubens.meyer","twitter_card":"summary_large_image","twitter_misc":{"Escrito por":"rubens.meyer","Est. tempo de leitura":"1 minuto"},"schema":{"@context":"https:\/\/schema.org","@graph":[{"@type":"Article","@id":"https:\/\/www.oarcanjo.net\/site\/pastoral-reflete-a-comunicacao-na-paroquia\/#article","isPartOf":{"@id":"https:\/\/www.oarcanjo.net\/site\/pastoral-reflete-a-comunicacao-na-paroquia\/"},"author":{"name":"rubens.meyer","@id":"https:\/\/www.oarcanjo.net\/site\/#\/schema\/person\/8f702af457b0cfb4ac1a7228ee23f026"},"headline":"Pastoral reflete a comunica\u00e7\u00e3o na par\u00f3quia","datePublished":"2009-11-22T10:34:53+00:00","dateModified":"2009-11-22T10:52:47+00:00","mainEntityOfPage":{"@id":"https:\/\/www.oarcanjo.net\/site\/pastoral-reflete-a-comunicacao-na-paroquia\/"},"wordCount":261,"commentCount":5,"publisher":{"@id":"https:\/\/www.oarcanjo.net\/site\/#organization"},"keywords":["Arquidiocese de S\u00e3o Paulo","comunica\u00e7\u00e3o","internet","jornal","mural","Pascom","Pastoral da Comunica\u00e7\u00e3o","r\u00e1dio","website"],"articleSection":["Not\u00edcias"],"inLanguage":"pt-BR","potentialAction":[{"@type":"CommentAction","name":"Comment","target":["https:\/\/www.oarcanjo.net\/site\/pastoral-reflete-a-comunicacao-na-paroquia\/#respond"]}]},{"@type":"WebPage","@id":"https:\/\/www.oarcanjo.net\/site\/pastoral-reflete-a-comunicacao-na-paroquia\/","url":"https:\/\/www.oarcanjo.net\/site\/pastoral-reflete-a-comunicacao-na-paroquia\/","name":"Pastoral reflete a comunica\u00e7\u00e3o na par\u00f3quia - O Arcanjo no ar","isPartOf":{"@id":"https:\/\/www.oarcanjo.net\/site\/#website"},"datePublished":"2009-11-22T10:34:53+00:00","dateModified":"2009-11-22T10:52:47+00:00","breadcrumb":{"@id":"https:\/\/www.oarcanjo.net\/site\/pastoral-reflete-a-comunicacao-na-paroquia\/#breadcrumb"},"inLanguage":"pt-BR","potentialAction":[{"@type":"ReadAction","target":["https:\/\/www.oarcanjo.net\/site\/pastoral-reflete-a-comunicacao-na-paroquia\/"]}]},{"@type":"BreadcrumbList","@id":"https:\/\/www.oarcanjo.net\/site\/pastoral-reflete-a-comunicacao-na-paroquia\/#breadcrumb","itemListElement":[{"@type":"ListItem","position":1,"name":"In\u00edcio","item":"https:\/\/www.oarcanjo.net\/site\/"},{"@type":"ListItem","position":2,"name":"Pastoral reflete a comunica\u00e7\u00e3o na par\u00f3quia"}]},{"@type":"WebSite","@id":"https:\/\/www.oarcanjo.net\/site\/#website","url":"https:\/\/www.oarcanjo.net\/site\/","name":"O Arcanjo no ar","description":"Site da Par\u00f3quia S\u00e3o Miguel Arcanjo (Arquidiocese de SP)","publisher":{"@id":"https:\/\/www.oarcanjo.net\/site\/#organization"},"potentialAction":[{"@type":"SearchAction","target":{"@type":"EntryPoint","urlTemplate":"https:\/\/www.oarcanjo.net\/site\/?s={search_term_string}"},"query-input":{"@type":"PropertyValueSpecification","valueRequired":true,"valueName":"search_term_string"}}],"inLanguage":"pt-BR"},{"@type":"Organization","@id":"https:\/\/www.oarcanjo.net\/site\/#organization","name":"Par\u00f3quia S\u00e3o Miguel Arcanjo","url":"https:\/\/www.oarcanjo.net\/site\/","logo":{"@type":"ImageObject","inLanguage":"pt-BR","@id":"https:\/\/www.oarcanjo.net\/site\/#\/schema\/logo\/image\/","url":"https:\/\/www.oarcanjo.net\/site\/wp-content\/uploads\/LogoOArcanjo.png","contentUrl":"https:\/\/www.oarcanjo.net\/site\/wp-content\/uploads\/LogoOArcanjo.png","width":319,"height":99,"caption":"Par\u00f3quia S\u00e3o Miguel Arcanjo"},"image":{"@id":"https:\/\/www.oarcanjo.net\/site\/#\/schema\/logo\/image\/"},"sameAs":["https:\/\/www.facebook.com\/OArcanjoNoAr\/"]},{"@type":"Person","@id":"https:\/\/www.oarcanjo.net\/site\/#\/schema\/person\/8f702af457b0cfb4ac1a7228ee23f026","name":"rubens.meyer"}]}},"publishpress_future_action":{"enabled":false,"date":"2026-05-07 13:03:07","action":"category","newStatus":"draft","terms":[],"taxonomy":"category"},"publishpress_future_workflow_manual_trigger":{"enabledWorkflows":[]},"_links":{"self":[{"href":"https:\/\/www.oarcanjo.net\/site\/wp-json\/wp\/v2\/posts\/6095"}],"collection":[{"href":"https:\/\/www.oarcanjo.net\/site\/wp-json\/wp\/v2\/posts"}],"about":[{"href":"https:\/\/www.oarcanjo.net\/site\/wp-json\/wp\/v2\/types\/post"}],"author":[{"embeddable":true,"href":"https:\/\/www.oarcanjo.net\/site\/wp-json\/wp\/v2\/users\/2"}],"replies":[{"embeddable":true,"href":"https:\/\/www.oarcanjo.net\/site\/wp-json\/wp\/v2\/comments?post=6095"}],"version-history":[{"count":0,"href":"https:\/\/www.oarcanjo.net\/site\/wp-json\/wp\/v2\/posts\/6095\/revisions"}],"wp:attachment":[{"href":"https:\/\/www.oarcanjo.net\/site\/wp-json\/wp\/v2\/media?parent=6095"}],"wp:term":[{"taxonomy":"category","embeddable":true,"href":"https:\/\/www.oarcanjo.net\/site\/wp-json\/wp\/v2\/categories?post=6095"},{"taxonomy":"post_tag","embeddable":true,"href":"https:\/\/www.oarcanjo.net\/site\/wp-json\/wp\/v2\/tags?post=6095"}],"curies":[{"name":"wp","href":"https:\/\/api.w.org\/{rel}","templated":true}]}}