
{"id":60972,"date":"2015-04-26T00:35:04","date_gmt":"2015-04-26T03:35:04","guid":{"rendered":"http:\/\/www.oarcanjo.net\/site\/?p=60972"},"modified":"2015-05-06T13:06:39","modified_gmt":"2015-05-06T16:06:39","slug":"dedicacao-a-sao-miguel-arcanjo-giselda","status":"publish","type":"post","link":"https:\/\/www.oarcanjo.net\/site\/dedicacao-a-sao-miguel-arcanjo-giselda\/","title":{"rendered":"Dedica\u00e7\u00e3o a S\u00e3o Miguel Arcanjo &#8211; Giselda"},"content":{"rendered":"<p style=\"text-align: justify;\">Giselda Aliano dedicou muitos anos \u00e0 delicada tarefa de cuidar do altar da Igreja S\u00e3o Miguel Arcanjo. Nossa lembran\u00e7a dela\u00a0era sempre sua\u00a0irm\u00e3, Ilma Aliano.\u00a0Neste s\u00e1bado, 25\/04\/15 a Giselda foi para a casa do Pai. Presen\u00e7a discreta, sempre ficava na parte superior da Igreja. Tamb\u00e9m n\u00e3o gostava das fotos, sendo que em sua homenagem colocamos as fotos do altar de S\u00e3o Miguel com as flores destacadas.<\/p>\n<p style=\"text-align: justify;\">Pe Julio\u00a0 Lancellotti escreveu: &#8220;Hoje faleceu a nossa irm\u00e3 Giselda Aliano, da Comunidade S\u00e3o Miguel Arcanjo . Giselda \u00e9 da fam\u00edlia que construiu a igreja e que trouxe a imagem de S\u00e3o Miguel, de N\u00e1<span class=\"text_exposed_show\">poles. Ela sempre cuidou do Altar da par\u00f3quia com desvelo, arte e carinho, Seus arranjos de flores tinham a beleza de quem fazia por amor. As toalhas do Altar, e tudo o necess\u00e1rio para as missas, passavam por suas m\u00e3os. Contemplativa e ativa, olhos brilhantes e sorriso aberto sempre viver\u00e1 em n\u00f3s!&#8221;<\/span><\/p>\n<p style=\"text-align: justify;\">ngg_shortcode_0_placeholder<\/p>\n<div id=\"themify_builder_content-60972\" data-postid=\"60972\" class=\"themify_builder_content themify_builder_content-60972 themify_builder themify_builder_front\">\n\t<\/div>\n<!-- \/themify_builder_content -->","protected":false},"excerpt":{"rendered":"<p>Giselda Aliano dedicou muitos anos \u00e0 delicada tarefa de cuidar do altar da Igreja S\u00e3o Miguel Arcanjo. Foi para a casa do Pai.<\/p>\n","protected":false},"author":10,"featured_media":60979,"comment_status":"open","ping_status":"open","sticky":false,"template":"","format":"standard","meta":{"ngg_post_thumbnail":0,"footnotes":""},"categories":[8,7],"tags":[],"yoast_head":"<!-- This site is optimized with the Yoast SEO plugin v23.5 - https:\/\/yoast.com\/wordpress\/plugins\/seo\/ -->\n<title>Dedica\u00e7\u00e3o a S\u00e3o Miguel Arcanjo - Giselda - O Arcanjo no ar<\/title>\n<meta name=\"robots\" content=\"index, follow, max-snippet:-1, max-image-preview:large, max-video-preview:-1\" \/>\n<link rel=\"canonical\" href=\"https:\/\/www.oarcanjo.net\/site\/dedicacao-a-sao-miguel-arcanjo-giselda\/\" \/>\n<meta property=\"og:locale\" content=\"pt_BR\" \/>\n<meta property=\"og:type\" content=\"article\" \/>\n<meta property=\"og:title\" content=\"Dedica\u00e7\u00e3o a S\u00e3o Miguel Arcanjo - Giselda - O Arcanjo no ar\" \/>\n<meta property=\"og:description\" content=\"Giselda Aliano dedicou muitos anos \u00e0 delicada tarefa de cuidar do altar da Igreja S\u00e3o Miguel Arcanjo. Foi para a casa do Pai.\" \/>\n<meta property=\"og:url\" content=\"https:\/\/www.oarcanjo.net\/site\/dedicacao-a-sao-miguel-arcanjo-giselda\/\" \/>\n<meta property=\"og:site_name\" content=\"O Arcanjo no ar\" \/>\n<meta property=\"article:publisher\" content=\"https:\/\/www.facebook.com\/OArcanjoNoAr\/\" \/>\n<meta property=\"article:published_time\" content=\"2015-04-26T03:35:04+00:00\" \/>\n<meta property=\"article:modified_time\" content=\"2015-05-06T16:06:39+00:00\" \/>\n<meta property=\"og:image\" content=\"https:\/\/www.oarcanjo.net\/site\/wp-content\/uploads\/banner-homenagem-giselda-abr-2015.jpg\" \/>\n\t<meta property=\"og:image:width\" content=\"698\" \/>\n\t<meta property=\"og:image:height\" content=\"319\" \/>\n\t<meta property=\"og:image:type\" content=\"image\/jpeg\" \/>\n<meta name=\"author\" content=\"carlos\" \/>\n<meta name=\"twitter:card\" content=\"summary_large_image\" \/>\n<meta name=\"twitter:label1\" content=\"Escrito por\" \/>\n\t<meta name=\"twitter:data1\" content=\"carlos\" \/>\n\t<meta name=\"twitter:label2\" content=\"Est. tempo de leitura\" \/>\n\t<meta name=\"twitter:data2\" content=\"1 minuto\" \/>\n<script type=\"application\/ld+json\" class=\"yoast-schema-graph\">{\"@context\":\"https:\/\/schema.org\",\"@graph\":[{\"@type\":\"Article\",\"@id\":\"https:\/\/www.oarcanjo.net\/site\/dedicacao-a-sao-miguel-arcanjo-giselda\/#article\",\"isPartOf\":{\"@id\":\"https:\/\/www.oarcanjo.net\/site\/dedicacao-a-sao-miguel-arcanjo-giselda\/\"},\"author\":{\"name\":\"carlos\",\"@id\":\"https:\/\/www.oarcanjo.net\/site\/#\/schema\/person\/f7870e710d8c8c30673de3a0ac2e451d\"},\"headline\":\"Dedica\u00e7\u00e3o a S\u00e3o Miguel Arcanjo &#8211; Giselda\",\"datePublished\":\"2015-04-26T03:35:04+00:00\",\"dateModified\":\"2015-05-06T16:06:39+00:00\",\"mainEntityOfPage\":{\"@id\":\"https:\/\/www.oarcanjo.net\/site\/dedicacao-a-sao-miguel-arcanjo-giselda\/\"},\"wordCount\":176,\"commentCount\":0,\"publisher\":{\"@id\":\"https:\/\/www.oarcanjo.net\/site\/#organization\"},\"image\":{\"@id\":\"https:\/\/www.oarcanjo.net\/site\/dedicacao-a-sao-miguel-arcanjo-giselda\/#primaryimage\"},\"thumbnailUrl\":\"https:\/\/www.oarcanjo.net\/site\/wp-content\/uploads\/banner-homenagem-giselda-abr-2015.jpg\",\"articleSection\":[\"Not\u00edcias\",\"Rosto da comunidade\"],\"inLanguage\":\"pt-BR\",\"potentialAction\":[{\"@type\":\"CommentAction\",\"name\":\"Comment\",\"target\":[\"https:\/\/www.oarcanjo.net\/site\/dedicacao-a-sao-miguel-arcanjo-giselda\/#respond\"]}]},{\"@type\":\"WebPage\",\"@id\":\"https:\/\/www.oarcanjo.net\/site\/dedicacao-a-sao-miguel-arcanjo-giselda\/\",\"url\":\"https:\/\/www.oarcanjo.net\/site\/dedicacao-a-sao-miguel-arcanjo-giselda\/\",\"name\":\"Dedica\u00e7\u00e3o a S\u00e3o Miguel Arcanjo - Giselda - O Arcanjo no ar\",\"isPartOf\":{\"@id\":\"https:\/\/www.oarcanjo.net\/site\/#website\"},\"primaryImageOfPage\":{\"@id\":\"https:\/\/www.oarcanjo.net\/site\/dedicacao-a-sao-miguel-arcanjo-giselda\/#primaryimage\"},\"image\":{\"@id\":\"https:\/\/www.oarcanjo.net\/site\/dedicacao-a-sao-miguel-arcanjo-giselda\/#primaryimage\"},\"thumbnailUrl\":\"https:\/\/www.oarcanjo.net\/site\/wp-content\/uploads\/banner-homenagem-giselda-abr-2015.jpg\",\"datePublished\":\"2015-04-26T03:35:04+00:00\",\"dateModified\":\"2015-05-06T16:06:39+00:00\",\"breadcrumb\":{\"@id\":\"https:\/\/www.oarcanjo.net\/site\/dedicacao-a-sao-miguel-arcanjo-giselda\/#breadcrumb\"},\"inLanguage\":\"pt-BR\",\"potentialAction\":[{\"@type\":\"ReadAction\",\"target\":[\"https:\/\/www.oarcanjo.net\/site\/dedicacao-a-sao-miguel-arcanjo-giselda\/\"]}]},{\"@type\":\"ImageObject\",\"inLanguage\":\"pt-BR\",\"@id\":\"https:\/\/www.oarcanjo.net\/site\/dedicacao-a-sao-miguel-arcanjo-giselda\/#primaryimage\",\"url\":\"https:\/\/www.oarcanjo.net\/site\/wp-content\/uploads\/banner-homenagem-giselda-abr-2015.jpg\",\"contentUrl\":\"https:\/\/www.oarcanjo.net\/site\/wp-content\/uploads\/banner-homenagem-giselda-abr-2015.jpg\",\"width\":698,\"height\":319},{\"@type\":\"BreadcrumbList\",\"@id\":\"https:\/\/www.oarcanjo.net\/site\/dedicacao-a-sao-miguel-arcanjo-giselda\/#breadcrumb\",\"itemListElement\":[{\"@type\":\"ListItem\",\"position\":1,\"name\":\"In\u00edcio\",\"item\":\"https:\/\/www.oarcanjo.net\/site\/\"},{\"@type\":\"ListItem\",\"position\":2,\"name\":\"Dedica\u00e7\u00e3o a S\u00e3o Miguel Arcanjo &#8211; Giselda\"}]},{\"@type\":\"WebSite\",\"@id\":\"https:\/\/www.oarcanjo.net\/site\/#website\",\"url\":\"https:\/\/www.oarcanjo.net\/site\/\",\"name\":\"O Arcanjo no ar\",\"description\":\"Site da Par\u00f3quia S\u00e3o Miguel Arcanjo (Arquidiocese de SP)\",\"publisher\":{\"@id\":\"https:\/\/www.oarcanjo.net\/site\/#organization\"},\"potentialAction\":[{\"@type\":\"SearchAction\",\"target\":{\"@type\":\"EntryPoint\",\"urlTemplate\":\"https:\/\/www.oarcanjo.net\/site\/?s={search_term_string}\"},\"query-input\":{\"@type\":\"PropertyValueSpecification\",\"valueRequired\":true,\"valueName\":\"search_term_string\"}}],\"inLanguage\":\"pt-BR\"},{\"@type\":\"Organization\",\"@id\":\"https:\/\/www.oarcanjo.net\/site\/#organization\",\"name\":\"Par\u00f3quia S\u00e3o Miguel Arcanjo\",\"url\":\"https:\/\/www.oarcanjo.net\/site\/\",\"logo\":{\"@type\":\"ImageObject\",\"inLanguage\":\"pt-BR\",\"@id\":\"https:\/\/www.oarcanjo.net\/site\/#\/schema\/logo\/image\/\",\"url\":\"https:\/\/www.oarcanjo.net\/site\/wp-content\/uploads\/LogoOArcanjo.png\",\"contentUrl\":\"https:\/\/www.oarcanjo.net\/site\/wp-content\/uploads\/LogoOArcanjo.png\",\"width\":319,\"height\":99,\"caption\":\"Par\u00f3quia S\u00e3o Miguel Arcanjo\"},\"image\":{\"@id\":\"https:\/\/www.oarcanjo.net\/site\/#\/schema\/logo\/image\/\"},\"sameAs\":[\"https:\/\/www.facebook.com\/OArcanjoNoAr\/\"]},{\"@type\":\"Person\",\"@id\":\"https:\/\/www.oarcanjo.net\/site\/#\/schema\/person\/f7870e710d8c8c30673de3a0ac2e451d\",\"name\":\"carlos\"}]}<\/script>\n<!-- \/ Yoast SEO plugin. -->","yoast_head_json":{"title":"Dedica\u00e7\u00e3o a S\u00e3o Miguel Arcanjo - Giselda - O Arcanjo no ar","robots":{"index":"index","follow":"follow","max-snippet":"max-snippet:-1","max-image-preview":"max-image-preview:large","max-video-preview":"max-video-preview:-1"},"canonical":"https:\/\/www.oarcanjo.net\/site\/dedicacao-a-sao-miguel-arcanjo-giselda\/","og_locale":"pt_BR","og_type":"article","og_title":"Dedica\u00e7\u00e3o a S\u00e3o Miguel Arcanjo - Giselda - O Arcanjo no ar","og_description":"Giselda Aliano dedicou muitos anos \u00e0 delicada tarefa de cuidar do altar da Igreja S\u00e3o Miguel Arcanjo. Foi para a casa do Pai.","og_url":"https:\/\/www.oarcanjo.net\/site\/dedicacao-a-sao-miguel-arcanjo-giselda\/","og_site_name":"O Arcanjo no ar","article_publisher":"https:\/\/www.facebook.com\/OArcanjoNoAr\/","article_published_time":"2015-04-26T03:35:04+00:00","article_modified_time":"2015-05-06T16:06:39+00:00","og_image":[{"width":698,"height":319,"url":"https:\/\/www.oarcanjo.net\/site\/wp-content\/uploads\/banner-homenagem-giselda-abr-2015.jpg","type":"image\/jpeg"}],"author":"carlos","twitter_card":"summary_large_image","twitter_misc":{"Escrito por":"carlos","Est. tempo de leitura":"1 minuto"},"schema":{"@context":"https:\/\/schema.org","@graph":[{"@type":"Article","@id":"https:\/\/www.oarcanjo.net\/site\/dedicacao-a-sao-miguel-arcanjo-giselda\/#article","isPartOf":{"@id":"https:\/\/www.oarcanjo.net\/site\/dedicacao-a-sao-miguel-arcanjo-giselda\/"},"author":{"name":"carlos","@id":"https:\/\/www.oarcanjo.net\/site\/#\/schema\/person\/f7870e710d8c8c30673de3a0ac2e451d"},"headline":"Dedica\u00e7\u00e3o a S\u00e3o Miguel Arcanjo &#8211; Giselda","datePublished":"2015-04-26T03:35:04+00:00","dateModified":"2015-05-06T16:06:39+00:00","mainEntityOfPage":{"@id":"https:\/\/www.oarcanjo.net\/site\/dedicacao-a-sao-miguel-arcanjo-giselda\/"},"wordCount":176,"commentCount":0,"publisher":{"@id":"https:\/\/www.oarcanjo.net\/site\/#organization"},"image":{"@id":"https:\/\/www.oarcanjo.net\/site\/dedicacao-a-sao-miguel-arcanjo-giselda\/#primaryimage"},"thumbnailUrl":"https:\/\/www.oarcanjo.net\/site\/wp-content\/uploads\/banner-homenagem-giselda-abr-2015.jpg","articleSection":["Not\u00edcias","Rosto da comunidade"],"inLanguage":"pt-BR","potentialAction":[{"@type":"CommentAction","name":"Comment","target":["https:\/\/www.oarcanjo.net\/site\/dedicacao-a-sao-miguel-arcanjo-giselda\/#respond"]}]},{"@type":"WebPage","@id":"https:\/\/www.oarcanjo.net\/site\/dedicacao-a-sao-miguel-arcanjo-giselda\/","url":"https:\/\/www.oarcanjo.net\/site\/dedicacao-a-sao-miguel-arcanjo-giselda\/","name":"Dedica\u00e7\u00e3o a S\u00e3o Miguel Arcanjo - Giselda - O Arcanjo no ar","isPartOf":{"@id":"https:\/\/www.oarcanjo.net\/site\/#website"},"primaryImageOfPage":{"@id":"https:\/\/www.oarcanjo.net\/site\/dedicacao-a-sao-miguel-arcanjo-giselda\/#primaryimage"},"image":{"@id":"https:\/\/www.oarcanjo.net\/site\/dedicacao-a-sao-miguel-arcanjo-giselda\/#primaryimage"},"thumbnailUrl":"https:\/\/www.oarcanjo.net\/site\/wp-content\/uploads\/banner-homenagem-giselda-abr-2015.jpg","datePublished":"2015-04-26T03:35:04+00:00","dateModified":"2015-05-06T16:06:39+00:00","breadcrumb":{"@id":"https:\/\/www.oarcanjo.net\/site\/dedicacao-a-sao-miguel-arcanjo-giselda\/#breadcrumb"},"inLanguage":"pt-BR","potentialAction":[{"@type":"ReadAction","target":["https:\/\/www.oarcanjo.net\/site\/dedicacao-a-sao-miguel-arcanjo-giselda\/"]}]},{"@type":"ImageObject","inLanguage":"pt-BR","@id":"https:\/\/www.oarcanjo.net\/site\/dedicacao-a-sao-miguel-arcanjo-giselda\/#primaryimage","url":"https:\/\/www.oarcanjo.net\/site\/wp-content\/uploads\/banner-homenagem-giselda-abr-2015.jpg","contentUrl":"https:\/\/www.oarcanjo.net\/site\/wp-content\/uploads\/banner-homenagem-giselda-abr-2015.jpg","width":698,"height":319},{"@type":"BreadcrumbList","@id":"https:\/\/www.oarcanjo.net\/site\/dedicacao-a-sao-miguel-arcanjo-giselda\/#breadcrumb","itemListElement":[{"@type":"ListItem","position":1,"name":"In\u00edcio","item":"https:\/\/www.oarcanjo.net\/site\/"},{"@type":"ListItem","position":2,"name":"Dedica\u00e7\u00e3o a S\u00e3o Miguel Arcanjo &#8211; Giselda"}]},{"@type":"WebSite","@id":"https:\/\/www.oarcanjo.net\/site\/#website","url":"https:\/\/www.oarcanjo.net\/site\/","name":"O Arcanjo no ar","description":"Site da Par\u00f3quia S\u00e3o Miguel Arcanjo (Arquidiocese de SP)","publisher":{"@id":"https:\/\/www.oarcanjo.net\/site\/#organization"},"potentialAction":[{"@type":"SearchAction","target":{"@type":"EntryPoint","urlTemplate":"https:\/\/www.oarcanjo.net\/site\/?s={search_term_string}"},"query-input":{"@type":"PropertyValueSpecification","valueRequired":true,"valueName":"search_term_string"}}],"inLanguage":"pt-BR"},{"@type":"Organization","@id":"https:\/\/www.oarcanjo.net\/site\/#organization","name":"Par\u00f3quia S\u00e3o Miguel Arcanjo","url":"https:\/\/www.oarcanjo.net\/site\/","logo":{"@type":"ImageObject","inLanguage":"pt-BR","@id":"https:\/\/www.oarcanjo.net\/site\/#\/schema\/logo\/image\/","url":"https:\/\/www.oarcanjo.net\/site\/wp-content\/uploads\/LogoOArcanjo.png","contentUrl":"https:\/\/www.oarcanjo.net\/site\/wp-content\/uploads\/LogoOArcanjo.png","width":319,"height":99,"caption":"Par\u00f3quia S\u00e3o Miguel Arcanjo"},"image":{"@id":"https:\/\/www.oarcanjo.net\/site\/#\/schema\/logo\/image\/"},"sameAs":["https:\/\/www.facebook.com\/OArcanjoNoAr\/"]},{"@type":"Person","@id":"https:\/\/www.oarcanjo.net\/site\/#\/schema\/person\/f7870e710d8c8c30673de3a0ac2e451d","name":"carlos"}]}},"publishpress_future_action":{"enabled":false,"date":"2026-05-09 08:16:32","action":"category","newStatus":"draft","terms":[],"taxonomy":"category"},"publishpress_future_workflow_manual_trigger":{"enabledWorkflows":[]},"_links":{"self":[{"href":"https:\/\/www.oarcanjo.net\/site\/wp-json\/wp\/v2\/posts\/60972"}],"collection":[{"href":"https:\/\/www.oarcanjo.net\/site\/wp-json\/wp\/v2\/posts"}],"about":[{"href":"https:\/\/www.oarcanjo.net\/site\/wp-json\/wp\/v2\/types\/post"}],"author":[{"embeddable":true,"href":"https:\/\/www.oarcanjo.net\/site\/wp-json\/wp\/v2\/users\/10"}],"replies":[{"embeddable":true,"href":"https:\/\/www.oarcanjo.net\/site\/wp-json\/wp\/v2\/comments?post=60972"}],"version-history":[{"count":0,"href":"https:\/\/www.oarcanjo.net\/site\/wp-json\/wp\/v2\/posts\/60972\/revisions"}],"wp:featuredmedia":[{"embeddable":true,"href":"https:\/\/www.oarcanjo.net\/site\/wp-json\/wp\/v2\/media\/60979"}],"wp:attachment":[{"href":"https:\/\/www.oarcanjo.net\/site\/wp-json\/wp\/v2\/media?parent=60972"}],"wp:term":[{"taxonomy":"category","embeddable":true,"href":"https:\/\/www.oarcanjo.net\/site\/wp-json\/wp\/v2\/categories?post=60972"},{"taxonomy":"post_tag","embeddable":true,"href":"https:\/\/www.oarcanjo.net\/site\/wp-json\/wp\/v2\/tags?post=60972"}],"curies":[{"name":"wp","href":"https:\/\/api.w.org\/{rel}","templated":true}]}}