
{"id":60980,"date":"2015-04-25T15:49:18","date_gmt":"2015-04-25T18:49:18","guid":{"rendered":"http:\/\/www.oarcanjo.net\/site\/?p=60980"},"modified":"2015-04-26T11:59:59","modified_gmt":"2015-04-26T14:59:59","slug":"114a-romaria-arquidiocesana-a-aparecida","status":"publish","type":"post","link":"https:\/\/www.oarcanjo.net\/site\/114a-romaria-arquidiocesana-a-aparecida\/","title":{"rendered":"114\u00aa Romaria Arquidiocesana a Aparecida"},"content":{"rendered":"<p>No dia 3 de maio acontece a 114\u00aa Romaria da Arquidiocese de S\u00e3o Paulo ao Santu\u00e1rio Nacional de Aparecida.<\/p>\n<p>Com o tema &#8220;Virgem M\u00e3e aparecida, velai por nossas fam\u00edlias&#8221;, a Romaria ir\u00e1 concentrar grupos de v\u00e1rias par\u00f3quias e comunidades da Arquidiocese para uma celebra\u00e7\u00e3o no Santu\u00e1rio com o arcebispo de S\u00e3o Paulo, Cardeal Odilo Pedro Scherer, os bispos auxiliares e padres.<\/p>\n<p>A missa no Santu\u00e1rio Nacional ter\u00e1 in\u00edcio \u00e0s 10h, contudo, \u00e0s 9h40, haver\u00e1 um momento simb\u00f3lico que marcar\u00e1 a presen\u00e7a arquidiocesana. Jovens representantes das seis\u00a0 regi\u00f5es episcopais da Arquidiocese entrar\u00e3o com bandeiras pelos corredores da bas\u00edlica em dire\u00e7\u00e3o ao altar. O Secretariado Arquidiocesano de Pastoral convida os romeiros a levarem len\u00e7os com as cores das regi\u00f5es episcopais para o momento simb\u00f3lico.<\/p>\n<p>No final da celebra\u00e7\u00e3o haver\u00e1 tradicional momento da entrada da imagem de nossa senhora aparecida para a ora\u00e7\u00e3o de consagra\u00e7\u00e3o \u00e0 Padroeira do Brasil.<\/p>\n<p>As pessoas devem se informar nas par\u00f3quias mais pr\u00f3ximas sobre a forma\u00e7\u00e3o de grupos para romaria, bem como para as inscri\u00e7\u00f5es.<\/p>\n<p>Tamb\u00e9m foi preparado um texto para uma vig\u00edlia a ser feita antes da romaria nas par\u00f3quias tanto para os romeiros, quanto para aqueles que n\u00e3o poder\u00e3o ir, bem como para reflex\u00e3o durante a viagem ou individualmente.<\/p>\n<h3><a title=\"Subs\u00eddio da vig\u00edlia\" href=\"http:\/\/www.arquidiocesedesaopaulo.org.br\/sites\/default\/files\/Vigilia%20Romaria%202015.pdf\" target=\"_blank\">Baixe o subs\u00eddio da vig\u00edlia<\/a><\/h3>\n<p><em>Fonte: Arquidiocese de S\u00e3o Paulo<\/em><\/p>\n<div id=\"themify_builder_content-60980\" data-postid=\"60980\" class=\"themify_builder_content themify_builder_content-60980 themify_builder themify_builder_front\">\n\t<\/div>\n<!-- \/themify_builder_content -->","protected":false},"excerpt":{"rendered":"<p>No dia 3 de maio acontece a 114\u00aa Romaria da Arquidiocese de S\u00e3o Paulo ao Santu\u00e1rio Nacional de Aparecida.<\/p>\n","protected":false},"author":3,"featured_media":60985,"comment_status":"open","ping_status":"open","sticky":false,"template":"","format":"standard","meta":{"ngg_post_thumbnail":0,"footnotes":""},"categories":[8],"tags":[235,2079],"yoast_head":"<!-- This site is optimized with the Yoast SEO plugin v23.5 - https:\/\/yoast.com\/wordpress\/plugins\/seo\/ -->\n<title>114\u00aa Romaria Arquidiocesana a Aparecida - O Arcanjo no ar<\/title>\n<meta name=\"robots\" content=\"index, follow, max-snippet:-1, max-image-preview:large, max-video-preview:-1\" \/>\n<link rel=\"canonical\" href=\"https:\/\/www.oarcanjo.net\/site\/114a-romaria-arquidiocesana-a-aparecida\/\" \/>\n<meta property=\"og:locale\" content=\"pt_BR\" \/>\n<meta property=\"og:type\" content=\"article\" \/>\n<meta property=\"og:title\" content=\"114\u00aa Romaria Arquidiocesana a Aparecida - O Arcanjo no ar\" \/>\n<meta property=\"og:description\" content=\"No dia 3 de maio acontece a 114\u00aa Romaria da Arquidiocese de S\u00e3o Paulo ao Santu\u00e1rio Nacional de Aparecida.\" \/>\n<meta property=\"og:url\" content=\"https:\/\/www.oarcanjo.net\/site\/114a-romaria-arquidiocesana-a-aparecida\/\" \/>\n<meta property=\"og:site_name\" content=\"O Arcanjo no ar\" \/>\n<meta property=\"article:publisher\" content=\"https:\/\/www.facebook.com\/OArcanjoNoAr\/\" \/>\n<meta property=\"article:published_time\" content=\"2015-04-25T18:49:18+00:00\" \/>\n<meta property=\"article:modified_time\" content=\"2015-04-26T14:59:59+00:00\" \/>\n<meta property=\"og:image\" content=\"https:\/\/www.oarcanjo.net\/site\/wp-content\/uploads\/114-romaria-a-aparecida-620x230-1.jpg\" \/>\n\t<meta property=\"og:image:width\" content=\"620\" \/>\n\t<meta property=\"og:image:height\" content=\"230\" \/>\n\t<meta property=\"og:image:type\" content=\"image\/jpeg\" \/>\n<meta name=\"author\" content=\"miriam.meyer\" \/>\n<meta name=\"twitter:card\" content=\"summary_large_image\" \/>\n<meta name=\"twitter:label1\" content=\"Escrito por\" \/>\n\t<meta name=\"twitter:data1\" content=\"miriam.meyer\" \/>\n\t<meta name=\"twitter:label2\" content=\"Est. tempo de leitura\" \/>\n\t<meta name=\"twitter:data2\" content=\"1 minuto\" \/>\n<script type=\"application\/ld+json\" class=\"yoast-schema-graph\">{\"@context\":\"https:\/\/schema.org\",\"@graph\":[{\"@type\":\"Article\",\"@id\":\"https:\/\/www.oarcanjo.net\/site\/114a-romaria-arquidiocesana-a-aparecida\/#article\",\"isPartOf\":{\"@id\":\"https:\/\/www.oarcanjo.net\/site\/114a-romaria-arquidiocesana-a-aparecida\/\"},\"author\":{\"name\":\"miriam.meyer\",\"@id\":\"https:\/\/www.oarcanjo.net\/site\/#\/schema\/person\/ce0fba3450314a09c6442cfee983a3d8\"},\"headline\":\"114\u00aa Romaria Arquidiocesana a Aparecida\",\"datePublished\":\"2015-04-25T18:49:18+00:00\",\"dateModified\":\"2015-04-26T14:59:59+00:00\",\"mainEntityOfPage\":{\"@id\":\"https:\/\/www.oarcanjo.net\/site\/114a-romaria-arquidiocesana-a-aparecida\/\"},\"wordCount\":250,\"commentCount\":0,\"publisher\":{\"@id\":\"https:\/\/www.oarcanjo.net\/site\/#organization\"},\"image\":{\"@id\":\"https:\/\/www.oarcanjo.net\/site\/114a-romaria-arquidiocesana-a-aparecida\/#primaryimage\"},\"thumbnailUrl\":\"https:\/\/www.oarcanjo.net\/site\/wp-content\/uploads\/114-romaria-a-aparecida-620x230-1.jpg\",\"keywords\":[\"Aparecida\",\"Romaria\"],\"articleSection\":[\"Not\u00edcias\"],\"inLanguage\":\"pt-BR\",\"potentialAction\":[{\"@type\":\"CommentAction\",\"name\":\"Comment\",\"target\":[\"https:\/\/www.oarcanjo.net\/site\/114a-romaria-arquidiocesana-a-aparecida\/#respond\"]}]},{\"@type\":\"WebPage\",\"@id\":\"https:\/\/www.oarcanjo.net\/site\/114a-romaria-arquidiocesana-a-aparecida\/\",\"url\":\"https:\/\/www.oarcanjo.net\/site\/114a-romaria-arquidiocesana-a-aparecida\/\",\"name\":\"114\u00aa Romaria Arquidiocesana a Aparecida - O Arcanjo no ar\",\"isPartOf\":{\"@id\":\"https:\/\/www.oarcanjo.net\/site\/#website\"},\"primaryImageOfPage\":{\"@id\":\"https:\/\/www.oarcanjo.net\/site\/114a-romaria-arquidiocesana-a-aparecida\/#primaryimage\"},\"image\":{\"@id\":\"https:\/\/www.oarcanjo.net\/site\/114a-romaria-arquidiocesana-a-aparecida\/#primaryimage\"},\"thumbnailUrl\":\"https:\/\/www.oarcanjo.net\/site\/wp-content\/uploads\/114-romaria-a-aparecida-620x230-1.jpg\",\"datePublished\":\"2015-04-25T18:49:18+00:00\",\"dateModified\":\"2015-04-26T14:59:59+00:00\",\"breadcrumb\":{\"@id\":\"https:\/\/www.oarcanjo.net\/site\/114a-romaria-arquidiocesana-a-aparecida\/#breadcrumb\"},\"inLanguage\":\"pt-BR\",\"potentialAction\":[{\"@type\":\"ReadAction\",\"target\":[\"https:\/\/www.oarcanjo.net\/site\/114a-romaria-arquidiocesana-a-aparecida\/\"]}]},{\"@type\":\"ImageObject\",\"inLanguage\":\"pt-BR\",\"@id\":\"https:\/\/www.oarcanjo.net\/site\/114a-romaria-arquidiocesana-a-aparecida\/#primaryimage\",\"url\":\"https:\/\/www.oarcanjo.net\/site\/wp-content\/uploads\/114-romaria-a-aparecida-620x230-1.jpg\",\"contentUrl\":\"https:\/\/www.oarcanjo.net\/site\/wp-content\/uploads\/114-romaria-a-aparecida-620x230-1.jpg\",\"width\":620,\"height\":230},{\"@type\":\"BreadcrumbList\",\"@id\":\"https:\/\/www.oarcanjo.net\/site\/114a-romaria-arquidiocesana-a-aparecida\/#breadcrumb\",\"itemListElement\":[{\"@type\":\"ListItem\",\"position\":1,\"name\":\"In\u00edcio\",\"item\":\"https:\/\/www.oarcanjo.net\/site\/\"},{\"@type\":\"ListItem\",\"position\":2,\"name\":\"114\u00aa Romaria Arquidiocesana a Aparecida\"}]},{\"@type\":\"WebSite\",\"@id\":\"https:\/\/www.oarcanjo.net\/site\/#website\",\"url\":\"https:\/\/www.oarcanjo.net\/site\/\",\"name\":\"O Arcanjo no ar\",\"description\":\"Site da Par\u00f3quia S\u00e3o Miguel Arcanjo (Arquidiocese de SP)\",\"publisher\":{\"@id\":\"https:\/\/www.oarcanjo.net\/site\/#organization\"},\"potentialAction\":[{\"@type\":\"SearchAction\",\"target\":{\"@type\":\"EntryPoint\",\"urlTemplate\":\"https:\/\/www.oarcanjo.net\/site\/?s={search_term_string}\"},\"query-input\":{\"@type\":\"PropertyValueSpecification\",\"valueRequired\":true,\"valueName\":\"search_term_string\"}}],\"inLanguage\":\"pt-BR\"},{\"@type\":\"Organization\",\"@id\":\"https:\/\/www.oarcanjo.net\/site\/#organization\",\"name\":\"Par\u00f3quia S\u00e3o Miguel Arcanjo\",\"url\":\"https:\/\/www.oarcanjo.net\/site\/\",\"logo\":{\"@type\":\"ImageObject\",\"inLanguage\":\"pt-BR\",\"@id\":\"https:\/\/www.oarcanjo.net\/site\/#\/schema\/logo\/image\/\",\"url\":\"https:\/\/www.oarcanjo.net\/site\/wp-content\/uploads\/LogoOArcanjo.png\",\"contentUrl\":\"https:\/\/www.oarcanjo.net\/site\/wp-content\/uploads\/LogoOArcanjo.png\",\"width\":319,\"height\":99,\"caption\":\"Par\u00f3quia S\u00e3o Miguel Arcanjo\"},\"image\":{\"@id\":\"https:\/\/www.oarcanjo.net\/site\/#\/schema\/logo\/image\/\"},\"sameAs\":[\"https:\/\/www.facebook.com\/OArcanjoNoAr\/\"]},{\"@type\":\"Person\",\"@id\":\"https:\/\/www.oarcanjo.net\/site\/#\/schema\/person\/ce0fba3450314a09c6442cfee983a3d8\",\"name\":\"miriam.meyer\"}]}<\/script>\n<!-- \/ Yoast SEO plugin. -->","yoast_head_json":{"title":"114\u00aa Romaria Arquidiocesana a Aparecida - O Arcanjo no ar","robots":{"index":"index","follow":"follow","max-snippet":"max-snippet:-1","max-image-preview":"max-image-preview:large","max-video-preview":"max-video-preview:-1"},"canonical":"https:\/\/www.oarcanjo.net\/site\/114a-romaria-arquidiocesana-a-aparecida\/","og_locale":"pt_BR","og_type":"article","og_title":"114\u00aa Romaria Arquidiocesana a Aparecida - O Arcanjo no ar","og_description":"No dia 3 de maio acontece a 114\u00aa Romaria da Arquidiocese de S\u00e3o Paulo ao Santu\u00e1rio Nacional de Aparecida.","og_url":"https:\/\/www.oarcanjo.net\/site\/114a-romaria-arquidiocesana-a-aparecida\/","og_site_name":"O Arcanjo no ar","article_publisher":"https:\/\/www.facebook.com\/OArcanjoNoAr\/","article_published_time":"2015-04-25T18:49:18+00:00","article_modified_time":"2015-04-26T14:59:59+00:00","og_image":[{"width":620,"height":230,"url":"https:\/\/www.oarcanjo.net\/site\/wp-content\/uploads\/114-romaria-a-aparecida-620x230-1.jpg","type":"image\/jpeg"}],"author":"miriam.meyer","twitter_card":"summary_large_image","twitter_misc":{"Escrito por":"miriam.meyer","Est. tempo de leitura":"1 minuto"},"schema":{"@context":"https:\/\/schema.org","@graph":[{"@type":"Article","@id":"https:\/\/www.oarcanjo.net\/site\/114a-romaria-arquidiocesana-a-aparecida\/#article","isPartOf":{"@id":"https:\/\/www.oarcanjo.net\/site\/114a-romaria-arquidiocesana-a-aparecida\/"},"author":{"name":"miriam.meyer","@id":"https:\/\/www.oarcanjo.net\/site\/#\/schema\/person\/ce0fba3450314a09c6442cfee983a3d8"},"headline":"114\u00aa Romaria Arquidiocesana a Aparecida","datePublished":"2015-04-25T18:49:18+00:00","dateModified":"2015-04-26T14:59:59+00:00","mainEntityOfPage":{"@id":"https:\/\/www.oarcanjo.net\/site\/114a-romaria-arquidiocesana-a-aparecida\/"},"wordCount":250,"commentCount":0,"publisher":{"@id":"https:\/\/www.oarcanjo.net\/site\/#organization"},"image":{"@id":"https:\/\/www.oarcanjo.net\/site\/114a-romaria-arquidiocesana-a-aparecida\/#primaryimage"},"thumbnailUrl":"https:\/\/www.oarcanjo.net\/site\/wp-content\/uploads\/114-romaria-a-aparecida-620x230-1.jpg","keywords":["Aparecida","Romaria"],"articleSection":["Not\u00edcias"],"inLanguage":"pt-BR","potentialAction":[{"@type":"CommentAction","name":"Comment","target":["https:\/\/www.oarcanjo.net\/site\/114a-romaria-arquidiocesana-a-aparecida\/#respond"]}]},{"@type":"WebPage","@id":"https:\/\/www.oarcanjo.net\/site\/114a-romaria-arquidiocesana-a-aparecida\/","url":"https:\/\/www.oarcanjo.net\/site\/114a-romaria-arquidiocesana-a-aparecida\/","name":"114\u00aa Romaria Arquidiocesana a Aparecida - O Arcanjo no ar","isPartOf":{"@id":"https:\/\/www.oarcanjo.net\/site\/#website"},"primaryImageOfPage":{"@id":"https:\/\/www.oarcanjo.net\/site\/114a-romaria-arquidiocesana-a-aparecida\/#primaryimage"},"image":{"@id":"https:\/\/www.oarcanjo.net\/site\/114a-romaria-arquidiocesana-a-aparecida\/#primaryimage"},"thumbnailUrl":"https:\/\/www.oarcanjo.net\/site\/wp-content\/uploads\/114-romaria-a-aparecida-620x230-1.jpg","datePublished":"2015-04-25T18:49:18+00:00","dateModified":"2015-04-26T14:59:59+00:00","breadcrumb":{"@id":"https:\/\/www.oarcanjo.net\/site\/114a-romaria-arquidiocesana-a-aparecida\/#breadcrumb"},"inLanguage":"pt-BR","potentialAction":[{"@type":"ReadAction","target":["https:\/\/www.oarcanjo.net\/site\/114a-romaria-arquidiocesana-a-aparecida\/"]}]},{"@type":"ImageObject","inLanguage":"pt-BR","@id":"https:\/\/www.oarcanjo.net\/site\/114a-romaria-arquidiocesana-a-aparecida\/#primaryimage","url":"https:\/\/www.oarcanjo.net\/site\/wp-content\/uploads\/114-romaria-a-aparecida-620x230-1.jpg","contentUrl":"https:\/\/www.oarcanjo.net\/site\/wp-content\/uploads\/114-romaria-a-aparecida-620x230-1.jpg","width":620,"height":230},{"@type":"BreadcrumbList","@id":"https:\/\/www.oarcanjo.net\/site\/114a-romaria-arquidiocesana-a-aparecida\/#breadcrumb","itemListElement":[{"@type":"ListItem","position":1,"name":"In\u00edcio","item":"https:\/\/www.oarcanjo.net\/site\/"},{"@type":"ListItem","position":2,"name":"114\u00aa Romaria Arquidiocesana a Aparecida"}]},{"@type":"WebSite","@id":"https:\/\/www.oarcanjo.net\/site\/#website","url":"https:\/\/www.oarcanjo.net\/site\/","name":"O Arcanjo no ar","description":"Site da Par\u00f3quia S\u00e3o Miguel Arcanjo (Arquidiocese de SP)","publisher":{"@id":"https:\/\/www.oarcanjo.net\/site\/#organization"},"potentialAction":[{"@type":"SearchAction","target":{"@type":"EntryPoint","urlTemplate":"https:\/\/www.oarcanjo.net\/site\/?s={search_term_string}"},"query-input":{"@type":"PropertyValueSpecification","valueRequired":true,"valueName":"search_term_string"}}],"inLanguage":"pt-BR"},{"@type":"Organization","@id":"https:\/\/www.oarcanjo.net\/site\/#organization","name":"Par\u00f3quia S\u00e3o Miguel Arcanjo","url":"https:\/\/www.oarcanjo.net\/site\/","logo":{"@type":"ImageObject","inLanguage":"pt-BR","@id":"https:\/\/www.oarcanjo.net\/site\/#\/schema\/logo\/image\/","url":"https:\/\/www.oarcanjo.net\/site\/wp-content\/uploads\/LogoOArcanjo.png","contentUrl":"https:\/\/www.oarcanjo.net\/site\/wp-content\/uploads\/LogoOArcanjo.png","width":319,"height":99,"caption":"Par\u00f3quia S\u00e3o Miguel Arcanjo"},"image":{"@id":"https:\/\/www.oarcanjo.net\/site\/#\/schema\/logo\/image\/"},"sameAs":["https:\/\/www.facebook.com\/OArcanjoNoAr\/"]},{"@type":"Person","@id":"https:\/\/www.oarcanjo.net\/site\/#\/schema\/person\/ce0fba3450314a09c6442cfee983a3d8","name":"miriam.meyer"}]}},"publishpress_future_action":{"enabled":false,"date":"2026-05-09 09:49:11","action":"category","newStatus":"draft","terms":[],"taxonomy":"category"},"publishpress_future_workflow_manual_trigger":{"enabledWorkflows":[]},"_links":{"self":[{"href":"https:\/\/www.oarcanjo.net\/site\/wp-json\/wp\/v2\/posts\/60980"}],"collection":[{"href":"https:\/\/www.oarcanjo.net\/site\/wp-json\/wp\/v2\/posts"}],"about":[{"href":"https:\/\/www.oarcanjo.net\/site\/wp-json\/wp\/v2\/types\/post"}],"author":[{"embeddable":true,"href":"https:\/\/www.oarcanjo.net\/site\/wp-json\/wp\/v2\/users\/3"}],"replies":[{"embeddable":true,"href":"https:\/\/www.oarcanjo.net\/site\/wp-json\/wp\/v2\/comments?post=60980"}],"version-history":[{"count":0,"href":"https:\/\/www.oarcanjo.net\/site\/wp-json\/wp\/v2\/posts\/60980\/revisions"}],"wp:featuredmedia":[{"embeddable":true,"href":"https:\/\/www.oarcanjo.net\/site\/wp-json\/wp\/v2\/media\/60985"}],"wp:attachment":[{"href":"https:\/\/www.oarcanjo.net\/site\/wp-json\/wp\/v2\/media?parent=60980"}],"wp:term":[{"taxonomy":"category","embeddable":true,"href":"https:\/\/www.oarcanjo.net\/site\/wp-json\/wp\/v2\/categories?post=60980"},{"taxonomy":"post_tag","embeddable":true,"href":"https:\/\/www.oarcanjo.net\/site\/wp-json\/wp\/v2\/tags?post=60980"}],"curies":[{"name":"wp","href":"https:\/\/api.w.org\/{rel}","templated":true}]}}