
{"id":60992,"date":"2015-04-27T10:42:07","date_gmt":"2015-04-27T13:42:07","guid":{"rendered":"http:\/\/www.oarcanjo.net\/site\/?p=60992"},"modified":"2015-04-27T13:43:12","modified_gmt":"2015-04-27T16:43:12","slug":"papa-francisco-pede-oracoes-pelas-vitimas-do-terremoto-no-nepal","status":"publish","type":"post","link":"https:\/\/www.oarcanjo.net\/site\/papa-francisco-pede-oracoes-pelas-vitimas-do-terremoto-no-nepal\/","title":{"rendered":"Papa Francisco pede ora\u00e7\u00f5es pelas v\u00edtimas do terremoto no Nepal"},"content":{"rendered":"<p>\u201cDesejo assegurar a minha proximidade \u00e0s popula\u00e7\u00f5es atingidas por um forte terremoto no Nepal e nos pa\u00edses vizinhos. Rezo pelas v\u00edtimas, pelos feridos e por todos aqueles que sofrem por causa desta calamidade. Que tenham o apoio da solidariedade fraterna. E rezemos a Nossa Senhora para que lhes seja pr\u00f3xima&#8221;, disse o papa Francisco, na Ora\u00e7\u00e3o do Angelus, na Pra\u00e7a de S\u00e3o Pedro, no domingo, 26.<\/p>\n<p>Com milhares de fieis reunidos no Vaticano, o papa pediu para que rezem pelas v\u00edtimas do violento terremoto que atingiu a popula\u00e7\u00e3o do Nepal. Francisco j\u00e1 havia enviado um telegrama ao n\u00fancio apost\u00f3lico no Nepal, assegurando suas ora\u00e7\u00f5es e proximidade \u00e0s v\u00edtimas do sismo.<\/p>\n<p>De acordo com informa\u00e7\u00f5es do Governo, o n\u00famero de mortes ultrapassou 2.263. A regi\u00e3o continua a tremer, com possibilidade de novos abalos. A comunidade internacional come\u00e7a a enviar aux\u00edlio \u00e0s v\u00edtimas.<\/p>\n<p><strong>Ajuda a v\u00edtimas<\/strong><\/p>\n<p>Na manh\u00e3 do domingo, um abalo de 6,7 voltou a sacudir o pa\u00eds, o que provocou outra avalanche nos campos de base do Everest. O balan\u00e7o das v\u00edtimas ainda \u00e9 parcial, visto que muitos corpos est\u00e3o sob os escombros. O n\u00famero de feridos ultrapassou mais de 50 mil e cerca de 6,6 milh\u00f5es de pessoas atingidas, segundo a ONU.<\/p>\n<p>O povoado de Langtantg, ao norte da capital, foi soterrado pela lama, o que pode ter provocado a morte de mais de cem pessoas. Uma trag\u00e9dia semelhante ocorreu h\u00e1 81 anos no pa\u00eds, quando um terremoto matou mais de dez mil pessoas.<\/p>\n<p>O Governo de Kathmandu declarou estado de calamidade natural e o presidente Koirala convidou os cidad\u00e3os a permanecerem unidos em meio a este grande desastre. O pa\u00eds tem recebido diversos ajudas, que come\u00e7am a chegar de avi\u00f5es.<\/p>\n<p><em>Com informa\u00e7\u00f5es e foto do News.va<\/em><\/p>\n<div id=\"themify_builder_content-60992\" data-postid=\"60992\" class=\"themify_builder_content themify_builder_content-60992 themify_builder themify_builder_front\">\n\t<\/div>\n<!-- \/themify_builder_content -->","protected":false},"excerpt":{"rendered":"<p>Com milhares de fieis reunidos no Vaticano, o papa pediu para que rezem pelas v\u00edtimas do violento terremoto que atingiu a popula\u00e7\u00e3o do Nepal.<\/p>\n","protected":false},"author":3,"featured_media":0,"comment_status":"open","ping_status":"open","sticky":false,"template":"","format":"standard","meta":{"ngg_post_thumbnail":0,"footnotes":""},"categories":[8],"tags":[3180,2433,1405,1391],"yoast_head":"<!-- This site is optimized with the Yoast SEO plugin v23.5 - https:\/\/yoast.com\/wordpress\/plugins\/seo\/ -->\n<title>Papa Francisco pede ora\u00e7\u00f5es pelas v\u00edtimas do terremoto no Nepal - O Arcanjo no ar<\/title>\n<meta name=\"robots\" content=\"index, follow, max-snippet:-1, max-image-preview:large, max-video-preview:-1\" \/>\n<link rel=\"canonical\" href=\"https:\/\/www.oarcanjo.net\/site\/papa-francisco-pede-oracoes-pelas-vitimas-do-terremoto-no-nepal\/\" \/>\n<meta property=\"og:locale\" content=\"pt_BR\" \/>\n<meta property=\"og:type\" content=\"article\" \/>\n<meta property=\"og:title\" content=\"Papa Francisco pede ora\u00e7\u00f5es pelas v\u00edtimas do terremoto no Nepal - O Arcanjo no ar\" \/>\n<meta property=\"og:description\" content=\"Com milhares de fieis reunidos no Vaticano, o papa pediu para que rezem pelas v\u00edtimas do violento terremoto que atingiu a popula\u00e7\u00e3o do Nepal.\" \/>\n<meta property=\"og:url\" content=\"https:\/\/www.oarcanjo.net\/site\/papa-francisco-pede-oracoes-pelas-vitimas-do-terremoto-no-nepal\/\" \/>\n<meta property=\"og:site_name\" content=\"O Arcanjo no ar\" \/>\n<meta property=\"article:publisher\" content=\"https:\/\/www.facebook.com\/OArcanjoNoAr\/\" \/>\n<meta property=\"article:published_time\" content=\"2015-04-27T13:42:07+00:00\" \/>\n<meta property=\"article:modified_time\" content=\"2015-04-27T16:43:12+00:00\" \/>\n<meta property=\"og:image\" content=\"https:\/\/www.oarcanjo.net\/site\/wp-content\/uploads\/logo-o-arcanjo-no-ar-facebook.png\" \/>\n\t<meta property=\"og:image:width\" content=\"300\" \/>\n\t<meta property=\"og:image:height\" content=\"300\" \/>\n\t<meta property=\"og:image:type\" content=\"image\/png\" \/>\n<meta name=\"author\" content=\"miriam.meyer\" \/>\n<meta name=\"twitter:card\" content=\"summary_large_image\" \/>\n<meta name=\"twitter:label1\" content=\"Escrito por\" \/>\n\t<meta name=\"twitter:data1\" content=\"miriam.meyer\" \/>\n\t<meta name=\"twitter:label2\" content=\"Est. tempo de leitura\" \/>\n\t<meta name=\"twitter:data2\" content=\"2 minutos\" \/>\n<script type=\"application\/ld+json\" class=\"yoast-schema-graph\">{\"@context\":\"https:\/\/schema.org\",\"@graph\":[{\"@type\":\"Article\",\"@id\":\"https:\/\/www.oarcanjo.net\/site\/papa-francisco-pede-oracoes-pelas-vitimas-do-terremoto-no-nepal\/#article\",\"isPartOf\":{\"@id\":\"https:\/\/www.oarcanjo.net\/site\/papa-francisco-pede-oracoes-pelas-vitimas-do-terremoto-no-nepal\/\"},\"author\":{\"name\":\"miriam.meyer\",\"@id\":\"https:\/\/www.oarcanjo.net\/site\/#\/schema\/person\/ce0fba3450314a09c6442cfee983a3d8\"},\"headline\":\"Papa Francisco pede ora\u00e7\u00f5es pelas v\u00edtimas do terremoto no Nepal\",\"datePublished\":\"2015-04-27T13:42:07+00:00\",\"dateModified\":\"2015-04-27T16:43:12+00:00\",\"mainEntityOfPage\":{\"@id\":\"https:\/\/www.oarcanjo.net\/site\/papa-francisco-pede-oracoes-pelas-vitimas-do-terremoto-no-nepal\/\"},\"wordCount\":327,\"commentCount\":0,\"publisher\":{\"@id\":\"https:\/\/www.oarcanjo.net\/site\/#organization\"},\"keywords\":[\"Nepal\",\"Papa Francisco\",\"terremoto\",\"v\u00edtimas\"],\"articleSection\":[\"Not\u00edcias\"],\"inLanguage\":\"pt-BR\",\"potentialAction\":[{\"@type\":\"CommentAction\",\"name\":\"Comment\",\"target\":[\"https:\/\/www.oarcanjo.net\/site\/papa-francisco-pede-oracoes-pelas-vitimas-do-terremoto-no-nepal\/#respond\"]}]},{\"@type\":\"WebPage\",\"@id\":\"https:\/\/www.oarcanjo.net\/site\/papa-francisco-pede-oracoes-pelas-vitimas-do-terremoto-no-nepal\/\",\"url\":\"https:\/\/www.oarcanjo.net\/site\/papa-francisco-pede-oracoes-pelas-vitimas-do-terremoto-no-nepal\/\",\"name\":\"Papa Francisco pede ora\u00e7\u00f5es pelas v\u00edtimas do terremoto no Nepal - O Arcanjo no ar\",\"isPartOf\":{\"@id\":\"https:\/\/www.oarcanjo.net\/site\/#website\"},\"datePublished\":\"2015-04-27T13:42:07+00:00\",\"dateModified\":\"2015-04-27T16:43:12+00:00\",\"breadcrumb\":{\"@id\":\"https:\/\/www.oarcanjo.net\/site\/papa-francisco-pede-oracoes-pelas-vitimas-do-terremoto-no-nepal\/#breadcrumb\"},\"inLanguage\":\"pt-BR\",\"potentialAction\":[{\"@type\":\"ReadAction\",\"target\":[\"https:\/\/www.oarcanjo.net\/site\/papa-francisco-pede-oracoes-pelas-vitimas-do-terremoto-no-nepal\/\"]}]},{\"@type\":\"BreadcrumbList\",\"@id\":\"https:\/\/www.oarcanjo.net\/site\/papa-francisco-pede-oracoes-pelas-vitimas-do-terremoto-no-nepal\/#breadcrumb\",\"itemListElement\":[{\"@type\":\"ListItem\",\"position\":1,\"name\":\"In\u00edcio\",\"item\":\"https:\/\/www.oarcanjo.net\/site\/\"},{\"@type\":\"ListItem\",\"position\":2,\"name\":\"Papa Francisco pede ora\u00e7\u00f5es pelas v\u00edtimas do terremoto no Nepal\"}]},{\"@type\":\"WebSite\",\"@id\":\"https:\/\/www.oarcanjo.net\/site\/#website\",\"url\":\"https:\/\/www.oarcanjo.net\/site\/\",\"name\":\"O Arcanjo no ar\",\"description\":\"Site da Par\u00f3quia S\u00e3o Miguel Arcanjo (Arquidiocese de SP)\",\"publisher\":{\"@id\":\"https:\/\/www.oarcanjo.net\/site\/#organization\"},\"potentialAction\":[{\"@type\":\"SearchAction\",\"target\":{\"@type\":\"EntryPoint\",\"urlTemplate\":\"https:\/\/www.oarcanjo.net\/site\/?s={search_term_string}\"},\"query-input\":{\"@type\":\"PropertyValueSpecification\",\"valueRequired\":true,\"valueName\":\"search_term_string\"}}],\"inLanguage\":\"pt-BR\"},{\"@type\":\"Organization\",\"@id\":\"https:\/\/www.oarcanjo.net\/site\/#organization\",\"name\":\"Par\u00f3quia S\u00e3o Miguel Arcanjo\",\"url\":\"https:\/\/www.oarcanjo.net\/site\/\",\"logo\":{\"@type\":\"ImageObject\",\"inLanguage\":\"pt-BR\",\"@id\":\"https:\/\/www.oarcanjo.net\/site\/#\/schema\/logo\/image\/\",\"url\":\"https:\/\/www.oarcanjo.net\/site\/wp-content\/uploads\/LogoOArcanjo.png\",\"contentUrl\":\"https:\/\/www.oarcanjo.net\/site\/wp-content\/uploads\/LogoOArcanjo.png\",\"width\":319,\"height\":99,\"caption\":\"Par\u00f3quia S\u00e3o Miguel Arcanjo\"},\"image\":{\"@id\":\"https:\/\/www.oarcanjo.net\/site\/#\/schema\/logo\/image\/\"},\"sameAs\":[\"https:\/\/www.facebook.com\/OArcanjoNoAr\/\"]},{\"@type\":\"Person\",\"@id\":\"https:\/\/www.oarcanjo.net\/site\/#\/schema\/person\/ce0fba3450314a09c6442cfee983a3d8\",\"name\":\"miriam.meyer\"}]}<\/script>\n<!-- \/ Yoast SEO plugin. -->","yoast_head_json":{"title":"Papa Francisco pede ora\u00e7\u00f5es pelas v\u00edtimas do terremoto no Nepal - O Arcanjo no ar","robots":{"index":"index","follow":"follow","max-snippet":"max-snippet:-1","max-image-preview":"max-image-preview:large","max-video-preview":"max-video-preview:-1"},"canonical":"https:\/\/www.oarcanjo.net\/site\/papa-francisco-pede-oracoes-pelas-vitimas-do-terremoto-no-nepal\/","og_locale":"pt_BR","og_type":"article","og_title":"Papa Francisco pede ora\u00e7\u00f5es pelas v\u00edtimas do terremoto no Nepal - O Arcanjo no ar","og_description":"Com milhares de fieis reunidos no Vaticano, o papa pediu para que rezem pelas v\u00edtimas do violento terremoto que atingiu a popula\u00e7\u00e3o do Nepal.","og_url":"https:\/\/www.oarcanjo.net\/site\/papa-francisco-pede-oracoes-pelas-vitimas-do-terremoto-no-nepal\/","og_site_name":"O Arcanjo no ar","article_publisher":"https:\/\/www.facebook.com\/OArcanjoNoAr\/","article_published_time":"2015-04-27T13:42:07+00:00","article_modified_time":"2015-04-27T16:43:12+00:00","og_image":[{"width":300,"height":300,"url":"https:\/\/www.oarcanjo.net\/site\/wp-content\/uploads\/logo-o-arcanjo-no-ar-facebook.png","type":"image\/png"}],"author":"miriam.meyer","twitter_card":"summary_large_image","twitter_misc":{"Escrito por":"miriam.meyer","Est. tempo de leitura":"2 minutos"},"schema":{"@context":"https:\/\/schema.org","@graph":[{"@type":"Article","@id":"https:\/\/www.oarcanjo.net\/site\/papa-francisco-pede-oracoes-pelas-vitimas-do-terremoto-no-nepal\/#article","isPartOf":{"@id":"https:\/\/www.oarcanjo.net\/site\/papa-francisco-pede-oracoes-pelas-vitimas-do-terremoto-no-nepal\/"},"author":{"name":"miriam.meyer","@id":"https:\/\/www.oarcanjo.net\/site\/#\/schema\/person\/ce0fba3450314a09c6442cfee983a3d8"},"headline":"Papa Francisco pede ora\u00e7\u00f5es pelas v\u00edtimas do terremoto no Nepal","datePublished":"2015-04-27T13:42:07+00:00","dateModified":"2015-04-27T16:43:12+00:00","mainEntityOfPage":{"@id":"https:\/\/www.oarcanjo.net\/site\/papa-francisco-pede-oracoes-pelas-vitimas-do-terremoto-no-nepal\/"},"wordCount":327,"commentCount":0,"publisher":{"@id":"https:\/\/www.oarcanjo.net\/site\/#organization"},"keywords":["Nepal","Papa Francisco","terremoto","v\u00edtimas"],"articleSection":["Not\u00edcias"],"inLanguage":"pt-BR","potentialAction":[{"@type":"CommentAction","name":"Comment","target":["https:\/\/www.oarcanjo.net\/site\/papa-francisco-pede-oracoes-pelas-vitimas-do-terremoto-no-nepal\/#respond"]}]},{"@type":"WebPage","@id":"https:\/\/www.oarcanjo.net\/site\/papa-francisco-pede-oracoes-pelas-vitimas-do-terremoto-no-nepal\/","url":"https:\/\/www.oarcanjo.net\/site\/papa-francisco-pede-oracoes-pelas-vitimas-do-terremoto-no-nepal\/","name":"Papa Francisco pede ora\u00e7\u00f5es pelas v\u00edtimas do terremoto no Nepal - O Arcanjo no ar","isPartOf":{"@id":"https:\/\/www.oarcanjo.net\/site\/#website"},"datePublished":"2015-04-27T13:42:07+00:00","dateModified":"2015-04-27T16:43:12+00:00","breadcrumb":{"@id":"https:\/\/www.oarcanjo.net\/site\/papa-francisco-pede-oracoes-pelas-vitimas-do-terremoto-no-nepal\/#breadcrumb"},"inLanguage":"pt-BR","potentialAction":[{"@type":"ReadAction","target":["https:\/\/www.oarcanjo.net\/site\/papa-francisco-pede-oracoes-pelas-vitimas-do-terremoto-no-nepal\/"]}]},{"@type":"BreadcrumbList","@id":"https:\/\/www.oarcanjo.net\/site\/papa-francisco-pede-oracoes-pelas-vitimas-do-terremoto-no-nepal\/#breadcrumb","itemListElement":[{"@type":"ListItem","position":1,"name":"In\u00edcio","item":"https:\/\/www.oarcanjo.net\/site\/"},{"@type":"ListItem","position":2,"name":"Papa Francisco pede ora\u00e7\u00f5es pelas v\u00edtimas do terremoto no Nepal"}]},{"@type":"WebSite","@id":"https:\/\/www.oarcanjo.net\/site\/#website","url":"https:\/\/www.oarcanjo.net\/site\/","name":"O Arcanjo no ar","description":"Site da Par\u00f3quia S\u00e3o Miguel Arcanjo (Arquidiocese de SP)","publisher":{"@id":"https:\/\/www.oarcanjo.net\/site\/#organization"},"potentialAction":[{"@type":"SearchAction","target":{"@type":"EntryPoint","urlTemplate":"https:\/\/www.oarcanjo.net\/site\/?s={search_term_string}"},"query-input":{"@type":"PropertyValueSpecification","valueRequired":true,"valueName":"search_term_string"}}],"inLanguage":"pt-BR"},{"@type":"Organization","@id":"https:\/\/www.oarcanjo.net\/site\/#organization","name":"Par\u00f3quia S\u00e3o Miguel Arcanjo","url":"https:\/\/www.oarcanjo.net\/site\/","logo":{"@type":"ImageObject","inLanguage":"pt-BR","@id":"https:\/\/www.oarcanjo.net\/site\/#\/schema\/logo\/image\/","url":"https:\/\/www.oarcanjo.net\/site\/wp-content\/uploads\/LogoOArcanjo.png","contentUrl":"https:\/\/www.oarcanjo.net\/site\/wp-content\/uploads\/LogoOArcanjo.png","width":319,"height":99,"caption":"Par\u00f3quia S\u00e3o Miguel Arcanjo"},"image":{"@id":"https:\/\/www.oarcanjo.net\/site\/#\/schema\/logo\/image\/"},"sameAs":["https:\/\/www.facebook.com\/OArcanjoNoAr\/"]},{"@type":"Person","@id":"https:\/\/www.oarcanjo.net\/site\/#\/schema\/person\/ce0fba3450314a09c6442cfee983a3d8","name":"miriam.meyer"}]}},"publishpress_future_action":{"enabled":false,"date":"2026-05-09 06:40:39","action":"category","newStatus":"draft","terms":[],"taxonomy":"category"},"publishpress_future_workflow_manual_trigger":{"enabledWorkflows":[]},"_links":{"self":[{"href":"https:\/\/www.oarcanjo.net\/site\/wp-json\/wp\/v2\/posts\/60992"}],"collection":[{"href":"https:\/\/www.oarcanjo.net\/site\/wp-json\/wp\/v2\/posts"}],"about":[{"href":"https:\/\/www.oarcanjo.net\/site\/wp-json\/wp\/v2\/types\/post"}],"author":[{"embeddable":true,"href":"https:\/\/www.oarcanjo.net\/site\/wp-json\/wp\/v2\/users\/3"}],"replies":[{"embeddable":true,"href":"https:\/\/www.oarcanjo.net\/site\/wp-json\/wp\/v2\/comments?post=60992"}],"version-history":[{"count":0,"href":"https:\/\/www.oarcanjo.net\/site\/wp-json\/wp\/v2\/posts\/60992\/revisions"}],"wp:attachment":[{"href":"https:\/\/www.oarcanjo.net\/site\/wp-json\/wp\/v2\/media?parent=60992"}],"wp:term":[{"taxonomy":"category","embeddable":true,"href":"https:\/\/www.oarcanjo.net\/site\/wp-json\/wp\/v2\/categories?post=60992"},{"taxonomy":"post_tag","embeddable":true,"href":"https:\/\/www.oarcanjo.net\/site\/wp-json\/wp\/v2\/tags?post=60992"}],"curies":[{"name":"wp","href":"https:\/\/api.w.org\/{rel}","templated":true}]}}