
{"id":61054,"date":"2015-04-30T23:53:25","date_gmt":"2015-05-01T02:53:25","guid":{"rendered":"http:\/\/www.oarcanjo.net\/site\/?p=61054"},"modified":"2016-02-10T16:36:54","modified_gmt":"2016-02-10T18:36:54","slug":"vaticano-disponibiliza-site-do-jubileu-da-misericordia","status":"publish","type":"post","link":"https:\/\/www.oarcanjo.net\/site\/vaticano-disponibiliza-site-do-jubileu-da-misericordia\/","title":{"rendered":"Vaticano disponibiliza site do Jubileu da Miseric\u00f3rdia"},"content":{"rendered":"<p>O Vaticano criou um website do Jubileu Extraordin\u00e1rio da Miseric\u00f3rdia, que acontecer\u00e1 de 8 de dezembro deste ano at\u00e9 20 de novembro de 2016. O endere\u00e7o eletr\u00f4nico est\u00e1 dispon\u00edvel em seis idiomas e possui o an\u00fancio do Jubileu, a Bula de Convoca\u00e7\u00e3o, not\u00edcias, v\u00eddeos, galeria de fotos e um formul\u00e1rio para contato com o Pontif\u00edcio Conselho para a Promo\u00e7\u00e3o da Nova Evangeliza\u00e7\u00e3o, respons\u00e1vel pela organiza\u00e7\u00e3o do Ano Santo.<\/p>\n<p>O papa Francisco realizou a convoca\u00e7\u00e3o oficial do Jubileu extraordin\u00e1rio da Miseric\u00f3rdia no dia 11 de abril. Na ocasi\u00e3o foi entregue aos quatro cardeais-arciprestes das bas\u00edlicas papais de Roma a Bula \u201cMisericordiae Vultus\u201d (O rosto da Miseric\u00f3rdia).<\/p>\n<p>Durante a 53\u00aa Assembleia Geral da Confer\u00eancia Nacional dos Bispos do Brasil (CNBB), que aconteceu em Aparecida (SP), de 15 a 24 de abril, o bispo de Amparo (SP) e presidente da Comiss\u00e3o Episcopal Pastoral para a Doutrina da F\u00e9 da entidade, dom Pedro Carlos Cipollini, apresentou um breve coment\u00e1rio sobre o documento divulgado pelo papa.<\/p>\n<p>\u201cO tema da Miseric\u00f3rdia tem ra\u00edzes profundas na Igreja e o papa Francisco (um homem marcado pela miseric\u00f3rdia, que ele escolheu como lema episcopal), soube capt\u00e1-las e inserir nestas ra\u00edzes a proposta do Ano Santo\u201d, considerou em sua introdu\u00e7\u00e3o.<\/p>\n<p>Dom Cipollini retornou \u00e0 fala de s\u00e3o Jo\u00e3o XXIII na abertura do Conc\u00edlio Vaticano II, lembrando a proposta de uma Igreja que \u201cprefere usar a medicina da miseric\u00f3rdia\u201d. A Bula de proclama\u00e7\u00e3o do Jubileu Extraordin\u00e1rio da Miseric\u00f3rdia tamb\u00e9m menciona s\u00e3o Jo\u00e3o Paulo II, que publicou a enc\u00edclica \u201c<em>Dives in miseric\u00f3rdia<\/em>\u201d e canonizou Santa Faustina, a santa da Miseric\u00f3rdia.<\/p>\n<p>Dos 25 itens da bula papal, o presidente da Comiss\u00e3o para Doutrina da F\u00e9 destacou tr\u00eas pontos. Os fundamentos teol\u00f3gicos, a aplica\u00e7\u00e3o \u00e0 Igreja e indica\u00e7\u00f5es pr\u00e1ticas sobre como viver um itiner\u00e1rio espiritual de convers\u00e3o durante o Ano Santo.<\/p>\n<p>No \u00faltimo t\u00f3pico, foram dadas indica\u00e7\u00f5es pr\u00e1ticas para a viv\u00eancia do ano da miseric\u00f3rdia. Dom Cipollini destacou as propostas de \u201cPeregrina\u00e7\u00e3o como caminho e sinal de convers\u00e3o\u201d. \u201cA peregrina\u00e7\u00e3o \u2018<em>ser\u00e1 sinal de que a pr\u00f3pria miseric\u00f3rdia \u00e9 uma meta a alcan\u00e7ar e que exige empenho e sacrif\u00edcio\u2019\u201d, <\/em>sublinhou.<\/p>\n<p>Outra sugest\u00e3o \u00e9 a viv\u00eancia do perd\u00e3o. \u201cO perd\u00e3o aparece aqui como componente da miseric\u00f3rdia divina e v\u00e9rtice da ora\u00e7\u00e3o crist\u00e3. \u00c9 a reden\u00e7\u00e3o vista na \u00f3tica do perd\u00e3o\u201d, explica. Neste t\u00f3pico, destaca-se o comunicado do papa no envio dos \u201cmission\u00e1rios da miseric\u00f3rdia\u201d durante a quaresma. \u201cSacerdotes a quem ele dar\u00e1 autoridade para perdoar mesmo os pecados reservados \u00e0 Santa S\u00e9 e pede aos bispos que os convidem e acolham\u201d, disse.<\/p>\n<p>Por \u00faltimo, foi indicada a rela\u00e7\u00e3o \u201cJusti\u00e7a e miseric\u00f3rdia\u201d. \u201cO papa reflete a partir de v\u00e1rias passagens b\u00edblicas para concluir que a justi\u00e7a de Deus culmina no seu perd\u00e3o\u201d, analisa o bispo.<\/p>\n<p><a href=\"http:\/\/www.iubilaeummisericordiae.va\/content\/gdm\/pt.html\" target=\"_blank\">Acesse o site oficial do Jubileu da Miseric\u00f3rdia<\/a><\/p>\n<p><a href=\"http:\/\/cnbb.org.br\/publicacoes-2\/documentos-para-downloads-2\/doc_download\/2219-bula-de-proclamacao-do-ano-da-misericordia\" target=\"_blank\">Leia na \u00edntegra a\u00a0Bula de Proclama\u00e7\u00e3o do Bula do Ano Santo &#8211; Jubileu Extraordin\u00e1rio da Miseric\u00f3rdia<\/a><\/p>\n<div id=\"themify_builder_content-61054\" data-postid=\"61054\" class=\"themify_builder_content themify_builder_content-61054 themify_builder themify_builder_front\">\n\t<\/div>\n<!-- \/themify_builder_content -->","protected":false},"excerpt":{"rendered":"<p>O Vaticano criou um website do Jubileu Extraordin\u00e1rio da Miseric\u00f3rdia, que acontecer\u00e1 de 8 de dezembro deste ano at\u00e9 20 de novembro de 2016: http:\/\/www.iubilaeummisericordiae.va\/content\/gdm\/pt.html.<\/p>\n","protected":false},"author":3,"featured_media":69062,"comment_status":"open","ping_status":"open","sticky":false,"template":"","format":"standard","meta":{"ngg_post_thumbnail":0,"footnotes":""},"categories":[3235,8],"tags":[3181],"yoast_head":"<!-- This site is optimized with the Yoast SEO plugin v23.5 - https:\/\/yoast.com\/wordpress\/plugins\/seo\/ -->\n<title>Vaticano disponibiliza site do Jubileu da Miseric\u00f3rdia - O Arcanjo no ar<\/title>\n<meta name=\"robots\" content=\"index, follow, max-snippet:-1, max-image-preview:large, max-video-preview:-1\" \/>\n<link rel=\"canonical\" href=\"https:\/\/www.oarcanjo.net\/site\/vaticano-disponibiliza-site-do-jubileu-da-misericordia\/\" \/>\n<meta property=\"og:locale\" content=\"pt_BR\" \/>\n<meta property=\"og:type\" content=\"article\" \/>\n<meta property=\"og:title\" content=\"Vaticano disponibiliza site do Jubileu da Miseric\u00f3rdia - O Arcanjo no ar\" \/>\n<meta property=\"og:description\" content=\"O Vaticano criou um website do Jubileu Extraordin\u00e1rio da Miseric\u00f3rdia, que acontecer\u00e1 de 8 de dezembro deste ano at\u00e9 20 de novembro de 2016: http:\/\/www.iubilaeummisericordiae.va\/content\/gdm\/pt.html.\" \/>\n<meta property=\"og:url\" content=\"https:\/\/www.oarcanjo.net\/site\/vaticano-disponibiliza-site-do-jubileu-da-misericordia\/\" \/>\n<meta property=\"og:site_name\" content=\"O Arcanjo no ar\" \/>\n<meta property=\"article:publisher\" content=\"https:\/\/www.facebook.com\/OArcanjoNoAr\/\" \/>\n<meta property=\"article:published_time\" content=\"2015-05-01T02:53:25+00:00\" \/>\n<meta property=\"article:modified_time\" content=\"2016-02-10T18:36:54+00:00\" \/>\n<meta property=\"og:image\" content=\"https:\/\/www.oarcanjo.net\/site\/wp-content\/uploads\/print-site.jpg\" \/>\n\t<meta property=\"og:image:width\" content=\"1197\" \/>\n\t<meta property=\"og:image:height\" content=\"1128\" \/>\n\t<meta property=\"og:image:type\" content=\"image\/jpeg\" \/>\n<meta name=\"author\" content=\"miriam.meyer\" \/>\n<meta name=\"twitter:card\" content=\"summary_large_image\" \/>\n<meta name=\"twitter:label1\" content=\"Escrito por\" \/>\n\t<meta name=\"twitter:data1\" content=\"miriam.meyer\" \/>\n\t<meta name=\"twitter:label2\" content=\"Est. tempo de leitura\" \/>\n\t<meta name=\"twitter:data2\" content=\"3 minutos\" \/>\n<script type=\"application\/ld+json\" class=\"yoast-schema-graph\">{\"@context\":\"https:\/\/schema.org\",\"@graph\":[{\"@type\":\"Article\",\"@id\":\"https:\/\/www.oarcanjo.net\/site\/vaticano-disponibiliza-site-do-jubileu-da-misericordia\/#article\",\"isPartOf\":{\"@id\":\"https:\/\/www.oarcanjo.net\/site\/vaticano-disponibiliza-site-do-jubileu-da-misericordia\/\"},\"author\":{\"name\":\"miriam.meyer\",\"@id\":\"https:\/\/www.oarcanjo.net\/site\/#\/schema\/person\/ce0fba3450314a09c6442cfee983a3d8\"},\"headline\":\"Vaticano disponibiliza site do Jubileu da Miseric\u00f3rdia\",\"datePublished\":\"2015-05-01T02:53:25+00:00\",\"dateModified\":\"2016-02-10T18:36:54+00:00\",\"mainEntityOfPage\":{\"@id\":\"https:\/\/www.oarcanjo.net\/site\/vaticano-disponibiliza-site-do-jubileu-da-misericordia\/\"},\"wordCount\":553,\"commentCount\":0,\"publisher\":{\"@id\":\"https:\/\/www.oarcanjo.net\/site\/#organization\"},\"image\":{\"@id\":\"https:\/\/www.oarcanjo.net\/site\/vaticano-disponibiliza-site-do-jubileu-da-misericordia\/#primaryimage\"},\"thumbnailUrl\":\"https:\/\/www.oarcanjo.net\/site\/wp-content\/uploads\/print-site.jpg\",\"keywords\":[\"Jubileu Extraordin\u00e1rio da Miseric\u00f3rdia\"],\"articleSection\":[\"Ano da Miseric\u00f3rdia\",\"Not\u00edcias\"],\"inLanguage\":\"pt-BR\",\"potentialAction\":[{\"@type\":\"CommentAction\",\"name\":\"Comment\",\"target\":[\"https:\/\/www.oarcanjo.net\/site\/vaticano-disponibiliza-site-do-jubileu-da-misericordia\/#respond\"]}]},{\"@type\":\"WebPage\",\"@id\":\"https:\/\/www.oarcanjo.net\/site\/vaticano-disponibiliza-site-do-jubileu-da-misericordia\/\",\"url\":\"https:\/\/www.oarcanjo.net\/site\/vaticano-disponibiliza-site-do-jubileu-da-misericordia\/\",\"name\":\"Vaticano disponibiliza site do Jubileu da Miseric\u00f3rdia - O Arcanjo no ar\",\"isPartOf\":{\"@id\":\"https:\/\/www.oarcanjo.net\/site\/#website\"},\"primaryImageOfPage\":{\"@id\":\"https:\/\/www.oarcanjo.net\/site\/vaticano-disponibiliza-site-do-jubileu-da-misericordia\/#primaryimage\"},\"image\":{\"@id\":\"https:\/\/www.oarcanjo.net\/site\/vaticano-disponibiliza-site-do-jubileu-da-misericordia\/#primaryimage\"},\"thumbnailUrl\":\"https:\/\/www.oarcanjo.net\/site\/wp-content\/uploads\/print-site.jpg\",\"datePublished\":\"2015-05-01T02:53:25+00:00\",\"dateModified\":\"2016-02-10T18:36:54+00:00\",\"breadcrumb\":{\"@id\":\"https:\/\/www.oarcanjo.net\/site\/vaticano-disponibiliza-site-do-jubileu-da-misericordia\/#breadcrumb\"},\"inLanguage\":\"pt-BR\",\"potentialAction\":[{\"@type\":\"ReadAction\",\"target\":[\"https:\/\/www.oarcanjo.net\/site\/vaticano-disponibiliza-site-do-jubileu-da-misericordia\/\"]}]},{\"@type\":\"ImageObject\",\"inLanguage\":\"pt-BR\",\"@id\":\"https:\/\/www.oarcanjo.net\/site\/vaticano-disponibiliza-site-do-jubileu-da-misericordia\/#primaryimage\",\"url\":\"https:\/\/www.oarcanjo.net\/site\/wp-content\/uploads\/print-site.jpg\",\"contentUrl\":\"https:\/\/www.oarcanjo.net\/site\/wp-content\/uploads\/print-site.jpg\",\"width\":1197,\"height\":1128,\"caption\":\"Site Ano da Miseric\u00f3rdia\"},{\"@type\":\"BreadcrumbList\",\"@id\":\"https:\/\/www.oarcanjo.net\/site\/vaticano-disponibiliza-site-do-jubileu-da-misericordia\/#breadcrumb\",\"itemListElement\":[{\"@type\":\"ListItem\",\"position\":1,\"name\":\"In\u00edcio\",\"item\":\"https:\/\/www.oarcanjo.net\/site\/\"},{\"@type\":\"ListItem\",\"position\":2,\"name\":\"Vaticano disponibiliza site do Jubileu da Miseric\u00f3rdia\"}]},{\"@type\":\"WebSite\",\"@id\":\"https:\/\/www.oarcanjo.net\/site\/#website\",\"url\":\"https:\/\/www.oarcanjo.net\/site\/\",\"name\":\"O Arcanjo no ar\",\"description\":\"Site da Par\u00f3quia S\u00e3o Miguel Arcanjo (Arquidiocese de SP)\",\"publisher\":{\"@id\":\"https:\/\/www.oarcanjo.net\/site\/#organization\"},\"potentialAction\":[{\"@type\":\"SearchAction\",\"target\":{\"@type\":\"EntryPoint\",\"urlTemplate\":\"https:\/\/www.oarcanjo.net\/site\/?s={search_term_string}\"},\"query-input\":{\"@type\":\"PropertyValueSpecification\",\"valueRequired\":true,\"valueName\":\"search_term_string\"}}],\"inLanguage\":\"pt-BR\"},{\"@type\":\"Organization\",\"@id\":\"https:\/\/www.oarcanjo.net\/site\/#organization\",\"name\":\"Par\u00f3quia S\u00e3o Miguel Arcanjo\",\"url\":\"https:\/\/www.oarcanjo.net\/site\/\",\"logo\":{\"@type\":\"ImageObject\",\"inLanguage\":\"pt-BR\",\"@id\":\"https:\/\/www.oarcanjo.net\/site\/#\/schema\/logo\/image\/\",\"url\":\"https:\/\/www.oarcanjo.net\/site\/wp-content\/uploads\/LogoOArcanjo.png\",\"contentUrl\":\"https:\/\/www.oarcanjo.net\/site\/wp-content\/uploads\/LogoOArcanjo.png\",\"width\":319,\"height\":99,\"caption\":\"Par\u00f3quia S\u00e3o Miguel Arcanjo\"},\"image\":{\"@id\":\"https:\/\/www.oarcanjo.net\/site\/#\/schema\/logo\/image\/\"},\"sameAs\":[\"https:\/\/www.facebook.com\/OArcanjoNoAr\/\"]},{\"@type\":\"Person\",\"@id\":\"https:\/\/www.oarcanjo.net\/site\/#\/schema\/person\/ce0fba3450314a09c6442cfee983a3d8\",\"name\":\"miriam.meyer\"}]}<\/script>\n<!-- \/ Yoast SEO plugin. -->","yoast_head_json":{"title":"Vaticano disponibiliza site do Jubileu da Miseric\u00f3rdia - O Arcanjo no ar","robots":{"index":"index","follow":"follow","max-snippet":"max-snippet:-1","max-image-preview":"max-image-preview:large","max-video-preview":"max-video-preview:-1"},"canonical":"https:\/\/www.oarcanjo.net\/site\/vaticano-disponibiliza-site-do-jubileu-da-misericordia\/","og_locale":"pt_BR","og_type":"article","og_title":"Vaticano disponibiliza site do Jubileu da Miseric\u00f3rdia - O Arcanjo no ar","og_description":"O Vaticano criou um website do Jubileu Extraordin\u00e1rio da Miseric\u00f3rdia, que acontecer\u00e1 de 8 de dezembro deste ano at\u00e9 20 de novembro de 2016: http:\/\/www.iubilaeummisericordiae.va\/content\/gdm\/pt.html.","og_url":"https:\/\/www.oarcanjo.net\/site\/vaticano-disponibiliza-site-do-jubileu-da-misericordia\/","og_site_name":"O Arcanjo no ar","article_publisher":"https:\/\/www.facebook.com\/OArcanjoNoAr\/","article_published_time":"2015-05-01T02:53:25+00:00","article_modified_time":"2016-02-10T18:36:54+00:00","og_image":[{"width":1197,"height":1128,"url":"https:\/\/www.oarcanjo.net\/site\/wp-content\/uploads\/print-site.jpg","type":"image\/jpeg"}],"author":"miriam.meyer","twitter_card":"summary_large_image","twitter_misc":{"Escrito por":"miriam.meyer","Est. tempo de leitura":"3 minutos"},"schema":{"@context":"https:\/\/schema.org","@graph":[{"@type":"Article","@id":"https:\/\/www.oarcanjo.net\/site\/vaticano-disponibiliza-site-do-jubileu-da-misericordia\/#article","isPartOf":{"@id":"https:\/\/www.oarcanjo.net\/site\/vaticano-disponibiliza-site-do-jubileu-da-misericordia\/"},"author":{"name":"miriam.meyer","@id":"https:\/\/www.oarcanjo.net\/site\/#\/schema\/person\/ce0fba3450314a09c6442cfee983a3d8"},"headline":"Vaticano disponibiliza site do Jubileu da Miseric\u00f3rdia","datePublished":"2015-05-01T02:53:25+00:00","dateModified":"2016-02-10T18:36:54+00:00","mainEntityOfPage":{"@id":"https:\/\/www.oarcanjo.net\/site\/vaticano-disponibiliza-site-do-jubileu-da-misericordia\/"},"wordCount":553,"commentCount":0,"publisher":{"@id":"https:\/\/www.oarcanjo.net\/site\/#organization"},"image":{"@id":"https:\/\/www.oarcanjo.net\/site\/vaticano-disponibiliza-site-do-jubileu-da-misericordia\/#primaryimage"},"thumbnailUrl":"https:\/\/www.oarcanjo.net\/site\/wp-content\/uploads\/print-site.jpg","keywords":["Jubileu Extraordin\u00e1rio da Miseric\u00f3rdia"],"articleSection":["Ano da Miseric\u00f3rdia","Not\u00edcias"],"inLanguage":"pt-BR","potentialAction":[{"@type":"CommentAction","name":"Comment","target":["https:\/\/www.oarcanjo.net\/site\/vaticano-disponibiliza-site-do-jubileu-da-misericordia\/#respond"]}]},{"@type":"WebPage","@id":"https:\/\/www.oarcanjo.net\/site\/vaticano-disponibiliza-site-do-jubileu-da-misericordia\/","url":"https:\/\/www.oarcanjo.net\/site\/vaticano-disponibiliza-site-do-jubileu-da-misericordia\/","name":"Vaticano disponibiliza site do Jubileu da Miseric\u00f3rdia - O Arcanjo no ar","isPartOf":{"@id":"https:\/\/www.oarcanjo.net\/site\/#website"},"primaryImageOfPage":{"@id":"https:\/\/www.oarcanjo.net\/site\/vaticano-disponibiliza-site-do-jubileu-da-misericordia\/#primaryimage"},"image":{"@id":"https:\/\/www.oarcanjo.net\/site\/vaticano-disponibiliza-site-do-jubileu-da-misericordia\/#primaryimage"},"thumbnailUrl":"https:\/\/www.oarcanjo.net\/site\/wp-content\/uploads\/print-site.jpg","datePublished":"2015-05-01T02:53:25+00:00","dateModified":"2016-02-10T18:36:54+00:00","breadcrumb":{"@id":"https:\/\/www.oarcanjo.net\/site\/vaticano-disponibiliza-site-do-jubileu-da-misericordia\/#breadcrumb"},"inLanguage":"pt-BR","potentialAction":[{"@type":"ReadAction","target":["https:\/\/www.oarcanjo.net\/site\/vaticano-disponibiliza-site-do-jubileu-da-misericordia\/"]}]},{"@type":"ImageObject","inLanguage":"pt-BR","@id":"https:\/\/www.oarcanjo.net\/site\/vaticano-disponibiliza-site-do-jubileu-da-misericordia\/#primaryimage","url":"https:\/\/www.oarcanjo.net\/site\/wp-content\/uploads\/print-site.jpg","contentUrl":"https:\/\/www.oarcanjo.net\/site\/wp-content\/uploads\/print-site.jpg","width":1197,"height":1128,"caption":"Site Ano da Miseric\u00f3rdia"},{"@type":"BreadcrumbList","@id":"https:\/\/www.oarcanjo.net\/site\/vaticano-disponibiliza-site-do-jubileu-da-misericordia\/#breadcrumb","itemListElement":[{"@type":"ListItem","position":1,"name":"In\u00edcio","item":"https:\/\/www.oarcanjo.net\/site\/"},{"@type":"ListItem","position":2,"name":"Vaticano disponibiliza site do Jubileu da Miseric\u00f3rdia"}]},{"@type":"WebSite","@id":"https:\/\/www.oarcanjo.net\/site\/#website","url":"https:\/\/www.oarcanjo.net\/site\/","name":"O Arcanjo no ar","description":"Site da Par\u00f3quia S\u00e3o Miguel Arcanjo (Arquidiocese de SP)","publisher":{"@id":"https:\/\/www.oarcanjo.net\/site\/#organization"},"potentialAction":[{"@type":"SearchAction","target":{"@type":"EntryPoint","urlTemplate":"https:\/\/www.oarcanjo.net\/site\/?s={search_term_string}"},"query-input":{"@type":"PropertyValueSpecification","valueRequired":true,"valueName":"search_term_string"}}],"inLanguage":"pt-BR"},{"@type":"Organization","@id":"https:\/\/www.oarcanjo.net\/site\/#organization","name":"Par\u00f3quia S\u00e3o Miguel Arcanjo","url":"https:\/\/www.oarcanjo.net\/site\/","logo":{"@type":"ImageObject","inLanguage":"pt-BR","@id":"https:\/\/www.oarcanjo.net\/site\/#\/schema\/logo\/image\/","url":"https:\/\/www.oarcanjo.net\/site\/wp-content\/uploads\/LogoOArcanjo.png","contentUrl":"https:\/\/www.oarcanjo.net\/site\/wp-content\/uploads\/LogoOArcanjo.png","width":319,"height":99,"caption":"Par\u00f3quia S\u00e3o Miguel Arcanjo"},"image":{"@id":"https:\/\/www.oarcanjo.net\/site\/#\/schema\/logo\/image\/"},"sameAs":["https:\/\/www.facebook.com\/OArcanjoNoAr\/"]},{"@type":"Person","@id":"https:\/\/www.oarcanjo.net\/site\/#\/schema\/person\/ce0fba3450314a09c6442cfee983a3d8","name":"miriam.meyer"}]}},"publishpress_future_action":{"enabled":false,"date":"2026-05-09 04:50:30","action":"category","newStatus":"draft","terms":[],"taxonomy":"category"},"publishpress_future_workflow_manual_trigger":{"enabledWorkflows":[]},"_links":{"self":[{"href":"https:\/\/www.oarcanjo.net\/site\/wp-json\/wp\/v2\/posts\/61054"}],"collection":[{"href":"https:\/\/www.oarcanjo.net\/site\/wp-json\/wp\/v2\/posts"}],"about":[{"href":"https:\/\/www.oarcanjo.net\/site\/wp-json\/wp\/v2\/types\/post"}],"author":[{"embeddable":true,"href":"https:\/\/www.oarcanjo.net\/site\/wp-json\/wp\/v2\/users\/3"}],"replies":[{"embeddable":true,"href":"https:\/\/www.oarcanjo.net\/site\/wp-json\/wp\/v2\/comments?post=61054"}],"version-history":[{"count":0,"href":"https:\/\/www.oarcanjo.net\/site\/wp-json\/wp\/v2\/posts\/61054\/revisions"}],"wp:featuredmedia":[{"embeddable":true,"href":"https:\/\/www.oarcanjo.net\/site\/wp-json\/wp\/v2\/media\/69062"}],"wp:attachment":[{"href":"https:\/\/www.oarcanjo.net\/site\/wp-json\/wp\/v2\/media?parent=61054"}],"wp:term":[{"taxonomy":"category","embeddable":true,"href":"https:\/\/www.oarcanjo.net\/site\/wp-json\/wp\/v2\/categories?post=61054"},{"taxonomy":"post_tag","embeddable":true,"href":"https:\/\/www.oarcanjo.net\/site\/wp-json\/wp\/v2\/tags?post=61054"}],"curies":[{"name":"wp","href":"https:\/\/api.w.org\/{rel}","templated":true}]}}