
{"id":6107,"date":"2009-11-22T20:30:47","date_gmt":"2009-11-22T23:30:47","guid":{"rendered":"http:\/\/www.oarcanjo.net\/site\/?p=6107"},"modified":"2009-11-26T05:55:02","modified_gmt":"2009-11-26T08:55:02","slug":"sao-columbano","status":"publish","type":"post","link":"https:\/\/www.oarcanjo.net\/site\/sao-columbano\/","title":{"rendered":"S\u00e3o Columbano"},"content":{"rendered":"<p><strong>23 de novembro<\/strong><\/p>\n<p>Catequizada por s\u00e3o Patr\u00edcio no s\u00e9culo V, a Irlanda deu \u00e0 Europa medieval in\u00fameros monges mission\u00e1rios que espalharam e fizeram crescer a Igreja crist\u00e3. Da \u201cilha dos santos\u201d para a Europa, eles vieram, austeros, retos e amorosamente motivados, dar origem \u00e0 chamada \u201cperegrina\u00e7\u00e3o pelo Senhor\u201d. Al\u00e9m de expandir muito as regi\u00f5es de f\u00e9 crist\u00e3, colaboraram para a renova\u00e7\u00e3o cultural do velho continente. Um de grande relev\u00e2ncia foi o monge Columbano, nascido por volta do ano 540 na cidade de Leinster.<br \/>\nEsse irland\u00eas era um nobre rico, culto e dotado de intelig\u00eancia incomum. Ele pr\u00f3prio se iniciou no estudo das Sagradas Escrituras. Depois, estudou as ci\u00eancias humanas e a teologia em um mosteiro da Irlanda do Norte, em Bangor, considerado o de regras mais r\u00edgidas de todo pa\u00eds. Teve como orientador espiritual o pr\u00f3prio abade, santo Comgall. Passou d\u00e9cadas e mais d\u00e9cadas de ilha em ilha, onde os mosteiros floresciam. Ele mesmo fundou um em Bangor, que se tornou c\u00e9lebre tamb\u00e9m, e onde, por uma d\u00e9cada, foi professor dos novi\u00e7os.<\/p>\n<p>Contempor\u00e2neo dos mais destacados religiosos de sua \u00e9poca, estudou ao lado de muitos deles, alguns dos quais se tornaram santos. Aos cinq\u00fcenta anos, deixou seu pa\u00eds para atuar como mission\u00e1rio, acompanhado de outros doze monges. E passou para a hist\u00f3ria da Igreja por sua presen\u00e7a de vision\u00e1rio reformador e fundador de mosteiros, dono de uma singular personalidade que unia vigor e poesia, determina\u00e7\u00e3o f\u00e9rrea e descuidada improvisa\u00e7\u00e3o. Mas tamb\u00e9m, e principalmente, pela rigidez das regras de disciplina imposta aos monges dos seus mosteiros.<\/p>\n<p>Chegou, em 590, na Europa decadente daqueles tempos medievais, entrando pela Fran\u00e7a, onde fundou o primeiro mosteiro em Luxeuil, a seguir outros dois na regi\u00e3o da Borgonha. Assim, atraiu centenas de seguidores, reavivando a f\u00e9 crist\u00e3. Depois, foi a vez da Su\u00ed\u00e7a, onde deixou o disc\u00edpulo Gallo, agora santo, o qual fundaria, mais tarde, um c\u00e9lebre mosteiro que perpetua o seu nome.<\/p>\n<p>Finalmente, chegou na It\u00e1lia, onde a fama de sua sabedoria e santidade j\u00e1 era conhecida. Atuou como conselheiro do rei dos longobardos, mas indispos-se com ele por causa da sua oposi\u00e7\u00e3o aos hereges arianos. Foi para as montanhas da Lig\u00faria, entre G\u00eanova e P\u00e1via, onde ergueu a igreja e o Mosteiro de Bobbio, que tantos frutos daria ao catolicismo no futuro. Nele, o abade Columbano morreu no dia 23 de novembro de 615.<\/p>\n<p><strong>Outros Santos e Santas desta data:<\/strong><\/p>\n<p><a title=\"Santa Felicidade e sete irm\u00e3os\" href=\"http:\/\/www.oarcanjo.net\/site\/index.php\/noticias\/santa-felicidade-e-sete-irmaos\" target=\"_self\">Santa Felicidade e sete irm\u00e3os<\/a> e <a title=\"S\u00e3o Clemente\" href=\"http:\/\/www.oarcanjo.net\/site\/index.php\/noticias\/sao-clemente\" target=\"_self\">S\u00e3o Clemente<\/a>.<\/p>\n<p><em>Colabora\u00e7\u00e3o de Danilo Santana<\/em><\/p>\n<div id=\"themify_builder_content-6107\" data-postid=\"6107\" class=\"themify_builder_content themify_builder_content-6107 themify_builder themify_builder_front\">\n\t<\/div>\n<!-- \/themify_builder_content -->","protected":false},"excerpt":{"rendered":"<p>23 de novembro Catequizada por s\u00e3o Patr\u00edcio no s\u00e9culo V, a Irlanda deu \u00e0 Europa medieval in\u00fameros monges mission\u00e1rios que espalharam e fizeram crescer a Igreja crist\u00e3. Da \u201cilha dos santos\u201d para a Europa, eles vieram, austeros, retos e amorosamente motivados, dar origem \u00e0 chamada \u201cperegrina\u00e7\u00e3o pelo Senhor\u201d. Al\u00e9m de expandir muito as regi\u00f5es de [&hellip;]<\/p>\n","protected":false},"author":5,"featured_media":0,"comment_status":"open","ping_status":"open","sticky":false,"template":"","format":"standard","meta":{"ngg_post_thumbnail":0,"footnotes":""},"categories":[186],"tags":[1282,1279,1281],"yoast_head":"<!-- This site is optimized with the Yoast SEO plugin v23.5 - https:\/\/yoast.com\/wordpress\/plugins\/seo\/ -->\n<title>S\u00e3o Columbano - O Arcanjo no ar<\/title>\n<meta name=\"robots\" content=\"index, follow, max-snippet:-1, max-image-preview:large, max-video-preview:-1\" \/>\n<link rel=\"canonical\" href=\"https:\/\/www.oarcanjo.net\/site\/sao-columbano\/\" \/>\n<meta property=\"og:locale\" content=\"pt_BR\" \/>\n<meta property=\"og:type\" content=\"article\" \/>\n<meta property=\"og:title\" content=\"S\u00e3o Columbano - O Arcanjo no ar\" \/>\n<meta property=\"og:description\" content=\"23 de novembro Catequizada por s\u00e3o Patr\u00edcio no s\u00e9culo V, a Irlanda deu \u00e0 Europa medieval in\u00fameros monges mission\u00e1rios que espalharam e fizeram crescer a Igreja crist\u00e3. Da \u201cilha dos santos\u201d para a Europa, eles vieram, austeros, retos e amorosamente motivados, dar origem \u00e0 chamada \u201cperegrina\u00e7\u00e3o pelo Senhor\u201d. Al\u00e9m de expandir muito as regi\u00f5es de [&hellip;]\" \/>\n<meta property=\"og:url\" content=\"https:\/\/www.oarcanjo.net\/site\/sao-columbano\/\" \/>\n<meta property=\"og:site_name\" content=\"O Arcanjo no ar\" \/>\n<meta property=\"article:publisher\" content=\"https:\/\/www.facebook.com\/OArcanjoNoAr\/\" \/>\n<meta property=\"article:published_time\" content=\"2009-11-22T23:30:47+00:00\" \/>\n<meta property=\"article:modified_time\" content=\"2009-11-26T08:55:02+00:00\" \/>\n<meta property=\"og:image\" content=\"https:\/\/www.oarcanjo.net\/site\/wp-content\/uploads\/logo-o-arcanjo-no-ar-facebook.png\" \/>\n\t<meta property=\"og:image:width\" content=\"300\" \/>\n\t<meta property=\"og:image:height\" content=\"300\" \/>\n\t<meta property=\"og:image:type\" content=\"image\/png\" \/>\n<meta name=\"author\" content=\"editor\" \/>\n<meta name=\"twitter:card\" content=\"summary_large_image\" \/>\n<meta name=\"twitter:label1\" content=\"Escrito por\" \/>\n\t<meta name=\"twitter:data1\" content=\"editor\" \/>\n\t<meta name=\"twitter:label2\" content=\"Est. tempo de leitura\" \/>\n\t<meta name=\"twitter:data2\" content=\"2 minutos\" \/>\n<script type=\"application\/ld+json\" class=\"yoast-schema-graph\">{\"@context\":\"https:\/\/schema.org\",\"@graph\":[{\"@type\":\"Article\",\"@id\":\"https:\/\/www.oarcanjo.net\/site\/sao-columbano\/#article\",\"isPartOf\":{\"@id\":\"https:\/\/www.oarcanjo.net\/site\/sao-columbano\/\"},\"author\":{\"name\":\"editor\",\"@id\":\"https:\/\/www.oarcanjo.net\/site\/#\/schema\/person\/f7024d007863202483a31326673a0838\"},\"headline\":\"S\u00e3o Columbano\",\"datePublished\":\"2009-11-22T23:30:47+00:00\",\"dateModified\":\"2009-11-26T08:55:02+00:00\",\"mainEntityOfPage\":{\"@id\":\"https:\/\/www.oarcanjo.net\/site\/sao-columbano\/\"},\"wordCount\":451,\"commentCount\":0,\"publisher\":{\"@id\":\"https:\/\/www.oarcanjo.net\/site\/#organization\"},\"keywords\":[\"Santa Felicidade e sete irm\u00e3os\",\"S\u00e3o Clemente\",\"S\u00e3o Columbano\"],\"articleSection\":[\"Testemunhos\"],\"inLanguage\":\"pt-BR\",\"potentialAction\":[{\"@type\":\"CommentAction\",\"name\":\"Comment\",\"target\":[\"https:\/\/www.oarcanjo.net\/site\/sao-columbano\/#respond\"]}]},{\"@type\":\"WebPage\",\"@id\":\"https:\/\/www.oarcanjo.net\/site\/sao-columbano\/\",\"url\":\"https:\/\/www.oarcanjo.net\/site\/sao-columbano\/\",\"name\":\"S\u00e3o Columbano - O Arcanjo no ar\",\"isPartOf\":{\"@id\":\"https:\/\/www.oarcanjo.net\/site\/#website\"},\"datePublished\":\"2009-11-22T23:30:47+00:00\",\"dateModified\":\"2009-11-26T08:55:02+00:00\",\"breadcrumb\":{\"@id\":\"https:\/\/www.oarcanjo.net\/site\/sao-columbano\/#breadcrumb\"},\"inLanguage\":\"pt-BR\",\"potentialAction\":[{\"@type\":\"ReadAction\",\"target\":[\"https:\/\/www.oarcanjo.net\/site\/sao-columbano\/\"]}]},{\"@type\":\"BreadcrumbList\",\"@id\":\"https:\/\/www.oarcanjo.net\/site\/sao-columbano\/#breadcrumb\",\"itemListElement\":[{\"@type\":\"ListItem\",\"position\":1,\"name\":\"In\u00edcio\",\"item\":\"https:\/\/www.oarcanjo.net\/site\/\"},{\"@type\":\"ListItem\",\"position\":2,\"name\":\"S\u00e3o Columbano\"}]},{\"@type\":\"WebSite\",\"@id\":\"https:\/\/www.oarcanjo.net\/site\/#website\",\"url\":\"https:\/\/www.oarcanjo.net\/site\/\",\"name\":\"O Arcanjo no ar\",\"description\":\"Site da Par\u00f3quia S\u00e3o Miguel Arcanjo (Arquidiocese de SP)\",\"publisher\":{\"@id\":\"https:\/\/www.oarcanjo.net\/site\/#organization\"},\"potentialAction\":[{\"@type\":\"SearchAction\",\"target\":{\"@type\":\"EntryPoint\",\"urlTemplate\":\"https:\/\/www.oarcanjo.net\/site\/?s={search_term_string}\"},\"query-input\":{\"@type\":\"PropertyValueSpecification\",\"valueRequired\":true,\"valueName\":\"search_term_string\"}}],\"inLanguage\":\"pt-BR\"},{\"@type\":\"Organization\",\"@id\":\"https:\/\/www.oarcanjo.net\/site\/#organization\",\"name\":\"Par\u00f3quia S\u00e3o Miguel Arcanjo\",\"url\":\"https:\/\/www.oarcanjo.net\/site\/\",\"logo\":{\"@type\":\"ImageObject\",\"inLanguage\":\"pt-BR\",\"@id\":\"https:\/\/www.oarcanjo.net\/site\/#\/schema\/logo\/image\/\",\"url\":\"https:\/\/www.oarcanjo.net\/site\/wp-content\/uploads\/LogoOArcanjo.png\",\"contentUrl\":\"https:\/\/www.oarcanjo.net\/site\/wp-content\/uploads\/LogoOArcanjo.png\",\"width\":319,\"height\":99,\"caption\":\"Par\u00f3quia S\u00e3o Miguel Arcanjo\"},\"image\":{\"@id\":\"https:\/\/www.oarcanjo.net\/site\/#\/schema\/logo\/image\/\"},\"sameAs\":[\"https:\/\/www.facebook.com\/OArcanjoNoAr\/\"]},{\"@type\":\"Person\",\"@id\":\"https:\/\/www.oarcanjo.net\/site\/#\/schema\/person\/f7024d007863202483a31326673a0838\",\"name\":\"editor\",\"sameAs\":[\"http:\/\/www.oarcanjo.net\"]}]}<\/script>\n<!-- \/ Yoast SEO plugin. -->","yoast_head_json":{"title":"S\u00e3o Columbano - O Arcanjo no ar","robots":{"index":"index","follow":"follow","max-snippet":"max-snippet:-1","max-image-preview":"max-image-preview:large","max-video-preview":"max-video-preview:-1"},"canonical":"https:\/\/www.oarcanjo.net\/site\/sao-columbano\/","og_locale":"pt_BR","og_type":"article","og_title":"S\u00e3o Columbano - O Arcanjo no ar","og_description":"23 de novembro Catequizada por s\u00e3o Patr\u00edcio no s\u00e9culo V, a Irlanda deu \u00e0 Europa medieval in\u00fameros monges mission\u00e1rios que espalharam e fizeram crescer a Igreja crist\u00e3. Da \u201cilha dos santos\u201d para a Europa, eles vieram, austeros, retos e amorosamente motivados, dar origem \u00e0 chamada \u201cperegrina\u00e7\u00e3o pelo Senhor\u201d. Al\u00e9m de expandir muito as regi\u00f5es de [&hellip;]","og_url":"https:\/\/www.oarcanjo.net\/site\/sao-columbano\/","og_site_name":"O Arcanjo no ar","article_publisher":"https:\/\/www.facebook.com\/OArcanjoNoAr\/","article_published_time":"2009-11-22T23:30:47+00:00","article_modified_time":"2009-11-26T08:55:02+00:00","og_image":[{"width":300,"height":300,"url":"https:\/\/www.oarcanjo.net\/site\/wp-content\/uploads\/logo-o-arcanjo-no-ar-facebook.png","type":"image\/png"}],"author":"editor","twitter_card":"summary_large_image","twitter_misc":{"Escrito por":"editor","Est. tempo de leitura":"2 minutos"},"schema":{"@context":"https:\/\/schema.org","@graph":[{"@type":"Article","@id":"https:\/\/www.oarcanjo.net\/site\/sao-columbano\/#article","isPartOf":{"@id":"https:\/\/www.oarcanjo.net\/site\/sao-columbano\/"},"author":{"name":"editor","@id":"https:\/\/www.oarcanjo.net\/site\/#\/schema\/person\/f7024d007863202483a31326673a0838"},"headline":"S\u00e3o Columbano","datePublished":"2009-11-22T23:30:47+00:00","dateModified":"2009-11-26T08:55:02+00:00","mainEntityOfPage":{"@id":"https:\/\/www.oarcanjo.net\/site\/sao-columbano\/"},"wordCount":451,"commentCount":0,"publisher":{"@id":"https:\/\/www.oarcanjo.net\/site\/#organization"},"keywords":["Santa Felicidade e sete irm\u00e3os","S\u00e3o Clemente","S\u00e3o Columbano"],"articleSection":["Testemunhos"],"inLanguage":"pt-BR","potentialAction":[{"@type":"CommentAction","name":"Comment","target":["https:\/\/www.oarcanjo.net\/site\/sao-columbano\/#respond"]}]},{"@type":"WebPage","@id":"https:\/\/www.oarcanjo.net\/site\/sao-columbano\/","url":"https:\/\/www.oarcanjo.net\/site\/sao-columbano\/","name":"S\u00e3o Columbano - O Arcanjo no ar","isPartOf":{"@id":"https:\/\/www.oarcanjo.net\/site\/#website"},"datePublished":"2009-11-22T23:30:47+00:00","dateModified":"2009-11-26T08:55:02+00:00","breadcrumb":{"@id":"https:\/\/www.oarcanjo.net\/site\/sao-columbano\/#breadcrumb"},"inLanguage":"pt-BR","potentialAction":[{"@type":"ReadAction","target":["https:\/\/www.oarcanjo.net\/site\/sao-columbano\/"]}]},{"@type":"BreadcrumbList","@id":"https:\/\/www.oarcanjo.net\/site\/sao-columbano\/#breadcrumb","itemListElement":[{"@type":"ListItem","position":1,"name":"In\u00edcio","item":"https:\/\/www.oarcanjo.net\/site\/"},{"@type":"ListItem","position":2,"name":"S\u00e3o Columbano"}]},{"@type":"WebSite","@id":"https:\/\/www.oarcanjo.net\/site\/#website","url":"https:\/\/www.oarcanjo.net\/site\/","name":"O Arcanjo no ar","description":"Site da Par\u00f3quia S\u00e3o Miguel Arcanjo (Arquidiocese de SP)","publisher":{"@id":"https:\/\/www.oarcanjo.net\/site\/#organization"},"potentialAction":[{"@type":"SearchAction","target":{"@type":"EntryPoint","urlTemplate":"https:\/\/www.oarcanjo.net\/site\/?s={search_term_string}"},"query-input":{"@type":"PropertyValueSpecification","valueRequired":true,"valueName":"search_term_string"}}],"inLanguage":"pt-BR"},{"@type":"Organization","@id":"https:\/\/www.oarcanjo.net\/site\/#organization","name":"Par\u00f3quia S\u00e3o Miguel Arcanjo","url":"https:\/\/www.oarcanjo.net\/site\/","logo":{"@type":"ImageObject","inLanguage":"pt-BR","@id":"https:\/\/www.oarcanjo.net\/site\/#\/schema\/logo\/image\/","url":"https:\/\/www.oarcanjo.net\/site\/wp-content\/uploads\/LogoOArcanjo.png","contentUrl":"https:\/\/www.oarcanjo.net\/site\/wp-content\/uploads\/LogoOArcanjo.png","width":319,"height":99,"caption":"Par\u00f3quia S\u00e3o Miguel Arcanjo"},"image":{"@id":"https:\/\/www.oarcanjo.net\/site\/#\/schema\/logo\/image\/"},"sameAs":["https:\/\/www.facebook.com\/OArcanjoNoAr\/"]},{"@type":"Person","@id":"https:\/\/www.oarcanjo.net\/site\/#\/schema\/person\/f7024d007863202483a31326673a0838","name":"editor","sameAs":["http:\/\/www.oarcanjo.net"]}]}},"publishpress_future_action":{"enabled":false,"date":"2026-05-07 18:47:38","action":"category","newStatus":"draft","terms":[],"taxonomy":"category"},"publishpress_future_workflow_manual_trigger":{"enabledWorkflows":[]},"_links":{"self":[{"href":"https:\/\/www.oarcanjo.net\/site\/wp-json\/wp\/v2\/posts\/6107"}],"collection":[{"href":"https:\/\/www.oarcanjo.net\/site\/wp-json\/wp\/v2\/posts"}],"about":[{"href":"https:\/\/www.oarcanjo.net\/site\/wp-json\/wp\/v2\/types\/post"}],"author":[{"embeddable":true,"href":"https:\/\/www.oarcanjo.net\/site\/wp-json\/wp\/v2\/users\/5"}],"replies":[{"embeddable":true,"href":"https:\/\/www.oarcanjo.net\/site\/wp-json\/wp\/v2\/comments?post=6107"}],"version-history":[{"count":0,"href":"https:\/\/www.oarcanjo.net\/site\/wp-json\/wp\/v2\/posts\/6107\/revisions"}],"wp:attachment":[{"href":"https:\/\/www.oarcanjo.net\/site\/wp-json\/wp\/v2\/media?parent=6107"}],"wp:term":[{"taxonomy":"category","embeddable":true,"href":"https:\/\/www.oarcanjo.net\/site\/wp-json\/wp\/v2\/categories?post=6107"},{"taxonomy":"post_tag","embeddable":true,"href":"https:\/\/www.oarcanjo.net\/site\/wp-json\/wp\/v2\/tags?post=6107"}],"curies":[{"name":"wp","href":"https:\/\/api.w.org\/{rel}","templated":true}]}}