
{"id":61074,"date":"2015-05-05T00:09:38","date_gmt":"2015-05-05T03:09:38","guid":{"rendered":"http:\/\/www.oarcanjo.net\/site\/?p=61074"},"modified":"2015-05-05T00:16:19","modified_gmt":"2015-05-05T03:16:19","slug":"missa-abre-oficialmente-processo-de-beatificacao-e-canonizacao-de-dom-helder","status":"publish","type":"post","link":"https:\/\/www.oarcanjo.net\/site\/missa-abre-oficialmente-processo-de-beatificacao-e-canonizacao-de-dom-helder\/","title":{"rendered":"Missa abre oficialmente processo de beatifica\u00e7\u00e3o e canoniza\u00e7\u00e3o de Dom Helder"},"content":{"rendered":"<p>O arcebispo de Olinda e Recife (PE), Dom Fernando Saburido, presidiu neste domingo, 3, a Missa oficial de abertura do processo de beatifica\u00e7\u00e3o e canoniza\u00e7\u00e3o de Dom Helder Pessoa Camara, com a posse do tribunal respons\u00e1vel pela causa.<\/p>\n<p>Com a leitura do decreto de constitui\u00e7\u00e3o do tribunal, Dom Saburido apresentou o grupo de trabalho, que \u00e9 composto por cinco membros: juiz delegado e promotor de justi\u00e7a (ambos canonistas), not\u00e1rio, not\u00e1rio adjunto e cursor. \u201cO objetivo deles ser\u00e1 analisar os novos textos publicados por dom Helder e ouvir pessoas que tiveram contato com o Servo de Deus.\u201d, explica o postulador da causa de beatifica\u00e7\u00e3o e canoniza\u00e7\u00e3o de dom Helder, frei Jociel Gomes.<\/p>\n<h3>Processo<\/h3>\n<p>Uma comiss\u00e3o hist\u00f3rica atuou durante o pedido de abertura do processo, conclu\u00eddo em maio de 2014. Menos de um ano depois, em fevereiro, a arquidiocese recebeu o aval da Santa S\u00e9 ratificado por meio de carta enviada pelo prefeito da Congrega\u00e7\u00e3o Causa dos Santos, Cardeal dom Angelo Amato. Contudo, a correspond\u00eancia s\u00f3 chegou \u00e0 arquidiocese, no in\u00edcio de abril. S\u00f3 ent\u00e3o, dom Saburido assinou o edital tornando p\u00fablica a autoriza\u00e7\u00e3o do Vaticano.<\/p>\n<p>\u201cTenho um carinho enorme por dom Helder e desde que cheguei \u00e0 arquidiocese h\u00e1 esse desejo do povo de Deus. Enviamos o pedido no dia 27 de maio do ano passado e nos surpreendeu positivamente o retorno r\u00e1pido da Santa S\u00e9. Agora vamos trabalhar para concluir a etapa diocesana do processo. Em seguida, ser\u00e1 a vez do Vaticano realizar a outra parte processo\u201d, declara dom Saburido.<\/p>\n<p>Terminada a fase diocesana, o postulador elaborar\u00e1 o \u201cPositio\u201d. Trata-se de um comp\u00eandio dos relatos e estudos realizados pela comiss\u00e3o, contendo uma biografia documentada e a apresenta\u00e7\u00e3o das virtudes teologais e cardeais praticadas pelo Servo de Deus.\u00a0 Assim que aprovado, o papa concede o t\u00edtulo de Vener\u00e1vel Servo do Senhor.<\/p>\n<p>A pen\u00faltima etapa \u00e9 a da beatifica\u00e7\u00e3o. Ser beato, ou bem-aventurado, significa representar um modelo de vida para a comunidade e, al\u00e9m disso, que essa pessoa tem a capacidade de agir como intermedi\u00e1rio entre os crist\u00e3os e Deus. Para isso ser\u00e1 necess\u00e1rio o reconhecimento de um milagre realizado por intercess\u00e3o do Servo de Deus.<\/p>\n<p>Depois, ainda \u00e9 preciso passar por mais uma fase: a canoniza\u00e7\u00e3o. Para ser proclamado santo \u00e9 imprescind\u00edvel a comprova\u00e7\u00e3o de outro milagre, que deve ocorrer ap\u00f3s sua nomea\u00e7\u00e3o como beato.<\/p>\n<h3>Perfil<\/h3>\n<p>Dom Helder Camara nasceu em 7 de fevereiro de 1909, em Fortaleza, e\u00a0 teve 12 irm\u00e3os. Ap\u00f3s entrar muito jovem no Semin\u00e1rio da capital do Cear\u00e1, se tornou padre aos 22 anos.<\/p>\n<p>O primeiro momento da vida religiosa de dom Helder foi marcado pela milit\u00e2ncia junto a institui\u00e7\u00f5es pol\u00edticas conservadores, como a A\u00e7\u00e3o Integralista Brasileira, entre 1932 e 1937. Mais tarde, o religioso considerou a participa\u00e7\u00e3o como um erro da juventude. J\u00e1 radicado no Rio de Janeiro desde 1936, passou a optar por um trabalho assistencialista, quando fundou departamentos da Igreja voltados para atender os mais necessitados.<\/p>\n<p>Ap\u00f3s longo per\u00edodo atuando na ent\u00e3o capital do Brasil, dom Helder foi nomeado para o Maranh\u00e3o. Com a morte do arcebispo de Olinda e Recife, \u00e9 mandado para Pernambuco, onde desembarcou em 12 de abril de 1964, poucos dias ap\u00f3s o golpe militar. Na capital pernambucana, o religioso desembarcou em meio a uma rela\u00e7\u00e3o conturbada entre Governo do Estado e Igreja.<\/p>\n<p>Dois dias ap\u00f3s a posse, dom Helder lan\u00e7aria, juntamente com outros 17 bispos nordestinos, um manifesto \u00e0 Na\u00e7\u00e3o, pedindo liberdade das pessoas e da Igreja. O primeiro grande atrito, entretanto, ocorreu em agosto de 1969, quando o arcebispo foi acusado de demagogo e comunista, por ter criticado a situa\u00e7\u00e3o de mis\u00e9ria dos agricultores do Nordeste.<\/p>\n<p>A partir de ent\u00e3o, dom Helder sofreu repres\u00e1lias, inclusive com sua casa metralhada, assessores presos e com a morte de Padre Ant\u00f4nio Henrique, que foi assassinado. Em 1970, quando dom Helder teve o nome lembrado para o Pr\u00eamio Nobel da Paz, o governo brasileiro promoveu uma campanha internacional para derrubar a indica\u00e7\u00e3o, j\u00e1 que ele denunciava a pr\u00e1tica de tortura a presos pol\u00edticos no Brasil. Tamb\u00e9m em 1970, os militares chegaram a proibir a imprensa de mencionar o nome do arcebispo de Recife e Olinda.<\/p>\n<p>Dom Helder comandou a Arquidiocese de Olinda e Recife at\u00e9 o dia 10 de abril de 1985, quando \u2013 por atingir a idade limite de 75 anos \u2013 foi substitu\u00eddo pelo arcebispo dom Jos\u00e9 Cardoso Sobrinho.\u00a0 Ele morreu em sua casa, no Recife, em 27 de agosto de 1999, devido a uma insufici\u00eancia respirat\u00f3ria decorrente de uma pneumonia. Seus restos mortais est\u00e3o sepultados na Igreja Catedral Sant\u00edssimo Salvador do Mundo, em Olinda.<\/p>\n<p>Pelo seu trabalho em defesa dos direitos humanos, Dom Helder recebeu v\u00e1rios pr\u00eamios internacionais, como Martin Luther King, nos Estados Unidos, 1970, e o Pr\u00eamio Popular da Paz, na Noruega, 1974.\u00a0 O religioso \u00e9 autor de 22 livros, a maioria ensaios e reflex\u00f5es sobre o terceiro mundo e a Igreja.<\/p>\n<p><em>Fonte: Arquidiocese de S\u00e3o Paulo<\/em><\/p>\n<div id=\"themify_builder_content-61074\" data-postid=\"61074\" class=\"themify_builder_content themify_builder_content-61074 themify_builder themify_builder_front\">\n\t<\/div>\n<!-- \/themify_builder_content -->","protected":false},"excerpt":{"rendered":"<p>O arcebispo de Olinda e Recife (PE), Dom Fernando Saburido, presidiu neste domingo, 3 de maio, a Missa oficial de abertura do processo de beatifica\u00e7\u00e3o e canoniza\u00e7\u00e3o de Dom Helder Pessoa Camara, com a posse do tribunal respons\u00e1vel pela causa<\/p>\n","protected":false},"author":3,"featured_media":0,"comment_status":"open","ping_status":"open","sticky":false,"template":"","format":"standard","meta":{"ngg_post_thumbnail":0,"footnotes":""},"categories":[8],"tags":[3182],"yoast_head":"<!-- This site is optimized with the Yoast SEO plugin v23.5 - https:\/\/yoast.com\/wordpress\/plugins\/seo\/ -->\n<title>Missa abre oficialmente processo de beatifica\u00e7\u00e3o e canoniza\u00e7\u00e3o de Dom Helder - O Arcanjo no ar<\/title>\n<meta name=\"robots\" content=\"index, follow, max-snippet:-1, max-image-preview:large, max-video-preview:-1\" \/>\n<link rel=\"canonical\" href=\"https:\/\/www.oarcanjo.net\/site\/missa-abre-oficialmente-processo-de-beatificacao-e-canonizacao-de-dom-helder\/\" \/>\n<meta property=\"og:locale\" content=\"pt_BR\" \/>\n<meta property=\"og:type\" content=\"article\" \/>\n<meta property=\"og:title\" content=\"Missa abre oficialmente processo de beatifica\u00e7\u00e3o e canoniza\u00e7\u00e3o de Dom Helder - O Arcanjo no ar\" \/>\n<meta property=\"og:description\" content=\"O arcebispo de Olinda e Recife (PE), Dom Fernando Saburido, presidiu neste domingo, 3 de maio, a Missa oficial de abertura do processo de beatifica\u00e7\u00e3o e canoniza\u00e7\u00e3o de Dom Helder Pessoa Camara, com a posse do tribunal respons\u00e1vel pela causa\" \/>\n<meta property=\"og:url\" content=\"https:\/\/www.oarcanjo.net\/site\/missa-abre-oficialmente-processo-de-beatificacao-e-canonizacao-de-dom-helder\/\" \/>\n<meta property=\"og:site_name\" content=\"O Arcanjo no ar\" \/>\n<meta property=\"article:publisher\" content=\"https:\/\/www.facebook.com\/OArcanjoNoAr\/\" \/>\n<meta property=\"article:published_time\" content=\"2015-05-05T03:09:38+00:00\" \/>\n<meta property=\"article:modified_time\" content=\"2015-05-05T03:16:19+00:00\" \/>\n<meta property=\"og:image\" content=\"https:\/\/www.oarcanjo.net\/site\/wp-content\/uploads\/logo-o-arcanjo-no-ar-facebook.png\" \/>\n\t<meta property=\"og:image:width\" content=\"300\" \/>\n\t<meta property=\"og:image:height\" content=\"300\" \/>\n\t<meta property=\"og:image:type\" content=\"image\/png\" \/>\n<meta name=\"author\" content=\"miriam.meyer\" \/>\n<meta name=\"twitter:card\" content=\"summary_large_image\" \/>\n<meta name=\"twitter:label1\" content=\"Escrito por\" \/>\n\t<meta name=\"twitter:data1\" content=\"miriam.meyer\" \/>\n\t<meta name=\"twitter:label2\" content=\"Est. tempo de leitura\" \/>\n\t<meta name=\"twitter:data2\" content=\"4 minutos\" \/>\n<script type=\"application\/ld+json\" class=\"yoast-schema-graph\">{\"@context\":\"https:\/\/schema.org\",\"@graph\":[{\"@type\":\"Article\",\"@id\":\"https:\/\/www.oarcanjo.net\/site\/missa-abre-oficialmente-processo-de-beatificacao-e-canonizacao-de-dom-helder\/#article\",\"isPartOf\":{\"@id\":\"https:\/\/www.oarcanjo.net\/site\/missa-abre-oficialmente-processo-de-beatificacao-e-canonizacao-de-dom-helder\/\"},\"author\":{\"name\":\"miriam.meyer\",\"@id\":\"https:\/\/www.oarcanjo.net\/site\/#\/schema\/person\/ce0fba3450314a09c6442cfee983a3d8\"},\"headline\":\"Missa abre oficialmente processo de beatifica\u00e7\u00e3o e canoniza\u00e7\u00e3o de Dom Helder\",\"datePublished\":\"2015-05-05T03:09:38+00:00\",\"dateModified\":\"2015-05-05T03:16:19+00:00\",\"mainEntityOfPage\":{\"@id\":\"https:\/\/www.oarcanjo.net\/site\/missa-abre-oficialmente-processo-de-beatificacao-e-canonizacao-de-dom-helder\/\"},\"wordCount\":861,\"commentCount\":1,\"publisher\":{\"@id\":\"https:\/\/www.oarcanjo.net\/site\/#organization\"},\"keywords\":[\"Dom Helder Pessoa Camara\"],\"articleSection\":[\"Not\u00edcias\"],\"inLanguage\":\"pt-BR\",\"potentialAction\":[{\"@type\":\"CommentAction\",\"name\":\"Comment\",\"target\":[\"https:\/\/www.oarcanjo.net\/site\/missa-abre-oficialmente-processo-de-beatificacao-e-canonizacao-de-dom-helder\/#respond\"]}]},{\"@type\":\"WebPage\",\"@id\":\"https:\/\/www.oarcanjo.net\/site\/missa-abre-oficialmente-processo-de-beatificacao-e-canonizacao-de-dom-helder\/\",\"url\":\"https:\/\/www.oarcanjo.net\/site\/missa-abre-oficialmente-processo-de-beatificacao-e-canonizacao-de-dom-helder\/\",\"name\":\"Missa abre oficialmente processo de beatifica\u00e7\u00e3o e canoniza\u00e7\u00e3o de Dom Helder - O Arcanjo no ar\",\"isPartOf\":{\"@id\":\"https:\/\/www.oarcanjo.net\/site\/#website\"},\"datePublished\":\"2015-05-05T03:09:38+00:00\",\"dateModified\":\"2015-05-05T03:16:19+00:00\",\"breadcrumb\":{\"@id\":\"https:\/\/www.oarcanjo.net\/site\/missa-abre-oficialmente-processo-de-beatificacao-e-canonizacao-de-dom-helder\/#breadcrumb\"},\"inLanguage\":\"pt-BR\",\"potentialAction\":[{\"@type\":\"ReadAction\",\"target\":[\"https:\/\/www.oarcanjo.net\/site\/missa-abre-oficialmente-processo-de-beatificacao-e-canonizacao-de-dom-helder\/\"]}]},{\"@type\":\"BreadcrumbList\",\"@id\":\"https:\/\/www.oarcanjo.net\/site\/missa-abre-oficialmente-processo-de-beatificacao-e-canonizacao-de-dom-helder\/#breadcrumb\",\"itemListElement\":[{\"@type\":\"ListItem\",\"position\":1,\"name\":\"In\u00edcio\",\"item\":\"https:\/\/www.oarcanjo.net\/site\/\"},{\"@type\":\"ListItem\",\"position\":2,\"name\":\"Missa abre oficialmente processo de beatifica\u00e7\u00e3o e canoniza\u00e7\u00e3o de Dom Helder\"}]},{\"@type\":\"WebSite\",\"@id\":\"https:\/\/www.oarcanjo.net\/site\/#website\",\"url\":\"https:\/\/www.oarcanjo.net\/site\/\",\"name\":\"O Arcanjo no ar\",\"description\":\"Site da Par\u00f3quia S\u00e3o Miguel Arcanjo (Arquidiocese de SP)\",\"publisher\":{\"@id\":\"https:\/\/www.oarcanjo.net\/site\/#organization\"},\"potentialAction\":[{\"@type\":\"SearchAction\",\"target\":{\"@type\":\"EntryPoint\",\"urlTemplate\":\"https:\/\/www.oarcanjo.net\/site\/?s={search_term_string}\"},\"query-input\":{\"@type\":\"PropertyValueSpecification\",\"valueRequired\":true,\"valueName\":\"search_term_string\"}}],\"inLanguage\":\"pt-BR\"},{\"@type\":\"Organization\",\"@id\":\"https:\/\/www.oarcanjo.net\/site\/#organization\",\"name\":\"Par\u00f3quia S\u00e3o Miguel Arcanjo\",\"url\":\"https:\/\/www.oarcanjo.net\/site\/\",\"logo\":{\"@type\":\"ImageObject\",\"inLanguage\":\"pt-BR\",\"@id\":\"https:\/\/www.oarcanjo.net\/site\/#\/schema\/logo\/image\/\",\"url\":\"https:\/\/www.oarcanjo.net\/site\/wp-content\/uploads\/LogoOArcanjo.png\",\"contentUrl\":\"https:\/\/www.oarcanjo.net\/site\/wp-content\/uploads\/LogoOArcanjo.png\",\"width\":319,\"height\":99,\"caption\":\"Par\u00f3quia S\u00e3o Miguel Arcanjo\"},\"image\":{\"@id\":\"https:\/\/www.oarcanjo.net\/site\/#\/schema\/logo\/image\/\"},\"sameAs\":[\"https:\/\/www.facebook.com\/OArcanjoNoAr\/\"]},{\"@type\":\"Person\",\"@id\":\"https:\/\/www.oarcanjo.net\/site\/#\/schema\/person\/ce0fba3450314a09c6442cfee983a3d8\",\"name\":\"miriam.meyer\"}]}<\/script>\n<!-- \/ Yoast SEO plugin. -->","yoast_head_json":{"title":"Missa abre oficialmente processo de beatifica\u00e7\u00e3o e canoniza\u00e7\u00e3o de Dom Helder - O Arcanjo no ar","robots":{"index":"index","follow":"follow","max-snippet":"max-snippet:-1","max-image-preview":"max-image-preview:large","max-video-preview":"max-video-preview:-1"},"canonical":"https:\/\/www.oarcanjo.net\/site\/missa-abre-oficialmente-processo-de-beatificacao-e-canonizacao-de-dom-helder\/","og_locale":"pt_BR","og_type":"article","og_title":"Missa abre oficialmente processo de beatifica\u00e7\u00e3o e canoniza\u00e7\u00e3o de Dom Helder - O Arcanjo no ar","og_description":"O arcebispo de Olinda e Recife (PE), Dom Fernando Saburido, presidiu neste domingo, 3 de maio, a Missa oficial de abertura do processo de beatifica\u00e7\u00e3o e canoniza\u00e7\u00e3o de Dom Helder Pessoa Camara, com a posse do tribunal respons\u00e1vel pela causa","og_url":"https:\/\/www.oarcanjo.net\/site\/missa-abre-oficialmente-processo-de-beatificacao-e-canonizacao-de-dom-helder\/","og_site_name":"O Arcanjo no ar","article_publisher":"https:\/\/www.facebook.com\/OArcanjoNoAr\/","article_published_time":"2015-05-05T03:09:38+00:00","article_modified_time":"2015-05-05T03:16:19+00:00","og_image":[{"width":300,"height":300,"url":"https:\/\/www.oarcanjo.net\/site\/wp-content\/uploads\/logo-o-arcanjo-no-ar-facebook.png","type":"image\/png"}],"author":"miriam.meyer","twitter_card":"summary_large_image","twitter_misc":{"Escrito por":"miriam.meyer","Est. tempo de leitura":"4 minutos"},"schema":{"@context":"https:\/\/schema.org","@graph":[{"@type":"Article","@id":"https:\/\/www.oarcanjo.net\/site\/missa-abre-oficialmente-processo-de-beatificacao-e-canonizacao-de-dom-helder\/#article","isPartOf":{"@id":"https:\/\/www.oarcanjo.net\/site\/missa-abre-oficialmente-processo-de-beatificacao-e-canonizacao-de-dom-helder\/"},"author":{"name":"miriam.meyer","@id":"https:\/\/www.oarcanjo.net\/site\/#\/schema\/person\/ce0fba3450314a09c6442cfee983a3d8"},"headline":"Missa abre oficialmente processo de beatifica\u00e7\u00e3o e canoniza\u00e7\u00e3o de Dom Helder","datePublished":"2015-05-05T03:09:38+00:00","dateModified":"2015-05-05T03:16:19+00:00","mainEntityOfPage":{"@id":"https:\/\/www.oarcanjo.net\/site\/missa-abre-oficialmente-processo-de-beatificacao-e-canonizacao-de-dom-helder\/"},"wordCount":861,"commentCount":1,"publisher":{"@id":"https:\/\/www.oarcanjo.net\/site\/#organization"},"keywords":["Dom Helder Pessoa Camara"],"articleSection":["Not\u00edcias"],"inLanguage":"pt-BR","potentialAction":[{"@type":"CommentAction","name":"Comment","target":["https:\/\/www.oarcanjo.net\/site\/missa-abre-oficialmente-processo-de-beatificacao-e-canonizacao-de-dom-helder\/#respond"]}]},{"@type":"WebPage","@id":"https:\/\/www.oarcanjo.net\/site\/missa-abre-oficialmente-processo-de-beatificacao-e-canonizacao-de-dom-helder\/","url":"https:\/\/www.oarcanjo.net\/site\/missa-abre-oficialmente-processo-de-beatificacao-e-canonizacao-de-dom-helder\/","name":"Missa abre oficialmente processo de beatifica\u00e7\u00e3o e canoniza\u00e7\u00e3o de Dom Helder - O Arcanjo no ar","isPartOf":{"@id":"https:\/\/www.oarcanjo.net\/site\/#website"},"datePublished":"2015-05-05T03:09:38+00:00","dateModified":"2015-05-05T03:16:19+00:00","breadcrumb":{"@id":"https:\/\/www.oarcanjo.net\/site\/missa-abre-oficialmente-processo-de-beatificacao-e-canonizacao-de-dom-helder\/#breadcrumb"},"inLanguage":"pt-BR","potentialAction":[{"@type":"ReadAction","target":["https:\/\/www.oarcanjo.net\/site\/missa-abre-oficialmente-processo-de-beatificacao-e-canonizacao-de-dom-helder\/"]}]},{"@type":"BreadcrumbList","@id":"https:\/\/www.oarcanjo.net\/site\/missa-abre-oficialmente-processo-de-beatificacao-e-canonizacao-de-dom-helder\/#breadcrumb","itemListElement":[{"@type":"ListItem","position":1,"name":"In\u00edcio","item":"https:\/\/www.oarcanjo.net\/site\/"},{"@type":"ListItem","position":2,"name":"Missa abre oficialmente processo de beatifica\u00e7\u00e3o e canoniza\u00e7\u00e3o de Dom Helder"}]},{"@type":"WebSite","@id":"https:\/\/www.oarcanjo.net\/site\/#website","url":"https:\/\/www.oarcanjo.net\/site\/","name":"O Arcanjo no ar","description":"Site da Par\u00f3quia S\u00e3o Miguel Arcanjo (Arquidiocese de SP)","publisher":{"@id":"https:\/\/www.oarcanjo.net\/site\/#organization"},"potentialAction":[{"@type":"SearchAction","target":{"@type":"EntryPoint","urlTemplate":"https:\/\/www.oarcanjo.net\/site\/?s={search_term_string}"},"query-input":{"@type":"PropertyValueSpecification","valueRequired":true,"valueName":"search_term_string"}}],"inLanguage":"pt-BR"},{"@type":"Organization","@id":"https:\/\/www.oarcanjo.net\/site\/#organization","name":"Par\u00f3quia S\u00e3o Miguel Arcanjo","url":"https:\/\/www.oarcanjo.net\/site\/","logo":{"@type":"ImageObject","inLanguage":"pt-BR","@id":"https:\/\/www.oarcanjo.net\/site\/#\/schema\/logo\/image\/","url":"https:\/\/www.oarcanjo.net\/site\/wp-content\/uploads\/LogoOArcanjo.png","contentUrl":"https:\/\/www.oarcanjo.net\/site\/wp-content\/uploads\/LogoOArcanjo.png","width":319,"height":99,"caption":"Par\u00f3quia S\u00e3o Miguel Arcanjo"},"image":{"@id":"https:\/\/www.oarcanjo.net\/site\/#\/schema\/logo\/image\/"},"sameAs":["https:\/\/www.facebook.com\/OArcanjoNoAr\/"]},{"@type":"Person","@id":"https:\/\/www.oarcanjo.net\/site\/#\/schema\/person\/ce0fba3450314a09c6442cfee983a3d8","name":"miriam.meyer"}]}},"publishpress_future_action":{"enabled":false,"date":"2026-05-09 08:04:38","action":"category","newStatus":"draft","terms":[],"taxonomy":"category"},"publishpress_future_workflow_manual_trigger":{"enabledWorkflows":[]},"_links":{"self":[{"href":"https:\/\/www.oarcanjo.net\/site\/wp-json\/wp\/v2\/posts\/61074"}],"collection":[{"href":"https:\/\/www.oarcanjo.net\/site\/wp-json\/wp\/v2\/posts"}],"about":[{"href":"https:\/\/www.oarcanjo.net\/site\/wp-json\/wp\/v2\/types\/post"}],"author":[{"embeddable":true,"href":"https:\/\/www.oarcanjo.net\/site\/wp-json\/wp\/v2\/users\/3"}],"replies":[{"embeddable":true,"href":"https:\/\/www.oarcanjo.net\/site\/wp-json\/wp\/v2\/comments?post=61074"}],"version-history":[{"count":0,"href":"https:\/\/www.oarcanjo.net\/site\/wp-json\/wp\/v2\/posts\/61074\/revisions"}],"wp:attachment":[{"href":"https:\/\/www.oarcanjo.net\/site\/wp-json\/wp\/v2\/media?parent=61074"}],"wp:term":[{"taxonomy":"category","embeddable":true,"href":"https:\/\/www.oarcanjo.net\/site\/wp-json\/wp\/v2\/categories?post=61074"},{"taxonomy":"post_tag","embeddable":true,"href":"https:\/\/www.oarcanjo.net\/site\/wp-json\/wp\/v2\/tags?post=61074"}],"curies":[{"name":"wp","href":"https:\/\/api.w.org\/{rel}","templated":true}]}}