
{"id":61090,"date":"2015-05-06T12:46:30","date_gmt":"2015-05-06T15:46:30","guid":{"rendered":"http:\/\/www.oarcanjo.net\/site\/?p=61090"},"modified":"2015-05-31T23:45:39","modified_gmt":"2015-06-01T02:45:39","slug":"divulgado-calendario-e-o-logotipo-do-jubileu-da-misericordia","status":"publish","type":"post","link":"https:\/\/www.oarcanjo.net\/site\/divulgado-calendario-e-o-logotipo-do-jubileu-da-misericordia\/","title":{"rendered":"Divulgado calend\u00e1rio e o logotipo do Jubileu da Miseric\u00f3rdia"},"content":{"rendered":"<p>A programa\u00e7\u00e3o e o logotipo do Jubileu extraordin\u00e1rio da miseric\u00f3rdia foram apresentados dia 05 de maio\u00a0aos jornalistas, em coletiva na Sala de Imprensa da Santa S\u00e9.<\/p>\n<p>Os detalhes foram expostos pelo Presidente do Pontif\u00edcio Conselho para a Promo\u00e7\u00e3o da Nova Evangeliza\u00e7\u00e3o, Dom Rino Fisichella \u2013 respons\u00e1vel pela organiza\u00e7\u00e3o do evento.<\/p>\n<p>De acordo com o Arcebispo, a ideia do Jubileu nasceu em 29 de agosto do ano, quando Francisco lhe manifestou o desejo de convoc\u00e1-lo. \u201cConseguimos manter um segredo pontif\u00edcio\u201d, declarou satisfeito, pois o an\u00fancio \u201cda surpresa\u201d foi feito somente no dia 14 de mar\u00e7o deste ano.<\/p>\n<p>Dom Fisichella recordou que o Jubileu da Miseric\u00f3rdia \u201cn\u00e3o \u00e9 e n\u00e3o deseja ser o Grande Jubileu do Ano 2000. Qualquer compara\u00e7\u00e3o, portanto, n\u00e3o tem sentido, porque cada Ano Santo tem as suas peculiaridades e as pr\u00f3prias finalidades\u201d. Trata-se, sobretudo de um Jubileu tem\u00e1tico, que assenta fortemente no conte\u00fado central da f\u00e9 e pretende recordar \u00e0 Igreja a sua miss\u00e3o priorit\u00e1ria de ser sinal e testemunho da miseric\u00f3rdia em todos os aspectos da sua vida pastoral.<\/p>\n<p>O Arcebispo explicou que o Papa deseja que este Jubileu n\u00e3o seja vivido somente em Roma, mas tamb\u00e9m nas Igrejas locais. Pela primeira vez na hist\u00f3ria dos Jubileus, \u00e9 oferecida a possibilidade de abrir a Porta Santa \u2013 Porta da Miseric\u00f3rdia \u2013 nas pr\u00f3prias dioceses, particularmente na Catedral ou numa igreja especialmente significativa ou num Santu\u00e1rio nomeadamente importante para os peregrinos.<\/p>\n<p><strong>Logotipo<\/strong><\/p>\n<p><img loading=\"lazy\" decoding=\"async\" class=\"alignnone size-full wp-image-61091\" src=\"http:\/\/www.oarcanjo.net\/site\/wp-content\/uploads\/RV6160_Articolo.jpg\" alt=\"Logotipo do Jubileu da Miseric\u00f3rdia\" width=\"640\" height=\"453\" srcset=\"https:\/\/www.oarcanjo.net\/site\/wp-content\/uploads\/RV6160_Articolo.jpg 640w, https:\/\/www.oarcanjo.net\/site\/wp-content\/uploads\/RV6160_Articolo-300x212.jpg 300w\" sizes=\"(max-width: 640px) 100vw, 640px\" \/><\/p>\n<p>Dom Fisichella apresentou tamb\u00e9m o logotipo do Jubileu, que representa uma \u201csuma teol\u00f3gica\u201d da miseric\u00f3rdia e do lema que o acompanha. No lema, tirado de Lc 6,36, Misericordiosos como o Pai, prop\u00f5e-se viver a miseric\u00f3rdia seguindo o exemplo do Pai, que pede para n\u00e3o julgar e n\u00e3o condenar, mas perdoar e dar amor e perd\u00e3o sem medida (cf. Lc 6,37-38). O logotipo \u00e9 obra do padre jesu\u00edta M. I. Rupnik. A imagem mostra o Filho que carrega aos seus ombros o homem perdido.<\/p>\n<p>\u201cO desenho \u00e9 feito de tal forma que real\u00e7a o Bom Pastor que toca profundamente a carne do homem e o faz com tal amor capaz de lhe mudar a vida. Al\u00e9m disso, um detalhe n\u00e3o \u00e9 esquecido: o Bom Pastor com extrema miseric\u00f3rdia carrega sobre si a humanidade, mas os seus olhos confundem-se com os do homem.\u201d<\/p>\n<p>A cena \u00e9 colocada dentro da am\u00eandoa, tamb\u00e9m esta \u00e9 uma figura cara da iconografia antiga e medieval que recorda a presen\u00e7a das duas naturezas, divina e humana, em Cristo. As tr\u00eas ovais conc\u00eantricas, de cor progressivamente mais clara para o exterior, sugerem o movimento de Cristo que conduz o homem para fora da noite do pecado e da morte. Por outro lado, a profundidade da cor mais escura tamb\u00e9m sugere o mist\u00e9rio do amor do Pai que tudo perdoa.<\/p>\n<p><strong>Calend\u00e1rio<\/strong><\/p>\n<p>Dom Fisichella apresentou ainda o calend\u00e1rio das celebra\u00e7\u00f5es, que t\u00eam in\u00edcio oficialmente em 8 de dezembro deste ano. \u201cQuisemos que o primeiro evento fosse dedicado a todos aqueles que trabalham na peregrina\u00e7\u00e3o, de 19 a 21 de janeiro de 2016. \u00c9 um sinal que pretendemos dar para deixar claro que o Ano Santo \u00e9 uma verdadeira peregrina\u00e7\u00e3o e deve ser vivida como tal. Pediremos aos peregrinos para fazer um percurso a p\u00e9, preparando-se assim para atravessar a Porta Santa com o esp\u00edrito de f\u00e9 e de devo\u00e7\u00e3o.\u201d<\/p>\n<p>No dia 3 de abril haver\u00e1 uma celebra\u00e7\u00e3o destinada a todas as pessoas que se rev\u00eam na espiritualidade da miseric\u00f3rdia (movimentos, associa\u00e7\u00f5es, institutos religiosos). Todas as pessoas do voluntariado caritativo, por sua vez, ser\u00e3o convocadas no dia 4 de setembro. A esfera da espiritualidade mariana ter\u00e1 o seu dia em 9 de outubro para celebrar a M\u00e3e da Miseric\u00f3rdia.<\/p>\n<p>N\u00e3o faltam eventos dedicados especificamente aos adolescentes crismados: 24 de abril. E os jovens do mundo inteiro s\u00e3o convocados em Crac\u00f3via para a Jornada Mundial da Juventude de 26 a 31 julho.<\/p>\n<p>Outro evento ser\u00e1 destinado aos di\u00e1conos que por voca\u00e7\u00e3o e minist\u00e9rio s\u00e3o chamados a presidir \u00e0 caridade na vida da comunidade crist\u00e3. Para eles haver\u00e1 o Jubileu a 29 de maio. No 160\u00ba anivers\u00e1rio da Festa do Sagrado Cora\u00e7\u00e3o de Jesus, a 3 de junho, celebrar-se-\u00e1 o Jubileu dos Sacerdotes. Em 25 de setembro ser\u00e1 o Jubileu dos catequistas e das catequistas. Em 12 de junho, haver\u00e1 o encontro dirigido a todos os doentes, \u00e0s pessoas com defici\u00eancia e \u00e0queles que com amor e dedica\u00e7\u00e3o cuidam deles. Em 6 de novembro ser\u00e1 celebrado o Jubileu dos presos \u2013 um evento in\u00e9dito. Espera-se que n\u00e3o seja realizado somente nas pris\u00f5es, mas est\u00e1 sendo estudada a possibilidade para que alguns prisioneiros possam ter a oportunidade de celebrar com o Papa Francisco, em S\u00e3o Pedro, o seu pr\u00f3prio Ano Santo.<\/p>\n<p>Outra novidade ser\u00e1 o \u201cmission\u00e1rio da miseric\u00f3rdia\u201d \u2013 um sacerdote que seja nas par\u00f3quias e dioceses a extens\u00e3o do Papa Francisco. O \u201cmission\u00e1rio\u201d \u2013 cujo envio ser\u00e1 feito pelo Papa na Quarta-feira de Cinzas \u2013 dever\u00e1 tr\u00eas caracter\u00edsticas: paciente, bom pregador e bom confessor. A modalidade de escolha dos sacerdotes, que poder\u00e3o ser tamb\u00e9m bispos em\u00e9ritos, \u00a0ainda est\u00e1 sendo estudada.<\/p>\n<p><strong>Site<\/strong><\/p>\n<p>O website oficial do Jubileu j\u00e1 foi publicado: <a title=\"www.iubilaeummisericordiae.va\" href=\"http:\/\/www.iubilaeummisericordiae.va\" target=\"_blank\">www.iubilaeummisericordiae.va<\/a>, acess\u00edvel em <a title=\"www.im.va\" href=\"http:\/\/www.im.va\" target=\"_blank\">www.im.va<\/a>. O website est\u00e1 dispon\u00edvel em sete l\u00ednguas: italiano, ingl\u00eas, espanhol, portugu\u00eas, franc\u00eas, alem\u00e3o e polon\u00eas.<\/p>\n<p>No website podem-se encontrar as informa\u00e7\u00f5es oficiais acerca do calend\u00e1rio dos principais eventos p\u00fablicos, as indica\u00e7\u00f5es para a participa\u00e7\u00e3o nos eventos com o Santo Padre e todas as outras comunica\u00e7\u00f5es oficiais relativas ao Jubileu.<\/p>\n<p>As redes sociais tamb\u00e9m ser\u00e3o utilizadas para promover o evento, e um aplicativo especial est\u00e1 sendo estudado. Haver\u00e1 tamb\u00e9m subs\u00eddios divididos em cinco livros, com textos pertinentes \u00e0 miseric\u00f3rdia.<\/p>\n<p><strong>Seguran\u00e7a<\/strong><\/p>\n<p>Na pr\u00f3xima semana, haver\u00e1 a primeira reuni\u00e3o bilateral entre representantes da Santa S\u00e9 e autoridades italianas. Na pauta, entre outros temas, a quest\u00e3o da seguran\u00e7a.<\/p>\n<p>\u201cAcreditamos que o tema da Miseric\u00f3rdia com a qual o Papa Francisco colocou a Igreja no caminho jubilar possa ser um momento de verdadeira gra\u00e7a para todos os crist\u00e3os e um despertar para continuar no percurso da nova evangeliza\u00e7\u00e3o e convers\u00e3o pastoral que o Papa nos indicou\u201d, finalizou Dom Rino Fisichella.<\/p>\n<p><em>Fonte: \u00a0R\u00e1dio Vaticano<\/em><\/p>\n<div id=\"themify_builder_content-61090\" data-postid=\"61090\" class=\"themify_builder_content themify_builder_content-61090 themify_builder themify_builder_front\">\n\t<\/div>\n<!-- \/themify_builder_content -->","protected":false},"excerpt":{"rendered":"<p>O Ano Santo da Miseric\u00f3rdia ser\u00e1 aberto dia 8 de dezembro e traz no logotipo o lema &#8220;Misericordiosos como o Pai&#8221;<\/p>\n","protected":false},"author":3,"featured_media":61095,"comment_status":"open","ping_status":"open","sticky":false,"template":"","format":"standard","meta":{"ngg_post_thumbnail":0,"footnotes":""},"categories":[8],"tags":[3183],"yoast_head":"<!-- This site is optimized with the Yoast SEO plugin v23.5 - https:\/\/yoast.com\/wordpress\/plugins\/seo\/ -->\n<title>Divulgado calend\u00e1rio e o logotipo do Jubileu da Miseric\u00f3rdia - O Arcanjo no ar<\/title>\n<meta name=\"robots\" content=\"index, follow, max-snippet:-1, max-image-preview:large, max-video-preview:-1\" \/>\n<link rel=\"canonical\" href=\"https:\/\/www.oarcanjo.net\/site\/divulgado-calendario-e-o-logotipo-do-jubileu-da-misericordia\/\" \/>\n<meta property=\"og:locale\" content=\"pt_BR\" \/>\n<meta property=\"og:type\" content=\"article\" \/>\n<meta property=\"og:title\" content=\"Divulgado calend\u00e1rio e o logotipo do Jubileu da Miseric\u00f3rdia - O Arcanjo no ar\" \/>\n<meta property=\"og:description\" content=\"O Ano Santo da Miseric\u00f3rdia ser\u00e1 aberto dia 8 de dezembro e traz no logotipo o lema &quot;Misericordiosos como o Pai&quot;\" \/>\n<meta property=\"og:url\" content=\"https:\/\/www.oarcanjo.net\/site\/divulgado-calendario-e-o-logotipo-do-jubileu-da-misericordia\/\" \/>\n<meta property=\"og:site_name\" content=\"O Arcanjo no ar\" \/>\n<meta property=\"article:publisher\" content=\"https:\/\/www.facebook.com\/OArcanjoNoAr\/\" \/>\n<meta property=\"article:published_time\" content=\"2015-05-06T15:46:30+00:00\" \/>\n<meta property=\"article:modified_time\" content=\"2015-06-01T02:45:39+00:00\" \/>\n<meta property=\"og:image\" content=\"https:\/\/www.oarcanjo.net\/site\/wp-content\/uploads\/banner-logo-misericordia-mai-2015.jpg\" \/>\n\t<meta property=\"og:image:width\" content=\"700\" \/>\n\t<meta property=\"og:image:height\" content=\"320\" \/>\n\t<meta property=\"og:image:type\" content=\"image\/jpeg\" \/>\n<meta name=\"author\" content=\"miriam.meyer\" \/>\n<meta name=\"twitter:card\" content=\"summary_large_image\" \/>\n<meta name=\"twitter:label1\" content=\"Escrito por\" \/>\n\t<meta name=\"twitter:data1\" content=\"miriam.meyer\" \/>\n\t<meta name=\"twitter:label2\" content=\"Est. tempo de leitura\" \/>\n\t<meta name=\"twitter:data2\" content=\"5 minutos\" \/>\n<script type=\"application\/ld+json\" class=\"yoast-schema-graph\">{\"@context\":\"https:\/\/schema.org\",\"@graph\":[{\"@type\":\"Article\",\"@id\":\"https:\/\/www.oarcanjo.net\/site\/divulgado-calendario-e-o-logotipo-do-jubileu-da-misericordia\/#article\",\"isPartOf\":{\"@id\":\"https:\/\/www.oarcanjo.net\/site\/divulgado-calendario-e-o-logotipo-do-jubileu-da-misericordia\/\"},\"author\":{\"name\":\"miriam.meyer\",\"@id\":\"https:\/\/www.oarcanjo.net\/site\/#\/schema\/person\/ce0fba3450314a09c6442cfee983a3d8\"},\"headline\":\"Divulgado calend\u00e1rio e o logotipo do Jubileu da Miseric\u00f3rdia\",\"datePublished\":\"2015-05-06T15:46:30+00:00\",\"dateModified\":\"2015-06-01T02:45:39+00:00\",\"mainEntityOfPage\":{\"@id\":\"https:\/\/www.oarcanjo.net\/site\/divulgado-calendario-e-o-logotipo-do-jubileu-da-misericordia\/\"},\"wordCount\":1099,\"commentCount\":0,\"publisher\":{\"@id\":\"https:\/\/www.oarcanjo.net\/site\/#organization\"},\"image\":{\"@id\":\"https:\/\/www.oarcanjo.net\/site\/divulgado-calendario-e-o-logotipo-do-jubileu-da-misericordia\/#primaryimage\"},\"thumbnailUrl\":\"https:\/\/www.oarcanjo.net\/site\/wp-content\/uploads\/banner-logo-misericordia-mai-2015.jpg\",\"keywords\":[\"Jubileu da Miseric\u00f3rdia\"],\"articleSection\":[\"Not\u00edcias\"],\"inLanguage\":\"pt-BR\",\"potentialAction\":[{\"@type\":\"CommentAction\",\"name\":\"Comment\",\"target\":[\"https:\/\/www.oarcanjo.net\/site\/divulgado-calendario-e-o-logotipo-do-jubileu-da-misericordia\/#respond\"]}]},{\"@type\":\"WebPage\",\"@id\":\"https:\/\/www.oarcanjo.net\/site\/divulgado-calendario-e-o-logotipo-do-jubileu-da-misericordia\/\",\"url\":\"https:\/\/www.oarcanjo.net\/site\/divulgado-calendario-e-o-logotipo-do-jubileu-da-misericordia\/\",\"name\":\"Divulgado calend\u00e1rio e o logotipo do Jubileu da Miseric\u00f3rdia - O Arcanjo no ar\",\"isPartOf\":{\"@id\":\"https:\/\/www.oarcanjo.net\/site\/#website\"},\"primaryImageOfPage\":{\"@id\":\"https:\/\/www.oarcanjo.net\/site\/divulgado-calendario-e-o-logotipo-do-jubileu-da-misericordia\/#primaryimage\"},\"image\":{\"@id\":\"https:\/\/www.oarcanjo.net\/site\/divulgado-calendario-e-o-logotipo-do-jubileu-da-misericordia\/#primaryimage\"},\"thumbnailUrl\":\"https:\/\/www.oarcanjo.net\/site\/wp-content\/uploads\/banner-logo-misericordia-mai-2015.jpg\",\"datePublished\":\"2015-05-06T15:46:30+00:00\",\"dateModified\":\"2015-06-01T02:45:39+00:00\",\"breadcrumb\":{\"@id\":\"https:\/\/www.oarcanjo.net\/site\/divulgado-calendario-e-o-logotipo-do-jubileu-da-misericordia\/#breadcrumb\"},\"inLanguage\":\"pt-BR\",\"potentialAction\":[{\"@type\":\"ReadAction\",\"target\":[\"https:\/\/www.oarcanjo.net\/site\/divulgado-calendario-e-o-logotipo-do-jubileu-da-misericordia\/\"]}]},{\"@type\":\"ImageObject\",\"inLanguage\":\"pt-BR\",\"@id\":\"https:\/\/www.oarcanjo.net\/site\/divulgado-calendario-e-o-logotipo-do-jubileu-da-misericordia\/#primaryimage\",\"url\":\"https:\/\/www.oarcanjo.net\/site\/wp-content\/uploads\/banner-logo-misericordia-mai-2015.jpg\",\"contentUrl\":\"https:\/\/www.oarcanjo.net\/site\/wp-content\/uploads\/banner-logo-misericordia-mai-2015.jpg\",\"width\":700,\"height\":320},{\"@type\":\"BreadcrumbList\",\"@id\":\"https:\/\/www.oarcanjo.net\/site\/divulgado-calendario-e-o-logotipo-do-jubileu-da-misericordia\/#breadcrumb\",\"itemListElement\":[{\"@type\":\"ListItem\",\"position\":1,\"name\":\"In\u00edcio\",\"item\":\"https:\/\/www.oarcanjo.net\/site\/\"},{\"@type\":\"ListItem\",\"position\":2,\"name\":\"Divulgado calend\u00e1rio e o logotipo do Jubileu da Miseric\u00f3rdia\"}]},{\"@type\":\"WebSite\",\"@id\":\"https:\/\/www.oarcanjo.net\/site\/#website\",\"url\":\"https:\/\/www.oarcanjo.net\/site\/\",\"name\":\"O Arcanjo no ar\",\"description\":\"Site da Par\u00f3quia S\u00e3o Miguel Arcanjo (Arquidiocese de SP)\",\"publisher\":{\"@id\":\"https:\/\/www.oarcanjo.net\/site\/#organization\"},\"potentialAction\":[{\"@type\":\"SearchAction\",\"target\":{\"@type\":\"EntryPoint\",\"urlTemplate\":\"https:\/\/www.oarcanjo.net\/site\/?s={search_term_string}\"},\"query-input\":{\"@type\":\"PropertyValueSpecification\",\"valueRequired\":true,\"valueName\":\"search_term_string\"}}],\"inLanguage\":\"pt-BR\"},{\"@type\":\"Organization\",\"@id\":\"https:\/\/www.oarcanjo.net\/site\/#organization\",\"name\":\"Par\u00f3quia S\u00e3o Miguel Arcanjo\",\"url\":\"https:\/\/www.oarcanjo.net\/site\/\",\"logo\":{\"@type\":\"ImageObject\",\"inLanguage\":\"pt-BR\",\"@id\":\"https:\/\/www.oarcanjo.net\/site\/#\/schema\/logo\/image\/\",\"url\":\"https:\/\/www.oarcanjo.net\/site\/wp-content\/uploads\/LogoOArcanjo.png\",\"contentUrl\":\"https:\/\/www.oarcanjo.net\/site\/wp-content\/uploads\/LogoOArcanjo.png\",\"width\":319,\"height\":99,\"caption\":\"Par\u00f3quia S\u00e3o Miguel Arcanjo\"},\"image\":{\"@id\":\"https:\/\/www.oarcanjo.net\/site\/#\/schema\/logo\/image\/\"},\"sameAs\":[\"https:\/\/www.facebook.com\/OArcanjoNoAr\/\"]},{\"@type\":\"Person\",\"@id\":\"https:\/\/www.oarcanjo.net\/site\/#\/schema\/person\/ce0fba3450314a09c6442cfee983a3d8\",\"name\":\"miriam.meyer\"}]}<\/script>\n<!-- \/ Yoast SEO plugin. -->","yoast_head_json":{"title":"Divulgado calend\u00e1rio e o logotipo do Jubileu da Miseric\u00f3rdia - O Arcanjo no ar","robots":{"index":"index","follow":"follow","max-snippet":"max-snippet:-1","max-image-preview":"max-image-preview:large","max-video-preview":"max-video-preview:-1"},"canonical":"https:\/\/www.oarcanjo.net\/site\/divulgado-calendario-e-o-logotipo-do-jubileu-da-misericordia\/","og_locale":"pt_BR","og_type":"article","og_title":"Divulgado calend\u00e1rio e o logotipo do Jubileu da Miseric\u00f3rdia - O Arcanjo no ar","og_description":"O Ano Santo da Miseric\u00f3rdia ser\u00e1 aberto dia 8 de dezembro e traz no logotipo o lema \"Misericordiosos como o Pai\"","og_url":"https:\/\/www.oarcanjo.net\/site\/divulgado-calendario-e-o-logotipo-do-jubileu-da-misericordia\/","og_site_name":"O Arcanjo no ar","article_publisher":"https:\/\/www.facebook.com\/OArcanjoNoAr\/","article_published_time":"2015-05-06T15:46:30+00:00","article_modified_time":"2015-06-01T02:45:39+00:00","og_image":[{"width":700,"height":320,"url":"https:\/\/www.oarcanjo.net\/site\/wp-content\/uploads\/banner-logo-misericordia-mai-2015.jpg","type":"image\/jpeg"}],"author":"miriam.meyer","twitter_card":"summary_large_image","twitter_misc":{"Escrito por":"miriam.meyer","Est. tempo de leitura":"5 minutos"},"schema":{"@context":"https:\/\/schema.org","@graph":[{"@type":"Article","@id":"https:\/\/www.oarcanjo.net\/site\/divulgado-calendario-e-o-logotipo-do-jubileu-da-misericordia\/#article","isPartOf":{"@id":"https:\/\/www.oarcanjo.net\/site\/divulgado-calendario-e-o-logotipo-do-jubileu-da-misericordia\/"},"author":{"name":"miriam.meyer","@id":"https:\/\/www.oarcanjo.net\/site\/#\/schema\/person\/ce0fba3450314a09c6442cfee983a3d8"},"headline":"Divulgado calend\u00e1rio e o logotipo do Jubileu da Miseric\u00f3rdia","datePublished":"2015-05-06T15:46:30+00:00","dateModified":"2015-06-01T02:45:39+00:00","mainEntityOfPage":{"@id":"https:\/\/www.oarcanjo.net\/site\/divulgado-calendario-e-o-logotipo-do-jubileu-da-misericordia\/"},"wordCount":1099,"commentCount":0,"publisher":{"@id":"https:\/\/www.oarcanjo.net\/site\/#organization"},"image":{"@id":"https:\/\/www.oarcanjo.net\/site\/divulgado-calendario-e-o-logotipo-do-jubileu-da-misericordia\/#primaryimage"},"thumbnailUrl":"https:\/\/www.oarcanjo.net\/site\/wp-content\/uploads\/banner-logo-misericordia-mai-2015.jpg","keywords":["Jubileu da Miseric\u00f3rdia"],"articleSection":["Not\u00edcias"],"inLanguage":"pt-BR","potentialAction":[{"@type":"CommentAction","name":"Comment","target":["https:\/\/www.oarcanjo.net\/site\/divulgado-calendario-e-o-logotipo-do-jubileu-da-misericordia\/#respond"]}]},{"@type":"WebPage","@id":"https:\/\/www.oarcanjo.net\/site\/divulgado-calendario-e-o-logotipo-do-jubileu-da-misericordia\/","url":"https:\/\/www.oarcanjo.net\/site\/divulgado-calendario-e-o-logotipo-do-jubileu-da-misericordia\/","name":"Divulgado calend\u00e1rio e o logotipo do Jubileu da Miseric\u00f3rdia - O Arcanjo no ar","isPartOf":{"@id":"https:\/\/www.oarcanjo.net\/site\/#website"},"primaryImageOfPage":{"@id":"https:\/\/www.oarcanjo.net\/site\/divulgado-calendario-e-o-logotipo-do-jubileu-da-misericordia\/#primaryimage"},"image":{"@id":"https:\/\/www.oarcanjo.net\/site\/divulgado-calendario-e-o-logotipo-do-jubileu-da-misericordia\/#primaryimage"},"thumbnailUrl":"https:\/\/www.oarcanjo.net\/site\/wp-content\/uploads\/banner-logo-misericordia-mai-2015.jpg","datePublished":"2015-05-06T15:46:30+00:00","dateModified":"2015-06-01T02:45:39+00:00","breadcrumb":{"@id":"https:\/\/www.oarcanjo.net\/site\/divulgado-calendario-e-o-logotipo-do-jubileu-da-misericordia\/#breadcrumb"},"inLanguage":"pt-BR","potentialAction":[{"@type":"ReadAction","target":["https:\/\/www.oarcanjo.net\/site\/divulgado-calendario-e-o-logotipo-do-jubileu-da-misericordia\/"]}]},{"@type":"ImageObject","inLanguage":"pt-BR","@id":"https:\/\/www.oarcanjo.net\/site\/divulgado-calendario-e-o-logotipo-do-jubileu-da-misericordia\/#primaryimage","url":"https:\/\/www.oarcanjo.net\/site\/wp-content\/uploads\/banner-logo-misericordia-mai-2015.jpg","contentUrl":"https:\/\/www.oarcanjo.net\/site\/wp-content\/uploads\/banner-logo-misericordia-mai-2015.jpg","width":700,"height":320},{"@type":"BreadcrumbList","@id":"https:\/\/www.oarcanjo.net\/site\/divulgado-calendario-e-o-logotipo-do-jubileu-da-misericordia\/#breadcrumb","itemListElement":[{"@type":"ListItem","position":1,"name":"In\u00edcio","item":"https:\/\/www.oarcanjo.net\/site\/"},{"@type":"ListItem","position":2,"name":"Divulgado calend\u00e1rio e o logotipo do Jubileu da Miseric\u00f3rdia"}]},{"@type":"WebSite","@id":"https:\/\/www.oarcanjo.net\/site\/#website","url":"https:\/\/www.oarcanjo.net\/site\/","name":"O Arcanjo no ar","description":"Site da Par\u00f3quia S\u00e3o Miguel Arcanjo (Arquidiocese de SP)","publisher":{"@id":"https:\/\/www.oarcanjo.net\/site\/#organization"},"potentialAction":[{"@type":"SearchAction","target":{"@type":"EntryPoint","urlTemplate":"https:\/\/www.oarcanjo.net\/site\/?s={search_term_string}"},"query-input":{"@type":"PropertyValueSpecification","valueRequired":true,"valueName":"search_term_string"}}],"inLanguage":"pt-BR"},{"@type":"Organization","@id":"https:\/\/www.oarcanjo.net\/site\/#organization","name":"Par\u00f3quia S\u00e3o Miguel Arcanjo","url":"https:\/\/www.oarcanjo.net\/site\/","logo":{"@type":"ImageObject","inLanguage":"pt-BR","@id":"https:\/\/www.oarcanjo.net\/site\/#\/schema\/logo\/image\/","url":"https:\/\/www.oarcanjo.net\/site\/wp-content\/uploads\/LogoOArcanjo.png","contentUrl":"https:\/\/www.oarcanjo.net\/site\/wp-content\/uploads\/LogoOArcanjo.png","width":319,"height":99,"caption":"Par\u00f3quia S\u00e3o Miguel Arcanjo"},"image":{"@id":"https:\/\/www.oarcanjo.net\/site\/#\/schema\/logo\/image\/"},"sameAs":["https:\/\/www.facebook.com\/OArcanjoNoAr\/"]},{"@type":"Person","@id":"https:\/\/www.oarcanjo.net\/site\/#\/schema\/person\/ce0fba3450314a09c6442cfee983a3d8","name":"miriam.meyer"}]}},"publishpress_future_action":{"enabled":false,"date":"2026-05-09 09:31:10","action":"category","newStatus":"draft","terms":[],"taxonomy":"category"},"publishpress_future_workflow_manual_trigger":{"enabledWorkflows":[]},"_links":{"self":[{"href":"https:\/\/www.oarcanjo.net\/site\/wp-json\/wp\/v2\/posts\/61090"}],"collection":[{"href":"https:\/\/www.oarcanjo.net\/site\/wp-json\/wp\/v2\/posts"}],"about":[{"href":"https:\/\/www.oarcanjo.net\/site\/wp-json\/wp\/v2\/types\/post"}],"author":[{"embeddable":true,"href":"https:\/\/www.oarcanjo.net\/site\/wp-json\/wp\/v2\/users\/3"}],"replies":[{"embeddable":true,"href":"https:\/\/www.oarcanjo.net\/site\/wp-json\/wp\/v2\/comments?post=61090"}],"version-history":[{"count":0,"href":"https:\/\/www.oarcanjo.net\/site\/wp-json\/wp\/v2\/posts\/61090\/revisions"}],"wp:featuredmedia":[{"embeddable":true,"href":"https:\/\/www.oarcanjo.net\/site\/wp-json\/wp\/v2\/media\/61095"}],"wp:attachment":[{"href":"https:\/\/www.oarcanjo.net\/site\/wp-json\/wp\/v2\/media?parent=61090"}],"wp:term":[{"taxonomy":"category","embeddable":true,"href":"https:\/\/www.oarcanjo.net\/site\/wp-json\/wp\/v2\/categories?post=61090"},{"taxonomy":"post_tag","embeddable":true,"href":"https:\/\/www.oarcanjo.net\/site\/wp-json\/wp\/v2\/tags?post=61090"}],"curies":[{"name":"wp","href":"https:\/\/api.w.org\/{rel}","templated":true}]}}