
{"id":6152,"date":"2009-11-24T00:24:27","date_gmt":"2009-11-24T03:24:27","guid":{"rendered":"http:\/\/www.oarcanjo.net\/site\/?p=6152"},"modified":"2009-11-25T23:25:12","modified_gmt":"2009-11-26T02:25:12","slug":"santo-andre-dung-lac-e-companheiros","status":"publish","type":"post","link":"https:\/\/www.oarcanjo.net\/site\/santo-andre-dung-lac-e-companheiros\/","title":{"rendered":"Santo Andr\u00e9 Dung-Lac e companheiros"},"content":{"rendered":"<p><strong>24 de novembro<\/strong><\/p>\n<p>A evangeliza\u00e7\u00e3o do Vietn\u00e3 come\u00e7ou no s\u00e9culo XVI, atrav\u00e9s de mission\u00e1rios europeus de diversas ordens e congrega\u00e7\u00f5es religiosas. S\u00e3o quatro s\u00e9culos de persegui\u00e7\u00f5es sangrentas que levaram ao mart\u00edrio milhares de crist\u00e3os massacrados nas montanhas, florestas e em regi\u00f5es insalubres. Enfim, em todos os lugares onde buscaram ref\u00fagio. Foram bispos, sacerdotes e leigos de diversas idades e condi\u00e7\u00f5es sociais, na maioria pais e m\u00e3es de fam\u00edlia e alguns deles catequistas, seminaristas ou militares.<\/p>\n<p>Hoje, homenageamos um grupo de cento e dezessete m\u00e1rtires vietnamitas, beatificados no ano jubilar de 1900 pelo papa Le\u00e3o XIII. A maioria viveu e pregou entre os anos 1830 e 1870. Dentre eles muito se destacou o padre dominicano Andr\u00e9 Dung-Lac, tomado como exemplo maior dessas sementes da Igreja Cat\u00f3lica vietnamita.<\/p>\n<p>Filho de pais muito pobres, que o confiaram desde pequeno \u00e0 guarda de um catequista, ordenou-se sacerdote em 1823. Durante seu apostolado, foi cura e mission\u00e1rio em diversas partes do pa\u00eds. Tamb\u00e9m foi salvo da pris\u00e3o diversas vezes, gra\u00e7as a resgates pagos pelos fi\u00e9is, mas nunca concordou com esse patroc\u00ednio.<\/p>\n<p>Uma cita\u00e7\u00e3o sua mostra claramente o que pensava destes resgates: &#8220;Aqueles que morrem pela f\u00e9 sobem ao c\u00e9u. Ao contr\u00e1rio, n\u00f3s que nos escondemos continuamente gastamos dinheiro para fugir dos perseguidores. Seria melhor deixar-nos prender e morrer&#8221;. Finalmente, foi decapitado em 24 de novembro de 1839, em Han\u00f3i, Vietn\u00e3.<\/p>\n<p>Passada essa fase tenebrosa, veio um per\u00edodo de calma, que durou cerca de setenta anos. Os anos de paz permitiram \u00e0 Igreja que se reorganizasse em numerosas dioceses que reuniam centenas de milhares de fi\u00e9is. Mas os mart\u00edrios recome\u00e7aram com a chegada do comunismo \u00e0 regi\u00e3o.<\/p>\n<p>A partir de 1955, os chineses e os russos aniquilaram todas as institui\u00e7\u00f5es religiosas, dispersando os crist\u00e3os, prendendo, condenando e matando bispos, padres e fi\u00e9is, de maneira arrasadora. A \u00fanica fuga poss\u00edvel era atrav\u00e9s de embarca\u00e7\u00f5es prec\u00e1rias, que sucumbiam nas \u00e1guas que poderiam significar a liberdade, mas que levavam, invariavelmente, \u00e0 morte.<\/p>\n<p>Entretanto o evangelho de Cristo permaneceu no cora\u00e7\u00e3o do povo vietnamita, pois quanto mais perseguido maior se tornou seu fervor crist\u00e3o, sabendo que o resultado seria um elevad\u00edssimo n\u00famero de m\u00e1rtires. O papa Jo\u00e3o Paulo II, em 1988, inscreveu esses her\u00f3is de Cristo no livro dos santos da Igreja, para serem comemorados juntos e como companheiros de santo Andr\u00e9 Dung-Lac no dia de sua morte.\u00a0<\/p>\n<p><strong>Outra Santa desta data:<\/strong><\/p>\n<p><a title=\"Ana Maria Sala\" href=\"http:\/\/\" target=\"_self\">Ana Maria Sala<\/a>.<\/p>\n<p><em>Colabora\u00e7\u00e3o de Danilo Santana<\/em><\/p>\n<div id=\"themify_builder_content-6152\" data-postid=\"6152\" class=\"themify_builder_content themify_builder_content-6152 themify_builder themify_builder_front\">\n\t<\/div>\n<!-- \/themify_builder_content -->","protected":false},"excerpt":{"rendered":"<p>24 de novembro A evangeliza\u00e7\u00e3o do Vietn\u00e3 come\u00e7ou no s\u00e9culo XVI, atrav\u00e9s de mission\u00e1rios europeus de diversas ordens e congrega\u00e7\u00f5es religiosas. S\u00e3o quatro s\u00e9culos de persegui\u00e7\u00f5es sangrentas que levaram ao mart\u00edrio milhares de crist\u00e3os massacrados nas montanhas, florestas e em regi\u00f5es insalubres. Enfim, em todos os lugares onde buscaram ref\u00fagio. Foram bispos, sacerdotes e leigos [&hellip;]<\/p>\n","protected":false},"author":5,"featured_media":0,"comment_status":"open","ping_status":"open","sticky":false,"template":"","format":"standard","meta":{"ngg_post_thumbnail":0,"footnotes":""},"categories":[186],"tags":[1290,1289],"yoast_head":"<!-- This site is optimized with the Yoast SEO plugin v23.5 - https:\/\/yoast.com\/wordpress\/plugins\/seo\/ -->\n<title>Santo Andr\u00e9 Dung-Lac e companheiros - O Arcanjo no ar<\/title>\n<meta name=\"robots\" content=\"index, follow, max-snippet:-1, max-image-preview:large, max-video-preview:-1\" \/>\n<link rel=\"canonical\" href=\"https:\/\/www.oarcanjo.net\/site\/santo-andre-dung-lac-e-companheiros\/\" \/>\n<meta property=\"og:locale\" content=\"pt_BR\" \/>\n<meta property=\"og:type\" content=\"article\" \/>\n<meta property=\"og:title\" content=\"Santo Andr\u00e9 Dung-Lac e companheiros - O Arcanjo no ar\" \/>\n<meta property=\"og:description\" content=\"24 de novembro A evangeliza\u00e7\u00e3o do Vietn\u00e3 come\u00e7ou no s\u00e9culo XVI, atrav\u00e9s de mission\u00e1rios europeus de diversas ordens e congrega\u00e7\u00f5es religiosas. S\u00e3o quatro s\u00e9culos de persegui\u00e7\u00f5es sangrentas que levaram ao mart\u00edrio milhares de crist\u00e3os massacrados nas montanhas, florestas e em regi\u00f5es insalubres. Enfim, em todos os lugares onde buscaram ref\u00fagio. Foram bispos, sacerdotes e leigos [&hellip;]\" \/>\n<meta property=\"og:url\" content=\"https:\/\/www.oarcanjo.net\/site\/santo-andre-dung-lac-e-companheiros\/\" \/>\n<meta property=\"og:site_name\" content=\"O Arcanjo no ar\" \/>\n<meta property=\"article:publisher\" content=\"https:\/\/www.facebook.com\/OArcanjoNoAr\/\" \/>\n<meta property=\"article:published_time\" content=\"2009-11-24T03:24:27+00:00\" \/>\n<meta property=\"article:modified_time\" content=\"2009-11-26T02:25:12+00:00\" \/>\n<meta property=\"og:image\" content=\"https:\/\/www.oarcanjo.net\/site\/wp-content\/uploads\/logo-o-arcanjo-no-ar-facebook.png\" \/>\n\t<meta property=\"og:image:width\" content=\"300\" \/>\n\t<meta property=\"og:image:height\" content=\"300\" \/>\n\t<meta property=\"og:image:type\" content=\"image\/png\" \/>\n<meta name=\"author\" content=\"editor\" \/>\n<meta name=\"twitter:card\" content=\"summary_large_image\" \/>\n<meta name=\"twitter:label1\" content=\"Escrito por\" \/>\n\t<meta name=\"twitter:data1\" content=\"editor\" \/>\n\t<meta name=\"twitter:label2\" content=\"Est. tempo de leitura\" \/>\n\t<meta name=\"twitter:data2\" content=\"2 minutos\" \/>\n<script type=\"application\/ld+json\" class=\"yoast-schema-graph\">{\"@context\":\"https:\/\/schema.org\",\"@graph\":[{\"@type\":\"Article\",\"@id\":\"https:\/\/www.oarcanjo.net\/site\/santo-andre-dung-lac-e-companheiros\/#article\",\"isPartOf\":{\"@id\":\"https:\/\/www.oarcanjo.net\/site\/santo-andre-dung-lac-e-companheiros\/\"},\"author\":{\"name\":\"editor\",\"@id\":\"https:\/\/www.oarcanjo.net\/site\/#\/schema\/person\/f7024d007863202483a31326673a0838\"},\"headline\":\"Santo Andr\u00e9 Dung-Lac e companheiros\",\"datePublished\":\"2009-11-24T03:24:27+00:00\",\"dateModified\":\"2009-11-26T02:25:12+00:00\",\"mainEntityOfPage\":{\"@id\":\"https:\/\/www.oarcanjo.net\/site\/santo-andre-dung-lac-e-companheiros\/\"},\"wordCount\":442,\"commentCount\":0,\"publisher\":{\"@id\":\"https:\/\/www.oarcanjo.net\/site\/#organization\"},\"keywords\":[\"Ana Maria Sala\",\"Santo Andr\u00e9 Dung-Lac\"],\"articleSection\":[\"Testemunhos\"],\"inLanguage\":\"pt-BR\",\"potentialAction\":[{\"@type\":\"CommentAction\",\"name\":\"Comment\",\"target\":[\"https:\/\/www.oarcanjo.net\/site\/santo-andre-dung-lac-e-companheiros\/#respond\"]}]},{\"@type\":\"WebPage\",\"@id\":\"https:\/\/www.oarcanjo.net\/site\/santo-andre-dung-lac-e-companheiros\/\",\"url\":\"https:\/\/www.oarcanjo.net\/site\/santo-andre-dung-lac-e-companheiros\/\",\"name\":\"Santo Andr\u00e9 Dung-Lac e companheiros - O Arcanjo no ar\",\"isPartOf\":{\"@id\":\"https:\/\/www.oarcanjo.net\/site\/#website\"},\"datePublished\":\"2009-11-24T03:24:27+00:00\",\"dateModified\":\"2009-11-26T02:25:12+00:00\",\"breadcrumb\":{\"@id\":\"https:\/\/www.oarcanjo.net\/site\/santo-andre-dung-lac-e-companheiros\/#breadcrumb\"},\"inLanguage\":\"pt-BR\",\"potentialAction\":[{\"@type\":\"ReadAction\",\"target\":[\"https:\/\/www.oarcanjo.net\/site\/santo-andre-dung-lac-e-companheiros\/\"]}]},{\"@type\":\"BreadcrumbList\",\"@id\":\"https:\/\/www.oarcanjo.net\/site\/santo-andre-dung-lac-e-companheiros\/#breadcrumb\",\"itemListElement\":[{\"@type\":\"ListItem\",\"position\":1,\"name\":\"In\u00edcio\",\"item\":\"https:\/\/www.oarcanjo.net\/site\/\"},{\"@type\":\"ListItem\",\"position\":2,\"name\":\"Santo Andr\u00e9 Dung-Lac e companheiros\"}]},{\"@type\":\"WebSite\",\"@id\":\"https:\/\/www.oarcanjo.net\/site\/#website\",\"url\":\"https:\/\/www.oarcanjo.net\/site\/\",\"name\":\"O Arcanjo no ar\",\"description\":\"Site da Par\u00f3quia S\u00e3o Miguel Arcanjo (Arquidiocese de SP)\",\"publisher\":{\"@id\":\"https:\/\/www.oarcanjo.net\/site\/#organization\"},\"potentialAction\":[{\"@type\":\"SearchAction\",\"target\":{\"@type\":\"EntryPoint\",\"urlTemplate\":\"https:\/\/www.oarcanjo.net\/site\/?s={search_term_string}\"},\"query-input\":{\"@type\":\"PropertyValueSpecification\",\"valueRequired\":true,\"valueName\":\"search_term_string\"}}],\"inLanguage\":\"pt-BR\"},{\"@type\":\"Organization\",\"@id\":\"https:\/\/www.oarcanjo.net\/site\/#organization\",\"name\":\"Par\u00f3quia S\u00e3o Miguel Arcanjo\",\"url\":\"https:\/\/www.oarcanjo.net\/site\/\",\"logo\":{\"@type\":\"ImageObject\",\"inLanguage\":\"pt-BR\",\"@id\":\"https:\/\/www.oarcanjo.net\/site\/#\/schema\/logo\/image\/\",\"url\":\"https:\/\/www.oarcanjo.net\/site\/wp-content\/uploads\/LogoOArcanjo.png\",\"contentUrl\":\"https:\/\/www.oarcanjo.net\/site\/wp-content\/uploads\/LogoOArcanjo.png\",\"width\":319,\"height\":99,\"caption\":\"Par\u00f3quia S\u00e3o Miguel Arcanjo\"},\"image\":{\"@id\":\"https:\/\/www.oarcanjo.net\/site\/#\/schema\/logo\/image\/\"},\"sameAs\":[\"https:\/\/www.facebook.com\/OArcanjoNoAr\/\"]},{\"@type\":\"Person\",\"@id\":\"https:\/\/www.oarcanjo.net\/site\/#\/schema\/person\/f7024d007863202483a31326673a0838\",\"name\":\"editor\",\"sameAs\":[\"http:\/\/www.oarcanjo.net\"]}]}<\/script>\n<!-- \/ Yoast SEO plugin. -->","yoast_head_json":{"title":"Santo Andr\u00e9 Dung-Lac e companheiros - O Arcanjo no ar","robots":{"index":"index","follow":"follow","max-snippet":"max-snippet:-1","max-image-preview":"max-image-preview:large","max-video-preview":"max-video-preview:-1"},"canonical":"https:\/\/www.oarcanjo.net\/site\/santo-andre-dung-lac-e-companheiros\/","og_locale":"pt_BR","og_type":"article","og_title":"Santo Andr\u00e9 Dung-Lac e companheiros - O Arcanjo no ar","og_description":"24 de novembro A evangeliza\u00e7\u00e3o do Vietn\u00e3 come\u00e7ou no s\u00e9culo XVI, atrav\u00e9s de mission\u00e1rios europeus de diversas ordens e congrega\u00e7\u00f5es religiosas. S\u00e3o quatro s\u00e9culos de persegui\u00e7\u00f5es sangrentas que levaram ao mart\u00edrio milhares de crist\u00e3os massacrados nas montanhas, florestas e em regi\u00f5es insalubres. Enfim, em todos os lugares onde buscaram ref\u00fagio. Foram bispos, sacerdotes e leigos [&hellip;]","og_url":"https:\/\/www.oarcanjo.net\/site\/santo-andre-dung-lac-e-companheiros\/","og_site_name":"O Arcanjo no ar","article_publisher":"https:\/\/www.facebook.com\/OArcanjoNoAr\/","article_published_time":"2009-11-24T03:24:27+00:00","article_modified_time":"2009-11-26T02:25:12+00:00","og_image":[{"width":300,"height":300,"url":"https:\/\/www.oarcanjo.net\/site\/wp-content\/uploads\/logo-o-arcanjo-no-ar-facebook.png","type":"image\/png"}],"author":"editor","twitter_card":"summary_large_image","twitter_misc":{"Escrito por":"editor","Est. tempo de leitura":"2 minutos"},"schema":{"@context":"https:\/\/schema.org","@graph":[{"@type":"Article","@id":"https:\/\/www.oarcanjo.net\/site\/santo-andre-dung-lac-e-companheiros\/#article","isPartOf":{"@id":"https:\/\/www.oarcanjo.net\/site\/santo-andre-dung-lac-e-companheiros\/"},"author":{"name":"editor","@id":"https:\/\/www.oarcanjo.net\/site\/#\/schema\/person\/f7024d007863202483a31326673a0838"},"headline":"Santo Andr\u00e9 Dung-Lac e companheiros","datePublished":"2009-11-24T03:24:27+00:00","dateModified":"2009-11-26T02:25:12+00:00","mainEntityOfPage":{"@id":"https:\/\/www.oarcanjo.net\/site\/santo-andre-dung-lac-e-companheiros\/"},"wordCount":442,"commentCount":0,"publisher":{"@id":"https:\/\/www.oarcanjo.net\/site\/#organization"},"keywords":["Ana Maria Sala","Santo Andr\u00e9 Dung-Lac"],"articleSection":["Testemunhos"],"inLanguage":"pt-BR","potentialAction":[{"@type":"CommentAction","name":"Comment","target":["https:\/\/www.oarcanjo.net\/site\/santo-andre-dung-lac-e-companheiros\/#respond"]}]},{"@type":"WebPage","@id":"https:\/\/www.oarcanjo.net\/site\/santo-andre-dung-lac-e-companheiros\/","url":"https:\/\/www.oarcanjo.net\/site\/santo-andre-dung-lac-e-companheiros\/","name":"Santo Andr\u00e9 Dung-Lac e companheiros - O Arcanjo no ar","isPartOf":{"@id":"https:\/\/www.oarcanjo.net\/site\/#website"},"datePublished":"2009-11-24T03:24:27+00:00","dateModified":"2009-11-26T02:25:12+00:00","breadcrumb":{"@id":"https:\/\/www.oarcanjo.net\/site\/santo-andre-dung-lac-e-companheiros\/#breadcrumb"},"inLanguage":"pt-BR","potentialAction":[{"@type":"ReadAction","target":["https:\/\/www.oarcanjo.net\/site\/santo-andre-dung-lac-e-companheiros\/"]}]},{"@type":"BreadcrumbList","@id":"https:\/\/www.oarcanjo.net\/site\/santo-andre-dung-lac-e-companheiros\/#breadcrumb","itemListElement":[{"@type":"ListItem","position":1,"name":"In\u00edcio","item":"https:\/\/www.oarcanjo.net\/site\/"},{"@type":"ListItem","position":2,"name":"Santo Andr\u00e9 Dung-Lac e companheiros"}]},{"@type":"WebSite","@id":"https:\/\/www.oarcanjo.net\/site\/#website","url":"https:\/\/www.oarcanjo.net\/site\/","name":"O Arcanjo no ar","description":"Site da Par\u00f3quia S\u00e3o Miguel Arcanjo (Arquidiocese de SP)","publisher":{"@id":"https:\/\/www.oarcanjo.net\/site\/#organization"},"potentialAction":[{"@type":"SearchAction","target":{"@type":"EntryPoint","urlTemplate":"https:\/\/www.oarcanjo.net\/site\/?s={search_term_string}"},"query-input":{"@type":"PropertyValueSpecification","valueRequired":true,"valueName":"search_term_string"}}],"inLanguage":"pt-BR"},{"@type":"Organization","@id":"https:\/\/www.oarcanjo.net\/site\/#organization","name":"Par\u00f3quia S\u00e3o Miguel Arcanjo","url":"https:\/\/www.oarcanjo.net\/site\/","logo":{"@type":"ImageObject","inLanguage":"pt-BR","@id":"https:\/\/www.oarcanjo.net\/site\/#\/schema\/logo\/image\/","url":"https:\/\/www.oarcanjo.net\/site\/wp-content\/uploads\/LogoOArcanjo.png","contentUrl":"https:\/\/www.oarcanjo.net\/site\/wp-content\/uploads\/LogoOArcanjo.png","width":319,"height":99,"caption":"Par\u00f3quia S\u00e3o Miguel Arcanjo"},"image":{"@id":"https:\/\/www.oarcanjo.net\/site\/#\/schema\/logo\/image\/"},"sameAs":["https:\/\/www.facebook.com\/OArcanjoNoAr\/"]},{"@type":"Person","@id":"https:\/\/www.oarcanjo.net\/site\/#\/schema\/person\/f7024d007863202483a31326673a0838","name":"editor","sameAs":["http:\/\/www.oarcanjo.net"]}]}},"publishpress_future_action":{"enabled":false,"date":"2026-05-07 16:04:35","action":"category","newStatus":"draft","terms":[],"taxonomy":"category"},"publishpress_future_workflow_manual_trigger":{"enabledWorkflows":[]},"_links":{"self":[{"href":"https:\/\/www.oarcanjo.net\/site\/wp-json\/wp\/v2\/posts\/6152"}],"collection":[{"href":"https:\/\/www.oarcanjo.net\/site\/wp-json\/wp\/v2\/posts"}],"about":[{"href":"https:\/\/www.oarcanjo.net\/site\/wp-json\/wp\/v2\/types\/post"}],"author":[{"embeddable":true,"href":"https:\/\/www.oarcanjo.net\/site\/wp-json\/wp\/v2\/users\/5"}],"replies":[{"embeddable":true,"href":"https:\/\/www.oarcanjo.net\/site\/wp-json\/wp\/v2\/comments?post=6152"}],"version-history":[{"count":0,"href":"https:\/\/www.oarcanjo.net\/site\/wp-json\/wp\/v2\/posts\/6152\/revisions"}],"wp:attachment":[{"href":"https:\/\/www.oarcanjo.net\/site\/wp-json\/wp\/v2\/media?parent=6152"}],"wp:term":[{"taxonomy":"category","embeddable":true,"href":"https:\/\/www.oarcanjo.net\/site\/wp-json\/wp\/v2\/categories?post=6152"},{"taxonomy":"post_tag","embeddable":true,"href":"https:\/\/www.oarcanjo.net\/site\/wp-json\/wp\/v2\/tags?post=6152"}],"curies":[{"name":"wp","href":"https:\/\/api.w.org\/{rel}","templated":true}]}}