
{"id":6156,"date":"2009-11-24T00:37:34","date_gmt":"2009-11-24T03:37:34","guid":{"rendered":"http:\/\/www.oarcanjo.net\/site\/?p=6156"},"modified":"2009-11-25T23:19:43","modified_gmt":"2009-11-26T02:19:43","slug":"ana-maria-sala","status":"publish","type":"post","link":"https:\/\/www.oarcanjo.net\/site\/ana-maria-sala\/","title":{"rendered":"Ana Maria Sala"},"content":{"rendered":"<p><strong>24 de novembro<\/strong><\/p>\n<p>Nasceu em Br\u00edvio, It\u00e1lia, em 21\/4\/1829, o quarto entre 8 filhos, de pais profundamente crist\u00e3os e de elevadas condi\u00e7\u00f5es econ\u00f4micas. Pela sua brilhante intelig\u00eancia boa disposi\u00e7\u00e3o para os estudos, com 11 anos foi internada num col\u00e9gio das irm\u00e3s Marcelinas, em Mil\u00e3o, de recente funda\u00e7\u00e3o. Em 1846 obteve o diploma de 1\u00ba grau e voltou para a fam\u00edlia, onde foi o anjo consolador dos seus caros, sobretudo por ocasi\u00e3o de uma doen\u00e7a da m\u00e3e e um colapso financeiro do pai. Nesse interim se prodigalizava no apostolado entre as crian\u00e7as da par\u00f3quia, os doentes e os carentes. Depois para entrar no nascente Instituto das irm\u00e3s Marcelinas, fundado pelo sacedote Lu\u00eds Biraghi (1801-1879) em 1848 na casa de Vimercate.<\/p>\n<p>Sua \u00edndole equilibrada se adaptava muito bem \u00e0 vida mista querida pela regra do instituto: intensa vida interior e f\u00e9rvida a\u00e7\u00e3o apost\u00f3lica entre as alunas. Em 1852 pronunciou os votos perp\u00e9tuos na primeira profiss\u00e3o p\u00fablica das Marcelina. Foi em segunda enviada como professora de 1\u00ba grau e de m\u00fasica a v\u00e1rios lugares. Em 1859 foi escolhida pra a assist\u00e9ncia aos feridos na guerra de independ\u00eancia da It\u00e1lia no hospital militar de S\u00e3o Lucas. Em 1865 superou os dif\u00edceis exames exigidos pelo novo governo italiano. Brilharam ent\u00e3o sua intelig\u00eancia e cultura. Em 1878, deixando Genova, onde tinha passado 9 anos num apostolado eficaz, voltou para Mil\u00e3o como assistente e professora nos cursos superiores, a\u00ed permanecendo at\u00e9 a data de sua morte. Um doloroso carcinoma na garganta n\u00e3o a fez diminuir a intensa atividade nos m\u00faltiplos encargos. Morreu em 24 de novembro de 1891, circuidada pela fama de santidade e deixando copiosos frutos no seu apostolado. Foi professora da m\u00e3e de Paulo VI.<\/p>\n<p><strong>Outros Santos desta data:<\/strong><\/p>\n<p><a title=\"Santo Andr\u00e9 Dung-Lac e companheiros\" href=\"http:\/\/www.oarcanjo.net\/site\/index.php\/testemunhos\/santo-andre-dung-lac-e-companheiros\/\" target=\"_self\">Santo Andr\u00e9 Dung-Lac e companheiros<\/a>.<\/p>\n<p><em>Colabora\u00e7\u00e3o de Danilo Santana<\/em><\/p>\n<div id=\"themify_builder_content-6156\" data-postid=\"6156\" class=\"themify_builder_content themify_builder_content-6156 themify_builder themify_builder_front\">\n\t<\/div>\n<!-- \/themify_builder_content -->","protected":false},"excerpt":{"rendered":"<p>24 de novembro Nasceu em Br\u00edvio, It\u00e1lia, em 21\/4\/1829, o quarto entre 8 filhos, de pais profundamente crist\u00e3os e de elevadas condi\u00e7\u00f5es econ\u00f4micas. Pela sua brilhante intelig\u00eancia boa disposi\u00e7\u00e3o para os estudos, com 11 anos foi internada num col\u00e9gio das irm\u00e3s Marcelinas, em Mil\u00e3o, de recente funda\u00e7\u00e3o. Em 1846 obteve o diploma de 1\u00ba grau [&hellip;]<\/p>\n","protected":false},"author":5,"featured_media":0,"comment_status":"open","ping_status":"open","sticky":false,"template":"","format":"standard","meta":{"ngg_post_thumbnail":0,"footnotes":""},"categories":[186],"tags":[1290,1291],"yoast_head":"<!-- This site is optimized with the Yoast SEO plugin v23.5 - https:\/\/yoast.com\/wordpress\/plugins\/seo\/ -->\n<title>Ana Maria Sala - O Arcanjo no ar<\/title>\n<meta name=\"robots\" content=\"index, follow, max-snippet:-1, max-image-preview:large, max-video-preview:-1\" \/>\n<link rel=\"canonical\" href=\"https:\/\/www.oarcanjo.net\/site\/ana-maria-sala\/\" \/>\n<meta property=\"og:locale\" content=\"pt_BR\" \/>\n<meta property=\"og:type\" content=\"article\" \/>\n<meta property=\"og:title\" content=\"Ana Maria Sala - O Arcanjo no ar\" \/>\n<meta property=\"og:description\" content=\"24 de novembro Nasceu em Br\u00edvio, It\u00e1lia, em 21\/4\/1829, o quarto entre 8 filhos, de pais profundamente crist\u00e3os e de elevadas condi\u00e7\u00f5es econ\u00f4micas. Pela sua brilhante intelig\u00eancia boa disposi\u00e7\u00e3o para os estudos, com 11 anos foi internada num col\u00e9gio das irm\u00e3s Marcelinas, em Mil\u00e3o, de recente funda\u00e7\u00e3o. Em 1846 obteve o diploma de 1\u00ba grau [&hellip;]\" \/>\n<meta property=\"og:url\" content=\"https:\/\/www.oarcanjo.net\/site\/ana-maria-sala\/\" \/>\n<meta property=\"og:site_name\" content=\"O Arcanjo no ar\" \/>\n<meta property=\"article:publisher\" content=\"https:\/\/www.facebook.com\/OArcanjoNoAr\/\" \/>\n<meta property=\"article:published_time\" content=\"2009-11-24T03:37:34+00:00\" \/>\n<meta property=\"article:modified_time\" content=\"2009-11-26T02:19:43+00:00\" \/>\n<meta property=\"og:image\" content=\"https:\/\/www.oarcanjo.net\/site\/wp-content\/uploads\/logo-o-arcanjo-no-ar-facebook.png\" \/>\n\t<meta property=\"og:image:width\" content=\"300\" \/>\n\t<meta property=\"og:image:height\" content=\"300\" \/>\n\t<meta property=\"og:image:type\" content=\"image\/png\" \/>\n<meta name=\"author\" content=\"editor\" \/>\n<meta name=\"twitter:card\" content=\"summary_large_image\" \/>\n<meta name=\"twitter:label1\" content=\"Escrito por\" \/>\n\t<meta name=\"twitter:data1\" content=\"editor\" \/>\n\t<meta name=\"twitter:label2\" content=\"Est. tempo de leitura\" \/>\n\t<meta name=\"twitter:data2\" content=\"2 minutos\" \/>\n<script type=\"application\/ld+json\" class=\"yoast-schema-graph\">{\"@context\":\"https:\/\/schema.org\",\"@graph\":[{\"@type\":\"Article\",\"@id\":\"https:\/\/www.oarcanjo.net\/site\/ana-maria-sala\/#article\",\"isPartOf\":{\"@id\":\"https:\/\/www.oarcanjo.net\/site\/ana-maria-sala\/\"},\"author\":{\"name\":\"editor\",\"@id\":\"https:\/\/www.oarcanjo.net\/site\/#\/schema\/person\/f7024d007863202483a31326673a0838\"},\"headline\":\"Ana Maria Sala\",\"datePublished\":\"2009-11-24T03:37:34+00:00\",\"dateModified\":\"2009-11-26T02:19:43+00:00\",\"mainEntityOfPage\":{\"@id\":\"https:\/\/www.oarcanjo.net\/site\/ana-maria-sala\/\"},\"wordCount\":319,\"commentCount\":0,\"publisher\":{\"@id\":\"https:\/\/www.oarcanjo.net\/site\/#organization\"},\"keywords\":[\"Ana Maria Sala\",\"Santo Andr\u00e9 Dung-Lac e companheiros\"],\"articleSection\":[\"Testemunhos\"],\"inLanguage\":\"pt-BR\",\"potentialAction\":[{\"@type\":\"CommentAction\",\"name\":\"Comment\",\"target\":[\"https:\/\/www.oarcanjo.net\/site\/ana-maria-sala\/#respond\"]}]},{\"@type\":\"WebPage\",\"@id\":\"https:\/\/www.oarcanjo.net\/site\/ana-maria-sala\/\",\"url\":\"https:\/\/www.oarcanjo.net\/site\/ana-maria-sala\/\",\"name\":\"Ana Maria Sala - O Arcanjo no ar\",\"isPartOf\":{\"@id\":\"https:\/\/www.oarcanjo.net\/site\/#website\"},\"datePublished\":\"2009-11-24T03:37:34+00:00\",\"dateModified\":\"2009-11-26T02:19:43+00:00\",\"breadcrumb\":{\"@id\":\"https:\/\/www.oarcanjo.net\/site\/ana-maria-sala\/#breadcrumb\"},\"inLanguage\":\"pt-BR\",\"potentialAction\":[{\"@type\":\"ReadAction\",\"target\":[\"https:\/\/www.oarcanjo.net\/site\/ana-maria-sala\/\"]}]},{\"@type\":\"BreadcrumbList\",\"@id\":\"https:\/\/www.oarcanjo.net\/site\/ana-maria-sala\/#breadcrumb\",\"itemListElement\":[{\"@type\":\"ListItem\",\"position\":1,\"name\":\"In\u00edcio\",\"item\":\"https:\/\/www.oarcanjo.net\/site\/\"},{\"@type\":\"ListItem\",\"position\":2,\"name\":\"Ana Maria Sala\"}]},{\"@type\":\"WebSite\",\"@id\":\"https:\/\/www.oarcanjo.net\/site\/#website\",\"url\":\"https:\/\/www.oarcanjo.net\/site\/\",\"name\":\"O Arcanjo no ar\",\"description\":\"Site da Par\u00f3quia S\u00e3o Miguel Arcanjo (Arquidiocese de SP)\",\"publisher\":{\"@id\":\"https:\/\/www.oarcanjo.net\/site\/#organization\"},\"potentialAction\":[{\"@type\":\"SearchAction\",\"target\":{\"@type\":\"EntryPoint\",\"urlTemplate\":\"https:\/\/www.oarcanjo.net\/site\/?s={search_term_string}\"},\"query-input\":{\"@type\":\"PropertyValueSpecification\",\"valueRequired\":true,\"valueName\":\"search_term_string\"}}],\"inLanguage\":\"pt-BR\"},{\"@type\":\"Organization\",\"@id\":\"https:\/\/www.oarcanjo.net\/site\/#organization\",\"name\":\"Par\u00f3quia S\u00e3o Miguel Arcanjo\",\"url\":\"https:\/\/www.oarcanjo.net\/site\/\",\"logo\":{\"@type\":\"ImageObject\",\"inLanguage\":\"pt-BR\",\"@id\":\"https:\/\/www.oarcanjo.net\/site\/#\/schema\/logo\/image\/\",\"url\":\"https:\/\/www.oarcanjo.net\/site\/wp-content\/uploads\/LogoOArcanjo.png\",\"contentUrl\":\"https:\/\/www.oarcanjo.net\/site\/wp-content\/uploads\/LogoOArcanjo.png\",\"width\":319,\"height\":99,\"caption\":\"Par\u00f3quia S\u00e3o Miguel Arcanjo\"},\"image\":{\"@id\":\"https:\/\/www.oarcanjo.net\/site\/#\/schema\/logo\/image\/\"},\"sameAs\":[\"https:\/\/www.facebook.com\/OArcanjoNoAr\/\"]},{\"@type\":\"Person\",\"@id\":\"https:\/\/www.oarcanjo.net\/site\/#\/schema\/person\/f7024d007863202483a31326673a0838\",\"name\":\"editor\",\"sameAs\":[\"http:\/\/www.oarcanjo.net\"]}]}<\/script>\n<!-- \/ Yoast SEO plugin. -->","yoast_head_json":{"title":"Ana Maria Sala - O Arcanjo no ar","robots":{"index":"index","follow":"follow","max-snippet":"max-snippet:-1","max-image-preview":"max-image-preview:large","max-video-preview":"max-video-preview:-1"},"canonical":"https:\/\/www.oarcanjo.net\/site\/ana-maria-sala\/","og_locale":"pt_BR","og_type":"article","og_title":"Ana Maria Sala - O Arcanjo no ar","og_description":"24 de novembro Nasceu em Br\u00edvio, It\u00e1lia, em 21\/4\/1829, o quarto entre 8 filhos, de pais profundamente crist\u00e3os e de elevadas condi\u00e7\u00f5es econ\u00f4micas. Pela sua brilhante intelig\u00eancia boa disposi\u00e7\u00e3o para os estudos, com 11 anos foi internada num col\u00e9gio das irm\u00e3s Marcelinas, em Mil\u00e3o, de recente funda\u00e7\u00e3o. Em 1846 obteve o diploma de 1\u00ba grau [&hellip;]","og_url":"https:\/\/www.oarcanjo.net\/site\/ana-maria-sala\/","og_site_name":"O Arcanjo no ar","article_publisher":"https:\/\/www.facebook.com\/OArcanjoNoAr\/","article_published_time":"2009-11-24T03:37:34+00:00","article_modified_time":"2009-11-26T02:19:43+00:00","og_image":[{"width":300,"height":300,"url":"https:\/\/www.oarcanjo.net\/site\/wp-content\/uploads\/logo-o-arcanjo-no-ar-facebook.png","type":"image\/png"}],"author":"editor","twitter_card":"summary_large_image","twitter_misc":{"Escrito por":"editor","Est. tempo de leitura":"2 minutos"},"schema":{"@context":"https:\/\/schema.org","@graph":[{"@type":"Article","@id":"https:\/\/www.oarcanjo.net\/site\/ana-maria-sala\/#article","isPartOf":{"@id":"https:\/\/www.oarcanjo.net\/site\/ana-maria-sala\/"},"author":{"name":"editor","@id":"https:\/\/www.oarcanjo.net\/site\/#\/schema\/person\/f7024d007863202483a31326673a0838"},"headline":"Ana Maria Sala","datePublished":"2009-11-24T03:37:34+00:00","dateModified":"2009-11-26T02:19:43+00:00","mainEntityOfPage":{"@id":"https:\/\/www.oarcanjo.net\/site\/ana-maria-sala\/"},"wordCount":319,"commentCount":0,"publisher":{"@id":"https:\/\/www.oarcanjo.net\/site\/#organization"},"keywords":["Ana Maria Sala","Santo Andr\u00e9 Dung-Lac e companheiros"],"articleSection":["Testemunhos"],"inLanguage":"pt-BR","potentialAction":[{"@type":"CommentAction","name":"Comment","target":["https:\/\/www.oarcanjo.net\/site\/ana-maria-sala\/#respond"]}]},{"@type":"WebPage","@id":"https:\/\/www.oarcanjo.net\/site\/ana-maria-sala\/","url":"https:\/\/www.oarcanjo.net\/site\/ana-maria-sala\/","name":"Ana Maria Sala - O Arcanjo no ar","isPartOf":{"@id":"https:\/\/www.oarcanjo.net\/site\/#website"},"datePublished":"2009-11-24T03:37:34+00:00","dateModified":"2009-11-26T02:19:43+00:00","breadcrumb":{"@id":"https:\/\/www.oarcanjo.net\/site\/ana-maria-sala\/#breadcrumb"},"inLanguage":"pt-BR","potentialAction":[{"@type":"ReadAction","target":["https:\/\/www.oarcanjo.net\/site\/ana-maria-sala\/"]}]},{"@type":"BreadcrumbList","@id":"https:\/\/www.oarcanjo.net\/site\/ana-maria-sala\/#breadcrumb","itemListElement":[{"@type":"ListItem","position":1,"name":"In\u00edcio","item":"https:\/\/www.oarcanjo.net\/site\/"},{"@type":"ListItem","position":2,"name":"Ana Maria Sala"}]},{"@type":"WebSite","@id":"https:\/\/www.oarcanjo.net\/site\/#website","url":"https:\/\/www.oarcanjo.net\/site\/","name":"O Arcanjo no ar","description":"Site da Par\u00f3quia S\u00e3o Miguel Arcanjo (Arquidiocese de SP)","publisher":{"@id":"https:\/\/www.oarcanjo.net\/site\/#organization"},"potentialAction":[{"@type":"SearchAction","target":{"@type":"EntryPoint","urlTemplate":"https:\/\/www.oarcanjo.net\/site\/?s={search_term_string}"},"query-input":{"@type":"PropertyValueSpecification","valueRequired":true,"valueName":"search_term_string"}}],"inLanguage":"pt-BR"},{"@type":"Organization","@id":"https:\/\/www.oarcanjo.net\/site\/#organization","name":"Par\u00f3quia S\u00e3o Miguel Arcanjo","url":"https:\/\/www.oarcanjo.net\/site\/","logo":{"@type":"ImageObject","inLanguage":"pt-BR","@id":"https:\/\/www.oarcanjo.net\/site\/#\/schema\/logo\/image\/","url":"https:\/\/www.oarcanjo.net\/site\/wp-content\/uploads\/LogoOArcanjo.png","contentUrl":"https:\/\/www.oarcanjo.net\/site\/wp-content\/uploads\/LogoOArcanjo.png","width":319,"height":99,"caption":"Par\u00f3quia S\u00e3o Miguel Arcanjo"},"image":{"@id":"https:\/\/www.oarcanjo.net\/site\/#\/schema\/logo\/image\/"},"sameAs":["https:\/\/www.facebook.com\/OArcanjoNoAr\/"]},{"@type":"Person","@id":"https:\/\/www.oarcanjo.net\/site\/#\/schema\/person\/f7024d007863202483a31326673a0838","name":"editor","sameAs":["http:\/\/www.oarcanjo.net"]}]}},"publishpress_future_action":{"enabled":false,"date":"2026-05-07 14:33:05","action":"category","newStatus":"draft","terms":[],"taxonomy":"category"},"publishpress_future_workflow_manual_trigger":{"enabledWorkflows":[]},"_links":{"self":[{"href":"https:\/\/www.oarcanjo.net\/site\/wp-json\/wp\/v2\/posts\/6156"}],"collection":[{"href":"https:\/\/www.oarcanjo.net\/site\/wp-json\/wp\/v2\/posts"}],"about":[{"href":"https:\/\/www.oarcanjo.net\/site\/wp-json\/wp\/v2\/types\/post"}],"author":[{"embeddable":true,"href":"https:\/\/www.oarcanjo.net\/site\/wp-json\/wp\/v2\/users\/5"}],"replies":[{"embeddable":true,"href":"https:\/\/www.oarcanjo.net\/site\/wp-json\/wp\/v2\/comments?post=6156"}],"version-history":[{"count":0,"href":"https:\/\/www.oarcanjo.net\/site\/wp-json\/wp\/v2\/posts\/6156\/revisions"}],"wp:attachment":[{"href":"https:\/\/www.oarcanjo.net\/site\/wp-json\/wp\/v2\/media?parent=6156"}],"wp:term":[{"taxonomy":"category","embeddable":true,"href":"https:\/\/www.oarcanjo.net\/site\/wp-json\/wp\/v2\/categories?post=6156"},{"taxonomy":"post_tag","embeddable":true,"href":"https:\/\/www.oarcanjo.net\/site\/wp-json\/wp\/v2\/tags?post=6156"}],"curies":[{"name":"wp","href":"https:\/\/api.w.org\/{rel}","templated":true}]}}