
{"id":61648,"date":"2015-05-17T21:55:41","date_gmt":"2015-05-18T00:55:41","guid":{"rendered":"http:\/\/www.oarcanjo.net\/site\/?p=61648"},"modified":"2015-05-18T09:18:24","modified_gmt":"2015-05-18T12:18:24","slug":"1a-eucaristia","status":"publish","type":"post","link":"https:\/\/www.oarcanjo.net\/site\/1a-eucaristia\/","title":{"rendered":"1\u00aa Eucaristia"},"content":{"rendered":"<p style=\"text-align: justify;\">Na manh\u00e3 de domingo, 17 de maio, as crian\u00e7as que estavam na catequese receberam na Capela S\u00e3o Judas a 1\u00aa Comunh\u00e3o das m\u00e3os do Pe. J\u00falio, que j\u00e1 delegou tarefas aos jovens: Participar ativamente da celebra\u00e7\u00e3o de Pentecostes no pr\u00f3ximo domingo e fazer uma bela cerim\u00f4nia de Coroa\u00e7\u00e3o de Nossa Senhora no dia 31\/05 na missa das 10h.<\/p>\n<p style=\"text-align: justify;\"><a href=\"http:\/\/www.oarcanjo.net\/site\/wp-content\/uploads\/20150517_104738.jpg\"><img loading=\"lazy\" decoding=\"async\" class=\"alignleft size-medium wp-image-61649\" src=\"http:\/\/www.oarcanjo.net\/site\/wp-content\/uploads\/20150517_104738-180x300.jpg\" alt=\"20150517_104738\" width=\"180\" height=\"300\" srcset=\"https:\/\/www.oarcanjo.net\/site\/wp-content\/uploads\/20150517_104738-180x300.jpg 180w, https:\/\/www.oarcanjo.net\/site\/wp-content\/uploads\/20150517_104738-614x1024.jpg 614w, https:\/\/www.oarcanjo.net\/site\/wp-content\/uploads\/20150517_104738.jpg 1536w\" sizes=\"(max-width: 180px) 100vw, 180px\" \/><\/a> <a href=\"http:\/\/www.oarcanjo.net\/site\/wp-content\/uploads\/20150517_105342.jpg\"><img loading=\"lazy\" decoding=\"async\" class=\"alignleft size-medium wp-image-61650\" src=\"http:\/\/www.oarcanjo.net\/site\/wp-content\/uploads\/20150517_105342-180x300.jpg\" alt=\"20150517_105342\" width=\"180\" height=\"300\" srcset=\"https:\/\/www.oarcanjo.net\/site\/wp-content\/uploads\/20150517_105342-180x300.jpg 180w, https:\/\/www.oarcanjo.net\/site\/wp-content\/uploads\/20150517_105342-614x1024.jpg 614w, https:\/\/www.oarcanjo.net\/site\/wp-content\/uploads\/20150517_105342.jpg 1536w\" sizes=\"(max-width: 180px) 100vw, 180px\" \/><\/a> <a href=\"http:\/\/www.oarcanjo.net\/site\/wp-content\/uploads\/20150517_105406.jpg\"><img loading=\"lazy\" decoding=\"async\" class=\"alignleft size-medium wp-image-61651\" src=\"http:\/\/www.oarcanjo.net\/site\/wp-content\/uploads\/20150517_105406-180x300.jpg\" alt=\"20150517_105406\" width=\"180\" height=\"300\" srcset=\"https:\/\/www.oarcanjo.net\/site\/wp-content\/uploads\/20150517_105406-180x300.jpg 180w, https:\/\/www.oarcanjo.net\/site\/wp-content\/uploads\/20150517_105406-614x1024.jpg 614w, https:\/\/www.oarcanjo.net\/site\/wp-content\/uploads\/20150517_105406.jpg 1536w\" sizes=\"(max-width: 180px) 100vw, 180px\" \/><\/a> <a href=\"http:\/\/www.oarcanjo.net\/site\/wp-content\/uploads\/20150517_105430.jpg\"><img loading=\"lazy\" decoding=\"async\" class=\"alignleft size-medium wp-image-61652\" src=\"http:\/\/www.oarcanjo.net\/site\/wp-content\/uploads\/20150517_105430-300x180.jpg\" alt=\"20150517_105430\" width=\"300\" height=\"180\" srcset=\"https:\/\/www.oarcanjo.net\/site\/wp-content\/uploads\/20150517_105430-300x180.jpg 300w, https:\/\/www.oarcanjo.net\/site\/wp-content\/uploads\/20150517_105430-1024x614.jpg 1024w\" sizes=\"(max-width: 300px) 100vw, 300px\" \/><\/a> <a href=\"http:\/\/www.oarcanjo.net\/site\/wp-content\/uploads\/20150517_105447.jpg\"><img loading=\"lazy\" decoding=\"async\" class=\"alignleft size-medium wp-image-61653\" src=\"http:\/\/www.oarcanjo.net\/site\/wp-content\/uploads\/20150517_105447-300x180.jpg\" alt=\"20150517_105447\" width=\"300\" height=\"180\" srcset=\"https:\/\/www.oarcanjo.net\/site\/wp-content\/uploads\/20150517_105447-300x180.jpg 300w, https:\/\/www.oarcanjo.net\/site\/wp-content\/uploads\/20150517_105447-1024x614.jpg 1024w\" sizes=\"(max-width: 300px) 100vw, 300px\" \/><\/a> <a href=\"http:\/\/www.oarcanjo.net\/site\/wp-content\/uploads\/20150517_105458.jpg\"><img loading=\"lazy\" decoding=\"async\" class=\"alignleft size-medium wp-image-61654\" src=\"http:\/\/www.oarcanjo.net\/site\/wp-content\/uploads\/20150517_105458-300x180.jpg\" alt=\"20150517_105458\" width=\"300\" height=\"180\" srcset=\"https:\/\/www.oarcanjo.net\/site\/wp-content\/uploads\/20150517_105458-300x180.jpg 300w, https:\/\/www.oarcanjo.net\/site\/wp-content\/uploads\/20150517_105458-1024x614.jpg 1024w\" sizes=\"(max-width: 300px) 100vw, 300px\" \/><\/a> <a href=\"http:\/\/www.oarcanjo.net\/site\/wp-content\/uploads\/20150517_111740.jpg\"><img loading=\"lazy\" decoding=\"async\" class=\"alignleft size-medium wp-image-61655\" src=\"http:\/\/www.oarcanjo.net\/site\/wp-content\/uploads\/20150517_111740-300x180.jpg\" alt=\"20150517_111740\" width=\"300\" height=\"180\" srcset=\"https:\/\/www.oarcanjo.net\/site\/wp-content\/uploads\/20150517_111740-300x180.jpg 300w, https:\/\/www.oarcanjo.net\/site\/wp-content\/uploads\/20150517_111740-1024x614.jpg 1024w\" sizes=\"(max-width: 300px) 100vw, 300px\" \/><\/a><\/p>\n<div id=\"themify_builder_content-61648\" data-postid=\"61648\" class=\"themify_builder_content themify_builder_content-61648 themify_builder themify_builder_front\">\n\t<\/div>\n<!-- \/themify_builder_content -->","protected":false},"excerpt":{"rendered":"<p>Crian\u00e7as que estavam na catequese receberam a 1\u00aa Comunh\u00e3o das m\u00e3os do Pe. J\u00falio no domingo, 17 de maio. A celebra\u00e7\u00e3o foi na capela da Universidade S\u00e3o Judas Tadeu.<\/p>\n","protected":false},"author":15,"featured_media":0,"comment_status":"open","ping_status":"open","sticky":false,"template":"","format":"standard","meta":{"ngg_post_thumbnail":0,"footnotes":""},"categories":[8,7],"tags":[],"yoast_head":"<!-- This site is optimized with the Yoast SEO plugin v23.5 - https:\/\/yoast.com\/wordpress\/plugins\/seo\/ -->\n<title>1\u00aa Eucaristia - O Arcanjo no ar<\/title>\n<meta name=\"robots\" content=\"index, follow, max-snippet:-1, max-image-preview:large, max-video-preview:-1\" \/>\n<link rel=\"canonical\" href=\"https:\/\/www.oarcanjo.net\/site\/1a-eucaristia\/\" \/>\n<meta property=\"og:locale\" content=\"pt_BR\" \/>\n<meta property=\"og:type\" content=\"article\" \/>\n<meta property=\"og:title\" content=\"1\u00aa Eucaristia - O Arcanjo no ar\" \/>\n<meta property=\"og:description\" content=\"Crian\u00e7as que estavam na catequese receberam a 1\u00aa Comunh\u00e3o das m\u00e3os do Pe. J\u00falio no domingo, 17 de maio. A celebra\u00e7\u00e3o foi na capela da Universidade S\u00e3o Judas Tadeu.\" \/>\n<meta property=\"og:url\" content=\"https:\/\/www.oarcanjo.net\/site\/1a-eucaristia\/\" \/>\n<meta property=\"og:site_name\" content=\"O Arcanjo no ar\" \/>\n<meta property=\"article:publisher\" content=\"https:\/\/www.facebook.com\/OArcanjoNoAr\/\" \/>\n<meta property=\"article:published_time\" content=\"2015-05-18T00:55:41+00:00\" \/>\n<meta property=\"article:modified_time\" content=\"2015-05-18T12:18:24+00:00\" \/>\n<meta property=\"og:image\" content=\"http:\/\/www.oarcanjo.net\/site\/wp-content\/uploads\/20150517_104738-180x300.jpg\" \/>\n<meta name=\"author\" content=\"Alexandre Nunes\" \/>\n<meta name=\"twitter:card\" content=\"summary_large_image\" \/>\n<meta name=\"twitter:label1\" content=\"Escrito por\" \/>\n\t<meta name=\"twitter:data1\" content=\"Alexandre Nunes\" \/>\n<script type=\"application\/ld+json\" class=\"yoast-schema-graph\">{\"@context\":\"https:\/\/schema.org\",\"@graph\":[{\"@type\":\"Article\",\"@id\":\"https:\/\/www.oarcanjo.net\/site\/1a-eucaristia\/#article\",\"isPartOf\":{\"@id\":\"https:\/\/www.oarcanjo.net\/site\/1a-eucaristia\/\"},\"author\":{\"name\":\"Alexandre Nunes\",\"@id\":\"https:\/\/www.oarcanjo.net\/site\/#\/schema\/person\/0a2ae077c1a09b69d29928e3b9f1c0d1\"},\"headline\":\"1\u00aa Eucaristia\",\"datePublished\":\"2015-05-18T00:55:41+00:00\",\"dateModified\":\"2015-05-18T12:18:24+00:00\",\"mainEntityOfPage\":{\"@id\":\"https:\/\/www.oarcanjo.net\/site\/1a-eucaristia\/\"},\"wordCount\":65,\"commentCount\":0,\"publisher\":{\"@id\":\"https:\/\/www.oarcanjo.net\/site\/#organization\"},\"image\":{\"@id\":\"https:\/\/www.oarcanjo.net\/site\/1a-eucaristia\/#primaryimage\"},\"thumbnailUrl\":\"http:\/\/www.oarcanjo.net\/site\/wp-content\/uploads\/20150517_104738-180x300.jpg\",\"articleSection\":[\"Not\u00edcias\",\"Rosto da comunidade\"],\"inLanguage\":\"pt-BR\",\"potentialAction\":[{\"@type\":\"CommentAction\",\"name\":\"Comment\",\"target\":[\"https:\/\/www.oarcanjo.net\/site\/1a-eucaristia\/#respond\"]}]},{\"@type\":\"WebPage\",\"@id\":\"https:\/\/www.oarcanjo.net\/site\/1a-eucaristia\/\",\"url\":\"https:\/\/www.oarcanjo.net\/site\/1a-eucaristia\/\",\"name\":\"1\u00aa Eucaristia - O Arcanjo no ar\",\"isPartOf\":{\"@id\":\"https:\/\/www.oarcanjo.net\/site\/#website\"},\"primaryImageOfPage\":{\"@id\":\"https:\/\/www.oarcanjo.net\/site\/1a-eucaristia\/#primaryimage\"},\"image\":{\"@id\":\"https:\/\/www.oarcanjo.net\/site\/1a-eucaristia\/#primaryimage\"},\"thumbnailUrl\":\"http:\/\/www.oarcanjo.net\/site\/wp-content\/uploads\/20150517_104738-180x300.jpg\",\"datePublished\":\"2015-05-18T00:55:41+00:00\",\"dateModified\":\"2015-05-18T12:18:24+00:00\",\"breadcrumb\":{\"@id\":\"https:\/\/www.oarcanjo.net\/site\/1a-eucaristia\/#breadcrumb\"},\"inLanguage\":\"pt-BR\",\"potentialAction\":[{\"@type\":\"ReadAction\",\"target\":[\"https:\/\/www.oarcanjo.net\/site\/1a-eucaristia\/\"]}]},{\"@type\":\"ImageObject\",\"inLanguage\":\"pt-BR\",\"@id\":\"https:\/\/www.oarcanjo.net\/site\/1a-eucaristia\/#primaryimage\",\"url\":\"https:\/\/www.oarcanjo.net\/site\/wp-content\/uploads\/20150517_104738.jpg\",\"contentUrl\":\"https:\/\/www.oarcanjo.net\/site\/wp-content\/uploads\/20150517_104738.jpg\",\"width\":1536,\"height\":2560},{\"@type\":\"BreadcrumbList\",\"@id\":\"https:\/\/www.oarcanjo.net\/site\/1a-eucaristia\/#breadcrumb\",\"itemListElement\":[{\"@type\":\"ListItem\",\"position\":1,\"name\":\"In\u00edcio\",\"item\":\"https:\/\/www.oarcanjo.net\/site\/\"},{\"@type\":\"ListItem\",\"position\":2,\"name\":\"1\u00aa Eucaristia\"}]},{\"@type\":\"WebSite\",\"@id\":\"https:\/\/www.oarcanjo.net\/site\/#website\",\"url\":\"https:\/\/www.oarcanjo.net\/site\/\",\"name\":\"O Arcanjo no ar\",\"description\":\"Site da Par\u00f3quia S\u00e3o Miguel Arcanjo (Arquidiocese de SP)\",\"publisher\":{\"@id\":\"https:\/\/www.oarcanjo.net\/site\/#organization\"},\"potentialAction\":[{\"@type\":\"SearchAction\",\"target\":{\"@type\":\"EntryPoint\",\"urlTemplate\":\"https:\/\/www.oarcanjo.net\/site\/?s={search_term_string}\"},\"query-input\":{\"@type\":\"PropertyValueSpecification\",\"valueRequired\":true,\"valueName\":\"search_term_string\"}}],\"inLanguage\":\"pt-BR\"},{\"@type\":\"Organization\",\"@id\":\"https:\/\/www.oarcanjo.net\/site\/#organization\",\"name\":\"Par\u00f3quia S\u00e3o Miguel Arcanjo\",\"url\":\"https:\/\/www.oarcanjo.net\/site\/\",\"logo\":{\"@type\":\"ImageObject\",\"inLanguage\":\"pt-BR\",\"@id\":\"https:\/\/www.oarcanjo.net\/site\/#\/schema\/logo\/image\/\",\"url\":\"https:\/\/www.oarcanjo.net\/site\/wp-content\/uploads\/LogoOArcanjo.png\",\"contentUrl\":\"https:\/\/www.oarcanjo.net\/site\/wp-content\/uploads\/LogoOArcanjo.png\",\"width\":319,\"height\":99,\"caption\":\"Par\u00f3quia S\u00e3o Miguel Arcanjo\"},\"image\":{\"@id\":\"https:\/\/www.oarcanjo.net\/site\/#\/schema\/logo\/image\/\"},\"sameAs\":[\"https:\/\/www.facebook.com\/OArcanjoNoAr\/\"]},{\"@type\":\"Person\",\"@id\":\"https:\/\/www.oarcanjo.net\/site\/#\/schema\/person\/0a2ae077c1a09b69d29928e3b9f1c0d1\",\"name\":\"Alexandre Nunes\",\"sameAs\":[\"http:\/\/alexandrenu.com\"]}]}<\/script>\n<!-- \/ Yoast SEO plugin. -->","yoast_head_json":{"title":"1\u00aa Eucaristia - O Arcanjo no ar","robots":{"index":"index","follow":"follow","max-snippet":"max-snippet:-1","max-image-preview":"max-image-preview:large","max-video-preview":"max-video-preview:-1"},"canonical":"https:\/\/www.oarcanjo.net\/site\/1a-eucaristia\/","og_locale":"pt_BR","og_type":"article","og_title":"1\u00aa Eucaristia - O Arcanjo no ar","og_description":"Crian\u00e7as que estavam na catequese receberam a 1\u00aa Comunh\u00e3o das m\u00e3os do Pe. J\u00falio no domingo, 17 de maio. A celebra\u00e7\u00e3o foi na capela da Universidade S\u00e3o Judas Tadeu.","og_url":"https:\/\/www.oarcanjo.net\/site\/1a-eucaristia\/","og_site_name":"O Arcanjo no ar","article_publisher":"https:\/\/www.facebook.com\/OArcanjoNoAr\/","article_published_time":"2015-05-18T00:55:41+00:00","article_modified_time":"2015-05-18T12:18:24+00:00","og_image":[{"url":"http:\/\/www.oarcanjo.net\/site\/wp-content\/uploads\/20150517_104738-180x300.jpg"}],"author":"Alexandre Nunes","twitter_card":"summary_large_image","twitter_misc":{"Escrito por":"Alexandre Nunes"},"schema":{"@context":"https:\/\/schema.org","@graph":[{"@type":"Article","@id":"https:\/\/www.oarcanjo.net\/site\/1a-eucaristia\/#article","isPartOf":{"@id":"https:\/\/www.oarcanjo.net\/site\/1a-eucaristia\/"},"author":{"name":"Alexandre Nunes","@id":"https:\/\/www.oarcanjo.net\/site\/#\/schema\/person\/0a2ae077c1a09b69d29928e3b9f1c0d1"},"headline":"1\u00aa Eucaristia","datePublished":"2015-05-18T00:55:41+00:00","dateModified":"2015-05-18T12:18:24+00:00","mainEntityOfPage":{"@id":"https:\/\/www.oarcanjo.net\/site\/1a-eucaristia\/"},"wordCount":65,"commentCount":0,"publisher":{"@id":"https:\/\/www.oarcanjo.net\/site\/#organization"},"image":{"@id":"https:\/\/www.oarcanjo.net\/site\/1a-eucaristia\/#primaryimage"},"thumbnailUrl":"http:\/\/www.oarcanjo.net\/site\/wp-content\/uploads\/20150517_104738-180x300.jpg","articleSection":["Not\u00edcias","Rosto da comunidade"],"inLanguage":"pt-BR","potentialAction":[{"@type":"CommentAction","name":"Comment","target":["https:\/\/www.oarcanjo.net\/site\/1a-eucaristia\/#respond"]}]},{"@type":"WebPage","@id":"https:\/\/www.oarcanjo.net\/site\/1a-eucaristia\/","url":"https:\/\/www.oarcanjo.net\/site\/1a-eucaristia\/","name":"1\u00aa Eucaristia - O Arcanjo no ar","isPartOf":{"@id":"https:\/\/www.oarcanjo.net\/site\/#website"},"primaryImageOfPage":{"@id":"https:\/\/www.oarcanjo.net\/site\/1a-eucaristia\/#primaryimage"},"image":{"@id":"https:\/\/www.oarcanjo.net\/site\/1a-eucaristia\/#primaryimage"},"thumbnailUrl":"http:\/\/www.oarcanjo.net\/site\/wp-content\/uploads\/20150517_104738-180x300.jpg","datePublished":"2015-05-18T00:55:41+00:00","dateModified":"2015-05-18T12:18:24+00:00","breadcrumb":{"@id":"https:\/\/www.oarcanjo.net\/site\/1a-eucaristia\/#breadcrumb"},"inLanguage":"pt-BR","potentialAction":[{"@type":"ReadAction","target":["https:\/\/www.oarcanjo.net\/site\/1a-eucaristia\/"]}]},{"@type":"ImageObject","inLanguage":"pt-BR","@id":"https:\/\/www.oarcanjo.net\/site\/1a-eucaristia\/#primaryimage","url":"https:\/\/www.oarcanjo.net\/site\/wp-content\/uploads\/20150517_104738.jpg","contentUrl":"https:\/\/www.oarcanjo.net\/site\/wp-content\/uploads\/20150517_104738.jpg","width":1536,"height":2560},{"@type":"BreadcrumbList","@id":"https:\/\/www.oarcanjo.net\/site\/1a-eucaristia\/#breadcrumb","itemListElement":[{"@type":"ListItem","position":1,"name":"In\u00edcio","item":"https:\/\/www.oarcanjo.net\/site\/"},{"@type":"ListItem","position":2,"name":"1\u00aa Eucaristia"}]},{"@type":"WebSite","@id":"https:\/\/www.oarcanjo.net\/site\/#website","url":"https:\/\/www.oarcanjo.net\/site\/","name":"O Arcanjo no ar","description":"Site da Par\u00f3quia S\u00e3o Miguel Arcanjo (Arquidiocese de SP)","publisher":{"@id":"https:\/\/www.oarcanjo.net\/site\/#organization"},"potentialAction":[{"@type":"SearchAction","target":{"@type":"EntryPoint","urlTemplate":"https:\/\/www.oarcanjo.net\/site\/?s={search_term_string}"},"query-input":{"@type":"PropertyValueSpecification","valueRequired":true,"valueName":"search_term_string"}}],"inLanguage":"pt-BR"},{"@type":"Organization","@id":"https:\/\/www.oarcanjo.net\/site\/#organization","name":"Par\u00f3quia S\u00e3o Miguel Arcanjo","url":"https:\/\/www.oarcanjo.net\/site\/","logo":{"@type":"ImageObject","inLanguage":"pt-BR","@id":"https:\/\/www.oarcanjo.net\/site\/#\/schema\/logo\/image\/","url":"https:\/\/www.oarcanjo.net\/site\/wp-content\/uploads\/LogoOArcanjo.png","contentUrl":"https:\/\/www.oarcanjo.net\/site\/wp-content\/uploads\/LogoOArcanjo.png","width":319,"height":99,"caption":"Par\u00f3quia S\u00e3o Miguel Arcanjo"},"image":{"@id":"https:\/\/www.oarcanjo.net\/site\/#\/schema\/logo\/image\/"},"sameAs":["https:\/\/www.facebook.com\/OArcanjoNoAr\/"]},{"@type":"Person","@id":"https:\/\/www.oarcanjo.net\/site\/#\/schema\/person\/0a2ae077c1a09b69d29928e3b9f1c0d1","name":"Alexandre Nunes","sameAs":["http:\/\/alexandrenu.com"]}]}},"publishpress_future_action":{"enabled":false,"date":"2026-05-09 07:56:00","action":"category","newStatus":"draft","terms":[],"taxonomy":"category"},"publishpress_future_workflow_manual_trigger":{"enabledWorkflows":[]},"_links":{"self":[{"href":"https:\/\/www.oarcanjo.net\/site\/wp-json\/wp\/v2\/posts\/61648"}],"collection":[{"href":"https:\/\/www.oarcanjo.net\/site\/wp-json\/wp\/v2\/posts"}],"about":[{"href":"https:\/\/www.oarcanjo.net\/site\/wp-json\/wp\/v2\/types\/post"}],"author":[{"embeddable":true,"href":"https:\/\/www.oarcanjo.net\/site\/wp-json\/wp\/v2\/users\/15"}],"replies":[{"embeddable":true,"href":"https:\/\/www.oarcanjo.net\/site\/wp-json\/wp\/v2\/comments?post=61648"}],"version-history":[{"count":0,"href":"https:\/\/www.oarcanjo.net\/site\/wp-json\/wp\/v2\/posts\/61648\/revisions"}],"wp:attachment":[{"href":"https:\/\/www.oarcanjo.net\/site\/wp-json\/wp\/v2\/media?parent=61648"}],"wp:term":[{"taxonomy":"category","embeddable":true,"href":"https:\/\/www.oarcanjo.net\/site\/wp-json\/wp\/v2\/categories?post=61648"},{"taxonomy":"post_tag","embeddable":true,"href":"https:\/\/www.oarcanjo.net\/site\/wp-json\/wp\/v2\/tags?post=61648"}],"curies":[{"name":"wp","href":"https:\/\/api.w.org\/{rel}","templated":true}]}}