
{"id":6166,"date":"2009-11-25T02:39:10","date_gmt":"2009-11-25T05:39:10","guid":{"rendered":"http:\/\/www.oarcanjo.net\/site\/?p=6166"},"modified":"2009-11-25T23:16:05","modified_gmt":"2009-11-26T02:16:05","slug":"sao-pedro-de-alexandria","status":"publish","type":"post","link":"https:\/\/www.oarcanjo.net\/site\/sao-pedro-de-alexandria\/","title":{"rendered":"S\u00e3o Pedro de Alexandria"},"content":{"rendered":"<p><strong>25 de novembro<\/strong><\/p>\n<p>O s\u00e9culo III talvez tenha sido o mais tr\u00e1gico palco em que se desenrolou o drama da persegui\u00e7\u00e3o e exterm\u00ednio de crist\u00e3os. O vil\u00e3o desse drama era o imperador romano, tirano, cruel e violento. Defender o cristianismo, naqueles tempos, era atrair para si a ira dos poderosos, no m\u00ednimo a pris\u00e3o e o trabalho escravo, quando n\u00e3o o ex\u00edlio e, quase sempre, a morte. E assim, como o Povo de Deus nunca temeu sacrificar-se em nome da f\u00e9 em seu Redentor, foi um tempo em que floresceram milhares de m\u00e1rtires.<\/p>\n<p>Figuras da maior relev\u00e2ncia pela intelig\u00eancia, cultura e santidade perderam a vida em defesa de sua f\u00e9 crist\u00e3, combatendo a ignor\u00e2ncia pag\u00e3, instrumento de dom\u00ednio dos mandantes. Uma delas foi Pedro, patriarca de Alexandria, que foi consagrado no ano 300. Era admirado por todos de seu tempo, por seu vasto saber cient\u00edfico e filos\u00f3fico e pelo profundo conhecimento das Sagradas Escrituras.<\/p>\n<p>Sob sua responsabilidade estavam as igrejas do Egito, da Tebaida e da L\u00edbia, todos territ\u00f3rios de muita persegui\u00e7\u00e3o ao seu rebanho. Mas quanto maior o perigo, mais firmeza demonstrava Pedro. Consolava os perseguidos, acolhia e protegia os que mais sofriam, dava exemplos di\u00e1rios de coragem e perseveran\u00e7a.<\/p>\n<p>Por\u00e9m o patriarca Pedro n\u00e3o enfrentou somente as feras do paganismo. Tamb\u00e9m teve de lutar contra as for\u00e7as opositoras que surgiram dentro da pr\u00f3pria Igreja crist\u00e3, corroendo-a internamente. Enfrentou tudo com toler\u00e2ncia e benevol\u00eancia, mas com firmeza. Apenas exigiu que os bispos vivessem com o mesmo rigor a f\u00e9 crist\u00e3 e a mesma retid\u00e3o de car\u00e1ter e disciplina de vida que ele pr\u00f3prio se impunha, n\u00e3o almejando, apenas, posi\u00e7\u00e3o e os bens materiais. Os bispos Mel\u00e9cio e \u00c1rio logo come\u00e7aram um movimento radical contra ele, visando o seu afastamento e o seu posto episcopal. Pedro, ent\u00e3o, convocou um Conc\u00edlio e ambos foram afastados da Igreja. A\u00ed come\u00e7ou a verdadeira guerra contra o patriarca.<\/p>\n<p>Os dois bispos negaram-se a reconhecer o poder do Conc\u00edlio, continuaram suas atividades episcopais e, em repres\u00e1lia, passaram a pregar contra a Igreja. Isso causou um cisma na Igreja, isto \u00e9, uma divis\u00e3o que durou cento e cinq\u00fcenta anos e que ficou conhecido como o &#8220;Cisma Meleciano&#8221;. Ent\u00e3o, denunciado por \u00c1rio, Pedro acabou preso e condenado \u00e0 morte. Ali\u00e1s, o imperador aproveitou-se da situa\u00e7\u00e3o para eliminar aquela inc\u00f4moda lideran\u00e7a e autoridade cat\u00f3lica.<\/p>\n<p>A antiga tradi\u00e7\u00e3o diz que, na v\u00e9spera da execu\u00e7\u00e3o, Cristo apareceu-lhe numa vis\u00e3o, na forma de um menino que tinha a t\u00fanica rasgada de alto a baixo. Disse-lhe que o respons\u00e1vel por aquilo era \u00c1rio, que dividira sua Igreja ao meio. Assim, antes de morrer, ele viu sua doutrina confirmada. Foi decapitado em 25 de novembro de 311 por opor-se ao cisma de Mel\u00e9cio e pela f\u00e9 em Cristo.<\/p>\n<p><strong>Outra Santa desta data:<\/strong><\/p>\n<p><a title=\"Santa Catarina de Alexandria\" href=\"http:\/\/www.oarcanjo.net\/site\/index.php\/testemunhos\/santa-catarina-de-alexandria\" target=\"_self\">Santa Catarina de Alexandria<\/a>.<\/p>\n<p><em>Colabora\u00e7\u00e3o de Danilo Santana<\/em><\/p>\n<div id=\"themify_builder_content-6166\" data-postid=\"6166\" class=\"themify_builder_content themify_builder_content-6166 themify_builder themify_builder_front\">\n\t<\/div>\n<!-- \/themify_builder_content -->","protected":false},"excerpt":{"rendered":"<p>25 de novembro O s\u00e9culo III talvez tenha sido o mais tr\u00e1gico palco em que se desenrolou o drama da persegui\u00e7\u00e3o e exterm\u00ednio de crist\u00e3os. O vil\u00e3o desse drama era o imperador romano, tirano, cruel e violento. Defender o cristianismo, naqueles tempos, era atrair para si a ira dos poderosos, no m\u00ednimo a pris\u00e3o e [&hellip;]<\/p>\n","protected":false},"author":5,"featured_media":0,"comment_status":"open","ping_status":"open","sticky":false,"template":"","format":"standard","meta":{"ngg_post_thumbnail":0,"footnotes":""},"categories":[186],"tags":[1292,1293],"yoast_head":"<!-- This site is optimized with the Yoast SEO plugin v23.5 - https:\/\/yoast.com\/wordpress\/plugins\/seo\/ -->\n<title>S\u00e3o Pedro de Alexandria - O Arcanjo no ar<\/title>\n<meta name=\"robots\" content=\"index, follow, max-snippet:-1, max-image-preview:large, max-video-preview:-1\" \/>\n<link rel=\"canonical\" href=\"https:\/\/www.oarcanjo.net\/site\/sao-pedro-de-alexandria\/\" \/>\n<meta property=\"og:locale\" content=\"pt_BR\" \/>\n<meta property=\"og:type\" content=\"article\" \/>\n<meta property=\"og:title\" content=\"S\u00e3o Pedro de Alexandria - O Arcanjo no ar\" \/>\n<meta property=\"og:description\" content=\"25 de novembro O s\u00e9culo III talvez tenha sido o mais tr\u00e1gico palco em que se desenrolou o drama da persegui\u00e7\u00e3o e exterm\u00ednio de crist\u00e3os. O vil\u00e3o desse drama era o imperador romano, tirano, cruel e violento. Defender o cristianismo, naqueles tempos, era atrair para si a ira dos poderosos, no m\u00ednimo a pris\u00e3o e [&hellip;]\" \/>\n<meta property=\"og:url\" content=\"https:\/\/www.oarcanjo.net\/site\/sao-pedro-de-alexandria\/\" \/>\n<meta property=\"og:site_name\" content=\"O Arcanjo no ar\" \/>\n<meta property=\"article:publisher\" content=\"https:\/\/www.facebook.com\/OArcanjoNoAr\/\" \/>\n<meta property=\"article:published_time\" content=\"2009-11-25T05:39:10+00:00\" \/>\n<meta property=\"article:modified_time\" content=\"2009-11-26T02:16:05+00:00\" \/>\n<meta property=\"og:image\" content=\"https:\/\/www.oarcanjo.net\/site\/wp-content\/uploads\/logo-o-arcanjo-no-ar-facebook.png\" \/>\n\t<meta property=\"og:image:width\" content=\"300\" \/>\n\t<meta property=\"og:image:height\" content=\"300\" \/>\n\t<meta property=\"og:image:type\" content=\"image\/png\" \/>\n<meta name=\"author\" content=\"editor\" \/>\n<meta name=\"twitter:card\" content=\"summary_large_image\" \/>\n<meta name=\"twitter:label1\" content=\"Escrito por\" \/>\n\t<meta name=\"twitter:data1\" content=\"editor\" \/>\n\t<meta name=\"twitter:label2\" content=\"Est. tempo de leitura\" \/>\n\t<meta name=\"twitter:data2\" content=\"3 minutos\" \/>\n<script type=\"application\/ld+json\" class=\"yoast-schema-graph\">{\"@context\":\"https:\/\/schema.org\",\"@graph\":[{\"@type\":\"Article\",\"@id\":\"https:\/\/www.oarcanjo.net\/site\/sao-pedro-de-alexandria\/#article\",\"isPartOf\":{\"@id\":\"https:\/\/www.oarcanjo.net\/site\/sao-pedro-de-alexandria\/\"},\"author\":{\"name\":\"editor\",\"@id\":\"https:\/\/www.oarcanjo.net\/site\/#\/schema\/person\/f7024d007863202483a31326673a0838\"},\"headline\":\"S\u00e3o Pedro de Alexandria\",\"datePublished\":\"2009-11-25T05:39:10+00:00\",\"dateModified\":\"2009-11-26T02:16:05+00:00\",\"mainEntityOfPage\":{\"@id\":\"https:\/\/www.oarcanjo.net\/site\/sao-pedro-de-alexandria\/\"},\"wordCount\":523,\"commentCount\":0,\"publisher\":{\"@id\":\"https:\/\/www.oarcanjo.net\/site\/#organization\"},\"keywords\":[\"Santa Catarina de Alexandria\",\"S\u00e3o Pedro de Alexandria\"],\"articleSection\":[\"Testemunhos\"],\"inLanguage\":\"pt-BR\",\"potentialAction\":[{\"@type\":\"CommentAction\",\"name\":\"Comment\",\"target\":[\"https:\/\/www.oarcanjo.net\/site\/sao-pedro-de-alexandria\/#respond\"]}]},{\"@type\":\"WebPage\",\"@id\":\"https:\/\/www.oarcanjo.net\/site\/sao-pedro-de-alexandria\/\",\"url\":\"https:\/\/www.oarcanjo.net\/site\/sao-pedro-de-alexandria\/\",\"name\":\"S\u00e3o Pedro de Alexandria - O Arcanjo no ar\",\"isPartOf\":{\"@id\":\"https:\/\/www.oarcanjo.net\/site\/#website\"},\"datePublished\":\"2009-11-25T05:39:10+00:00\",\"dateModified\":\"2009-11-26T02:16:05+00:00\",\"breadcrumb\":{\"@id\":\"https:\/\/www.oarcanjo.net\/site\/sao-pedro-de-alexandria\/#breadcrumb\"},\"inLanguage\":\"pt-BR\",\"potentialAction\":[{\"@type\":\"ReadAction\",\"target\":[\"https:\/\/www.oarcanjo.net\/site\/sao-pedro-de-alexandria\/\"]}]},{\"@type\":\"BreadcrumbList\",\"@id\":\"https:\/\/www.oarcanjo.net\/site\/sao-pedro-de-alexandria\/#breadcrumb\",\"itemListElement\":[{\"@type\":\"ListItem\",\"position\":1,\"name\":\"In\u00edcio\",\"item\":\"https:\/\/www.oarcanjo.net\/site\/\"},{\"@type\":\"ListItem\",\"position\":2,\"name\":\"S\u00e3o Pedro de Alexandria\"}]},{\"@type\":\"WebSite\",\"@id\":\"https:\/\/www.oarcanjo.net\/site\/#website\",\"url\":\"https:\/\/www.oarcanjo.net\/site\/\",\"name\":\"O Arcanjo no ar\",\"description\":\"Site da Par\u00f3quia S\u00e3o Miguel Arcanjo (Arquidiocese de SP)\",\"publisher\":{\"@id\":\"https:\/\/www.oarcanjo.net\/site\/#organization\"},\"potentialAction\":[{\"@type\":\"SearchAction\",\"target\":{\"@type\":\"EntryPoint\",\"urlTemplate\":\"https:\/\/www.oarcanjo.net\/site\/?s={search_term_string}\"},\"query-input\":{\"@type\":\"PropertyValueSpecification\",\"valueRequired\":true,\"valueName\":\"search_term_string\"}}],\"inLanguage\":\"pt-BR\"},{\"@type\":\"Organization\",\"@id\":\"https:\/\/www.oarcanjo.net\/site\/#organization\",\"name\":\"Par\u00f3quia S\u00e3o Miguel Arcanjo\",\"url\":\"https:\/\/www.oarcanjo.net\/site\/\",\"logo\":{\"@type\":\"ImageObject\",\"inLanguage\":\"pt-BR\",\"@id\":\"https:\/\/www.oarcanjo.net\/site\/#\/schema\/logo\/image\/\",\"url\":\"https:\/\/www.oarcanjo.net\/site\/wp-content\/uploads\/LogoOArcanjo.png\",\"contentUrl\":\"https:\/\/www.oarcanjo.net\/site\/wp-content\/uploads\/LogoOArcanjo.png\",\"width\":319,\"height\":99,\"caption\":\"Par\u00f3quia S\u00e3o Miguel Arcanjo\"},\"image\":{\"@id\":\"https:\/\/www.oarcanjo.net\/site\/#\/schema\/logo\/image\/\"},\"sameAs\":[\"https:\/\/www.facebook.com\/OArcanjoNoAr\/\"]},{\"@type\":\"Person\",\"@id\":\"https:\/\/www.oarcanjo.net\/site\/#\/schema\/person\/f7024d007863202483a31326673a0838\",\"name\":\"editor\",\"sameAs\":[\"http:\/\/www.oarcanjo.net\"]}]}<\/script>\n<!-- \/ Yoast SEO plugin. -->","yoast_head_json":{"title":"S\u00e3o Pedro de Alexandria - O Arcanjo no ar","robots":{"index":"index","follow":"follow","max-snippet":"max-snippet:-1","max-image-preview":"max-image-preview:large","max-video-preview":"max-video-preview:-1"},"canonical":"https:\/\/www.oarcanjo.net\/site\/sao-pedro-de-alexandria\/","og_locale":"pt_BR","og_type":"article","og_title":"S\u00e3o Pedro de Alexandria - O Arcanjo no ar","og_description":"25 de novembro O s\u00e9culo III talvez tenha sido o mais tr\u00e1gico palco em que se desenrolou o drama da persegui\u00e7\u00e3o e exterm\u00ednio de crist\u00e3os. O vil\u00e3o desse drama era o imperador romano, tirano, cruel e violento. Defender o cristianismo, naqueles tempos, era atrair para si a ira dos poderosos, no m\u00ednimo a pris\u00e3o e [&hellip;]","og_url":"https:\/\/www.oarcanjo.net\/site\/sao-pedro-de-alexandria\/","og_site_name":"O Arcanjo no ar","article_publisher":"https:\/\/www.facebook.com\/OArcanjoNoAr\/","article_published_time":"2009-11-25T05:39:10+00:00","article_modified_time":"2009-11-26T02:16:05+00:00","og_image":[{"width":300,"height":300,"url":"https:\/\/www.oarcanjo.net\/site\/wp-content\/uploads\/logo-o-arcanjo-no-ar-facebook.png","type":"image\/png"}],"author":"editor","twitter_card":"summary_large_image","twitter_misc":{"Escrito por":"editor","Est. tempo de leitura":"3 minutos"},"schema":{"@context":"https:\/\/schema.org","@graph":[{"@type":"Article","@id":"https:\/\/www.oarcanjo.net\/site\/sao-pedro-de-alexandria\/#article","isPartOf":{"@id":"https:\/\/www.oarcanjo.net\/site\/sao-pedro-de-alexandria\/"},"author":{"name":"editor","@id":"https:\/\/www.oarcanjo.net\/site\/#\/schema\/person\/f7024d007863202483a31326673a0838"},"headline":"S\u00e3o Pedro de Alexandria","datePublished":"2009-11-25T05:39:10+00:00","dateModified":"2009-11-26T02:16:05+00:00","mainEntityOfPage":{"@id":"https:\/\/www.oarcanjo.net\/site\/sao-pedro-de-alexandria\/"},"wordCount":523,"commentCount":0,"publisher":{"@id":"https:\/\/www.oarcanjo.net\/site\/#organization"},"keywords":["Santa Catarina de Alexandria","S\u00e3o Pedro de Alexandria"],"articleSection":["Testemunhos"],"inLanguage":"pt-BR","potentialAction":[{"@type":"CommentAction","name":"Comment","target":["https:\/\/www.oarcanjo.net\/site\/sao-pedro-de-alexandria\/#respond"]}]},{"@type":"WebPage","@id":"https:\/\/www.oarcanjo.net\/site\/sao-pedro-de-alexandria\/","url":"https:\/\/www.oarcanjo.net\/site\/sao-pedro-de-alexandria\/","name":"S\u00e3o Pedro de Alexandria - O Arcanjo no ar","isPartOf":{"@id":"https:\/\/www.oarcanjo.net\/site\/#website"},"datePublished":"2009-11-25T05:39:10+00:00","dateModified":"2009-11-26T02:16:05+00:00","breadcrumb":{"@id":"https:\/\/www.oarcanjo.net\/site\/sao-pedro-de-alexandria\/#breadcrumb"},"inLanguage":"pt-BR","potentialAction":[{"@type":"ReadAction","target":["https:\/\/www.oarcanjo.net\/site\/sao-pedro-de-alexandria\/"]}]},{"@type":"BreadcrumbList","@id":"https:\/\/www.oarcanjo.net\/site\/sao-pedro-de-alexandria\/#breadcrumb","itemListElement":[{"@type":"ListItem","position":1,"name":"In\u00edcio","item":"https:\/\/www.oarcanjo.net\/site\/"},{"@type":"ListItem","position":2,"name":"S\u00e3o Pedro de Alexandria"}]},{"@type":"WebSite","@id":"https:\/\/www.oarcanjo.net\/site\/#website","url":"https:\/\/www.oarcanjo.net\/site\/","name":"O Arcanjo no ar","description":"Site da Par\u00f3quia S\u00e3o Miguel Arcanjo (Arquidiocese de SP)","publisher":{"@id":"https:\/\/www.oarcanjo.net\/site\/#organization"},"potentialAction":[{"@type":"SearchAction","target":{"@type":"EntryPoint","urlTemplate":"https:\/\/www.oarcanjo.net\/site\/?s={search_term_string}"},"query-input":{"@type":"PropertyValueSpecification","valueRequired":true,"valueName":"search_term_string"}}],"inLanguage":"pt-BR"},{"@type":"Organization","@id":"https:\/\/www.oarcanjo.net\/site\/#organization","name":"Par\u00f3quia S\u00e3o Miguel Arcanjo","url":"https:\/\/www.oarcanjo.net\/site\/","logo":{"@type":"ImageObject","inLanguage":"pt-BR","@id":"https:\/\/www.oarcanjo.net\/site\/#\/schema\/logo\/image\/","url":"https:\/\/www.oarcanjo.net\/site\/wp-content\/uploads\/LogoOArcanjo.png","contentUrl":"https:\/\/www.oarcanjo.net\/site\/wp-content\/uploads\/LogoOArcanjo.png","width":319,"height":99,"caption":"Par\u00f3quia S\u00e3o Miguel Arcanjo"},"image":{"@id":"https:\/\/www.oarcanjo.net\/site\/#\/schema\/logo\/image\/"},"sameAs":["https:\/\/www.facebook.com\/OArcanjoNoAr\/"]},{"@type":"Person","@id":"https:\/\/www.oarcanjo.net\/site\/#\/schema\/person\/f7024d007863202483a31326673a0838","name":"editor","sameAs":["http:\/\/www.oarcanjo.net"]}]}},"publishpress_future_action":{"enabled":false,"date":"2026-05-07 17:26:19","action":"category","newStatus":"draft","terms":[],"taxonomy":"category"},"publishpress_future_workflow_manual_trigger":{"enabledWorkflows":[]},"_links":{"self":[{"href":"https:\/\/www.oarcanjo.net\/site\/wp-json\/wp\/v2\/posts\/6166"}],"collection":[{"href":"https:\/\/www.oarcanjo.net\/site\/wp-json\/wp\/v2\/posts"}],"about":[{"href":"https:\/\/www.oarcanjo.net\/site\/wp-json\/wp\/v2\/types\/post"}],"author":[{"embeddable":true,"href":"https:\/\/www.oarcanjo.net\/site\/wp-json\/wp\/v2\/users\/5"}],"replies":[{"embeddable":true,"href":"https:\/\/www.oarcanjo.net\/site\/wp-json\/wp\/v2\/comments?post=6166"}],"version-history":[{"count":0,"href":"https:\/\/www.oarcanjo.net\/site\/wp-json\/wp\/v2\/posts\/6166\/revisions"}],"wp:attachment":[{"href":"https:\/\/www.oarcanjo.net\/site\/wp-json\/wp\/v2\/media?parent=6166"}],"wp:term":[{"taxonomy":"category","embeddable":true,"href":"https:\/\/www.oarcanjo.net\/site\/wp-json\/wp\/v2\/categories?post=6166"},{"taxonomy":"post_tag","embeddable":true,"href":"https:\/\/www.oarcanjo.net\/site\/wp-json\/wp\/v2\/tags?post=6166"}],"curies":[{"name":"wp","href":"https:\/\/api.w.org\/{rel}","templated":true}]}}