
{"id":61678,"date":"2015-05-20T02:01:45","date_gmt":"2015-05-20T05:01:45","guid":{"rendered":"http:\/\/www.oarcanjo.net\/site\/?p=61678"},"modified":"2015-05-31T22:40:50","modified_gmt":"2015-06-01T01:40:50","slug":"beatificacao-de-dom-oscar-romero-sera-dia-23-de-maio","status":"publish","type":"post","link":"https:\/\/www.oarcanjo.net\/site\/beatificacao-de-dom-oscar-romero-sera-dia-23-de-maio\/","title":{"rendered":"Beatifica\u00e7\u00e3o de Dom Oscar Romero ser\u00e1 dia 23 de maio"},"content":{"rendered":"<div class=\"post\">\n<div class=\"widgetColumn eight\">\n<div class=\"widget freeText eight\">\n<div class=\"text post\">\n<p>Dom Oscar Romero, antigo arcebispo de El Salvador, vai ser beatificado no dia 23 de maio no seu pa\u00eds natal, onde foi morto a tiro em 1980, \u00e0s m\u00e3os da junta militar que dominava o pa\u00eds.<\/p>\n<p>O an\u00fancio foi feito na confer\u00eancia de imprensa pelo postulador da causa de canoniza\u00e7\u00e3o, o arcebispo italiano Dom Vicenzo Paglia, o qual adiantou tamb\u00e9m que a cerim\u00f3nia vai ser presidida pelo cardeal Angelo Amato, prefeito da Congrega\u00e7\u00e3o para as Causas dos Santos (Santa S\u00e9).<\/p>\n<p>O Papa autorizou no dia 3 de fevereiro deste ano a publica\u00e7\u00e3o do decreto que reconhecia o mart\u00edrio de Dom Oscar Romero.<\/p>\n<p>O rito de beatifica\u00e7\u00e3o constitui uma etapa essencial para a canoniza\u00e7\u00e3o, mediante a qual um crist\u00e3o \u00e9 declarado santo e se alarga a sua venera\u00e7\u00e3o a todas as na\u00e7\u00f5es e congrega\u00e7\u00f5es religiosas.<\/p>\n<p>A causa de beatifica\u00e7\u00e3o de Oscar Arnulfo Romero, cujos restos mortais jazem na catedral da capital salvadorenha, iniciou a sua fase diocesana em 1994, que foi conclu\u00edda em 1996.<\/p>\n<p><strong>A luta do arcebispo<\/strong><\/p>\n<p>No pr\u00f3ximo dia 24 de mar\u00e7o, completam-se 35 anos da morte do eclesi\u00e1stico. Nessa data, em 1980, que era um Domingo de Ramos, Dom Oscar Armulfo Romero foi atingido com um disparo no cora\u00e7\u00e3o por um atirador do ex\u00e9rcito salvadorenho, enquanto celebrava uma missa na capela do hospital da Divina Provid\u00eancia, na Col\u00f4nia Miramonte, em San Salvador, capital salvadorenha. Ele foi perseguido durante a Guerra Civil do pa\u00eds, conflito armado que se estendeu de 1980 a 1992 entre o governo de direita e a guerrilha de esquerda, deixando 75 mil mortos.<\/p>\n<p>Nos tr\u00eas anos em que serviu as comunidades cat\u00f3licas, o progressista latino-americano, Dom Romero assumiu uma postura de defesa dos \u00edndios, pobres e perseguidos pol\u00edticos pelas mil\u00edcias paramilitares. Semanas antes de sua morte, Monsenhor Romero intensificou as den\u00fancias contra o governo salvadorenho e militares por viola\u00e7\u00f5es aos direitos humanos no pa\u00eds.<\/p>\n<p>No esfor\u00e7o contra a repress\u00e3o, o religioso chegou a pedir aos Estados Unidos que interrompessem a ajuda militar a El Salvador. Os EUA, que temiam o avan\u00e7o de processos semelhantes ao da Revolu\u00e7\u00e3o Cubana na Am\u00e9rica Latina e amea\u00e7assem sua pol\u00edtica econ\u00f4mica imperialista, apoiavam as for\u00e7as governistas salvadorenhas e financiavam a repress\u00e3o, transferindo em torno de US$ 7 bilh\u00f5es \u00e0s for\u00e7as estatais e n\u00e3o estatais durante um per\u00edodo de 10 anos.<\/p>\n<p>Pela luta, Dom Romero tornou-se um dos s\u00edmbolos da Teologia da Liberta\u00e7\u00e3o na Am\u00e9rica Latina. At\u00e9 hoje, o crime n\u00e3o foi julgado pelo Estado de El Salvador. A Lei de Anistia do pa\u00eds, assinada em 1993, deixou centenas de crimes, inclusive o assassinato do arcebispo, sem aplica\u00e7\u00e3o da Justi\u00e7a. Um informe da Comiss\u00e3o da Verdade do pa\u00eds aponta o militar e fundador do Partido ARENA (Alian\u00e7a Republicana Nacionalista) Roberto D&#8217;Aubuisson Arrieta, morto em 1992, como um dos mentores do crime.<\/p>\n<p><em>Fonte: Ag\u00eancia Eclesia \/ Brasil de Fato<\/em><\/p>\n<\/div>\n<\/div>\n<\/div>\n<\/div>\n<div id=\"themify_builder_content-61678\" data-postid=\"61678\" class=\"themify_builder_content themify_builder_content-61678 themify_builder themify_builder_front\">\n\t<\/div>\n<!-- \/themify_builder_content -->","protected":false},"excerpt":{"rendered":"<p>Dom Oscar Romero, antigo arcebispo de El Salvador, vai ser beatificado no dia 23 de maio no seu pa\u00eds natal, onde foi morto a tiro em 1980, \u00e0s m\u00e3os da junta militar que dominava o pa\u00eds. O an\u00fancio foi feito na confer\u00eancia de imprensa pelo postulador da causa de canoniza\u00e7\u00e3o, o arcebispo italiano Dom Vicenzo [&hellip;]<\/p>\n","protected":false},"author":3,"featured_media":61682,"comment_status":"open","ping_status":"open","sticky":false,"template":"","format":"standard","meta":{"ngg_post_thumbnail":0,"footnotes":""},"categories":[8],"tags":[392],"yoast_head":"<!-- This site is optimized with the Yoast SEO plugin v23.5 - https:\/\/yoast.com\/wordpress\/plugins\/seo\/ -->\n<title>Beatifica\u00e7\u00e3o de Dom Oscar Romero ser\u00e1 dia 23 de maio - O Arcanjo no ar<\/title>\n<meta name=\"robots\" content=\"index, follow, max-snippet:-1, max-image-preview:large, max-video-preview:-1\" \/>\n<link rel=\"canonical\" href=\"https:\/\/www.oarcanjo.net\/site\/beatificacao-de-dom-oscar-romero-sera-dia-23-de-maio\/\" \/>\n<meta property=\"og:locale\" content=\"pt_BR\" \/>\n<meta property=\"og:type\" content=\"article\" \/>\n<meta property=\"og:title\" content=\"Beatifica\u00e7\u00e3o de Dom Oscar Romero ser\u00e1 dia 23 de maio - O Arcanjo no ar\" \/>\n<meta property=\"og:description\" content=\"Dom Oscar Romero, antigo arcebispo de El Salvador, vai ser beatificado no dia 23 de maio no seu pa\u00eds natal, onde foi morto a tiro em 1980, \u00e0s m\u00e3os da junta militar que dominava o pa\u00eds. O an\u00fancio foi feito na confer\u00eancia de imprensa pelo postulador da causa de canoniza\u00e7\u00e3o, o arcebispo italiano Dom Vicenzo [&hellip;]\" \/>\n<meta property=\"og:url\" content=\"https:\/\/www.oarcanjo.net\/site\/beatificacao-de-dom-oscar-romero-sera-dia-23-de-maio\/\" \/>\n<meta property=\"og:site_name\" content=\"O Arcanjo no ar\" \/>\n<meta property=\"article:publisher\" content=\"https:\/\/www.facebook.com\/OArcanjoNoAr\/\" \/>\n<meta property=\"article:published_time\" content=\"2015-05-20T05:01:45+00:00\" \/>\n<meta property=\"article:modified_time\" content=\"2015-06-01T01:40:50+00:00\" \/>\n<meta property=\"og:image\" content=\"https:\/\/www.oarcanjo.net\/site\/wp-content\/uploads\/banner-beatificacao-romero-mai-2015.jpg\" \/>\n\t<meta property=\"og:image:width\" content=\"700\" \/>\n\t<meta property=\"og:image:height\" content=\"320\" \/>\n\t<meta property=\"og:image:type\" content=\"image\/jpeg\" \/>\n<meta name=\"author\" content=\"miriam.meyer\" \/>\n<meta name=\"twitter:card\" content=\"summary_large_image\" \/>\n<meta name=\"twitter:label1\" content=\"Escrito por\" \/>\n\t<meta name=\"twitter:data1\" content=\"miriam.meyer\" \/>\n\t<meta name=\"twitter:label2\" content=\"Est. tempo de leitura\" \/>\n\t<meta name=\"twitter:data2\" content=\"3 minutos\" \/>\n<script type=\"application\/ld+json\" class=\"yoast-schema-graph\">{\"@context\":\"https:\/\/schema.org\",\"@graph\":[{\"@type\":\"Article\",\"@id\":\"https:\/\/www.oarcanjo.net\/site\/beatificacao-de-dom-oscar-romero-sera-dia-23-de-maio\/#article\",\"isPartOf\":{\"@id\":\"https:\/\/www.oarcanjo.net\/site\/beatificacao-de-dom-oscar-romero-sera-dia-23-de-maio\/\"},\"author\":{\"name\":\"miriam.meyer\",\"@id\":\"https:\/\/www.oarcanjo.net\/site\/#\/schema\/person\/ce0fba3450314a09c6442cfee983a3d8\"},\"headline\":\"Beatifica\u00e7\u00e3o de Dom Oscar Romero ser\u00e1 dia 23 de maio\",\"datePublished\":\"2015-05-20T05:01:45+00:00\",\"dateModified\":\"2015-06-01T01:40:50+00:00\",\"mainEntityOfPage\":{\"@id\":\"https:\/\/www.oarcanjo.net\/site\/beatificacao-de-dom-oscar-romero-sera-dia-23-de-maio\/\"},\"wordCount\":519,\"commentCount\":0,\"publisher\":{\"@id\":\"https:\/\/www.oarcanjo.net\/site\/#organization\"},\"image\":{\"@id\":\"https:\/\/www.oarcanjo.net\/site\/beatificacao-de-dom-oscar-romero-sera-dia-23-de-maio\/#primaryimage\"},\"thumbnailUrl\":\"https:\/\/www.oarcanjo.net\/site\/wp-content\/uploads\/banner-beatificacao-romero-mai-2015.jpg\",\"keywords\":[\"Dom Oscar Romero\"],\"articleSection\":[\"Not\u00edcias\"],\"inLanguage\":\"pt-BR\",\"potentialAction\":[{\"@type\":\"CommentAction\",\"name\":\"Comment\",\"target\":[\"https:\/\/www.oarcanjo.net\/site\/beatificacao-de-dom-oscar-romero-sera-dia-23-de-maio\/#respond\"]}]},{\"@type\":\"WebPage\",\"@id\":\"https:\/\/www.oarcanjo.net\/site\/beatificacao-de-dom-oscar-romero-sera-dia-23-de-maio\/\",\"url\":\"https:\/\/www.oarcanjo.net\/site\/beatificacao-de-dom-oscar-romero-sera-dia-23-de-maio\/\",\"name\":\"Beatifica\u00e7\u00e3o de Dom Oscar Romero ser\u00e1 dia 23 de maio - O Arcanjo no ar\",\"isPartOf\":{\"@id\":\"https:\/\/www.oarcanjo.net\/site\/#website\"},\"primaryImageOfPage\":{\"@id\":\"https:\/\/www.oarcanjo.net\/site\/beatificacao-de-dom-oscar-romero-sera-dia-23-de-maio\/#primaryimage\"},\"image\":{\"@id\":\"https:\/\/www.oarcanjo.net\/site\/beatificacao-de-dom-oscar-romero-sera-dia-23-de-maio\/#primaryimage\"},\"thumbnailUrl\":\"https:\/\/www.oarcanjo.net\/site\/wp-content\/uploads\/banner-beatificacao-romero-mai-2015.jpg\",\"datePublished\":\"2015-05-20T05:01:45+00:00\",\"dateModified\":\"2015-06-01T01:40:50+00:00\",\"breadcrumb\":{\"@id\":\"https:\/\/www.oarcanjo.net\/site\/beatificacao-de-dom-oscar-romero-sera-dia-23-de-maio\/#breadcrumb\"},\"inLanguage\":\"pt-BR\",\"potentialAction\":[{\"@type\":\"ReadAction\",\"target\":[\"https:\/\/www.oarcanjo.net\/site\/beatificacao-de-dom-oscar-romero-sera-dia-23-de-maio\/\"]}]},{\"@type\":\"ImageObject\",\"inLanguage\":\"pt-BR\",\"@id\":\"https:\/\/www.oarcanjo.net\/site\/beatificacao-de-dom-oscar-romero-sera-dia-23-de-maio\/#primaryimage\",\"url\":\"https:\/\/www.oarcanjo.net\/site\/wp-content\/uploads\/banner-beatificacao-romero-mai-2015.jpg\",\"contentUrl\":\"https:\/\/www.oarcanjo.net\/site\/wp-content\/uploads\/banner-beatificacao-romero-mai-2015.jpg\",\"width\":700,\"height\":320},{\"@type\":\"BreadcrumbList\",\"@id\":\"https:\/\/www.oarcanjo.net\/site\/beatificacao-de-dom-oscar-romero-sera-dia-23-de-maio\/#breadcrumb\",\"itemListElement\":[{\"@type\":\"ListItem\",\"position\":1,\"name\":\"In\u00edcio\",\"item\":\"https:\/\/www.oarcanjo.net\/site\/\"},{\"@type\":\"ListItem\",\"position\":2,\"name\":\"Beatifica\u00e7\u00e3o de Dom Oscar Romero ser\u00e1 dia 23 de maio\"}]},{\"@type\":\"WebSite\",\"@id\":\"https:\/\/www.oarcanjo.net\/site\/#website\",\"url\":\"https:\/\/www.oarcanjo.net\/site\/\",\"name\":\"O Arcanjo no ar\",\"description\":\"Site da Par\u00f3quia S\u00e3o Miguel Arcanjo (Arquidiocese de SP)\",\"publisher\":{\"@id\":\"https:\/\/www.oarcanjo.net\/site\/#organization\"},\"potentialAction\":[{\"@type\":\"SearchAction\",\"target\":{\"@type\":\"EntryPoint\",\"urlTemplate\":\"https:\/\/www.oarcanjo.net\/site\/?s={search_term_string}\"},\"query-input\":{\"@type\":\"PropertyValueSpecification\",\"valueRequired\":true,\"valueName\":\"search_term_string\"}}],\"inLanguage\":\"pt-BR\"},{\"@type\":\"Organization\",\"@id\":\"https:\/\/www.oarcanjo.net\/site\/#organization\",\"name\":\"Par\u00f3quia S\u00e3o Miguel Arcanjo\",\"url\":\"https:\/\/www.oarcanjo.net\/site\/\",\"logo\":{\"@type\":\"ImageObject\",\"inLanguage\":\"pt-BR\",\"@id\":\"https:\/\/www.oarcanjo.net\/site\/#\/schema\/logo\/image\/\",\"url\":\"https:\/\/www.oarcanjo.net\/site\/wp-content\/uploads\/LogoOArcanjo.png\",\"contentUrl\":\"https:\/\/www.oarcanjo.net\/site\/wp-content\/uploads\/LogoOArcanjo.png\",\"width\":319,\"height\":99,\"caption\":\"Par\u00f3quia S\u00e3o Miguel Arcanjo\"},\"image\":{\"@id\":\"https:\/\/www.oarcanjo.net\/site\/#\/schema\/logo\/image\/\"},\"sameAs\":[\"https:\/\/www.facebook.com\/OArcanjoNoAr\/\"]},{\"@type\":\"Person\",\"@id\":\"https:\/\/www.oarcanjo.net\/site\/#\/schema\/person\/ce0fba3450314a09c6442cfee983a3d8\",\"name\":\"miriam.meyer\"}]}<\/script>\n<!-- \/ Yoast SEO plugin. -->","yoast_head_json":{"title":"Beatifica\u00e7\u00e3o de Dom Oscar Romero ser\u00e1 dia 23 de maio - O Arcanjo no ar","robots":{"index":"index","follow":"follow","max-snippet":"max-snippet:-1","max-image-preview":"max-image-preview:large","max-video-preview":"max-video-preview:-1"},"canonical":"https:\/\/www.oarcanjo.net\/site\/beatificacao-de-dom-oscar-romero-sera-dia-23-de-maio\/","og_locale":"pt_BR","og_type":"article","og_title":"Beatifica\u00e7\u00e3o de Dom Oscar Romero ser\u00e1 dia 23 de maio - O Arcanjo no ar","og_description":"Dom Oscar Romero, antigo arcebispo de El Salvador, vai ser beatificado no dia 23 de maio no seu pa\u00eds natal, onde foi morto a tiro em 1980, \u00e0s m\u00e3os da junta militar que dominava o pa\u00eds. O an\u00fancio foi feito na confer\u00eancia de imprensa pelo postulador da causa de canoniza\u00e7\u00e3o, o arcebispo italiano Dom Vicenzo [&hellip;]","og_url":"https:\/\/www.oarcanjo.net\/site\/beatificacao-de-dom-oscar-romero-sera-dia-23-de-maio\/","og_site_name":"O Arcanjo no ar","article_publisher":"https:\/\/www.facebook.com\/OArcanjoNoAr\/","article_published_time":"2015-05-20T05:01:45+00:00","article_modified_time":"2015-06-01T01:40:50+00:00","og_image":[{"width":700,"height":320,"url":"https:\/\/www.oarcanjo.net\/site\/wp-content\/uploads\/banner-beatificacao-romero-mai-2015.jpg","type":"image\/jpeg"}],"author":"miriam.meyer","twitter_card":"summary_large_image","twitter_misc":{"Escrito por":"miriam.meyer","Est. tempo de leitura":"3 minutos"},"schema":{"@context":"https:\/\/schema.org","@graph":[{"@type":"Article","@id":"https:\/\/www.oarcanjo.net\/site\/beatificacao-de-dom-oscar-romero-sera-dia-23-de-maio\/#article","isPartOf":{"@id":"https:\/\/www.oarcanjo.net\/site\/beatificacao-de-dom-oscar-romero-sera-dia-23-de-maio\/"},"author":{"name":"miriam.meyer","@id":"https:\/\/www.oarcanjo.net\/site\/#\/schema\/person\/ce0fba3450314a09c6442cfee983a3d8"},"headline":"Beatifica\u00e7\u00e3o de Dom Oscar Romero ser\u00e1 dia 23 de maio","datePublished":"2015-05-20T05:01:45+00:00","dateModified":"2015-06-01T01:40:50+00:00","mainEntityOfPage":{"@id":"https:\/\/www.oarcanjo.net\/site\/beatificacao-de-dom-oscar-romero-sera-dia-23-de-maio\/"},"wordCount":519,"commentCount":0,"publisher":{"@id":"https:\/\/www.oarcanjo.net\/site\/#organization"},"image":{"@id":"https:\/\/www.oarcanjo.net\/site\/beatificacao-de-dom-oscar-romero-sera-dia-23-de-maio\/#primaryimage"},"thumbnailUrl":"https:\/\/www.oarcanjo.net\/site\/wp-content\/uploads\/banner-beatificacao-romero-mai-2015.jpg","keywords":["Dom Oscar Romero"],"articleSection":["Not\u00edcias"],"inLanguage":"pt-BR","potentialAction":[{"@type":"CommentAction","name":"Comment","target":["https:\/\/www.oarcanjo.net\/site\/beatificacao-de-dom-oscar-romero-sera-dia-23-de-maio\/#respond"]}]},{"@type":"WebPage","@id":"https:\/\/www.oarcanjo.net\/site\/beatificacao-de-dom-oscar-romero-sera-dia-23-de-maio\/","url":"https:\/\/www.oarcanjo.net\/site\/beatificacao-de-dom-oscar-romero-sera-dia-23-de-maio\/","name":"Beatifica\u00e7\u00e3o de Dom Oscar Romero ser\u00e1 dia 23 de maio - O Arcanjo no ar","isPartOf":{"@id":"https:\/\/www.oarcanjo.net\/site\/#website"},"primaryImageOfPage":{"@id":"https:\/\/www.oarcanjo.net\/site\/beatificacao-de-dom-oscar-romero-sera-dia-23-de-maio\/#primaryimage"},"image":{"@id":"https:\/\/www.oarcanjo.net\/site\/beatificacao-de-dom-oscar-romero-sera-dia-23-de-maio\/#primaryimage"},"thumbnailUrl":"https:\/\/www.oarcanjo.net\/site\/wp-content\/uploads\/banner-beatificacao-romero-mai-2015.jpg","datePublished":"2015-05-20T05:01:45+00:00","dateModified":"2015-06-01T01:40:50+00:00","breadcrumb":{"@id":"https:\/\/www.oarcanjo.net\/site\/beatificacao-de-dom-oscar-romero-sera-dia-23-de-maio\/#breadcrumb"},"inLanguage":"pt-BR","potentialAction":[{"@type":"ReadAction","target":["https:\/\/www.oarcanjo.net\/site\/beatificacao-de-dom-oscar-romero-sera-dia-23-de-maio\/"]}]},{"@type":"ImageObject","inLanguage":"pt-BR","@id":"https:\/\/www.oarcanjo.net\/site\/beatificacao-de-dom-oscar-romero-sera-dia-23-de-maio\/#primaryimage","url":"https:\/\/www.oarcanjo.net\/site\/wp-content\/uploads\/banner-beatificacao-romero-mai-2015.jpg","contentUrl":"https:\/\/www.oarcanjo.net\/site\/wp-content\/uploads\/banner-beatificacao-romero-mai-2015.jpg","width":700,"height":320},{"@type":"BreadcrumbList","@id":"https:\/\/www.oarcanjo.net\/site\/beatificacao-de-dom-oscar-romero-sera-dia-23-de-maio\/#breadcrumb","itemListElement":[{"@type":"ListItem","position":1,"name":"In\u00edcio","item":"https:\/\/www.oarcanjo.net\/site\/"},{"@type":"ListItem","position":2,"name":"Beatifica\u00e7\u00e3o de Dom Oscar Romero ser\u00e1 dia 23 de maio"}]},{"@type":"WebSite","@id":"https:\/\/www.oarcanjo.net\/site\/#website","url":"https:\/\/www.oarcanjo.net\/site\/","name":"O Arcanjo no ar","description":"Site da Par\u00f3quia S\u00e3o Miguel Arcanjo (Arquidiocese de SP)","publisher":{"@id":"https:\/\/www.oarcanjo.net\/site\/#organization"},"potentialAction":[{"@type":"SearchAction","target":{"@type":"EntryPoint","urlTemplate":"https:\/\/www.oarcanjo.net\/site\/?s={search_term_string}"},"query-input":{"@type":"PropertyValueSpecification","valueRequired":true,"valueName":"search_term_string"}}],"inLanguage":"pt-BR"},{"@type":"Organization","@id":"https:\/\/www.oarcanjo.net\/site\/#organization","name":"Par\u00f3quia S\u00e3o Miguel Arcanjo","url":"https:\/\/www.oarcanjo.net\/site\/","logo":{"@type":"ImageObject","inLanguage":"pt-BR","@id":"https:\/\/www.oarcanjo.net\/site\/#\/schema\/logo\/image\/","url":"https:\/\/www.oarcanjo.net\/site\/wp-content\/uploads\/LogoOArcanjo.png","contentUrl":"https:\/\/www.oarcanjo.net\/site\/wp-content\/uploads\/LogoOArcanjo.png","width":319,"height":99,"caption":"Par\u00f3quia S\u00e3o Miguel Arcanjo"},"image":{"@id":"https:\/\/www.oarcanjo.net\/site\/#\/schema\/logo\/image\/"},"sameAs":["https:\/\/www.facebook.com\/OArcanjoNoAr\/"]},{"@type":"Person","@id":"https:\/\/www.oarcanjo.net\/site\/#\/schema\/person\/ce0fba3450314a09c6442cfee983a3d8","name":"miriam.meyer"}]}},"publishpress_future_action":{"enabled":false,"date":"2026-05-09 04:50:22","action":"category","newStatus":"draft","terms":[],"taxonomy":"category"},"publishpress_future_workflow_manual_trigger":{"enabledWorkflows":[]},"_links":{"self":[{"href":"https:\/\/www.oarcanjo.net\/site\/wp-json\/wp\/v2\/posts\/61678"}],"collection":[{"href":"https:\/\/www.oarcanjo.net\/site\/wp-json\/wp\/v2\/posts"}],"about":[{"href":"https:\/\/www.oarcanjo.net\/site\/wp-json\/wp\/v2\/types\/post"}],"author":[{"embeddable":true,"href":"https:\/\/www.oarcanjo.net\/site\/wp-json\/wp\/v2\/users\/3"}],"replies":[{"embeddable":true,"href":"https:\/\/www.oarcanjo.net\/site\/wp-json\/wp\/v2\/comments?post=61678"}],"version-history":[{"count":0,"href":"https:\/\/www.oarcanjo.net\/site\/wp-json\/wp\/v2\/posts\/61678\/revisions"}],"wp:featuredmedia":[{"embeddable":true,"href":"https:\/\/www.oarcanjo.net\/site\/wp-json\/wp\/v2\/media\/61682"}],"wp:attachment":[{"href":"https:\/\/www.oarcanjo.net\/site\/wp-json\/wp\/v2\/media?parent=61678"}],"wp:term":[{"taxonomy":"category","embeddable":true,"href":"https:\/\/www.oarcanjo.net\/site\/wp-json\/wp\/v2\/categories?post=61678"},{"taxonomy":"post_tag","embeddable":true,"href":"https:\/\/www.oarcanjo.net\/site\/wp-json\/wp\/v2\/tags?post=61678"}],"curies":[{"name":"wp","href":"https:\/\/api.w.org\/{rel}","templated":true}]}}