
{"id":6169,"date":"2009-11-25T04:11:10","date_gmt":"2009-11-25T07:11:10","guid":{"rendered":"http:\/\/www.oarcanjo.net\/site\/?p=6169"},"modified":"2010-08-16T00:11:01","modified_gmt":"2010-08-16T03:11:01","slug":"gesto-de-natal-em-solidariedade-ao-amparo-maternal","status":"publish","type":"post","link":"https:\/\/www.oarcanjo.net\/site\/gesto-de-natal-em-solidariedade-ao-amparo-maternal\/","title":{"rendered":"Campanha de Natal em solidariedade ao Amparo Maternal"},"content":{"rendered":"<p><strong>Um breve hist\u00f3rico do Amparo Maternal<\/strong><\/p>\n<p>Desde 1939 atendendo via SUS, sem cobran\u00e7a, gestantes com qualquer tipo de necessidade, vindas de qualquer local do pa\u00eds, o Amparo Maternal apresenta dados e n\u00fameros surpreendentes:<\/p>\n<p>\u2022 Aproximadamente 40 partos por dia ou 1.200 por m\u00eas.<br \/>\n\u2022 Este n\u00famero faz com que seja considerada a maior Maternidade da Am\u00e9rica Latina.<br \/>\n\u2022 84% de partos naturais<br \/>\n\u2022 Pioneirismo na humaniza\u00e7\u00e3o do parto<br \/>\n\u2022 Aproximadamente 70 exames de ultra-sonografia por dia<br \/>\n\u2022 \u00cdndices baix\u00edssimos, perto do zero, de infec\u00e7\u00e3o hospitalar e mortalidade materno-infantil.<br \/>\n\u2022 Atendimento 365 dias no ano<br \/>\n\u2022 7,2 % de todos os nascimentos da Grande S\u00e3o Paulo<br \/>\nMais de 650.000 nascimentos j\u00e1 ocorreram no Amparo Maternal desde sua funda\u00e7\u00e3o.<\/p>\n<p>Qualidade de atendimento oferecido nas melhores maternidades de qualquer parte do mundo.<\/p>\n<p>O acompanhamento do pr\u00e9-natal inclui os exames de ultra-sonografia. Todas as gestantes, alojadas ou pacientes, s\u00e3o acompanhadas at\u00e9 o nascimento do beb\u00ea, com toda a assist\u00eancia m\u00e9dica dispon\u00edvel comparada as melhores maternidades do pa\u00eds.<\/p>\n<p>Os beb\u00eas que nascem no Amparo Maternal s\u00e3o tratados por uma equipe de neonatologistas, especializada no atendimento ao rec\u00e9m nascido. Esta equipe tem contribu\u00eddo para diminuir o n\u00famero de mortes no ber\u00e7\u00e1rio e na UTI neonatal, mesmo entre os rec\u00e9m nascidos prematuros ou que nascem com problemas.<\/p>\n<p><em>Informa\u00e7\u00f5es retiradas do site: <\/em><a href=\"http:\/\/www.amparomaternal.org\"><em>http:\/\/www.amparomaternal.org<\/em><\/a><em>.<\/em><\/p>\n<p><strong>Campanha de Natal da Comunidade S\u00e3o Miguel Arcanjo<\/strong><\/p>\n<p>Conforme solicitado pelo Pe. Julio,\u00a0na missa de 22 de novembro, neste Natal vamos ajudar o Amparo Maternal com doa\u00e7\u00f5es de :<\/p>\n<p>*** itens de higiene dos beb\u00eas ( aldod\u00e3o, fralda descart\u00e1vel, shampoo, sabonete, cotonete, etc)<br \/>\n*** itens para higiene das mam\u00e3es ( absorventes, papel higi\u00eanico, shampoo, sabonete, etc)<br \/>\n*** roupas para as mam\u00e3es e beb\u00eas<br \/>\n*** cobertores de beb\u00eas<br \/>\n*** dentre outros que julguem necess\u00e1rios<\/p>\n<p>Lembrando que estas doa\u00e7\u00f5es s\u00e3o necess\u00e1rias durante o ano inteiro \u2026.<\/p>\n<p>As doa\u00e7\u00f5es podem ser levadas e entregues nas missas ou na Secretaria da Par\u00f3quia S\u00e3o Miguel.<\/p>\n<p>E \u2026. n\u00e3o esque\u00e7amos de que Jesus Cristo \u00e9 o centro da festa de Natal , vamos nos sensibilizar com as necessidades de nossos irm\u00e3os !<\/p>\n<p><em>Colabora\u00e7\u00e3o de Tatiana Capille Salles<\/em><\/p>\n<p><video style=\"width: 100%; height: auto; aspect-ratio: 480\/334; border: none; overflow: hidden;\" controls>\n                <source src=\"mms:\/\/mms.bizmedia.com.br\/bizmedia\/Avisos20091115-final.wmv\" type=\"video\/x-ms-wmv\">\n                <source src=\"mms:\/\/mms.bizmedia.com.br\/bizmedia\/Avisos20091115-final.wmv\" type=\"video\/wmv\">\n                Your browser does not support the video tag.\n            <\/video><\/p>\n<div id=\"themify_builder_content-6169\" data-postid=\"6169\" class=\"themify_builder_content themify_builder_content-6169 themify_builder themify_builder_front\">\n\t<\/div>\n<!-- \/themify_builder_content -->","protected":false},"excerpt":{"rendered":"<p>Um breve hist\u00f3rico do Amparo Maternal Desde 1939 atendendo via SUS, sem cobran\u00e7a, gestantes com qualquer tipo de necessidade, vindas de qualquer local do pa\u00eds, o Amparo Maternal apresenta dados e n\u00fameros surpreendentes: \u2022 Aproximadamente 40 partos por dia ou 1.200 por m\u00eas. \u2022 Este n\u00famero faz com que seja considerada a maior Maternidade da [&hellip;]<\/p>\n","protected":false},"author":5,"featured_media":0,"comment_status":"open","ping_status":"open","sticky":false,"template":"","format":"standard","meta":{"ngg_post_thumbnail":0,"footnotes":""},"categories":[8],"tags":[1234,1294],"yoast_head":"<!-- This site is optimized with the Yoast SEO plugin v23.5 - https:\/\/yoast.com\/wordpress\/plugins\/seo\/ -->\n<title>Campanha de Natal em solidariedade ao Amparo Maternal - O Arcanjo no ar<\/title>\n<meta name=\"robots\" content=\"index, follow, max-snippet:-1, max-image-preview:large, max-video-preview:-1\" \/>\n<link rel=\"canonical\" href=\"https:\/\/www.oarcanjo.net\/site\/gesto-de-natal-em-solidariedade-ao-amparo-maternal\/\" \/>\n<meta property=\"og:locale\" content=\"pt_BR\" \/>\n<meta property=\"og:type\" content=\"article\" \/>\n<meta property=\"og:title\" content=\"Campanha de Natal em solidariedade ao Amparo Maternal - O Arcanjo no ar\" \/>\n<meta property=\"og:description\" content=\"Um breve hist\u00f3rico do Amparo Maternal Desde 1939 atendendo via SUS, sem cobran\u00e7a, gestantes com qualquer tipo de necessidade, vindas de qualquer local do pa\u00eds, o Amparo Maternal apresenta dados e n\u00fameros surpreendentes: \u2022 Aproximadamente 40 partos por dia ou 1.200 por m\u00eas. \u2022 Este n\u00famero faz com que seja considerada a maior Maternidade da [&hellip;]\" \/>\n<meta property=\"og:url\" content=\"https:\/\/www.oarcanjo.net\/site\/gesto-de-natal-em-solidariedade-ao-amparo-maternal\/\" \/>\n<meta property=\"og:site_name\" content=\"O Arcanjo no ar\" \/>\n<meta property=\"article:publisher\" content=\"https:\/\/www.facebook.com\/OArcanjoNoAr\/\" \/>\n<meta property=\"article:published_time\" content=\"2009-11-25T07:11:10+00:00\" \/>\n<meta property=\"article:modified_time\" content=\"2010-08-16T03:11:01+00:00\" \/>\n<meta property=\"og:image\" content=\"https:\/\/www.oarcanjo.net\/site\/wp-content\/uploads\/logo-o-arcanjo-no-ar-facebook.png\" \/>\n\t<meta property=\"og:image:width\" content=\"300\" \/>\n\t<meta property=\"og:image:height\" content=\"300\" \/>\n\t<meta property=\"og:image:type\" content=\"image\/png\" \/>\n<meta name=\"author\" content=\"editor\" \/>\n<meta name=\"twitter:card\" content=\"summary_large_image\" \/>\n<meta name=\"twitter:label1\" content=\"Escrito por\" \/>\n\t<meta name=\"twitter:data1\" content=\"editor\" \/>\n\t<meta name=\"twitter:label2\" content=\"Est. tempo de leitura\" \/>\n\t<meta name=\"twitter:data2\" content=\"2 minutos\" \/>\n<script type=\"application\/ld+json\" class=\"yoast-schema-graph\">{\"@context\":\"https:\/\/schema.org\",\"@graph\":[{\"@type\":\"Article\",\"@id\":\"https:\/\/www.oarcanjo.net\/site\/gesto-de-natal-em-solidariedade-ao-amparo-maternal\/#article\",\"isPartOf\":{\"@id\":\"https:\/\/www.oarcanjo.net\/site\/gesto-de-natal-em-solidariedade-ao-amparo-maternal\/\"},\"author\":{\"name\":\"editor\",\"@id\":\"https:\/\/www.oarcanjo.net\/site\/#\/schema\/person\/f7024d007863202483a31326673a0838\"},\"headline\":\"Campanha de Natal em solidariedade ao Amparo Maternal\",\"datePublished\":\"2009-11-25T07:11:10+00:00\",\"dateModified\":\"2010-08-16T03:11:01+00:00\",\"mainEntityOfPage\":{\"@id\":\"https:\/\/www.oarcanjo.net\/site\/gesto-de-natal-em-solidariedade-ao-amparo-maternal\/\"},\"wordCount\":385,\"commentCount\":3,\"publisher\":{\"@id\":\"https:\/\/www.oarcanjo.net\/site\/#organization\"},\"keywords\":[\"Amparo Maternal\",\"Campanha de Natal\"],\"articleSection\":[\"Not\u00edcias\"],\"inLanguage\":\"pt-BR\",\"potentialAction\":[{\"@type\":\"CommentAction\",\"name\":\"Comment\",\"target\":[\"https:\/\/www.oarcanjo.net\/site\/gesto-de-natal-em-solidariedade-ao-amparo-maternal\/#respond\"]}]},{\"@type\":\"WebPage\",\"@id\":\"https:\/\/www.oarcanjo.net\/site\/gesto-de-natal-em-solidariedade-ao-amparo-maternal\/\",\"url\":\"https:\/\/www.oarcanjo.net\/site\/gesto-de-natal-em-solidariedade-ao-amparo-maternal\/\",\"name\":\"Campanha de Natal em solidariedade ao Amparo Maternal - O Arcanjo no ar\",\"isPartOf\":{\"@id\":\"https:\/\/www.oarcanjo.net\/site\/#website\"},\"datePublished\":\"2009-11-25T07:11:10+00:00\",\"dateModified\":\"2010-08-16T03:11:01+00:00\",\"breadcrumb\":{\"@id\":\"https:\/\/www.oarcanjo.net\/site\/gesto-de-natal-em-solidariedade-ao-amparo-maternal\/#breadcrumb\"},\"inLanguage\":\"pt-BR\",\"potentialAction\":[{\"@type\":\"ReadAction\",\"target\":[\"https:\/\/www.oarcanjo.net\/site\/gesto-de-natal-em-solidariedade-ao-amparo-maternal\/\"]}]},{\"@type\":\"BreadcrumbList\",\"@id\":\"https:\/\/www.oarcanjo.net\/site\/gesto-de-natal-em-solidariedade-ao-amparo-maternal\/#breadcrumb\",\"itemListElement\":[{\"@type\":\"ListItem\",\"position\":1,\"name\":\"In\u00edcio\",\"item\":\"https:\/\/www.oarcanjo.net\/site\/\"},{\"@type\":\"ListItem\",\"position\":2,\"name\":\"Campanha de Natal em solidariedade ao Amparo Maternal\"}]},{\"@type\":\"WebSite\",\"@id\":\"https:\/\/www.oarcanjo.net\/site\/#website\",\"url\":\"https:\/\/www.oarcanjo.net\/site\/\",\"name\":\"O Arcanjo no ar\",\"description\":\"Site da Par\u00f3quia S\u00e3o Miguel Arcanjo (Arquidiocese de SP)\",\"publisher\":{\"@id\":\"https:\/\/www.oarcanjo.net\/site\/#organization\"},\"potentialAction\":[{\"@type\":\"SearchAction\",\"target\":{\"@type\":\"EntryPoint\",\"urlTemplate\":\"https:\/\/www.oarcanjo.net\/site\/?s={search_term_string}\"},\"query-input\":{\"@type\":\"PropertyValueSpecification\",\"valueRequired\":true,\"valueName\":\"search_term_string\"}}],\"inLanguage\":\"pt-BR\"},{\"@type\":\"Organization\",\"@id\":\"https:\/\/www.oarcanjo.net\/site\/#organization\",\"name\":\"Par\u00f3quia S\u00e3o Miguel Arcanjo\",\"url\":\"https:\/\/www.oarcanjo.net\/site\/\",\"logo\":{\"@type\":\"ImageObject\",\"inLanguage\":\"pt-BR\",\"@id\":\"https:\/\/www.oarcanjo.net\/site\/#\/schema\/logo\/image\/\",\"url\":\"https:\/\/www.oarcanjo.net\/site\/wp-content\/uploads\/LogoOArcanjo.png\",\"contentUrl\":\"https:\/\/www.oarcanjo.net\/site\/wp-content\/uploads\/LogoOArcanjo.png\",\"width\":319,\"height\":99,\"caption\":\"Par\u00f3quia S\u00e3o Miguel Arcanjo\"},\"image\":{\"@id\":\"https:\/\/www.oarcanjo.net\/site\/#\/schema\/logo\/image\/\"},\"sameAs\":[\"https:\/\/www.facebook.com\/OArcanjoNoAr\/\"]},{\"@type\":\"Person\",\"@id\":\"https:\/\/www.oarcanjo.net\/site\/#\/schema\/person\/f7024d007863202483a31326673a0838\",\"name\":\"editor\",\"sameAs\":[\"http:\/\/www.oarcanjo.net\"]}]}<\/script>\n<!-- \/ Yoast SEO plugin. -->","yoast_head_json":{"title":"Campanha de Natal em solidariedade ao Amparo Maternal - O Arcanjo no ar","robots":{"index":"index","follow":"follow","max-snippet":"max-snippet:-1","max-image-preview":"max-image-preview:large","max-video-preview":"max-video-preview:-1"},"canonical":"https:\/\/www.oarcanjo.net\/site\/gesto-de-natal-em-solidariedade-ao-amparo-maternal\/","og_locale":"pt_BR","og_type":"article","og_title":"Campanha de Natal em solidariedade ao Amparo Maternal - O Arcanjo no ar","og_description":"Um breve hist\u00f3rico do Amparo Maternal Desde 1939 atendendo via SUS, sem cobran\u00e7a, gestantes com qualquer tipo de necessidade, vindas de qualquer local do pa\u00eds, o Amparo Maternal apresenta dados e n\u00fameros surpreendentes: \u2022 Aproximadamente 40 partos por dia ou 1.200 por m\u00eas. \u2022 Este n\u00famero faz com que seja considerada a maior Maternidade da [&hellip;]","og_url":"https:\/\/www.oarcanjo.net\/site\/gesto-de-natal-em-solidariedade-ao-amparo-maternal\/","og_site_name":"O Arcanjo no ar","article_publisher":"https:\/\/www.facebook.com\/OArcanjoNoAr\/","article_published_time":"2009-11-25T07:11:10+00:00","article_modified_time":"2010-08-16T03:11:01+00:00","og_image":[{"width":300,"height":300,"url":"https:\/\/www.oarcanjo.net\/site\/wp-content\/uploads\/logo-o-arcanjo-no-ar-facebook.png","type":"image\/png"}],"author":"editor","twitter_card":"summary_large_image","twitter_misc":{"Escrito por":"editor","Est. tempo de leitura":"2 minutos"},"schema":{"@context":"https:\/\/schema.org","@graph":[{"@type":"Article","@id":"https:\/\/www.oarcanjo.net\/site\/gesto-de-natal-em-solidariedade-ao-amparo-maternal\/#article","isPartOf":{"@id":"https:\/\/www.oarcanjo.net\/site\/gesto-de-natal-em-solidariedade-ao-amparo-maternal\/"},"author":{"name":"editor","@id":"https:\/\/www.oarcanjo.net\/site\/#\/schema\/person\/f7024d007863202483a31326673a0838"},"headline":"Campanha de Natal em solidariedade ao Amparo Maternal","datePublished":"2009-11-25T07:11:10+00:00","dateModified":"2010-08-16T03:11:01+00:00","mainEntityOfPage":{"@id":"https:\/\/www.oarcanjo.net\/site\/gesto-de-natal-em-solidariedade-ao-amparo-maternal\/"},"wordCount":385,"commentCount":3,"publisher":{"@id":"https:\/\/www.oarcanjo.net\/site\/#organization"},"keywords":["Amparo Maternal","Campanha de Natal"],"articleSection":["Not\u00edcias"],"inLanguage":"pt-BR","potentialAction":[{"@type":"CommentAction","name":"Comment","target":["https:\/\/www.oarcanjo.net\/site\/gesto-de-natal-em-solidariedade-ao-amparo-maternal\/#respond"]}]},{"@type":"WebPage","@id":"https:\/\/www.oarcanjo.net\/site\/gesto-de-natal-em-solidariedade-ao-amparo-maternal\/","url":"https:\/\/www.oarcanjo.net\/site\/gesto-de-natal-em-solidariedade-ao-amparo-maternal\/","name":"Campanha de Natal em solidariedade ao Amparo Maternal - O Arcanjo no ar","isPartOf":{"@id":"https:\/\/www.oarcanjo.net\/site\/#website"},"datePublished":"2009-11-25T07:11:10+00:00","dateModified":"2010-08-16T03:11:01+00:00","breadcrumb":{"@id":"https:\/\/www.oarcanjo.net\/site\/gesto-de-natal-em-solidariedade-ao-amparo-maternal\/#breadcrumb"},"inLanguage":"pt-BR","potentialAction":[{"@type":"ReadAction","target":["https:\/\/www.oarcanjo.net\/site\/gesto-de-natal-em-solidariedade-ao-amparo-maternal\/"]}]},{"@type":"BreadcrumbList","@id":"https:\/\/www.oarcanjo.net\/site\/gesto-de-natal-em-solidariedade-ao-amparo-maternal\/#breadcrumb","itemListElement":[{"@type":"ListItem","position":1,"name":"In\u00edcio","item":"https:\/\/www.oarcanjo.net\/site\/"},{"@type":"ListItem","position":2,"name":"Campanha de Natal em solidariedade ao Amparo Maternal"}]},{"@type":"WebSite","@id":"https:\/\/www.oarcanjo.net\/site\/#website","url":"https:\/\/www.oarcanjo.net\/site\/","name":"O Arcanjo no ar","description":"Site da Par\u00f3quia S\u00e3o Miguel Arcanjo (Arquidiocese de SP)","publisher":{"@id":"https:\/\/www.oarcanjo.net\/site\/#organization"},"potentialAction":[{"@type":"SearchAction","target":{"@type":"EntryPoint","urlTemplate":"https:\/\/www.oarcanjo.net\/site\/?s={search_term_string}"},"query-input":{"@type":"PropertyValueSpecification","valueRequired":true,"valueName":"search_term_string"}}],"inLanguage":"pt-BR"},{"@type":"Organization","@id":"https:\/\/www.oarcanjo.net\/site\/#organization","name":"Par\u00f3quia S\u00e3o Miguel Arcanjo","url":"https:\/\/www.oarcanjo.net\/site\/","logo":{"@type":"ImageObject","inLanguage":"pt-BR","@id":"https:\/\/www.oarcanjo.net\/site\/#\/schema\/logo\/image\/","url":"https:\/\/www.oarcanjo.net\/site\/wp-content\/uploads\/LogoOArcanjo.png","contentUrl":"https:\/\/www.oarcanjo.net\/site\/wp-content\/uploads\/LogoOArcanjo.png","width":319,"height":99,"caption":"Par\u00f3quia S\u00e3o Miguel Arcanjo"},"image":{"@id":"https:\/\/www.oarcanjo.net\/site\/#\/schema\/logo\/image\/"},"sameAs":["https:\/\/www.facebook.com\/OArcanjoNoAr\/"]},{"@type":"Person","@id":"https:\/\/www.oarcanjo.net\/site\/#\/schema\/person\/f7024d007863202483a31326673a0838","name":"editor","sameAs":["http:\/\/www.oarcanjo.net"]}]}},"publishpress_future_action":{"enabled":false,"date":"2026-05-07 10:07:39","action":"category","newStatus":"draft","terms":[],"taxonomy":"category"},"publishpress_future_workflow_manual_trigger":{"enabledWorkflows":[]},"_links":{"self":[{"href":"https:\/\/www.oarcanjo.net\/site\/wp-json\/wp\/v2\/posts\/6169"}],"collection":[{"href":"https:\/\/www.oarcanjo.net\/site\/wp-json\/wp\/v2\/posts"}],"about":[{"href":"https:\/\/www.oarcanjo.net\/site\/wp-json\/wp\/v2\/types\/post"}],"author":[{"embeddable":true,"href":"https:\/\/www.oarcanjo.net\/site\/wp-json\/wp\/v2\/users\/5"}],"replies":[{"embeddable":true,"href":"https:\/\/www.oarcanjo.net\/site\/wp-json\/wp\/v2\/comments?post=6169"}],"version-history":[{"count":0,"href":"https:\/\/www.oarcanjo.net\/site\/wp-json\/wp\/v2\/posts\/6169\/revisions"}],"wp:attachment":[{"href":"https:\/\/www.oarcanjo.net\/site\/wp-json\/wp\/v2\/media?parent=6169"}],"wp:term":[{"taxonomy":"category","embeddable":true,"href":"https:\/\/www.oarcanjo.net\/site\/wp-json\/wp\/v2\/categories?post=6169"},{"taxonomy":"post_tag","embeddable":true,"href":"https:\/\/www.oarcanjo.net\/site\/wp-json\/wp\/v2\/tags?post=6169"}],"curies":[{"name":"wp","href":"https:\/\/api.w.org\/{rel}","templated":true}]}}