
{"id":61693,"date":"2015-05-24T14:01:51","date_gmt":"2015-05-24T17:01:51","guid":{"rendered":"http:\/\/www.oarcanjo.net\/site\/?p=61693"},"modified":"2015-05-24T14:02:24","modified_gmt":"2015-05-24T17:02:24","slug":"o-papa-para-a-beatificacao-de-d-romero-construiu-a-paz","status":"publish","type":"post","link":"https:\/\/www.oarcanjo.net\/site\/o-papa-para-a-beatificacao-de-d-romero-construiu-a-paz\/","title":{"rendered":"O Papa para a beatifica\u00e7\u00e3o de D. Romero &#8211; Construiu a paz"},"content":{"rendered":"<p>\u00abD. Romero construiu a paz com a for\u00e7a do amor\u00bb, testemunhando \u00aba f\u00e9 com a sua vida at\u00e9 ao extremo\u00bb. Foi o perfil espiritual tra\u00e7ado pelo Papa Francisco por ocasi\u00e3o da beatifica\u00e7\u00e3o do arcebispo assassinado em 1980 enquanto celebrava a missa. No s\u00e1bado, 23 de Maio, em San Salvador, o rito foi presidido, em representa\u00e7\u00e3o do Pont\u00edfice, pelo cardeal Amato, prefeito da Congrega\u00e7\u00e3o para as causas dos santos.<\/p>\n<p><img decoding=\"async\" title=\"\" src=\"http:\/\/vaticanresources.s3.amazonaws.com\/images%2F88c43f24255edfbeb31925b28d962d44_12.jpg\" alt=\"\" \/><\/p>\n<p>Mas o Papa quis unir-se aos milhares de fi\u00e9is presentes na celebra\u00e7\u00e3o tamb\u00e9m com uma carta enviada ao actual sucessor de Romero, D. Escobar Alas, na qual recordou a aten\u00e7\u00e3o privilegiada do novo beato pelos \u00faltimos de El Salvador. \u00abNesse bonito pa\u00eds centro-americano, banhado pelo Oceano Pac\u00edfico, o Senhor concedeu um bispo zeloso\u00bb, escreveu Francisco. De facto, ele \u00abem tempos de conviv\u00eancia dif\u00edcil, soube guiar, defender e proteger o seu rebanho, permanecendo fiel ao Evangelho e em comunh\u00e3o com toda a Igreja\u00bb, comprometendo-se em particular pelos pobres e marginalizados. Eis porque a beatifica\u00e7\u00e3o constitui uma \u00abfesta para a na\u00e7\u00e3o salvadorenha e tamb\u00e9m para os pa\u00edses irm\u00e3os latino-americanos\u00bb.<\/p>\n<p>Depois, actualizando o testemunho do novo beato, o Papa evidenciou que a sua voz continua \u00aba ressoar hoje para nos recordar que a Igreja \u00e9 fam\u00edlia de Deus, onde n\u00e3o pode ter divis\u00e3o\u00bb e que \u00aba f\u00e9 em Jesus, correctamente entendida e assumida at\u00e9 \u00e0s \u00faltimas consequ\u00eancias, gera art\u00edfices de paz e solidariedade\u00bb. Eis a exorta\u00e7\u00e3o a \u00abquantos t\u00eam D. Romero como amigo na f\u00e9\u00bb, invocando-o \u00abcomo protector e intercessor\u00bb, a fim de que \u00abencontrem nele a for\u00e7a e a coragem\u00bb de trabalhar para \u00abuma ordem social mais justa e digna\u00bb. Ali\u00e1s \u00ab\u00e9 o momento favor\u00e1vel para uma verdadeira reconcilia\u00e7\u00e3o nacional\u00bb. E o Papa quis participar nas esperan\u00e7as dos salvadorenhos, unindo-se \u00e0s suas ora\u00e7\u00f5es, \u00aba fim de que brote a semente do mart\u00edrio\u00bb de D. Romero e \u00abse fortale\u00e7am nos aut\u00eanticos caminhos os filhos e as filhas dessa na\u00e7\u00e3o\u00bb que tem \u00abo nome do divino Salvador\u00bb.<\/p>\n<p>Por sua vez, o cardeal Amato evidenciou que o m\u00e1rtir Romero \u00e9 \u00abluz das na\u00e7\u00f5es\u00bb. De facto, \u00abse os seus perseguidores desapareceram na sombra do esquecimento e da morte \u2013 disse durante o rito \u2013 a mem\u00f3ria de Romero continua a dar conforto a todos os menosprezados\u00bb.<\/p>\n<p><em>Fonte:\u00a0News.Va<\/em><\/p>\n<div id=\"themify_builder_content-61693\" data-postid=\"61693\" class=\"themify_builder_content themify_builder_content-61693 themify_builder themify_builder_front\">\n\t<\/div>\n<!-- \/themify_builder_content -->","protected":false},"excerpt":{"rendered":"<p>&#8220;D. Romero construiu a paz com a for\u00e7a do amor&#8221;, disse o papa Francisco na mensagem pela beatifica\u00e7\u00e3o de Dom Oscar Romero.<\/p>\n","protected":false},"author":3,"featured_media":0,"comment_status":"open","ping_status":"open","sticky":false,"template":"","format":"standard","meta":{"ngg_post_thumbnail":0,"footnotes":""},"categories":[479,8],"tags":[1451,392,2433],"yoast_head":"<!-- This site is optimized with the Yoast SEO plugin v23.5 - https:\/\/yoast.com\/wordpress\/plugins\/seo\/ -->\n<title>O Papa para a beatifica\u00e7\u00e3o de D. Romero - Construiu a paz - O Arcanjo no ar<\/title>\n<meta name=\"robots\" content=\"index, follow, max-snippet:-1, max-image-preview:large, max-video-preview:-1\" \/>\n<link rel=\"canonical\" href=\"https:\/\/www.oarcanjo.net\/site\/o-papa-para-a-beatificacao-de-d-romero-construiu-a-paz\/\" \/>\n<meta property=\"og:locale\" content=\"pt_BR\" \/>\n<meta property=\"og:type\" content=\"article\" \/>\n<meta property=\"og:title\" content=\"O Papa para a beatifica\u00e7\u00e3o de D. Romero - Construiu a paz - O Arcanjo no ar\" \/>\n<meta property=\"og:description\" content=\"&quot;D. Romero construiu a paz com a for\u00e7a do amor&quot;, disse o papa Francisco na mensagem pela beatifica\u00e7\u00e3o de Dom Oscar Romero.\" \/>\n<meta property=\"og:url\" content=\"https:\/\/www.oarcanjo.net\/site\/o-papa-para-a-beatificacao-de-d-romero-construiu-a-paz\/\" \/>\n<meta property=\"og:site_name\" content=\"O Arcanjo no ar\" \/>\n<meta property=\"article:publisher\" content=\"https:\/\/www.facebook.com\/OArcanjoNoAr\/\" \/>\n<meta property=\"article:published_time\" content=\"2015-05-24T17:01:51+00:00\" \/>\n<meta property=\"article:modified_time\" content=\"2015-05-24T17:02:24+00:00\" \/>\n<meta property=\"og:image\" content=\"http:\/\/vaticanresources.s3.amazonaws.com\/images%2F88c43f24255edfbeb31925b28d962d44_12.jpg\" \/>\n<meta name=\"author\" content=\"miriam.meyer\" \/>\n<meta name=\"twitter:card\" content=\"summary_large_image\" \/>\n<meta name=\"twitter:label1\" content=\"Escrito por\" \/>\n\t<meta name=\"twitter:data1\" content=\"miriam.meyer\" \/>\n\t<meta name=\"twitter:label2\" content=\"Est. tempo de leitura\" \/>\n\t<meta name=\"twitter:data2\" content=\"2 minutos\" \/>\n<script type=\"application\/ld+json\" class=\"yoast-schema-graph\">{\"@context\":\"https:\/\/schema.org\",\"@graph\":[{\"@type\":\"Article\",\"@id\":\"https:\/\/www.oarcanjo.net\/site\/o-papa-para-a-beatificacao-de-d-romero-construiu-a-paz\/#article\",\"isPartOf\":{\"@id\":\"https:\/\/www.oarcanjo.net\/site\/o-papa-para-a-beatificacao-de-d-romero-construiu-a-paz\/\"},\"author\":{\"name\":\"miriam.meyer\",\"@id\":\"https:\/\/www.oarcanjo.net\/site\/#\/schema\/person\/ce0fba3450314a09c6442cfee983a3d8\"},\"headline\":\"O Papa para a beatifica\u00e7\u00e3o de D. Romero &#8211; Construiu a paz\",\"datePublished\":\"2015-05-24T17:01:51+00:00\",\"dateModified\":\"2015-05-24T17:02:24+00:00\",\"mainEntityOfPage\":{\"@id\":\"https:\/\/www.oarcanjo.net\/site\/o-papa-para-a-beatificacao-de-d-romero-construiu-a-paz\/\"},\"wordCount\":419,\"commentCount\":0,\"publisher\":{\"@id\":\"https:\/\/www.oarcanjo.net\/site\/#organization\"},\"image\":{\"@id\":\"https:\/\/www.oarcanjo.net\/site\/o-papa-para-a-beatificacao-de-d-romero-construiu-a-paz\/#primaryimage\"},\"thumbnailUrl\":\"http:\/\/vaticanresources.s3.amazonaws.com\/images%2F88c43f24255edfbeb31925b28d962d44_12.jpg\",\"keywords\":[\"beatifica\u00e7\u00e3o\",\"Dom Oscar Romero\",\"Papa Francisco\"],\"articleSection\":[\"D. Oscar Romero\",\"Not\u00edcias\"],\"inLanguage\":\"pt-BR\",\"potentialAction\":[{\"@type\":\"CommentAction\",\"name\":\"Comment\",\"target\":[\"https:\/\/www.oarcanjo.net\/site\/o-papa-para-a-beatificacao-de-d-romero-construiu-a-paz\/#respond\"]}]},{\"@type\":\"WebPage\",\"@id\":\"https:\/\/www.oarcanjo.net\/site\/o-papa-para-a-beatificacao-de-d-romero-construiu-a-paz\/\",\"url\":\"https:\/\/www.oarcanjo.net\/site\/o-papa-para-a-beatificacao-de-d-romero-construiu-a-paz\/\",\"name\":\"O Papa para a beatifica\u00e7\u00e3o de D. Romero - Construiu a paz - O Arcanjo no ar\",\"isPartOf\":{\"@id\":\"https:\/\/www.oarcanjo.net\/site\/#website\"},\"primaryImageOfPage\":{\"@id\":\"https:\/\/www.oarcanjo.net\/site\/o-papa-para-a-beatificacao-de-d-romero-construiu-a-paz\/#primaryimage\"},\"image\":{\"@id\":\"https:\/\/www.oarcanjo.net\/site\/o-papa-para-a-beatificacao-de-d-romero-construiu-a-paz\/#primaryimage\"},\"thumbnailUrl\":\"http:\/\/vaticanresources.s3.amazonaws.com\/images%2F88c43f24255edfbeb31925b28d962d44_12.jpg\",\"datePublished\":\"2015-05-24T17:01:51+00:00\",\"dateModified\":\"2015-05-24T17:02:24+00:00\",\"breadcrumb\":{\"@id\":\"https:\/\/www.oarcanjo.net\/site\/o-papa-para-a-beatificacao-de-d-romero-construiu-a-paz\/#breadcrumb\"},\"inLanguage\":\"pt-BR\",\"potentialAction\":[{\"@type\":\"ReadAction\",\"target\":[\"https:\/\/www.oarcanjo.net\/site\/o-papa-para-a-beatificacao-de-d-romero-construiu-a-paz\/\"]}]},{\"@type\":\"ImageObject\",\"inLanguage\":\"pt-BR\",\"@id\":\"https:\/\/www.oarcanjo.net\/site\/o-papa-para-a-beatificacao-de-d-romero-construiu-a-paz\/#primaryimage\",\"url\":\"http:\/\/vaticanresources.s3.amazonaws.com\/images%2F88c43f24255edfbeb31925b28d962d44_12.jpg\",\"contentUrl\":\"http:\/\/vaticanresources.s3.amazonaws.com\/images%2F88c43f24255edfbeb31925b28d962d44_12.jpg\"},{\"@type\":\"BreadcrumbList\",\"@id\":\"https:\/\/www.oarcanjo.net\/site\/o-papa-para-a-beatificacao-de-d-romero-construiu-a-paz\/#breadcrumb\",\"itemListElement\":[{\"@type\":\"ListItem\",\"position\":1,\"name\":\"In\u00edcio\",\"item\":\"https:\/\/www.oarcanjo.net\/site\/\"},{\"@type\":\"ListItem\",\"position\":2,\"name\":\"O Papa para a beatifica\u00e7\u00e3o de D. Romero &#8211; Construiu a paz\"}]},{\"@type\":\"WebSite\",\"@id\":\"https:\/\/www.oarcanjo.net\/site\/#website\",\"url\":\"https:\/\/www.oarcanjo.net\/site\/\",\"name\":\"O Arcanjo no ar\",\"description\":\"Site da Par\u00f3quia S\u00e3o Miguel Arcanjo (Arquidiocese de SP)\",\"publisher\":{\"@id\":\"https:\/\/www.oarcanjo.net\/site\/#organization\"},\"potentialAction\":[{\"@type\":\"SearchAction\",\"target\":{\"@type\":\"EntryPoint\",\"urlTemplate\":\"https:\/\/www.oarcanjo.net\/site\/?s={search_term_string}\"},\"query-input\":{\"@type\":\"PropertyValueSpecification\",\"valueRequired\":true,\"valueName\":\"search_term_string\"}}],\"inLanguage\":\"pt-BR\"},{\"@type\":\"Organization\",\"@id\":\"https:\/\/www.oarcanjo.net\/site\/#organization\",\"name\":\"Par\u00f3quia S\u00e3o Miguel Arcanjo\",\"url\":\"https:\/\/www.oarcanjo.net\/site\/\",\"logo\":{\"@type\":\"ImageObject\",\"inLanguage\":\"pt-BR\",\"@id\":\"https:\/\/www.oarcanjo.net\/site\/#\/schema\/logo\/image\/\",\"url\":\"https:\/\/www.oarcanjo.net\/site\/wp-content\/uploads\/LogoOArcanjo.png\",\"contentUrl\":\"https:\/\/www.oarcanjo.net\/site\/wp-content\/uploads\/LogoOArcanjo.png\",\"width\":319,\"height\":99,\"caption\":\"Par\u00f3quia S\u00e3o Miguel Arcanjo\"},\"image\":{\"@id\":\"https:\/\/www.oarcanjo.net\/site\/#\/schema\/logo\/image\/\"},\"sameAs\":[\"https:\/\/www.facebook.com\/OArcanjoNoAr\/\"]},{\"@type\":\"Person\",\"@id\":\"https:\/\/www.oarcanjo.net\/site\/#\/schema\/person\/ce0fba3450314a09c6442cfee983a3d8\",\"name\":\"miriam.meyer\"}]}<\/script>\n<!-- \/ Yoast SEO plugin. -->","yoast_head_json":{"title":"O Papa para a beatifica\u00e7\u00e3o de D. Romero - Construiu a paz - O Arcanjo no ar","robots":{"index":"index","follow":"follow","max-snippet":"max-snippet:-1","max-image-preview":"max-image-preview:large","max-video-preview":"max-video-preview:-1"},"canonical":"https:\/\/www.oarcanjo.net\/site\/o-papa-para-a-beatificacao-de-d-romero-construiu-a-paz\/","og_locale":"pt_BR","og_type":"article","og_title":"O Papa para a beatifica\u00e7\u00e3o de D. Romero - Construiu a paz - O Arcanjo no ar","og_description":"\"D. Romero construiu a paz com a for\u00e7a do amor\", disse o papa Francisco na mensagem pela beatifica\u00e7\u00e3o de Dom Oscar Romero.","og_url":"https:\/\/www.oarcanjo.net\/site\/o-papa-para-a-beatificacao-de-d-romero-construiu-a-paz\/","og_site_name":"O Arcanjo no ar","article_publisher":"https:\/\/www.facebook.com\/OArcanjoNoAr\/","article_published_time":"2015-05-24T17:01:51+00:00","article_modified_time":"2015-05-24T17:02:24+00:00","og_image":[{"url":"http:\/\/vaticanresources.s3.amazonaws.com\/images%2F88c43f24255edfbeb31925b28d962d44_12.jpg"}],"author":"miriam.meyer","twitter_card":"summary_large_image","twitter_misc":{"Escrito por":"miriam.meyer","Est. tempo de leitura":"2 minutos"},"schema":{"@context":"https:\/\/schema.org","@graph":[{"@type":"Article","@id":"https:\/\/www.oarcanjo.net\/site\/o-papa-para-a-beatificacao-de-d-romero-construiu-a-paz\/#article","isPartOf":{"@id":"https:\/\/www.oarcanjo.net\/site\/o-papa-para-a-beatificacao-de-d-romero-construiu-a-paz\/"},"author":{"name":"miriam.meyer","@id":"https:\/\/www.oarcanjo.net\/site\/#\/schema\/person\/ce0fba3450314a09c6442cfee983a3d8"},"headline":"O Papa para a beatifica\u00e7\u00e3o de D. Romero &#8211; Construiu a paz","datePublished":"2015-05-24T17:01:51+00:00","dateModified":"2015-05-24T17:02:24+00:00","mainEntityOfPage":{"@id":"https:\/\/www.oarcanjo.net\/site\/o-papa-para-a-beatificacao-de-d-romero-construiu-a-paz\/"},"wordCount":419,"commentCount":0,"publisher":{"@id":"https:\/\/www.oarcanjo.net\/site\/#organization"},"image":{"@id":"https:\/\/www.oarcanjo.net\/site\/o-papa-para-a-beatificacao-de-d-romero-construiu-a-paz\/#primaryimage"},"thumbnailUrl":"http:\/\/vaticanresources.s3.amazonaws.com\/images%2F88c43f24255edfbeb31925b28d962d44_12.jpg","keywords":["beatifica\u00e7\u00e3o","Dom Oscar Romero","Papa Francisco"],"articleSection":["D. Oscar Romero","Not\u00edcias"],"inLanguage":"pt-BR","potentialAction":[{"@type":"CommentAction","name":"Comment","target":["https:\/\/www.oarcanjo.net\/site\/o-papa-para-a-beatificacao-de-d-romero-construiu-a-paz\/#respond"]}]},{"@type":"WebPage","@id":"https:\/\/www.oarcanjo.net\/site\/o-papa-para-a-beatificacao-de-d-romero-construiu-a-paz\/","url":"https:\/\/www.oarcanjo.net\/site\/o-papa-para-a-beatificacao-de-d-romero-construiu-a-paz\/","name":"O Papa para a beatifica\u00e7\u00e3o de D. Romero - Construiu a paz - O Arcanjo no ar","isPartOf":{"@id":"https:\/\/www.oarcanjo.net\/site\/#website"},"primaryImageOfPage":{"@id":"https:\/\/www.oarcanjo.net\/site\/o-papa-para-a-beatificacao-de-d-romero-construiu-a-paz\/#primaryimage"},"image":{"@id":"https:\/\/www.oarcanjo.net\/site\/o-papa-para-a-beatificacao-de-d-romero-construiu-a-paz\/#primaryimage"},"thumbnailUrl":"http:\/\/vaticanresources.s3.amazonaws.com\/images%2F88c43f24255edfbeb31925b28d962d44_12.jpg","datePublished":"2015-05-24T17:01:51+00:00","dateModified":"2015-05-24T17:02:24+00:00","breadcrumb":{"@id":"https:\/\/www.oarcanjo.net\/site\/o-papa-para-a-beatificacao-de-d-romero-construiu-a-paz\/#breadcrumb"},"inLanguage":"pt-BR","potentialAction":[{"@type":"ReadAction","target":["https:\/\/www.oarcanjo.net\/site\/o-papa-para-a-beatificacao-de-d-romero-construiu-a-paz\/"]}]},{"@type":"ImageObject","inLanguage":"pt-BR","@id":"https:\/\/www.oarcanjo.net\/site\/o-papa-para-a-beatificacao-de-d-romero-construiu-a-paz\/#primaryimage","url":"http:\/\/vaticanresources.s3.amazonaws.com\/images%2F88c43f24255edfbeb31925b28d962d44_12.jpg","contentUrl":"http:\/\/vaticanresources.s3.amazonaws.com\/images%2F88c43f24255edfbeb31925b28d962d44_12.jpg"},{"@type":"BreadcrumbList","@id":"https:\/\/www.oarcanjo.net\/site\/o-papa-para-a-beatificacao-de-d-romero-construiu-a-paz\/#breadcrumb","itemListElement":[{"@type":"ListItem","position":1,"name":"In\u00edcio","item":"https:\/\/www.oarcanjo.net\/site\/"},{"@type":"ListItem","position":2,"name":"O Papa para a beatifica\u00e7\u00e3o de D. Romero &#8211; Construiu a paz"}]},{"@type":"WebSite","@id":"https:\/\/www.oarcanjo.net\/site\/#website","url":"https:\/\/www.oarcanjo.net\/site\/","name":"O Arcanjo no ar","description":"Site da Par\u00f3quia S\u00e3o Miguel Arcanjo (Arquidiocese de SP)","publisher":{"@id":"https:\/\/www.oarcanjo.net\/site\/#organization"},"potentialAction":[{"@type":"SearchAction","target":{"@type":"EntryPoint","urlTemplate":"https:\/\/www.oarcanjo.net\/site\/?s={search_term_string}"},"query-input":{"@type":"PropertyValueSpecification","valueRequired":true,"valueName":"search_term_string"}}],"inLanguage":"pt-BR"},{"@type":"Organization","@id":"https:\/\/www.oarcanjo.net\/site\/#organization","name":"Par\u00f3quia S\u00e3o Miguel Arcanjo","url":"https:\/\/www.oarcanjo.net\/site\/","logo":{"@type":"ImageObject","inLanguage":"pt-BR","@id":"https:\/\/www.oarcanjo.net\/site\/#\/schema\/logo\/image\/","url":"https:\/\/www.oarcanjo.net\/site\/wp-content\/uploads\/LogoOArcanjo.png","contentUrl":"https:\/\/www.oarcanjo.net\/site\/wp-content\/uploads\/LogoOArcanjo.png","width":319,"height":99,"caption":"Par\u00f3quia S\u00e3o Miguel Arcanjo"},"image":{"@id":"https:\/\/www.oarcanjo.net\/site\/#\/schema\/logo\/image\/"},"sameAs":["https:\/\/www.facebook.com\/OArcanjoNoAr\/"]},{"@type":"Person","@id":"https:\/\/www.oarcanjo.net\/site\/#\/schema\/person\/ce0fba3450314a09c6442cfee983a3d8","name":"miriam.meyer"}]}},"publishpress_future_action":{"enabled":false,"date":"2026-05-09 03:30:49","action":"category","newStatus":"draft","terms":[],"taxonomy":"category"},"publishpress_future_workflow_manual_trigger":{"enabledWorkflows":[]},"_links":{"self":[{"href":"https:\/\/www.oarcanjo.net\/site\/wp-json\/wp\/v2\/posts\/61693"}],"collection":[{"href":"https:\/\/www.oarcanjo.net\/site\/wp-json\/wp\/v2\/posts"}],"about":[{"href":"https:\/\/www.oarcanjo.net\/site\/wp-json\/wp\/v2\/types\/post"}],"author":[{"embeddable":true,"href":"https:\/\/www.oarcanjo.net\/site\/wp-json\/wp\/v2\/users\/3"}],"replies":[{"embeddable":true,"href":"https:\/\/www.oarcanjo.net\/site\/wp-json\/wp\/v2\/comments?post=61693"}],"version-history":[{"count":0,"href":"https:\/\/www.oarcanjo.net\/site\/wp-json\/wp\/v2\/posts\/61693\/revisions"}],"wp:attachment":[{"href":"https:\/\/www.oarcanjo.net\/site\/wp-json\/wp\/v2\/media?parent=61693"}],"wp:term":[{"taxonomy":"category","embeddable":true,"href":"https:\/\/www.oarcanjo.net\/site\/wp-json\/wp\/v2\/categories?post=61693"},{"taxonomy":"post_tag","embeddable":true,"href":"https:\/\/www.oarcanjo.net\/site\/wp-json\/wp\/v2\/tags?post=61693"}],"curies":[{"name":"wp","href":"https:\/\/api.w.org\/{rel}","templated":true}]}}