
{"id":6176,"date":"2009-11-25T22:38:21","date_gmt":"2009-11-26T01:38:21","guid":{"rendered":"http:\/\/www.oarcanjo.net\/site\/?p=6176"},"modified":"2009-11-25T23:13:13","modified_gmt":"2009-11-26T02:13:13","slug":"sao-leonardo-de-porto-mauricio","status":"publish","type":"post","link":"https:\/\/www.oarcanjo.net\/site\/sao-leonardo-de-porto-mauricio\/","title":{"rendered":"S\u00e3o Leonardo de Porto Maur\u00edcio"},"content":{"rendered":"<p><strong>26 de novembro<\/strong><\/p>\n<p>Paulo Jer\u00f4nimo nasceu em 1676, em Porto Maur\u00edcio, atual Imp\u00e9ria, It\u00e1lia. Filho do capit\u00e3o da marinha Domingos Casanova, ficou \u00f3rf\u00e3o ainda muito pequeno. Foi, ent\u00e3o, levado a Roma para concluir os estudos no Col\u00e9gio Romano. Depois, foi para o Retiro de S\u00e3o Boaventura, onde entrou para a Ordem Franciscana e vestiu o h\u00e1bito tomando o nome de frei Leonardo.<\/p>\n<p>Atuou como sacerdote a maior parte da vida em Floren\u00e7a. Era um empolgante pregador, principalmente quando escolhia como tema a Paix\u00e3o de Cristo. Percorreu toda a It\u00e1lia exercendo esse minist\u00e9rio e, com isso, escreveu muitas obras de grande valor para os pregadores e para os fi\u00e9is. Santo Afonso de Lig\u00f3rio, seu contempor\u00e2neo, dizia que ele era o maior mission\u00e1rio daquele s\u00e9culo. O papa tamb\u00e9m usou para a Igreja os dons de Leonardo, quando o enviou para uma delicada miss\u00e3o na ilha de C\u00f3rsega. Tinha de restabelecer a conc\u00f3rdia entre os cidad\u00e3os. Apesar das graves divis\u00f5es entre eles, Leonardo conseguiu um inacredit\u00e1vel abra\u00e7o de paz.<\/p>\n<p>Tamb\u00e9m \u00e9 considerado o salvador do Coliseu, ao promover pela primeira vez a liturgia da Via-Sacra naquele local que definiu como santificado, pelos mart\u00edrios dos crist\u00e3os. Por esse motivo, a interpreta\u00e7\u00e3o da Paix\u00e3o de Cristo foi reproduzida, no jubileu de 1750, no Coliseu, cujas ru\u00ednas eram dilapidadas e suas pedras arrancadas para servirem em outras constru\u00e7\u00f5es. A celebra\u00e7\u00e3o da Via-Sacra em seu interior tornou-se tradi\u00e7\u00e3o e a hist\u00f3rica constru\u00e7\u00e3o passou a ser preservada. A tradi\u00e7\u00e3o permanece, pois at\u00e9 hoje o pr\u00f3prio pont\u00edfice, toda Sexta-Feira da Paix\u00e3o, faz a Via-Sacra no Coliseu, em Roma.<\/p>\n<p>Frei Leonardo era, tamb\u00e9m, muito devoto de Nossa Senhora e queria que a Igreja assumisse o dogma da Imaculada Concei\u00e7\u00e3o de Maria. Lutou muito pelas suas id\u00e9ias doutrinais e convenceu o papa Bento XIV de que era necess\u00e1rio convocar um conc\u00edlio para discutir o assunto e depois proclamar esse dogma.<\/p>\n<p>N\u00e3o viu este dia, mas deixou uma c\u00e9lebre carta prof\u00e9tica, onde previa que isso iria acontecer, como de fato ocorreu, em 1854. Frei Leonardo morreu, em 1751, no seu querido Retiro de S\u00e3o Boaventura de Palatino, Roma. Na ocasi\u00e3o, tal era sua fama de santidade que o pr\u00f3prio papa Bento XIV foi ajoelhar-se diante de seu corpo.<\/p>\n<p>Papa Pio XI o declarou padroeiro dos sacerdotes que se consagram \u00e0s miss\u00f5es populares no mundo. S\u00e3o Leonardo de Porto Maur\u00edcio \u00e9 celebrado, no dia de sua morte, tamb\u00e9m como padroeiro da sua cidade de origem, atual Imp\u00e9ria.<\/p>\n<p><strong>Outros Santos e\u00a0Santas desta data:<\/strong><\/p>\n<p><a title=\"Bem Aventurado Tiago Alberione\" href=\"http:\/\/www.oarcanjo.net\/site\/index.php\/testemunhos\/bem-aventurado-tiago-alberione\" target=\"_self\">Bem Aventurado Tiago Alberione<\/a>, <a title=\"S\u00e3o Silveste\" href=\"http:\/\/www.oarcanjo.net\/site\/index.php\/testemunhos\/sao-silveste\" target=\"_self\">S\u00e3o Silveste<\/a> (Fundou a Congrega\u00e7\u00e3o Monges Silvestrinos) e <a title=\"Santo Humilde de Bisignano\" href=\"http:\/\/www.oarcanjo.net\/site\/index.php\/testemunhos\/santo-humilde-de-bisignano\" target=\"_self\">Santo Humilde de Bisignano<\/a>.<\/p>\n<p><em>Colabora\u00e7\u00e3o de Danilo Santana<\/em><\/p>\n<div id=\"themify_builder_content-6176\" data-postid=\"6176\" class=\"themify_builder_content themify_builder_content-6176 themify_builder themify_builder_front\">\n\t<\/div>\n<!-- \/themify_builder_content -->","protected":false},"excerpt":{"rendered":"<p>26 de novembro Paulo Jer\u00f4nimo nasceu em 1676, em Porto Maur\u00edcio, atual Imp\u00e9ria, It\u00e1lia. Filho do capit\u00e3o da marinha Domingos Casanova, ficou \u00f3rf\u00e3o ainda muito pequeno. Foi, ent\u00e3o, levado a Roma para concluir os estudos no Col\u00e9gio Romano. Depois, foi para o Retiro de S\u00e3o Boaventura, onde entrou para a Ordem Franciscana e vestiu o [&hellip;]<\/p>\n","protected":false},"author":5,"featured_media":0,"comment_status":"open","ping_status":"open","sticky":false,"template":"","format":"standard","meta":{"ngg_post_thumbnail":0,"footnotes":""},"categories":[186],"tags":[1296,1298,1295,1297],"yoast_head":"<!-- This site is optimized with the Yoast SEO plugin v23.5 - https:\/\/yoast.com\/wordpress\/plugins\/seo\/ -->\n<title>S\u00e3o Leonardo de Porto Maur\u00edcio - O Arcanjo no ar<\/title>\n<meta name=\"robots\" content=\"index, follow, max-snippet:-1, max-image-preview:large, max-video-preview:-1\" \/>\n<link rel=\"canonical\" href=\"https:\/\/www.oarcanjo.net\/site\/sao-leonardo-de-porto-mauricio\/\" \/>\n<meta property=\"og:locale\" content=\"pt_BR\" \/>\n<meta property=\"og:type\" content=\"article\" \/>\n<meta property=\"og:title\" content=\"S\u00e3o Leonardo de Porto Maur\u00edcio - O Arcanjo no ar\" \/>\n<meta property=\"og:description\" content=\"26 de novembro Paulo Jer\u00f4nimo nasceu em 1676, em Porto Maur\u00edcio, atual Imp\u00e9ria, It\u00e1lia. Filho do capit\u00e3o da marinha Domingos Casanova, ficou \u00f3rf\u00e3o ainda muito pequeno. Foi, ent\u00e3o, levado a Roma para concluir os estudos no Col\u00e9gio Romano. Depois, foi para o Retiro de S\u00e3o Boaventura, onde entrou para a Ordem Franciscana e vestiu o [&hellip;]\" \/>\n<meta property=\"og:url\" content=\"https:\/\/www.oarcanjo.net\/site\/sao-leonardo-de-porto-mauricio\/\" \/>\n<meta property=\"og:site_name\" content=\"O Arcanjo no ar\" \/>\n<meta property=\"article:publisher\" content=\"https:\/\/www.facebook.com\/OArcanjoNoAr\/\" \/>\n<meta property=\"article:published_time\" content=\"2009-11-26T01:38:21+00:00\" \/>\n<meta property=\"article:modified_time\" content=\"2009-11-26T02:13:13+00:00\" \/>\n<meta property=\"og:image\" content=\"https:\/\/www.oarcanjo.net\/site\/wp-content\/uploads\/logo-o-arcanjo-no-ar-facebook.png\" \/>\n\t<meta property=\"og:image:width\" content=\"300\" \/>\n\t<meta property=\"og:image:height\" content=\"300\" \/>\n\t<meta property=\"og:image:type\" content=\"image\/png\" \/>\n<meta name=\"author\" content=\"editor\" \/>\n<meta name=\"twitter:card\" content=\"summary_large_image\" \/>\n<meta name=\"twitter:label1\" content=\"Escrito por\" \/>\n\t<meta name=\"twitter:data1\" content=\"editor\" \/>\n\t<meta name=\"twitter:label2\" content=\"Est. tempo de leitura\" \/>\n\t<meta name=\"twitter:data2\" content=\"2 minutos\" \/>\n<script type=\"application\/ld+json\" class=\"yoast-schema-graph\">{\"@context\":\"https:\/\/schema.org\",\"@graph\":[{\"@type\":\"Article\",\"@id\":\"https:\/\/www.oarcanjo.net\/site\/sao-leonardo-de-porto-mauricio\/#article\",\"isPartOf\":{\"@id\":\"https:\/\/www.oarcanjo.net\/site\/sao-leonardo-de-porto-mauricio\/\"},\"author\":{\"name\":\"editor\",\"@id\":\"https:\/\/www.oarcanjo.net\/site\/#\/schema\/person\/f7024d007863202483a31326673a0838\"},\"headline\":\"S\u00e3o Leonardo de Porto Maur\u00edcio\",\"datePublished\":\"2009-11-26T01:38:21+00:00\",\"dateModified\":\"2009-11-26T02:13:13+00:00\",\"mainEntityOfPage\":{\"@id\":\"https:\/\/www.oarcanjo.net\/site\/sao-leonardo-de-porto-mauricio\/\"},\"wordCount\":491,\"commentCount\":0,\"publisher\":{\"@id\":\"https:\/\/www.oarcanjo.net\/site\/#organization\"},\"keywords\":[\"Bem Aventurado Tiago Alberione\",\"Santo Humilde de Bisignano\",\"S\u00e3o Leonardo de Porto Maur\u00edcio\",\"S\u00e3o Silveste\"],\"articleSection\":[\"Testemunhos\"],\"inLanguage\":\"pt-BR\",\"potentialAction\":[{\"@type\":\"CommentAction\",\"name\":\"Comment\",\"target\":[\"https:\/\/www.oarcanjo.net\/site\/sao-leonardo-de-porto-mauricio\/#respond\"]}]},{\"@type\":\"WebPage\",\"@id\":\"https:\/\/www.oarcanjo.net\/site\/sao-leonardo-de-porto-mauricio\/\",\"url\":\"https:\/\/www.oarcanjo.net\/site\/sao-leonardo-de-porto-mauricio\/\",\"name\":\"S\u00e3o Leonardo de Porto Maur\u00edcio - O Arcanjo no ar\",\"isPartOf\":{\"@id\":\"https:\/\/www.oarcanjo.net\/site\/#website\"},\"datePublished\":\"2009-11-26T01:38:21+00:00\",\"dateModified\":\"2009-11-26T02:13:13+00:00\",\"breadcrumb\":{\"@id\":\"https:\/\/www.oarcanjo.net\/site\/sao-leonardo-de-porto-mauricio\/#breadcrumb\"},\"inLanguage\":\"pt-BR\",\"potentialAction\":[{\"@type\":\"ReadAction\",\"target\":[\"https:\/\/www.oarcanjo.net\/site\/sao-leonardo-de-porto-mauricio\/\"]}]},{\"@type\":\"BreadcrumbList\",\"@id\":\"https:\/\/www.oarcanjo.net\/site\/sao-leonardo-de-porto-mauricio\/#breadcrumb\",\"itemListElement\":[{\"@type\":\"ListItem\",\"position\":1,\"name\":\"In\u00edcio\",\"item\":\"https:\/\/www.oarcanjo.net\/site\/\"},{\"@type\":\"ListItem\",\"position\":2,\"name\":\"S\u00e3o Leonardo de Porto Maur\u00edcio\"}]},{\"@type\":\"WebSite\",\"@id\":\"https:\/\/www.oarcanjo.net\/site\/#website\",\"url\":\"https:\/\/www.oarcanjo.net\/site\/\",\"name\":\"O Arcanjo no ar\",\"description\":\"Site da Par\u00f3quia S\u00e3o Miguel Arcanjo (Arquidiocese de SP)\",\"publisher\":{\"@id\":\"https:\/\/www.oarcanjo.net\/site\/#organization\"},\"potentialAction\":[{\"@type\":\"SearchAction\",\"target\":{\"@type\":\"EntryPoint\",\"urlTemplate\":\"https:\/\/www.oarcanjo.net\/site\/?s={search_term_string}\"},\"query-input\":{\"@type\":\"PropertyValueSpecification\",\"valueRequired\":true,\"valueName\":\"search_term_string\"}}],\"inLanguage\":\"pt-BR\"},{\"@type\":\"Organization\",\"@id\":\"https:\/\/www.oarcanjo.net\/site\/#organization\",\"name\":\"Par\u00f3quia S\u00e3o Miguel Arcanjo\",\"url\":\"https:\/\/www.oarcanjo.net\/site\/\",\"logo\":{\"@type\":\"ImageObject\",\"inLanguage\":\"pt-BR\",\"@id\":\"https:\/\/www.oarcanjo.net\/site\/#\/schema\/logo\/image\/\",\"url\":\"https:\/\/www.oarcanjo.net\/site\/wp-content\/uploads\/LogoOArcanjo.png\",\"contentUrl\":\"https:\/\/www.oarcanjo.net\/site\/wp-content\/uploads\/LogoOArcanjo.png\",\"width\":319,\"height\":99,\"caption\":\"Par\u00f3quia S\u00e3o Miguel Arcanjo\"},\"image\":{\"@id\":\"https:\/\/www.oarcanjo.net\/site\/#\/schema\/logo\/image\/\"},\"sameAs\":[\"https:\/\/www.facebook.com\/OArcanjoNoAr\/\"]},{\"@type\":\"Person\",\"@id\":\"https:\/\/www.oarcanjo.net\/site\/#\/schema\/person\/f7024d007863202483a31326673a0838\",\"name\":\"editor\",\"sameAs\":[\"http:\/\/www.oarcanjo.net\"]}]}<\/script>\n<!-- \/ Yoast SEO plugin. -->","yoast_head_json":{"title":"S\u00e3o Leonardo de Porto Maur\u00edcio - O Arcanjo no ar","robots":{"index":"index","follow":"follow","max-snippet":"max-snippet:-1","max-image-preview":"max-image-preview:large","max-video-preview":"max-video-preview:-1"},"canonical":"https:\/\/www.oarcanjo.net\/site\/sao-leonardo-de-porto-mauricio\/","og_locale":"pt_BR","og_type":"article","og_title":"S\u00e3o Leonardo de Porto Maur\u00edcio - O Arcanjo no ar","og_description":"26 de novembro Paulo Jer\u00f4nimo nasceu em 1676, em Porto Maur\u00edcio, atual Imp\u00e9ria, It\u00e1lia. Filho do capit\u00e3o da marinha Domingos Casanova, ficou \u00f3rf\u00e3o ainda muito pequeno. Foi, ent\u00e3o, levado a Roma para concluir os estudos no Col\u00e9gio Romano. Depois, foi para o Retiro de S\u00e3o Boaventura, onde entrou para a Ordem Franciscana e vestiu o [&hellip;]","og_url":"https:\/\/www.oarcanjo.net\/site\/sao-leonardo-de-porto-mauricio\/","og_site_name":"O Arcanjo no ar","article_publisher":"https:\/\/www.facebook.com\/OArcanjoNoAr\/","article_published_time":"2009-11-26T01:38:21+00:00","article_modified_time":"2009-11-26T02:13:13+00:00","og_image":[{"width":300,"height":300,"url":"https:\/\/www.oarcanjo.net\/site\/wp-content\/uploads\/logo-o-arcanjo-no-ar-facebook.png","type":"image\/png"}],"author":"editor","twitter_card":"summary_large_image","twitter_misc":{"Escrito por":"editor","Est. tempo de leitura":"2 minutos"},"schema":{"@context":"https:\/\/schema.org","@graph":[{"@type":"Article","@id":"https:\/\/www.oarcanjo.net\/site\/sao-leonardo-de-porto-mauricio\/#article","isPartOf":{"@id":"https:\/\/www.oarcanjo.net\/site\/sao-leonardo-de-porto-mauricio\/"},"author":{"name":"editor","@id":"https:\/\/www.oarcanjo.net\/site\/#\/schema\/person\/f7024d007863202483a31326673a0838"},"headline":"S\u00e3o Leonardo de Porto Maur\u00edcio","datePublished":"2009-11-26T01:38:21+00:00","dateModified":"2009-11-26T02:13:13+00:00","mainEntityOfPage":{"@id":"https:\/\/www.oarcanjo.net\/site\/sao-leonardo-de-porto-mauricio\/"},"wordCount":491,"commentCount":0,"publisher":{"@id":"https:\/\/www.oarcanjo.net\/site\/#organization"},"keywords":["Bem Aventurado Tiago Alberione","Santo Humilde de Bisignano","S\u00e3o Leonardo de Porto Maur\u00edcio","S\u00e3o Silveste"],"articleSection":["Testemunhos"],"inLanguage":"pt-BR","potentialAction":[{"@type":"CommentAction","name":"Comment","target":["https:\/\/www.oarcanjo.net\/site\/sao-leonardo-de-porto-mauricio\/#respond"]}]},{"@type":"WebPage","@id":"https:\/\/www.oarcanjo.net\/site\/sao-leonardo-de-porto-mauricio\/","url":"https:\/\/www.oarcanjo.net\/site\/sao-leonardo-de-porto-mauricio\/","name":"S\u00e3o Leonardo de Porto Maur\u00edcio - O Arcanjo no ar","isPartOf":{"@id":"https:\/\/www.oarcanjo.net\/site\/#website"},"datePublished":"2009-11-26T01:38:21+00:00","dateModified":"2009-11-26T02:13:13+00:00","breadcrumb":{"@id":"https:\/\/www.oarcanjo.net\/site\/sao-leonardo-de-porto-mauricio\/#breadcrumb"},"inLanguage":"pt-BR","potentialAction":[{"@type":"ReadAction","target":["https:\/\/www.oarcanjo.net\/site\/sao-leonardo-de-porto-mauricio\/"]}]},{"@type":"BreadcrumbList","@id":"https:\/\/www.oarcanjo.net\/site\/sao-leonardo-de-porto-mauricio\/#breadcrumb","itemListElement":[{"@type":"ListItem","position":1,"name":"In\u00edcio","item":"https:\/\/www.oarcanjo.net\/site\/"},{"@type":"ListItem","position":2,"name":"S\u00e3o Leonardo de Porto Maur\u00edcio"}]},{"@type":"WebSite","@id":"https:\/\/www.oarcanjo.net\/site\/#website","url":"https:\/\/www.oarcanjo.net\/site\/","name":"O Arcanjo no ar","description":"Site da Par\u00f3quia S\u00e3o Miguel Arcanjo (Arquidiocese de SP)","publisher":{"@id":"https:\/\/www.oarcanjo.net\/site\/#organization"},"potentialAction":[{"@type":"SearchAction","target":{"@type":"EntryPoint","urlTemplate":"https:\/\/www.oarcanjo.net\/site\/?s={search_term_string}"},"query-input":{"@type":"PropertyValueSpecification","valueRequired":true,"valueName":"search_term_string"}}],"inLanguage":"pt-BR"},{"@type":"Organization","@id":"https:\/\/www.oarcanjo.net\/site\/#organization","name":"Par\u00f3quia S\u00e3o Miguel Arcanjo","url":"https:\/\/www.oarcanjo.net\/site\/","logo":{"@type":"ImageObject","inLanguage":"pt-BR","@id":"https:\/\/www.oarcanjo.net\/site\/#\/schema\/logo\/image\/","url":"https:\/\/www.oarcanjo.net\/site\/wp-content\/uploads\/LogoOArcanjo.png","contentUrl":"https:\/\/www.oarcanjo.net\/site\/wp-content\/uploads\/LogoOArcanjo.png","width":319,"height":99,"caption":"Par\u00f3quia S\u00e3o Miguel Arcanjo"},"image":{"@id":"https:\/\/www.oarcanjo.net\/site\/#\/schema\/logo\/image\/"},"sameAs":["https:\/\/www.facebook.com\/OArcanjoNoAr\/"]},{"@type":"Person","@id":"https:\/\/www.oarcanjo.net\/site\/#\/schema\/person\/f7024d007863202483a31326673a0838","name":"editor","sameAs":["http:\/\/www.oarcanjo.net"]}]}},"publishpress_future_action":{"enabled":false,"date":"2026-05-07 18:46:30","action":"category","newStatus":"draft","terms":[],"taxonomy":"category"},"publishpress_future_workflow_manual_trigger":{"enabledWorkflows":[]},"_links":{"self":[{"href":"https:\/\/www.oarcanjo.net\/site\/wp-json\/wp\/v2\/posts\/6176"}],"collection":[{"href":"https:\/\/www.oarcanjo.net\/site\/wp-json\/wp\/v2\/posts"}],"about":[{"href":"https:\/\/www.oarcanjo.net\/site\/wp-json\/wp\/v2\/types\/post"}],"author":[{"embeddable":true,"href":"https:\/\/www.oarcanjo.net\/site\/wp-json\/wp\/v2\/users\/5"}],"replies":[{"embeddable":true,"href":"https:\/\/www.oarcanjo.net\/site\/wp-json\/wp\/v2\/comments?post=6176"}],"version-history":[{"count":0,"href":"https:\/\/www.oarcanjo.net\/site\/wp-json\/wp\/v2\/posts\/6176\/revisions"}],"wp:attachment":[{"href":"https:\/\/www.oarcanjo.net\/site\/wp-json\/wp\/v2\/media?parent=6176"}],"wp:term":[{"taxonomy":"category","embeddable":true,"href":"https:\/\/www.oarcanjo.net\/site\/wp-json\/wp\/v2\/categories?post=6176"},{"taxonomy":"post_tag","embeddable":true,"href":"https:\/\/www.oarcanjo.net\/site\/wp-json\/wp\/v2\/tags?post=6176"}],"curies":[{"name":"wp","href":"https:\/\/api.w.org\/{rel}","templated":true}]}}