
{"id":6178,"date":"2009-11-25T22:42:58","date_gmt":"2009-11-26T01:42:58","guid":{"rendered":"http:\/\/www.oarcanjo.net\/site\/?p=6178"},"modified":"2009-11-25T23:10:47","modified_gmt":"2009-11-26T02:10:47","slug":"bem-aventurado-tiago-alberione","status":"publish","type":"post","link":"https:\/\/www.oarcanjo.net\/site\/bem-aventurado-tiago-alberione\/","title":{"rendered":"Bem Aventurado Tiago Alberione"},"content":{"rendered":"<p><strong>26 de novembro<\/strong><\/p>\n<p>Na noite da passagem do s\u00e9culo, 31 de dezembro de 1900 para 1o de janeiro de 1901, o jovem seminarista permanece quatro horas em ora\u00e7\u00e3o na catedral de Alba (It\u00e1lia). Uma luz vem do Tabern\u00e1culo e o envolve.<\/p>\n<p>&#8211; &#8220;Fazer alguma coisa por Deus e pelas pessoas do novo s\u00e9culo, com as quais conviveria!&#8221; Sente fortemente o convite e o apelo de Deus.<\/p>\n<p>O mundo passava por profundas mudan\u00e7as sociais e tecnol\u00f3gicas, era necess\u00e1rio utilizar as novas descobertas, as novas for\u00e7as do progresso para fazer o bem, para evangelizar.<\/p>\n<p>O jovem seminarista, com apenas dezesseis anos, era Tiago Alberione, futuro fundador da Fam\u00edlia Paulina, que nunca deixou que essa chama luminosa se apagasse em sua vida.<\/p>\n<p>Alberione nasceu em 4 de abril de 1884, em S\u00e3o Louren\u00e7o de Fossano, norte da It\u00e1lia, de uma fam\u00edlia de camponeses simples e laboriosos. Vinte quatro horas ap\u00f3s o nascimento, foi batizado e recebeu o nome de &#8220;Tiago&#8221;.<\/p>\n<p>Buscando melhores terras para a lavoura, a fam\u00edlia Alberione mudou para a cidade de Cherasco, onde Tiago passou sua inf\u00e2ncia e adolesc\u00eancia. Foi l\u00e1 que se manifestou a voca\u00e7\u00e3o para o sacerd\u00f3cio.<\/p>\n<p>&#8211; Quero ser padre! foi a resposta que deu \u00e0 professora, Rosina Cardona, que perguntava aos seus oitenta alunos o que queriam ser quando crescessem.<\/p>\n<p>A resposta, que poderia parecer impensada, veio de um menino de bom cora\u00e7\u00e3o e piedoso. Com o passar do tempo, a voca\u00e7\u00e3o fortificou-se e ele foi encaminhado para o semin\u00e1rio, onde n\u00e3o perdia tempo e procurava aprender de todos e de tudo. Inquietavam Alberione as transforma\u00e7\u00f5es que aconteciam na sociedade e os apelos do papa, Le\u00e3o XIII, para que todos se voltassem para Jesus Cristo, Caminho, Verdade e Vida, salva\u00e7\u00e3o da humanidade.<\/p>\n<p>Foi ordenado sacerdote no dia 29 de junho de 1907, com vinte e tr\u00eas anos de idade. Todas as organiza\u00e7\u00f5es de renova\u00e7\u00e3o existentes, ent\u00e3o, na Igreja foram acolhidas por padre Alberione, que participou, ativamente, dos movimentos: mission\u00e1rio, lit\u00fargico, pastoral, social, b\u00edblico, teol\u00f3gico e, mais tarde, do movimento ecum\u00eanico. Em todos os movimentos Alberione-profeta vislumbrava espa\u00e7os carentes de evangeliza\u00e7\u00e3o e atualiza\u00e7\u00e3o.<\/p>\n<p>Impulsionado pelo Esp\u00edrito Santo, tornou realidade sua intui\u00e7\u00e3o carism\u00e1tica com a funda\u00e7\u00e3o de v\u00e1rias congrega\u00e7\u00f5es e institutos para, juntos, anunciar Jesus Cristo, Caminho, Verdade e Vida, com os meios da comunica\u00e7\u00e3o social. Padres e irm\u00e3os Paulinos em 1914; Irm\u00e3s Paulinas em 1915; Disc\u00edpulas do Divino Mestre em 1924; Irm\u00e3s Pastorinhas em 1938; e Irm\u00e3s Apostolinas em 1957. Fundou, tamb\u00e9m, os institutos seculares de Nossa Senhora da Anuncia\u00e7\u00e3o e S\u00e3o Gabriel Arcanjo em 1958; os institutos Jesus Sacerdote e Sagrada Fam\u00edlia em 1959; al\u00e9m da Associa\u00e7\u00e3o dos Cooperadores Leigos em 1917. Hoje, os membros dessas funda\u00e7\u00f5es est\u00e3o presentes em todos os continentes mostrando que \u00e9 poss\u00edvel santificar-se e comunicar, a todas as pessoas, Jesus Cristo com os meios t\u00e9cnicos e eletr\u00f4nicos.<\/p>\n<p>Ap\u00f3s a funda\u00e7\u00e3o dos dois primeiros ramos &#8211; Paulinos e Paulinas &#8211; a vida de Alberione fundiu-se com suas obras nascentes. Acompanhava de perto a vida de seus filhos e filhas da It\u00e1lia e do exterior com numerosas e prolongadas viagens. Preocupava-se n\u00e3o s\u00f3 com funda\u00e7\u00f5es e organiza\u00e7\u00f5es, mas principalmente com a forma\u00e7\u00e3o e a vida religiosa de seus seguidores, apesar do conturbado contexto hist\u00f3rico em que viveu: duas grandes guerras, revolu\u00e7\u00e3o industrial, conflagra\u00e7\u00f5es nacionalistas e sociais, emancipa\u00e7\u00e3o dos oper\u00e1rios e da mulher, al\u00e9m de crises institucionais na fam\u00edlia e na Igreja.<\/p>\n<p>Padre Tiago Alberione, jamais esmoreceu, continuou firme na sua f\u00e9, acreditando que a obra que realizava era querida e aben\u00e7oada por Deus. Com humildade e coragem, o fundador da Fam\u00edlia Paulina, o profeta e o ap\u00f3stolo de uma evangeliza\u00e7\u00e3o moderna chegou ao fim de seus dias em 26 de novembro de 1971, aos oitenta e sete anos.<\/p>\n<p>O reconhecimento da santidade de Alberione j\u00e1 acontecera antes da declara\u00e7\u00e3o oficial da Igreja, especialmente com algumas declara\u00e7\u00f5es de dois papas seus amigos: o bem-aventurado Jo\u00e3o XXIII e Paulo VI. &#8220;Padre Alberione, veio ao meu encontro&#8221; &#8211; dizia o &#8220;papa bom&#8221;. &#8220;Parecia-me ver a humildade personificada. Ele, sim, \u00e9i um grande homem!&#8221; E Paulo VI, na audi\u00eancia concedida aos Paulinos em 27 de novembro de 1974, recordava: &#8220;Lembro-me do encontro edificante com padre Alberione, ajoelhado, em profunda humildade. Este \u00e9 um homem, direi, que est\u00e1 entre as maravilhas do nosso s\u00e9culo&#8221;.<\/p>\n<p>O processo de beatifica\u00e7\u00e3o percorreu um longo caminho. Ap\u00f3s a morte de Alberione, foram apresentados \u00e0 Igreja documentos sobre sua vida, sua miss\u00e3o apost\u00f3lica e suas funda\u00e7\u00f5es, assim como documentos sobre sua santidade.<\/p>\n<p>Baseados em um meticuloso exame desses elementos e reconhecidas as virtudes praticadas em grau her\u00f3ico pelo servo de Deus, padre Tiago Alberione, o papa Jo\u00e3o Paulo II, em 25 de junho de 1996, declarou-o &#8220;vener\u00e1vel&#8221;.<\/p>\n<p>Passaram-se sete anos \u00e0 espera de um milagre que fosse reconhecido como aut\u00eantico pela Igreja. E o milagre chegou.<\/p>\n<p>A cura milagrosa atribu\u00edda ao padre Tiago Alberione, que o conduziu \u00e0 beatifica\u00e7\u00e3o, salvou Maria Librada Gonz\u00e1les Rodriguez, uma mexicana de Guadalajara. Em 1989, ela foi internada por causa de uma insufici\u00eancia respirat\u00f3ria provocada por uma tromboembolia pulmonar, com muitas crises. Pedindo a Deus a cura por intercess\u00e3o de padre Alberione, doze dias depois teve alta. A cura foi reconhecida pela Congrega\u00e7\u00e3o das Causas dos Santos, ap\u00f3s a declara\u00e7\u00e3o da comiss\u00e3o m\u00e9dica que considerava a recupera\u00e7\u00e3o de Maria r\u00e1pida, completa, duradoura e n\u00e3o-explic\u00e1vel \u00e0 luz da ci\u00eancia.<\/p>\n<p>E o dia da beatifica\u00e7\u00e3o chegou: 27 de abril de 2003. Padre Tiago Alberione \u00e9 proclamado &#8220;bem-aventurado&#8221; num reconhecimento oficial da Igreja \u00e0quele homem que foi um santo, um profeta e o pioneiro na evangeliza\u00e7\u00e3o eletr\u00f4nica.<\/p>\n<p><strong>Outros Santos e Santas desta data:<\/strong><\/p>\n<p><a title=\"S\u00e3o Leonardo de Porto Maur\u00edcio\" href=\"http:\/\/www.oarcanjo.net\/site\/index.php\/testemunhos\/sao-leonardo-de-porto-mauricio\" target=\"_self\">S\u00e3o Leonardo de Porto Maur\u00edcio<\/a>, <a title=\"S\u00e3o Silveste\" href=\"http:\/\/www.oarcanjo.net\/site\/index.php\/testemunhos\/sao-silveste\" target=\"_self\">S\u00e3o Silveste<\/a> (Fundou a Congrega\u00e7\u00e3o Monges Silvestrinos) e <a title=\"Santo Humilde de Bisignano\" href=\"http:\/\/www.oarcanjo.net\/site\/index.php\/testemunhos\/santo-humilde-de-bisignano\" target=\"_self\">Santo Humilde de Bisignano<\/a>.<\/p>\n<p><em>Colabora\u00e7\u00e3o de Danilo Santana<\/em><\/p>\n<div id=\"themify_builder_content-6178\" data-postid=\"6178\" class=\"themify_builder_content themify_builder_content-6178 themify_builder themify_builder_front\">\n\t<\/div>\n<!-- \/themify_builder_content -->","protected":false},"excerpt":{"rendered":"<p>26 de novembro Na noite da passagem do s\u00e9culo, 31 de dezembro de 1900 para 1o de janeiro de 1901, o jovem seminarista permanece quatro horas em ora\u00e7\u00e3o na catedral de Alba (It\u00e1lia). Uma luz vem do Tabern\u00e1culo e o envolve. &#8211; &#8220;Fazer alguma coisa por Deus e pelas pessoas do novo s\u00e9culo, com as [&hellip;]<\/p>\n","protected":false},"author":5,"featured_media":0,"comment_status":"open","ping_status":"open","sticky":false,"template":"","format":"standard","meta":{"ngg_post_thumbnail":0,"footnotes":""},"categories":[186],"tags":[1296,1298,1295,1297],"yoast_head":"<!-- This site is optimized with the Yoast SEO plugin v23.5 - https:\/\/yoast.com\/wordpress\/plugins\/seo\/ -->\n<title>Bem Aventurado Tiago Alberione - O Arcanjo no ar<\/title>\n<meta name=\"robots\" content=\"index, follow, max-snippet:-1, max-image-preview:large, max-video-preview:-1\" \/>\n<link rel=\"canonical\" href=\"https:\/\/www.oarcanjo.net\/site\/bem-aventurado-tiago-alberione\/\" \/>\n<meta property=\"og:locale\" content=\"pt_BR\" \/>\n<meta property=\"og:type\" content=\"article\" \/>\n<meta property=\"og:title\" content=\"Bem Aventurado Tiago Alberione - O Arcanjo no ar\" \/>\n<meta property=\"og:description\" content=\"26 de novembro Na noite da passagem do s\u00e9culo, 31 de dezembro de 1900 para 1o de janeiro de 1901, o jovem seminarista permanece quatro horas em ora\u00e7\u00e3o na catedral de Alba (It\u00e1lia). Uma luz vem do Tabern\u00e1culo e o envolve. &#8211; &#8220;Fazer alguma coisa por Deus e pelas pessoas do novo s\u00e9culo, com as [&hellip;]\" \/>\n<meta property=\"og:url\" content=\"https:\/\/www.oarcanjo.net\/site\/bem-aventurado-tiago-alberione\/\" \/>\n<meta property=\"og:site_name\" content=\"O Arcanjo no ar\" \/>\n<meta property=\"article:publisher\" content=\"https:\/\/www.facebook.com\/OArcanjoNoAr\/\" \/>\n<meta property=\"article:published_time\" content=\"2009-11-26T01:42:58+00:00\" \/>\n<meta property=\"article:modified_time\" content=\"2009-11-26T02:10:47+00:00\" \/>\n<meta property=\"og:image\" content=\"https:\/\/www.oarcanjo.net\/site\/wp-content\/uploads\/logo-o-arcanjo-no-ar-facebook.png\" \/>\n\t<meta property=\"og:image:width\" content=\"300\" \/>\n\t<meta property=\"og:image:height\" content=\"300\" \/>\n\t<meta property=\"og:image:type\" content=\"image\/png\" \/>\n<meta name=\"author\" content=\"editor\" \/>\n<meta name=\"twitter:card\" content=\"summary_large_image\" \/>\n<meta name=\"twitter:label1\" content=\"Escrito por\" \/>\n\t<meta name=\"twitter:data1\" content=\"editor\" \/>\n\t<meta name=\"twitter:label2\" content=\"Est. tempo de leitura\" \/>\n\t<meta name=\"twitter:data2\" content=\"5 minutos\" \/>\n<script type=\"application\/ld+json\" class=\"yoast-schema-graph\">{\"@context\":\"https:\/\/schema.org\",\"@graph\":[{\"@type\":\"Article\",\"@id\":\"https:\/\/www.oarcanjo.net\/site\/bem-aventurado-tiago-alberione\/#article\",\"isPartOf\":{\"@id\":\"https:\/\/www.oarcanjo.net\/site\/bem-aventurado-tiago-alberione\/\"},\"author\":{\"name\":\"editor\",\"@id\":\"https:\/\/www.oarcanjo.net\/site\/#\/schema\/person\/f7024d007863202483a31326673a0838\"},\"headline\":\"Bem Aventurado Tiago Alberione\",\"datePublished\":\"2009-11-26T01:42:58+00:00\",\"dateModified\":\"2009-11-26T02:10:47+00:00\",\"mainEntityOfPage\":{\"@id\":\"https:\/\/www.oarcanjo.net\/site\/bem-aventurado-tiago-alberione\/\"},\"wordCount\":1032,\"commentCount\":3,\"publisher\":{\"@id\":\"https:\/\/www.oarcanjo.net\/site\/#organization\"},\"keywords\":[\"Bem Aventurado Tiago Alberione\",\"Santo Humilde de Bisignano\",\"S\u00e3o Leonardo de Porto Maur\u00edcio\",\"S\u00e3o Silveste\"],\"articleSection\":[\"Testemunhos\"],\"inLanguage\":\"pt-BR\",\"potentialAction\":[{\"@type\":\"CommentAction\",\"name\":\"Comment\",\"target\":[\"https:\/\/www.oarcanjo.net\/site\/bem-aventurado-tiago-alberione\/#respond\"]}]},{\"@type\":\"WebPage\",\"@id\":\"https:\/\/www.oarcanjo.net\/site\/bem-aventurado-tiago-alberione\/\",\"url\":\"https:\/\/www.oarcanjo.net\/site\/bem-aventurado-tiago-alberione\/\",\"name\":\"Bem Aventurado Tiago Alberione - O Arcanjo no ar\",\"isPartOf\":{\"@id\":\"https:\/\/www.oarcanjo.net\/site\/#website\"},\"datePublished\":\"2009-11-26T01:42:58+00:00\",\"dateModified\":\"2009-11-26T02:10:47+00:00\",\"breadcrumb\":{\"@id\":\"https:\/\/www.oarcanjo.net\/site\/bem-aventurado-tiago-alberione\/#breadcrumb\"},\"inLanguage\":\"pt-BR\",\"potentialAction\":[{\"@type\":\"ReadAction\",\"target\":[\"https:\/\/www.oarcanjo.net\/site\/bem-aventurado-tiago-alberione\/\"]}]},{\"@type\":\"BreadcrumbList\",\"@id\":\"https:\/\/www.oarcanjo.net\/site\/bem-aventurado-tiago-alberione\/#breadcrumb\",\"itemListElement\":[{\"@type\":\"ListItem\",\"position\":1,\"name\":\"In\u00edcio\",\"item\":\"https:\/\/www.oarcanjo.net\/site\/\"},{\"@type\":\"ListItem\",\"position\":2,\"name\":\"Bem Aventurado Tiago Alberione\"}]},{\"@type\":\"WebSite\",\"@id\":\"https:\/\/www.oarcanjo.net\/site\/#website\",\"url\":\"https:\/\/www.oarcanjo.net\/site\/\",\"name\":\"O Arcanjo no ar\",\"description\":\"Site da Par\u00f3quia S\u00e3o Miguel Arcanjo (Arquidiocese de SP)\",\"publisher\":{\"@id\":\"https:\/\/www.oarcanjo.net\/site\/#organization\"},\"potentialAction\":[{\"@type\":\"SearchAction\",\"target\":{\"@type\":\"EntryPoint\",\"urlTemplate\":\"https:\/\/www.oarcanjo.net\/site\/?s={search_term_string}\"},\"query-input\":{\"@type\":\"PropertyValueSpecification\",\"valueRequired\":true,\"valueName\":\"search_term_string\"}}],\"inLanguage\":\"pt-BR\"},{\"@type\":\"Organization\",\"@id\":\"https:\/\/www.oarcanjo.net\/site\/#organization\",\"name\":\"Par\u00f3quia S\u00e3o Miguel Arcanjo\",\"url\":\"https:\/\/www.oarcanjo.net\/site\/\",\"logo\":{\"@type\":\"ImageObject\",\"inLanguage\":\"pt-BR\",\"@id\":\"https:\/\/www.oarcanjo.net\/site\/#\/schema\/logo\/image\/\",\"url\":\"https:\/\/www.oarcanjo.net\/site\/wp-content\/uploads\/LogoOArcanjo.png\",\"contentUrl\":\"https:\/\/www.oarcanjo.net\/site\/wp-content\/uploads\/LogoOArcanjo.png\",\"width\":319,\"height\":99,\"caption\":\"Par\u00f3quia S\u00e3o Miguel Arcanjo\"},\"image\":{\"@id\":\"https:\/\/www.oarcanjo.net\/site\/#\/schema\/logo\/image\/\"},\"sameAs\":[\"https:\/\/www.facebook.com\/OArcanjoNoAr\/\"]},{\"@type\":\"Person\",\"@id\":\"https:\/\/www.oarcanjo.net\/site\/#\/schema\/person\/f7024d007863202483a31326673a0838\",\"name\":\"editor\",\"sameAs\":[\"http:\/\/www.oarcanjo.net\"]}]}<\/script>\n<!-- \/ Yoast SEO plugin. -->","yoast_head_json":{"title":"Bem Aventurado Tiago Alberione - O Arcanjo no ar","robots":{"index":"index","follow":"follow","max-snippet":"max-snippet:-1","max-image-preview":"max-image-preview:large","max-video-preview":"max-video-preview:-1"},"canonical":"https:\/\/www.oarcanjo.net\/site\/bem-aventurado-tiago-alberione\/","og_locale":"pt_BR","og_type":"article","og_title":"Bem Aventurado Tiago Alberione - O Arcanjo no ar","og_description":"26 de novembro Na noite da passagem do s\u00e9culo, 31 de dezembro de 1900 para 1o de janeiro de 1901, o jovem seminarista permanece quatro horas em ora\u00e7\u00e3o na catedral de Alba (It\u00e1lia). Uma luz vem do Tabern\u00e1culo e o envolve. &#8211; &#8220;Fazer alguma coisa por Deus e pelas pessoas do novo s\u00e9culo, com as [&hellip;]","og_url":"https:\/\/www.oarcanjo.net\/site\/bem-aventurado-tiago-alberione\/","og_site_name":"O Arcanjo no ar","article_publisher":"https:\/\/www.facebook.com\/OArcanjoNoAr\/","article_published_time":"2009-11-26T01:42:58+00:00","article_modified_time":"2009-11-26T02:10:47+00:00","og_image":[{"width":300,"height":300,"url":"https:\/\/www.oarcanjo.net\/site\/wp-content\/uploads\/logo-o-arcanjo-no-ar-facebook.png","type":"image\/png"}],"author":"editor","twitter_card":"summary_large_image","twitter_misc":{"Escrito por":"editor","Est. tempo de leitura":"5 minutos"},"schema":{"@context":"https:\/\/schema.org","@graph":[{"@type":"Article","@id":"https:\/\/www.oarcanjo.net\/site\/bem-aventurado-tiago-alberione\/#article","isPartOf":{"@id":"https:\/\/www.oarcanjo.net\/site\/bem-aventurado-tiago-alberione\/"},"author":{"name":"editor","@id":"https:\/\/www.oarcanjo.net\/site\/#\/schema\/person\/f7024d007863202483a31326673a0838"},"headline":"Bem Aventurado Tiago Alberione","datePublished":"2009-11-26T01:42:58+00:00","dateModified":"2009-11-26T02:10:47+00:00","mainEntityOfPage":{"@id":"https:\/\/www.oarcanjo.net\/site\/bem-aventurado-tiago-alberione\/"},"wordCount":1032,"commentCount":3,"publisher":{"@id":"https:\/\/www.oarcanjo.net\/site\/#organization"},"keywords":["Bem Aventurado Tiago Alberione","Santo Humilde de Bisignano","S\u00e3o Leonardo de Porto Maur\u00edcio","S\u00e3o Silveste"],"articleSection":["Testemunhos"],"inLanguage":"pt-BR","potentialAction":[{"@type":"CommentAction","name":"Comment","target":["https:\/\/www.oarcanjo.net\/site\/bem-aventurado-tiago-alberione\/#respond"]}]},{"@type":"WebPage","@id":"https:\/\/www.oarcanjo.net\/site\/bem-aventurado-tiago-alberione\/","url":"https:\/\/www.oarcanjo.net\/site\/bem-aventurado-tiago-alberione\/","name":"Bem Aventurado Tiago Alberione - O Arcanjo no ar","isPartOf":{"@id":"https:\/\/www.oarcanjo.net\/site\/#website"},"datePublished":"2009-11-26T01:42:58+00:00","dateModified":"2009-11-26T02:10:47+00:00","breadcrumb":{"@id":"https:\/\/www.oarcanjo.net\/site\/bem-aventurado-tiago-alberione\/#breadcrumb"},"inLanguage":"pt-BR","potentialAction":[{"@type":"ReadAction","target":["https:\/\/www.oarcanjo.net\/site\/bem-aventurado-tiago-alberione\/"]}]},{"@type":"BreadcrumbList","@id":"https:\/\/www.oarcanjo.net\/site\/bem-aventurado-tiago-alberione\/#breadcrumb","itemListElement":[{"@type":"ListItem","position":1,"name":"In\u00edcio","item":"https:\/\/www.oarcanjo.net\/site\/"},{"@type":"ListItem","position":2,"name":"Bem Aventurado Tiago Alberione"}]},{"@type":"WebSite","@id":"https:\/\/www.oarcanjo.net\/site\/#website","url":"https:\/\/www.oarcanjo.net\/site\/","name":"O Arcanjo no ar","description":"Site da Par\u00f3quia S\u00e3o Miguel Arcanjo (Arquidiocese de SP)","publisher":{"@id":"https:\/\/www.oarcanjo.net\/site\/#organization"},"potentialAction":[{"@type":"SearchAction","target":{"@type":"EntryPoint","urlTemplate":"https:\/\/www.oarcanjo.net\/site\/?s={search_term_string}"},"query-input":{"@type":"PropertyValueSpecification","valueRequired":true,"valueName":"search_term_string"}}],"inLanguage":"pt-BR"},{"@type":"Organization","@id":"https:\/\/www.oarcanjo.net\/site\/#organization","name":"Par\u00f3quia S\u00e3o Miguel Arcanjo","url":"https:\/\/www.oarcanjo.net\/site\/","logo":{"@type":"ImageObject","inLanguage":"pt-BR","@id":"https:\/\/www.oarcanjo.net\/site\/#\/schema\/logo\/image\/","url":"https:\/\/www.oarcanjo.net\/site\/wp-content\/uploads\/LogoOArcanjo.png","contentUrl":"https:\/\/www.oarcanjo.net\/site\/wp-content\/uploads\/LogoOArcanjo.png","width":319,"height":99,"caption":"Par\u00f3quia S\u00e3o Miguel Arcanjo"},"image":{"@id":"https:\/\/www.oarcanjo.net\/site\/#\/schema\/logo\/image\/"},"sameAs":["https:\/\/www.facebook.com\/OArcanjoNoAr\/"]},{"@type":"Person","@id":"https:\/\/www.oarcanjo.net\/site\/#\/schema\/person\/f7024d007863202483a31326673a0838","name":"editor","sameAs":["http:\/\/www.oarcanjo.net"]}]}},"publishpress_future_action":{"enabled":false,"date":"2026-05-07 20:17:23","action":"category","newStatus":"draft","terms":[],"taxonomy":"category"},"publishpress_future_workflow_manual_trigger":{"enabledWorkflows":[]},"_links":{"self":[{"href":"https:\/\/www.oarcanjo.net\/site\/wp-json\/wp\/v2\/posts\/6178"}],"collection":[{"href":"https:\/\/www.oarcanjo.net\/site\/wp-json\/wp\/v2\/posts"}],"about":[{"href":"https:\/\/www.oarcanjo.net\/site\/wp-json\/wp\/v2\/types\/post"}],"author":[{"embeddable":true,"href":"https:\/\/www.oarcanjo.net\/site\/wp-json\/wp\/v2\/users\/5"}],"replies":[{"embeddable":true,"href":"https:\/\/www.oarcanjo.net\/site\/wp-json\/wp\/v2\/comments?post=6178"}],"version-history":[{"count":0,"href":"https:\/\/www.oarcanjo.net\/site\/wp-json\/wp\/v2\/posts\/6178\/revisions"}],"wp:attachment":[{"href":"https:\/\/www.oarcanjo.net\/site\/wp-json\/wp\/v2\/media?parent=6178"}],"wp:term":[{"taxonomy":"category","embeddable":true,"href":"https:\/\/www.oarcanjo.net\/site\/wp-json\/wp\/v2\/categories?post=6178"},{"taxonomy":"post_tag","embeddable":true,"href":"https:\/\/www.oarcanjo.net\/site\/wp-json\/wp\/v2\/tags?post=6178"}],"curies":[{"name":"wp","href":"https:\/\/api.w.org\/{rel}","templated":true}]}}