
{"id":6183,"date":"2009-11-25T22:52:42","date_gmt":"2009-11-26T01:52:42","guid":{"rendered":"http:\/\/www.oarcanjo.net\/site\/?p=6183"},"modified":"2009-11-25T23:06:51","modified_gmt":"2009-11-26T02:06:51","slug":"santo-humilde-de-bisignano","status":"publish","type":"post","link":"https:\/\/www.oarcanjo.net\/site\/santo-humilde-de-bisignano\/","title":{"rendered":"Santo Humilde de Bisignano"},"content":{"rendered":"<p><strong>26 de novembro<\/strong><\/p>\n<p>Luca Antonio, seu nome de batismo, nasceu na cidade de Bisignano, prov\u00edncia de Cosenza, It\u00e1lia, em 26 de agosto de 1582. Pertencia a uma fam\u00edlia muito pobre e muito crist\u00e3. Desde a mais tenra idade, o menino manifestou sua admir\u00e1vel piedade. Todos os dias ia \u00e0 missa, comungava, rezava e meditava a Paix\u00e3o do Senhor, tornando-se modelo de virtude para todos os que o conheciam.<\/p>\n<p>Aos dezoito anos, sentiu que sua real voca\u00e7\u00e3o estava na vida religiosa, mas por v\u00e1rios motivos teve de esperar nove anos para poder realizar os seus santos prop\u00f3sitos, levando, entretanto, uma vida ainda mais disciplinada a fim de conseguir seus objetivos. Finalmente, aos vinte e sete anos, entrou no noviciado dos Frades Menores de Mesuraca, tomando o nome de frei Humilde, emitindo a profiss\u00e3o em 1610.<\/p>\n<p>Desde jovem, tinha o dom de cont\u00ednuos \u00eaxtases contemplativos, motivo pelo qual era chamado de &#8220;o frade ext\u00e1tico&#8221;. A partir de 1613, esses dons se tornaram p\u00fablicos e por isso seus superiores o submeteram a uma longa s\u00e9rie de provas e humilha\u00e7\u00f5es para certificarem-se se eles provinham, realmente, de Deus. Mas essas provas, felizmente suportadas, s\u00f3 vieram aumentar sua fama de santidade junto aos irm\u00e3os e ao povo.<\/p>\n<p>Outros dons particulares foram atribu\u00eddos a Humilde: a perscruta\u00e7\u00e3o dos cora\u00e7\u00f5es, a profecia, as intercess\u00f5es em milagres e, sobretudo, a ci\u00eancia infusa. Apesar de ser analfabeto, dava respostas sobre as Sagradas Escrituras e sobre qualquer outro tema da doutrina cat\u00f3lica que faziam admirar insignes te\u00f3logos. A esse prop\u00f3sito, Humilde foi experimentado por uma assembl\u00e9ia de sacerdotes seculares e regulares, com propostas de d\u00favidas e obje\u00e7\u00f5es, \u00e0s quais respondeu de maneira muito satisfat\u00f3ria. Portanto, \u00e9 f\u00e1cil compreender a estima de que era universalmente rodeado.<\/p>\n<p>Frei Humilde gozou da confian\u00e7a dos sumos pont\u00edfices Greg\u00f3rio XV e Urbano VIII, que o chamaram ao Vaticano e se beneficiaram com suas ora\u00e7\u00f5es e conselhos. Permaneceu em Roma por muitos anos, sendo h\u00f3spede no Convento de S\u00e3o Francisco, em Ripa, e, durante alguns meses, no de Santo Isidoro. Por volta de 1628, Humilde apresentou um pedido para poder ir como mission\u00e1rio aos pa\u00edses dos infi\u00e9is mu\u00e7ulmanos, por\u00e9m obteve resposta negativa dos superiores, tendo de continuar na It\u00e1lia.<\/p>\n<p>As ora\u00e7\u00f5es de Humilde eram simples, por\u00e9m suas preces eram sempre dedicadas ao bem da humanidade e \u00e0 paz universal. Apesar de ser muito estimado por todos, ele se humilhava, continuamente, perante Deus, por considerar-se um grande pecador. Disse, certa vez, ao papa Greg\u00f3rio XV: &#8220;Enquanto todas as criaturas louvam e bendizem ao Senhor, eu sou o \u00fanico que o ofende&#8221;. Ele faleceu no dia 26 de novembro de 1637, na sua cidade natal, onde passou os seus \u00faltimos anos de vida. Beatificado em 1882, foi somente em 2002 que o papa Jo\u00e3o Paulo II declarou santo Humilde de Bisignano, cuja festa lit\u00fargica ocorre no dia de sua morte.<\/p>\n<p><strong>Outros Santos e Santas desta data:<\/strong><\/p>\n<p><a title=\"S\u00e3o Leonardo de Porto Maur\u00edcio\" href=\"http:\/\/www.oarcanjo.net\/site\/index.php\/testemunhos\/sao-leonardo-de-porto-mauricio\" target=\"_self\">S\u00e3o Leonardo de Porto Maur\u00edcio<\/a>, <a title=\"Bem Aventurado Tiago Alberione\" href=\"http:\/\/www.oarcanjo.net\/site\/index.php\/testemunhos\/bem-aventurado-tiago-alberione\" target=\"_self\">Bem Aventurado Tiago Alberione<\/a> e <a title=\"S\u00e3o Silveste\" href=\"http:\/\/www.oarcanjo.net\/site\/index.php\/testemunhos\/sao-silveste\" target=\"_self\">S\u00e3o Silveste<\/a>.<\/p>\n<p><em>Colabora\u00e7\u00e3o de Danilo Santana<\/em><\/p>\n<div id=\"themify_builder_content-6183\" data-postid=\"6183\" class=\"themify_builder_content themify_builder_content-6183 themify_builder themify_builder_front\">\n\t<\/div>\n<!-- \/themify_builder_content -->","protected":false},"excerpt":{"rendered":"<p>26 de novembro Luca Antonio, seu nome de batismo, nasceu na cidade de Bisignano, prov\u00edncia de Cosenza, It\u00e1lia, em 26 de agosto de 1582. Pertencia a uma fam\u00edlia muito pobre e muito crist\u00e3. Desde a mais tenra idade, o menino manifestou sua admir\u00e1vel piedade. Todos os dias ia \u00e0 missa, comungava, rezava e meditava a [&hellip;]<\/p>\n","protected":false},"author":5,"featured_media":0,"comment_status":"open","ping_status":"open","sticky":false,"template":"","format":"standard","meta":{"ngg_post_thumbnail":0,"footnotes":""},"categories":[186],"tags":[1296,1298,1295,1297],"yoast_head":"<!-- This site is optimized with the Yoast SEO plugin v23.5 - https:\/\/yoast.com\/wordpress\/plugins\/seo\/ -->\n<title>Santo Humilde de Bisignano - O Arcanjo no ar<\/title>\n<meta name=\"robots\" content=\"index, follow, max-snippet:-1, max-image-preview:large, max-video-preview:-1\" \/>\n<link rel=\"canonical\" href=\"https:\/\/www.oarcanjo.net\/site\/santo-humilde-de-bisignano\/\" \/>\n<meta property=\"og:locale\" content=\"pt_BR\" \/>\n<meta property=\"og:type\" content=\"article\" \/>\n<meta property=\"og:title\" content=\"Santo Humilde de Bisignano - O Arcanjo no ar\" \/>\n<meta property=\"og:description\" content=\"26 de novembro Luca Antonio, seu nome de batismo, nasceu na cidade de Bisignano, prov\u00edncia de Cosenza, It\u00e1lia, em 26 de agosto de 1582. Pertencia a uma fam\u00edlia muito pobre e muito crist\u00e3. Desde a mais tenra idade, o menino manifestou sua admir\u00e1vel piedade. Todos os dias ia \u00e0 missa, comungava, rezava e meditava a [&hellip;]\" \/>\n<meta property=\"og:url\" content=\"https:\/\/www.oarcanjo.net\/site\/santo-humilde-de-bisignano\/\" \/>\n<meta property=\"og:site_name\" content=\"O Arcanjo no ar\" \/>\n<meta property=\"article:publisher\" content=\"https:\/\/www.facebook.com\/OArcanjoNoAr\/\" \/>\n<meta property=\"article:published_time\" content=\"2009-11-26T01:52:42+00:00\" \/>\n<meta property=\"article:modified_time\" content=\"2009-11-26T02:06:51+00:00\" \/>\n<meta property=\"og:image\" content=\"https:\/\/www.oarcanjo.net\/site\/wp-content\/uploads\/logo-o-arcanjo-no-ar-facebook.png\" \/>\n\t<meta property=\"og:image:width\" content=\"300\" \/>\n\t<meta property=\"og:image:height\" content=\"300\" \/>\n\t<meta property=\"og:image:type\" content=\"image\/png\" \/>\n<meta name=\"author\" content=\"editor\" \/>\n<meta name=\"twitter:card\" content=\"summary_large_image\" \/>\n<meta name=\"twitter:label1\" content=\"Escrito por\" \/>\n\t<meta name=\"twitter:data1\" content=\"editor\" \/>\n\t<meta name=\"twitter:label2\" content=\"Est. tempo de leitura\" \/>\n\t<meta name=\"twitter:data2\" content=\"3 minutos\" \/>\n<script type=\"application\/ld+json\" class=\"yoast-schema-graph\">{\"@context\":\"https:\/\/schema.org\",\"@graph\":[{\"@type\":\"Article\",\"@id\":\"https:\/\/www.oarcanjo.net\/site\/santo-humilde-de-bisignano\/#article\",\"isPartOf\":{\"@id\":\"https:\/\/www.oarcanjo.net\/site\/santo-humilde-de-bisignano\/\"},\"author\":{\"name\":\"editor\",\"@id\":\"https:\/\/www.oarcanjo.net\/site\/#\/schema\/person\/f7024d007863202483a31326673a0838\"},\"headline\":\"Santo Humilde de Bisignano\",\"datePublished\":\"2009-11-26T01:52:42+00:00\",\"dateModified\":\"2009-11-26T02:06:51+00:00\",\"mainEntityOfPage\":{\"@id\":\"https:\/\/www.oarcanjo.net\/site\/santo-humilde-de-bisignano\/\"},\"wordCount\":534,\"commentCount\":0,\"publisher\":{\"@id\":\"https:\/\/www.oarcanjo.net\/site\/#organization\"},\"keywords\":[\"Bem Aventurado Tiago Alberione\",\"Santo Humilde de Bisignano\",\"S\u00e3o Leonardo de Porto Maur\u00edcio\",\"S\u00e3o Silveste\"],\"articleSection\":[\"Testemunhos\"],\"inLanguage\":\"pt-BR\",\"potentialAction\":[{\"@type\":\"CommentAction\",\"name\":\"Comment\",\"target\":[\"https:\/\/www.oarcanjo.net\/site\/santo-humilde-de-bisignano\/#respond\"]}]},{\"@type\":\"WebPage\",\"@id\":\"https:\/\/www.oarcanjo.net\/site\/santo-humilde-de-bisignano\/\",\"url\":\"https:\/\/www.oarcanjo.net\/site\/santo-humilde-de-bisignano\/\",\"name\":\"Santo Humilde de Bisignano - O Arcanjo no ar\",\"isPartOf\":{\"@id\":\"https:\/\/www.oarcanjo.net\/site\/#website\"},\"datePublished\":\"2009-11-26T01:52:42+00:00\",\"dateModified\":\"2009-11-26T02:06:51+00:00\",\"breadcrumb\":{\"@id\":\"https:\/\/www.oarcanjo.net\/site\/santo-humilde-de-bisignano\/#breadcrumb\"},\"inLanguage\":\"pt-BR\",\"potentialAction\":[{\"@type\":\"ReadAction\",\"target\":[\"https:\/\/www.oarcanjo.net\/site\/santo-humilde-de-bisignano\/\"]}]},{\"@type\":\"BreadcrumbList\",\"@id\":\"https:\/\/www.oarcanjo.net\/site\/santo-humilde-de-bisignano\/#breadcrumb\",\"itemListElement\":[{\"@type\":\"ListItem\",\"position\":1,\"name\":\"In\u00edcio\",\"item\":\"https:\/\/www.oarcanjo.net\/site\/\"},{\"@type\":\"ListItem\",\"position\":2,\"name\":\"Santo Humilde de Bisignano\"}]},{\"@type\":\"WebSite\",\"@id\":\"https:\/\/www.oarcanjo.net\/site\/#website\",\"url\":\"https:\/\/www.oarcanjo.net\/site\/\",\"name\":\"O Arcanjo no ar\",\"description\":\"Site da Par\u00f3quia S\u00e3o Miguel Arcanjo (Arquidiocese de SP)\",\"publisher\":{\"@id\":\"https:\/\/www.oarcanjo.net\/site\/#organization\"},\"potentialAction\":[{\"@type\":\"SearchAction\",\"target\":{\"@type\":\"EntryPoint\",\"urlTemplate\":\"https:\/\/www.oarcanjo.net\/site\/?s={search_term_string}\"},\"query-input\":{\"@type\":\"PropertyValueSpecification\",\"valueRequired\":true,\"valueName\":\"search_term_string\"}}],\"inLanguage\":\"pt-BR\"},{\"@type\":\"Organization\",\"@id\":\"https:\/\/www.oarcanjo.net\/site\/#organization\",\"name\":\"Par\u00f3quia S\u00e3o Miguel Arcanjo\",\"url\":\"https:\/\/www.oarcanjo.net\/site\/\",\"logo\":{\"@type\":\"ImageObject\",\"inLanguage\":\"pt-BR\",\"@id\":\"https:\/\/www.oarcanjo.net\/site\/#\/schema\/logo\/image\/\",\"url\":\"https:\/\/www.oarcanjo.net\/site\/wp-content\/uploads\/LogoOArcanjo.png\",\"contentUrl\":\"https:\/\/www.oarcanjo.net\/site\/wp-content\/uploads\/LogoOArcanjo.png\",\"width\":319,\"height\":99,\"caption\":\"Par\u00f3quia S\u00e3o Miguel Arcanjo\"},\"image\":{\"@id\":\"https:\/\/www.oarcanjo.net\/site\/#\/schema\/logo\/image\/\"},\"sameAs\":[\"https:\/\/www.facebook.com\/OArcanjoNoAr\/\"]},{\"@type\":\"Person\",\"@id\":\"https:\/\/www.oarcanjo.net\/site\/#\/schema\/person\/f7024d007863202483a31326673a0838\",\"name\":\"editor\",\"sameAs\":[\"http:\/\/www.oarcanjo.net\"]}]}<\/script>\n<!-- \/ Yoast SEO plugin. -->","yoast_head_json":{"title":"Santo Humilde de Bisignano - O Arcanjo no ar","robots":{"index":"index","follow":"follow","max-snippet":"max-snippet:-1","max-image-preview":"max-image-preview:large","max-video-preview":"max-video-preview:-1"},"canonical":"https:\/\/www.oarcanjo.net\/site\/santo-humilde-de-bisignano\/","og_locale":"pt_BR","og_type":"article","og_title":"Santo Humilde de Bisignano - O Arcanjo no ar","og_description":"26 de novembro Luca Antonio, seu nome de batismo, nasceu na cidade de Bisignano, prov\u00edncia de Cosenza, It\u00e1lia, em 26 de agosto de 1582. Pertencia a uma fam\u00edlia muito pobre e muito crist\u00e3. Desde a mais tenra idade, o menino manifestou sua admir\u00e1vel piedade. Todos os dias ia \u00e0 missa, comungava, rezava e meditava a [&hellip;]","og_url":"https:\/\/www.oarcanjo.net\/site\/santo-humilde-de-bisignano\/","og_site_name":"O Arcanjo no ar","article_publisher":"https:\/\/www.facebook.com\/OArcanjoNoAr\/","article_published_time":"2009-11-26T01:52:42+00:00","article_modified_time":"2009-11-26T02:06:51+00:00","og_image":[{"width":300,"height":300,"url":"https:\/\/www.oarcanjo.net\/site\/wp-content\/uploads\/logo-o-arcanjo-no-ar-facebook.png","type":"image\/png"}],"author":"editor","twitter_card":"summary_large_image","twitter_misc":{"Escrito por":"editor","Est. tempo de leitura":"3 minutos"},"schema":{"@context":"https:\/\/schema.org","@graph":[{"@type":"Article","@id":"https:\/\/www.oarcanjo.net\/site\/santo-humilde-de-bisignano\/#article","isPartOf":{"@id":"https:\/\/www.oarcanjo.net\/site\/santo-humilde-de-bisignano\/"},"author":{"name":"editor","@id":"https:\/\/www.oarcanjo.net\/site\/#\/schema\/person\/f7024d007863202483a31326673a0838"},"headline":"Santo Humilde de Bisignano","datePublished":"2009-11-26T01:52:42+00:00","dateModified":"2009-11-26T02:06:51+00:00","mainEntityOfPage":{"@id":"https:\/\/www.oarcanjo.net\/site\/santo-humilde-de-bisignano\/"},"wordCount":534,"commentCount":0,"publisher":{"@id":"https:\/\/www.oarcanjo.net\/site\/#organization"},"keywords":["Bem Aventurado Tiago Alberione","Santo Humilde de Bisignano","S\u00e3o Leonardo de Porto Maur\u00edcio","S\u00e3o Silveste"],"articleSection":["Testemunhos"],"inLanguage":"pt-BR","potentialAction":[{"@type":"CommentAction","name":"Comment","target":["https:\/\/www.oarcanjo.net\/site\/santo-humilde-de-bisignano\/#respond"]}]},{"@type":"WebPage","@id":"https:\/\/www.oarcanjo.net\/site\/santo-humilde-de-bisignano\/","url":"https:\/\/www.oarcanjo.net\/site\/santo-humilde-de-bisignano\/","name":"Santo Humilde de Bisignano - O Arcanjo no ar","isPartOf":{"@id":"https:\/\/www.oarcanjo.net\/site\/#website"},"datePublished":"2009-11-26T01:52:42+00:00","dateModified":"2009-11-26T02:06:51+00:00","breadcrumb":{"@id":"https:\/\/www.oarcanjo.net\/site\/santo-humilde-de-bisignano\/#breadcrumb"},"inLanguage":"pt-BR","potentialAction":[{"@type":"ReadAction","target":["https:\/\/www.oarcanjo.net\/site\/santo-humilde-de-bisignano\/"]}]},{"@type":"BreadcrumbList","@id":"https:\/\/www.oarcanjo.net\/site\/santo-humilde-de-bisignano\/#breadcrumb","itemListElement":[{"@type":"ListItem","position":1,"name":"In\u00edcio","item":"https:\/\/www.oarcanjo.net\/site\/"},{"@type":"ListItem","position":2,"name":"Santo Humilde de Bisignano"}]},{"@type":"WebSite","@id":"https:\/\/www.oarcanjo.net\/site\/#website","url":"https:\/\/www.oarcanjo.net\/site\/","name":"O Arcanjo no ar","description":"Site da Par\u00f3quia S\u00e3o Miguel Arcanjo (Arquidiocese de SP)","publisher":{"@id":"https:\/\/www.oarcanjo.net\/site\/#organization"},"potentialAction":[{"@type":"SearchAction","target":{"@type":"EntryPoint","urlTemplate":"https:\/\/www.oarcanjo.net\/site\/?s={search_term_string}"},"query-input":{"@type":"PropertyValueSpecification","valueRequired":true,"valueName":"search_term_string"}}],"inLanguage":"pt-BR"},{"@type":"Organization","@id":"https:\/\/www.oarcanjo.net\/site\/#organization","name":"Par\u00f3quia S\u00e3o Miguel Arcanjo","url":"https:\/\/www.oarcanjo.net\/site\/","logo":{"@type":"ImageObject","inLanguage":"pt-BR","@id":"https:\/\/www.oarcanjo.net\/site\/#\/schema\/logo\/image\/","url":"https:\/\/www.oarcanjo.net\/site\/wp-content\/uploads\/LogoOArcanjo.png","contentUrl":"https:\/\/www.oarcanjo.net\/site\/wp-content\/uploads\/LogoOArcanjo.png","width":319,"height":99,"caption":"Par\u00f3quia S\u00e3o Miguel Arcanjo"},"image":{"@id":"https:\/\/www.oarcanjo.net\/site\/#\/schema\/logo\/image\/"},"sameAs":["https:\/\/www.facebook.com\/OArcanjoNoAr\/"]},{"@type":"Person","@id":"https:\/\/www.oarcanjo.net\/site\/#\/schema\/person\/f7024d007863202483a31326673a0838","name":"editor","sameAs":["http:\/\/www.oarcanjo.net"]}]}},"publishpress_future_action":{"enabled":false,"date":"2026-05-07 23:03:32","action":"category","newStatus":"draft","terms":[],"taxonomy":"category"},"publishpress_future_workflow_manual_trigger":{"enabledWorkflows":[]},"_links":{"self":[{"href":"https:\/\/www.oarcanjo.net\/site\/wp-json\/wp\/v2\/posts\/6183"}],"collection":[{"href":"https:\/\/www.oarcanjo.net\/site\/wp-json\/wp\/v2\/posts"}],"about":[{"href":"https:\/\/www.oarcanjo.net\/site\/wp-json\/wp\/v2\/types\/post"}],"author":[{"embeddable":true,"href":"https:\/\/www.oarcanjo.net\/site\/wp-json\/wp\/v2\/users\/5"}],"replies":[{"embeddable":true,"href":"https:\/\/www.oarcanjo.net\/site\/wp-json\/wp\/v2\/comments?post=6183"}],"version-history":[{"count":0,"href":"https:\/\/www.oarcanjo.net\/site\/wp-json\/wp\/v2\/posts\/6183\/revisions"}],"wp:attachment":[{"href":"https:\/\/www.oarcanjo.net\/site\/wp-json\/wp\/v2\/media?parent=6183"}],"wp:term":[{"taxonomy":"category","embeddable":true,"href":"https:\/\/www.oarcanjo.net\/site\/wp-json\/wp\/v2\/categories?post=6183"},{"taxonomy":"post_tag","embeddable":true,"href":"https:\/\/www.oarcanjo.net\/site\/wp-json\/wp\/v2\/tags?post=6183"}],"curies":[{"name":"wp","href":"https:\/\/api.w.org\/{rel}","templated":true}]}}