
{"id":62001,"date":"2015-05-25T22:11:30","date_gmt":"2015-05-26T01:11:30","guid":{"rendered":"http:\/\/www.oarcanjo.net\/site\/?p=62001"},"modified":"2015-05-31T22:40:04","modified_gmt":"2015-06-01T01:40:04","slug":"batizados-de-maio-de-2015-pentecostes","status":"publish","type":"post","link":"https:\/\/www.oarcanjo.net\/site\/batizados-de-maio-de-2015-pentecostes\/","title":{"rendered":"Batizados de maio de 2015 Pentecostes"},"content":{"rendered":"<p style=\"text-align: justify;\">No domingo que celebramos Pentecostes, mais crian\u00e7as foram batizadas na Comunidade S\u00e3o Miguel Arcanjo neste domingo, 24 de maio de 2015. Aqui as fotos na Capela universit\u00e1ria S\u00e3o Judas Tadeu, onde o batizado come\u00e7ou \u00e0s 9h30, seguindo-se a celebra\u00e7\u00e3o eucar\u00edstica.<\/p>\n<p style=\"text-align: justify;\">O vermelho fazendo refer\u00eancia ao Espirito Santo esteve presente.<\/p>\n<p style=\"text-align: justify;\">\u00a0No dia de Pentecostes a Igreja se apresenta ao mundo como uma comunidade de amor. Que essa identidade, que lhe d\u00e1 o senso de fam\u00edlia, seja preservada at\u00e9 o fim dos s\u00e9culos (O Povo de Deus)<\/p>\n<p style=\"text-align: justify;\">Cantamos a Sequ\u00eancia:<\/p>\n<p style=\"text-align: justify;\">A n\u00f3s descei, divina luz! (bis)<\/p>\n<p style=\"text-align: justify;\">\u00a0em nossas almas acendei o amor, o amor de Jesus! (bis)<\/p>\n<p style=\"text-align: justify;\">1Vinde, santo Esp\u00edrito, e do c\u00e9u mandai luminoso raio, luminoso raio!<\/p>\n<p style=\"text-align: justify;\">. Vinde, pai dos pobres, doador dos dons, luz dos cora\u00e7\u00f5es, luz dos cora\u00e7\u00f5es!<\/p>\n<p style=\"text-align: justify;\">. Grande consolador, em n\u00f3s habitai, e nos confortai, e nos confortai!<\/p>\n<p style=\"text-align: justify;\">. Na fadiga pouso, no ardor brandura, e na dor ternura, e na dor ternura!<\/p>\n<p style=\"text-align: justify;\">2. \u00d3 luz venturosa, divinais clar\u00f5es, encham os cora\u00e7\u00f5es, encham os cora\u00e7\u00f5es!<\/p>\n<p style=\"text-align: justify;\">. Sem um tal poder, em qualquer vivente nada h\u00e1 de inocente, nada h\u00e1 de inocente!<\/p>\n<p style=\"text-align: justify;\">\u00a0. Lavai o impuro e regai o seco, sarai o enfermo, sarai o enfermo!<\/p>\n<p style=\"text-align: justify;\">. Dobrai a dureza, aquecei o frio, livrai do desvio, livrai do desvio!<\/p>\n<p style=\"text-align: justify;\">3. Aos fi\u00e9is, que oram com vibrantes sons, dai os sete dons, dai os sete dons!<\/p>\n<p style=\"text-align: justify;\">. \u00a0Dai virtude e pr\u00eamio e no fim dos dias eterna alegria, eterna alegria!<\/p>\n<p style=\"text-align: justify;\">\u00a0. \u00a0Aleluia! Aleluia! Aleluia! (bis)<\/p>\n<p style=\"text-align: justify;\">\u00a0Aleluia! Aleluia! Aleluia! (bis)<\/p>\n<p style=\"text-align: justify;\">. \u00a0Aleluia! Aleluia! Aleluia! (bis)<\/p>\n<p style=\"text-align: justify;\">\u00a0Aleluia! Aleluia! Aleluia! (bis).<\/p>\n<p style=\"text-align: justify;\">No Evangelho segundo Jo\u00e3o:<\/p>\n<p style=\"text-align: justify;\">\u201cAo anoitecer daquele dia, o primeiro da semana, estando fechadas, por medo dos judeus, as portas do lugar onde os disc\u00edpulos se encontravam, Jesus entrou e pondo-se no meio deles, disse: \u201cA paz esteja convosco\u201d. Depois dessas palavras, mostrou-lhes as m\u00e3os e o lado. Ent\u00e3o os disc\u00edpulos se alegraram por verem o Senhor. Novamente, Jesus disse: \u201cA paz esteja convosco. Como o Pai me enviou, tamb\u00e9m eu vos envio\u201d. 22E depois de ter dito isto, soprou sobre eles e disse: \u201cRecebei o Esp\u00edrito Santo. A quem perdoardes os pecados, eles lhes ser\u00e3o perdoa dos; a quem n\u00e3o os perdoardes, eles lhes ser\u00e3o retidos\u201d.\u201d<\/p>\n<p style=\"text-align: justify;\">A celebra\u00e7\u00e3o foi especial, pois o Pe Julio demonstrou todo o seu carinho por Dom Oscar Romero, agora beatificado. A estola, o quadro, a distribui\u00e7\u00e3o de cart\u00f5es que cont\u00e9m a foto e sua frase marcante; &#8220;Se matarem, ressuscitarei na vida do meu povo&#8221;.<\/p>\n<p style=\"text-align: justify;\">Aqui as fotos do batizado e parte da celebra\u00e7\u00e3o;<\/p>\n<p style=\"text-align: justify;\">ngg_shortcode_0_placeholder<\/p>\n<div id=\"themify_builder_content-62001\" data-postid=\"62001\" class=\"themify_builder_content themify_builder_content-62001 themify_builder themify_builder_front\">\n\t<\/div>\n<!-- \/themify_builder_content -->","protected":false},"excerpt":{"rendered":"<p>No domingo que celebramos Pentecostes, mais crian\u00e7as foram batizadas na Comunidade S\u00e3o Miguel Arcanjo neste domingo, 24 de maio de 2015. Aqui as fotos na Capela universit\u00e1ria S\u00e3o Judas Tadeu<\/p>\n","protected":false},"author":10,"featured_media":62091,"comment_status":"open","ping_status":"open","sticky":false,"template":"","format":"standard","meta":{"ngg_post_thumbnail":0,"footnotes":""},"categories":[3,8,7],"tags":[],"yoast_head":"<!-- This site is optimized with the Yoast SEO plugin v23.5 - https:\/\/yoast.com\/wordpress\/plugins\/seo\/ -->\n<title>Batizados de maio de 2015 Pentecostes - O Arcanjo no ar<\/title>\n<meta name=\"robots\" content=\"index, follow, max-snippet:-1, max-image-preview:large, max-video-preview:-1\" \/>\n<link rel=\"canonical\" href=\"https:\/\/www.oarcanjo.net\/site\/batizados-de-maio-de-2015-pentecostes\/\" \/>\n<meta property=\"og:locale\" content=\"pt_BR\" \/>\n<meta property=\"og:type\" content=\"article\" \/>\n<meta property=\"og:title\" content=\"Batizados de maio de 2015 Pentecostes - O Arcanjo no ar\" \/>\n<meta property=\"og:description\" content=\"No domingo que celebramos Pentecostes, mais crian\u00e7as foram batizadas na Comunidade S\u00e3o Miguel Arcanjo neste domingo, 24 de maio de 2015. Aqui as fotos na Capela universit\u00e1ria S\u00e3o Judas Tadeu\" \/>\n<meta property=\"og:url\" content=\"https:\/\/www.oarcanjo.net\/site\/batizados-de-maio-de-2015-pentecostes\/\" \/>\n<meta property=\"og:site_name\" content=\"O Arcanjo no ar\" \/>\n<meta property=\"article:publisher\" content=\"https:\/\/www.facebook.com\/OArcanjoNoAr\/\" \/>\n<meta property=\"article:published_time\" content=\"2015-05-26T01:11:30+00:00\" \/>\n<meta property=\"article:modified_time\" content=\"2015-06-01T01:40:04+00:00\" \/>\n<meta property=\"og:image\" content=\"https:\/\/www.oarcanjo.net\/site\/wp-content\/uploads\/banner-batizados-maio-2015.jpg\" \/>\n\t<meta property=\"og:image:width\" content=\"700\" \/>\n\t<meta property=\"og:image:height\" content=\"320\" \/>\n\t<meta property=\"og:image:type\" content=\"image\/jpeg\" \/>\n<meta name=\"author\" content=\"carlos\" \/>\n<meta name=\"twitter:card\" content=\"summary_large_image\" \/>\n<meta name=\"twitter:label1\" content=\"Escrito por\" \/>\n\t<meta name=\"twitter:data1\" content=\"carlos\" \/>\n\t<meta name=\"twitter:label2\" content=\"Est. tempo de leitura\" \/>\n\t<meta name=\"twitter:data2\" content=\"2 minutos\" \/>\n<script type=\"application\/ld+json\" class=\"yoast-schema-graph\">{\"@context\":\"https:\/\/schema.org\",\"@graph\":[{\"@type\":\"Article\",\"@id\":\"https:\/\/www.oarcanjo.net\/site\/batizados-de-maio-de-2015-pentecostes\/#article\",\"isPartOf\":{\"@id\":\"https:\/\/www.oarcanjo.net\/site\/batizados-de-maio-de-2015-pentecostes\/\"},\"author\":{\"name\":\"carlos\",\"@id\":\"https:\/\/www.oarcanjo.net\/site\/#\/schema\/person\/f7870e710d8c8c30673de3a0ac2e451d\"},\"headline\":\"Batizados de maio de 2015 Pentecostes\",\"datePublished\":\"2015-05-26T01:11:30+00:00\",\"dateModified\":\"2015-06-01T01:40:04+00:00\",\"mainEntityOfPage\":{\"@id\":\"https:\/\/www.oarcanjo.net\/site\/batizados-de-maio-de-2015-pentecostes\/\"},\"wordCount\":449,\"commentCount\":0,\"publisher\":{\"@id\":\"https:\/\/www.oarcanjo.net\/site\/#organization\"},\"image\":{\"@id\":\"https:\/\/www.oarcanjo.net\/site\/batizados-de-maio-de-2015-pentecostes\/#primaryimage\"},\"thumbnailUrl\":\"https:\/\/www.oarcanjo.net\/site\/wp-content\/uploads\/banner-batizados-maio-2015.jpg\",\"articleSection\":[\"Destaques\",\"Not\u00edcias\",\"Rosto da comunidade\"],\"inLanguage\":\"pt-BR\",\"potentialAction\":[{\"@type\":\"CommentAction\",\"name\":\"Comment\",\"target\":[\"https:\/\/www.oarcanjo.net\/site\/batizados-de-maio-de-2015-pentecostes\/#respond\"]}]},{\"@type\":\"WebPage\",\"@id\":\"https:\/\/www.oarcanjo.net\/site\/batizados-de-maio-de-2015-pentecostes\/\",\"url\":\"https:\/\/www.oarcanjo.net\/site\/batizados-de-maio-de-2015-pentecostes\/\",\"name\":\"Batizados de maio de 2015 Pentecostes - O Arcanjo no ar\",\"isPartOf\":{\"@id\":\"https:\/\/www.oarcanjo.net\/site\/#website\"},\"primaryImageOfPage\":{\"@id\":\"https:\/\/www.oarcanjo.net\/site\/batizados-de-maio-de-2015-pentecostes\/#primaryimage\"},\"image\":{\"@id\":\"https:\/\/www.oarcanjo.net\/site\/batizados-de-maio-de-2015-pentecostes\/#primaryimage\"},\"thumbnailUrl\":\"https:\/\/www.oarcanjo.net\/site\/wp-content\/uploads\/banner-batizados-maio-2015.jpg\",\"datePublished\":\"2015-05-26T01:11:30+00:00\",\"dateModified\":\"2015-06-01T01:40:04+00:00\",\"breadcrumb\":{\"@id\":\"https:\/\/www.oarcanjo.net\/site\/batizados-de-maio-de-2015-pentecostes\/#breadcrumb\"},\"inLanguage\":\"pt-BR\",\"potentialAction\":[{\"@type\":\"ReadAction\",\"target\":[\"https:\/\/www.oarcanjo.net\/site\/batizados-de-maio-de-2015-pentecostes\/\"]}]},{\"@type\":\"ImageObject\",\"inLanguage\":\"pt-BR\",\"@id\":\"https:\/\/www.oarcanjo.net\/site\/batizados-de-maio-de-2015-pentecostes\/#primaryimage\",\"url\":\"https:\/\/www.oarcanjo.net\/site\/wp-content\/uploads\/banner-batizados-maio-2015.jpg\",\"contentUrl\":\"https:\/\/www.oarcanjo.net\/site\/wp-content\/uploads\/banner-batizados-maio-2015.jpg\",\"width\":700,\"height\":320},{\"@type\":\"BreadcrumbList\",\"@id\":\"https:\/\/www.oarcanjo.net\/site\/batizados-de-maio-de-2015-pentecostes\/#breadcrumb\",\"itemListElement\":[{\"@type\":\"ListItem\",\"position\":1,\"name\":\"In\u00edcio\",\"item\":\"https:\/\/www.oarcanjo.net\/site\/\"},{\"@type\":\"ListItem\",\"position\":2,\"name\":\"Batizados de maio de 2015 Pentecostes\"}]},{\"@type\":\"WebSite\",\"@id\":\"https:\/\/www.oarcanjo.net\/site\/#website\",\"url\":\"https:\/\/www.oarcanjo.net\/site\/\",\"name\":\"O Arcanjo no ar\",\"description\":\"Site da Par\u00f3quia S\u00e3o Miguel Arcanjo (Arquidiocese de SP)\",\"publisher\":{\"@id\":\"https:\/\/www.oarcanjo.net\/site\/#organization\"},\"potentialAction\":[{\"@type\":\"SearchAction\",\"target\":{\"@type\":\"EntryPoint\",\"urlTemplate\":\"https:\/\/www.oarcanjo.net\/site\/?s={search_term_string}\"},\"query-input\":{\"@type\":\"PropertyValueSpecification\",\"valueRequired\":true,\"valueName\":\"search_term_string\"}}],\"inLanguage\":\"pt-BR\"},{\"@type\":\"Organization\",\"@id\":\"https:\/\/www.oarcanjo.net\/site\/#organization\",\"name\":\"Par\u00f3quia S\u00e3o Miguel Arcanjo\",\"url\":\"https:\/\/www.oarcanjo.net\/site\/\",\"logo\":{\"@type\":\"ImageObject\",\"inLanguage\":\"pt-BR\",\"@id\":\"https:\/\/www.oarcanjo.net\/site\/#\/schema\/logo\/image\/\",\"url\":\"https:\/\/www.oarcanjo.net\/site\/wp-content\/uploads\/LogoOArcanjo.png\",\"contentUrl\":\"https:\/\/www.oarcanjo.net\/site\/wp-content\/uploads\/LogoOArcanjo.png\",\"width\":319,\"height\":99,\"caption\":\"Par\u00f3quia S\u00e3o Miguel Arcanjo\"},\"image\":{\"@id\":\"https:\/\/www.oarcanjo.net\/site\/#\/schema\/logo\/image\/\"},\"sameAs\":[\"https:\/\/www.facebook.com\/OArcanjoNoAr\/\"]},{\"@type\":\"Person\",\"@id\":\"https:\/\/www.oarcanjo.net\/site\/#\/schema\/person\/f7870e710d8c8c30673de3a0ac2e451d\",\"name\":\"carlos\"}]}<\/script>\n<!-- \/ Yoast SEO plugin. -->","yoast_head_json":{"title":"Batizados de maio de 2015 Pentecostes - O Arcanjo no ar","robots":{"index":"index","follow":"follow","max-snippet":"max-snippet:-1","max-image-preview":"max-image-preview:large","max-video-preview":"max-video-preview:-1"},"canonical":"https:\/\/www.oarcanjo.net\/site\/batizados-de-maio-de-2015-pentecostes\/","og_locale":"pt_BR","og_type":"article","og_title":"Batizados de maio de 2015 Pentecostes - O Arcanjo no ar","og_description":"No domingo que celebramos Pentecostes, mais crian\u00e7as foram batizadas na Comunidade S\u00e3o Miguel Arcanjo neste domingo, 24 de maio de 2015. Aqui as fotos na Capela universit\u00e1ria S\u00e3o Judas Tadeu","og_url":"https:\/\/www.oarcanjo.net\/site\/batizados-de-maio-de-2015-pentecostes\/","og_site_name":"O Arcanjo no ar","article_publisher":"https:\/\/www.facebook.com\/OArcanjoNoAr\/","article_published_time":"2015-05-26T01:11:30+00:00","article_modified_time":"2015-06-01T01:40:04+00:00","og_image":[{"width":700,"height":320,"url":"https:\/\/www.oarcanjo.net\/site\/wp-content\/uploads\/banner-batizados-maio-2015.jpg","type":"image\/jpeg"}],"author":"carlos","twitter_card":"summary_large_image","twitter_misc":{"Escrito por":"carlos","Est. tempo de leitura":"2 minutos"},"schema":{"@context":"https:\/\/schema.org","@graph":[{"@type":"Article","@id":"https:\/\/www.oarcanjo.net\/site\/batizados-de-maio-de-2015-pentecostes\/#article","isPartOf":{"@id":"https:\/\/www.oarcanjo.net\/site\/batizados-de-maio-de-2015-pentecostes\/"},"author":{"name":"carlos","@id":"https:\/\/www.oarcanjo.net\/site\/#\/schema\/person\/f7870e710d8c8c30673de3a0ac2e451d"},"headline":"Batizados de maio de 2015 Pentecostes","datePublished":"2015-05-26T01:11:30+00:00","dateModified":"2015-06-01T01:40:04+00:00","mainEntityOfPage":{"@id":"https:\/\/www.oarcanjo.net\/site\/batizados-de-maio-de-2015-pentecostes\/"},"wordCount":449,"commentCount":0,"publisher":{"@id":"https:\/\/www.oarcanjo.net\/site\/#organization"},"image":{"@id":"https:\/\/www.oarcanjo.net\/site\/batizados-de-maio-de-2015-pentecostes\/#primaryimage"},"thumbnailUrl":"https:\/\/www.oarcanjo.net\/site\/wp-content\/uploads\/banner-batizados-maio-2015.jpg","articleSection":["Destaques","Not\u00edcias","Rosto da comunidade"],"inLanguage":"pt-BR","potentialAction":[{"@type":"CommentAction","name":"Comment","target":["https:\/\/www.oarcanjo.net\/site\/batizados-de-maio-de-2015-pentecostes\/#respond"]}]},{"@type":"WebPage","@id":"https:\/\/www.oarcanjo.net\/site\/batizados-de-maio-de-2015-pentecostes\/","url":"https:\/\/www.oarcanjo.net\/site\/batizados-de-maio-de-2015-pentecostes\/","name":"Batizados de maio de 2015 Pentecostes - O Arcanjo no ar","isPartOf":{"@id":"https:\/\/www.oarcanjo.net\/site\/#website"},"primaryImageOfPage":{"@id":"https:\/\/www.oarcanjo.net\/site\/batizados-de-maio-de-2015-pentecostes\/#primaryimage"},"image":{"@id":"https:\/\/www.oarcanjo.net\/site\/batizados-de-maio-de-2015-pentecostes\/#primaryimage"},"thumbnailUrl":"https:\/\/www.oarcanjo.net\/site\/wp-content\/uploads\/banner-batizados-maio-2015.jpg","datePublished":"2015-05-26T01:11:30+00:00","dateModified":"2015-06-01T01:40:04+00:00","breadcrumb":{"@id":"https:\/\/www.oarcanjo.net\/site\/batizados-de-maio-de-2015-pentecostes\/#breadcrumb"},"inLanguage":"pt-BR","potentialAction":[{"@type":"ReadAction","target":["https:\/\/www.oarcanjo.net\/site\/batizados-de-maio-de-2015-pentecostes\/"]}]},{"@type":"ImageObject","inLanguage":"pt-BR","@id":"https:\/\/www.oarcanjo.net\/site\/batizados-de-maio-de-2015-pentecostes\/#primaryimage","url":"https:\/\/www.oarcanjo.net\/site\/wp-content\/uploads\/banner-batizados-maio-2015.jpg","contentUrl":"https:\/\/www.oarcanjo.net\/site\/wp-content\/uploads\/banner-batizados-maio-2015.jpg","width":700,"height":320},{"@type":"BreadcrumbList","@id":"https:\/\/www.oarcanjo.net\/site\/batizados-de-maio-de-2015-pentecostes\/#breadcrumb","itemListElement":[{"@type":"ListItem","position":1,"name":"In\u00edcio","item":"https:\/\/www.oarcanjo.net\/site\/"},{"@type":"ListItem","position":2,"name":"Batizados de maio de 2015 Pentecostes"}]},{"@type":"WebSite","@id":"https:\/\/www.oarcanjo.net\/site\/#website","url":"https:\/\/www.oarcanjo.net\/site\/","name":"O Arcanjo no ar","description":"Site da Par\u00f3quia S\u00e3o Miguel Arcanjo (Arquidiocese de SP)","publisher":{"@id":"https:\/\/www.oarcanjo.net\/site\/#organization"},"potentialAction":[{"@type":"SearchAction","target":{"@type":"EntryPoint","urlTemplate":"https:\/\/www.oarcanjo.net\/site\/?s={search_term_string}"},"query-input":{"@type":"PropertyValueSpecification","valueRequired":true,"valueName":"search_term_string"}}],"inLanguage":"pt-BR"},{"@type":"Organization","@id":"https:\/\/www.oarcanjo.net\/site\/#organization","name":"Par\u00f3quia S\u00e3o Miguel Arcanjo","url":"https:\/\/www.oarcanjo.net\/site\/","logo":{"@type":"ImageObject","inLanguage":"pt-BR","@id":"https:\/\/www.oarcanjo.net\/site\/#\/schema\/logo\/image\/","url":"https:\/\/www.oarcanjo.net\/site\/wp-content\/uploads\/LogoOArcanjo.png","contentUrl":"https:\/\/www.oarcanjo.net\/site\/wp-content\/uploads\/LogoOArcanjo.png","width":319,"height":99,"caption":"Par\u00f3quia S\u00e3o Miguel Arcanjo"},"image":{"@id":"https:\/\/www.oarcanjo.net\/site\/#\/schema\/logo\/image\/"},"sameAs":["https:\/\/www.facebook.com\/OArcanjoNoAr\/"]},{"@type":"Person","@id":"https:\/\/www.oarcanjo.net\/site\/#\/schema\/person\/f7870e710d8c8c30673de3a0ac2e451d","name":"carlos"}]}},"publishpress_future_action":{"enabled":false,"date":"2026-05-09 04:48:45","action":"category","newStatus":"draft","terms":[],"taxonomy":"category"},"publishpress_future_workflow_manual_trigger":{"enabledWorkflows":[]},"_links":{"self":[{"href":"https:\/\/www.oarcanjo.net\/site\/wp-json\/wp\/v2\/posts\/62001"}],"collection":[{"href":"https:\/\/www.oarcanjo.net\/site\/wp-json\/wp\/v2\/posts"}],"about":[{"href":"https:\/\/www.oarcanjo.net\/site\/wp-json\/wp\/v2\/types\/post"}],"author":[{"embeddable":true,"href":"https:\/\/www.oarcanjo.net\/site\/wp-json\/wp\/v2\/users\/10"}],"replies":[{"embeddable":true,"href":"https:\/\/www.oarcanjo.net\/site\/wp-json\/wp\/v2\/comments?post=62001"}],"version-history":[{"count":0,"href":"https:\/\/www.oarcanjo.net\/site\/wp-json\/wp\/v2\/posts\/62001\/revisions"}],"wp:featuredmedia":[{"embeddable":true,"href":"https:\/\/www.oarcanjo.net\/site\/wp-json\/wp\/v2\/media\/62091"}],"wp:attachment":[{"href":"https:\/\/www.oarcanjo.net\/site\/wp-json\/wp\/v2\/media?parent=62001"}],"wp:term":[{"taxonomy":"category","embeddable":true,"href":"https:\/\/www.oarcanjo.net\/site\/wp-json\/wp\/v2\/categories?post=62001"},{"taxonomy":"post_tag","embeddable":true,"href":"https:\/\/www.oarcanjo.net\/site\/wp-json\/wp\/v2\/tags?post=62001"}],"curies":[{"name":"wp","href":"https:\/\/api.w.org\/{rel}","templated":true}]}}