
{"id":62008,"date":"2015-05-31T23:31:41","date_gmt":"2015-06-01T02:31:41","guid":{"rendered":"http:\/\/www.oarcanjo.net\/site\/?p=62008"},"modified":"2015-06-01T19:16:43","modified_gmt":"2015-06-01T22:16:43","slug":"procissao-de-nossa-senhora-de-fatima-com-carros","status":"publish","type":"post","link":"https:\/\/www.oarcanjo.net\/site\/procissao-de-nossa-senhora-de-fatima-com-carros\/","title":{"rendered":"Prociss\u00e3o de Nossa Senhora de F\u00e1tima com carros"},"content":{"rendered":"<p style=\"text-align: justify;\">A devo\u00e7\u00e3o por Nossa Senhora de F\u00e1tima \u00e9 muito expressiva na Comunidade S\u00e3o Miguel Arcanjo. No dia 13 de maio a tradicional prociss\u00e3o de carros levando a imagem de Nossa Senhora de F\u00e1tima, saindo da Igreja S\u00e3o Miguel Arcanjo, passando pelas ruas do bairro. Em v\u00e1rios momentos uma paradinha para uma b\u00ean\u00e7\u00e3o, uma foto, uma ora\u00e7\u00e3o. Silvia Carnevalli, t\u00e3o dedicada \u00e0 Comunidade recebeu em sua casa\u00a0tamb\u00e9m uma ben\u00e7\u00e3o\u00a0uma flor do andor de Nossa Senhora, num momento de fragilidade da sua sa\u00fade. Ruas Taquari,\u00a0 Itabaiana, Arinaia, Av. Cassandoca, IAPI, Ruas Marcial,\u00a0 dos Trilhos, Juvenal Parada, da Mooca, Av. Paes de Barros, bem como ao final, a Rua Taquari chegando na Capela universit\u00e1ria S\u00e3o Judas Tadeu. A celebra\u00e7\u00e3o eucar\u00edstica e toda lembran\u00e7a dos pastorinhos que tiveram a gra\u00e7a de ver Nossa Senhora.<\/p>\n<p style=\"text-align: justify;\">Aqui as fotos daquele momento t\u00e3o bonito.<\/p>\n<p style=\"text-align: justify;\">ngg_shortcode_0_placeholder<\/p>\n<div id=\"themify_builder_content-62008\" data-postid=\"62008\" class=\"themify_builder_content themify_builder_content-62008 themify_builder themify_builder_front\">\n\t<\/div>\n<!-- \/themify_builder_content -->","protected":false},"excerpt":{"rendered":"<p>A comunidade S\u00e3o Miguel Arcanjo realizou a tradicional prociss\u00e3o de carros com a imagem de Nossa Senhora de Fatima no dia 13 de maio<\/p>\n","protected":false},"author":10,"featured_media":0,"comment_status":"open","ping_status":"open","sticky":false,"template":"","format":"standard","meta":{"ngg_post_thumbnail":0,"footnotes":""},"categories":[7],"tags":[],"yoast_head":"<!-- This site is optimized with the Yoast SEO plugin v23.5 - https:\/\/yoast.com\/wordpress\/plugins\/seo\/ -->\n<title>Prociss\u00e3o de Nossa Senhora de F\u00e1tima com carros - O Arcanjo no ar<\/title>\n<meta name=\"robots\" content=\"index, follow, max-snippet:-1, max-image-preview:large, max-video-preview:-1\" \/>\n<link rel=\"canonical\" href=\"https:\/\/www.oarcanjo.net\/site\/procissao-de-nossa-senhora-de-fatima-com-carros\/\" \/>\n<meta property=\"og:locale\" content=\"pt_BR\" \/>\n<meta property=\"og:type\" content=\"article\" \/>\n<meta property=\"og:title\" content=\"Prociss\u00e3o de Nossa Senhora de F\u00e1tima com carros - O Arcanjo no ar\" \/>\n<meta property=\"og:description\" content=\"A comunidade S\u00e3o Miguel Arcanjo realizou a tradicional prociss\u00e3o de carros com a imagem de Nossa Senhora de Fatima no dia 13 de maio\" \/>\n<meta property=\"og:url\" content=\"https:\/\/www.oarcanjo.net\/site\/procissao-de-nossa-senhora-de-fatima-com-carros\/\" \/>\n<meta property=\"og:site_name\" content=\"O Arcanjo no ar\" \/>\n<meta property=\"article:publisher\" content=\"https:\/\/www.facebook.com\/OArcanjoNoAr\/\" \/>\n<meta property=\"article:published_time\" content=\"2015-06-01T02:31:41+00:00\" \/>\n<meta property=\"article:modified_time\" content=\"2015-06-01T22:16:43+00:00\" \/>\n<meta property=\"og:image\" content=\"https:\/\/www.oarcanjo.net\/site\/wp-content\/uploads\/logo-o-arcanjo-no-ar-facebook.png\" \/>\n\t<meta property=\"og:image:width\" content=\"300\" \/>\n\t<meta property=\"og:image:height\" content=\"300\" \/>\n\t<meta property=\"og:image:type\" content=\"image\/png\" \/>\n<meta name=\"author\" content=\"carlos\" \/>\n<meta name=\"twitter:card\" content=\"summary_large_image\" \/>\n<meta name=\"twitter:label1\" content=\"Escrito por\" \/>\n\t<meta name=\"twitter:data1\" content=\"carlos\" \/>\n\t<meta name=\"twitter:label2\" content=\"Est. tempo de leitura\" \/>\n\t<meta name=\"twitter:data2\" content=\"1 minuto\" \/>\n<script type=\"application\/ld+json\" class=\"yoast-schema-graph\">{\"@context\":\"https:\/\/schema.org\",\"@graph\":[{\"@type\":\"Article\",\"@id\":\"https:\/\/www.oarcanjo.net\/site\/procissao-de-nossa-senhora-de-fatima-com-carros\/#article\",\"isPartOf\":{\"@id\":\"https:\/\/www.oarcanjo.net\/site\/procissao-de-nossa-senhora-de-fatima-com-carros\/\"},\"author\":{\"name\":\"carlos\",\"@id\":\"https:\/\/www.oarcanjo.net\/site\/#\/schema\/person\/f7870e710d8c8c30673de3a0ac2e451d\"},\"headline\":\"Prociss\u00e3o de Nossa Senhora de F\u00e1tima com carros\",\"datePublished\":\"2015-06-01T02:31:41+00:00\",\"dateModified\":\"2015-06-01T22:16:43+00:00\",\"mainEntityOfPage\":{\"@id\":\"https:\/\/www.oarcanjo.net\/site\/procissao-de-nossa-senhora-de-fatima-com-carros\/\"},\"wordCount\":169,\"commentCount\":0,\"publisher\":{\"@id\":\"https:\/\/www.oarcanjo.net\/site\/#organization\"},\"articleSection\":[\"Rosto da comunidade\"],\"inLanguage\":\"pt-BR\",\"potentialAction\":[{\"@type\":\"CommentAction\",\"name\":\"Comment\",\"target\":[\"https:\/\/www.oarcanjo.net\/site\/procissao-de-nossa-senhora-de-fatima-com-carros\/#respond\"]}]},{\"@type\":\"WebPage\",\"@id\":\"https:\/\/www.oarcanjo.net\/site\/procissao-de-nossa-senhora-de-fatima-com-carros\/\",\"url\":\"https:\/\/www.oarcanjo.net\/site\/procissao-de-nossa-senhora-de-fatima-com-carros\/\",\"name\":\"Prociss\u00e3o de Nossa Senhora de F\u00e1tima com carros - O Arcanjo no ar\",\"isPartOf\":{\"@id\":\"https:\/\/www.oarcanjo.net\/site\/#website\"},\"datePublished\":\"2015-06-01T02:31:41+00:00\",\"dateModified\":\"2015-06-01T22:16:43+00:00\",\"breadcrumb\":{\"@id\":\"https:\/\/www.oarcanjo.net\/site\/procissao-de-nossa-senhora-de-fatima-com-carros\/#breadcrumb\"},\"inLanguage\":\"pt-BR\",\"potentialAction\":[{\"@type\":\"ReadAction\",\"target\":[\"https:\/\/www.oarcanjo.net\/site\/procissao-de-nossa-senhora-de-fatima-com-carros\/\"]}]},{\"@type\":\"BreadcrumbList\",\"@id\":\"https:\/\/www.oarcanjo.net\/site\/procissao-de-nossa-senhora-de-fatima-com-carros\/#breadcrumb\",\"itemListElement\":[{\"@type\":\"ListItem\",\"position\":1,\"name\":\"In\u00edcio\",\"item\":\"https:\/\/www.oarcanjo.net\/site\/\"},{\"@type\":\"ListItem\",\"position\":2,\"name\":\"Prociss\u00e3o de Nossa Senhora de F\u00e1tima com carros\"}]},{\"@type\":\"WebSite\",\"@id\":\"https:\/\/www.oarcanjo.net\/site\/#website\",\"url\":\"https:\/\/www.oarcanjo.net\/site\/\",\"name\":\"O Arcanjo no ar\",\"description\":\"Site da Par\u00f3quia S\u00e3o Miguel Arcanjo (Arquidiocese de SP)\",\"publisher\":{\"@id\":\"https:\/\/www.oarcanjo.net\/site\/#organization\"},\"potentialAction\":[{\"@type\":\"SearchAction\",\"target\":{\"@type\":\"EntryPoint\",\"urlTemplate\":\"https:\/\/www.oarcanjo.net\/site\/?s={search_term_string}\"},\"query-input\":{\"@type\":\"PropertyValueSpecification\",\"valueRequired\":true,\"valueName\":\"search_term_string\"}}],\"inLanguage\":\"pt-BR\"},{\"@type\":\"Organization\",\"@id\":\"https:\/\/www.oarcanjo.net\/site\/#organization\",\"name\":\"Par\u00f3quia S\u00e3o Miguel Arcanjo\",\"url\":\"https:\/\/www.oarcanjo.net\/site\/\",\"logo\":{\"@type\":\"ImageObject\",\"inLanguage\":\"pt-BR\",\"@id\":\"https:\/\/www.oarcanjo.net\/site\/#\/schema\/logo\/image\/\",\"url\":\"https:\/\/www.oarcanjo.net\/site\/wp-content\/uploads\/LogoOArcanjo.png\",\"contentUrl\":\"https:\/\/www.oarcanjo.net\/site\/wp-content\/uploads\/LogoOArcanjo.png\",\"width\":319,\"height\":99,\"caption\":\"Par\u00f3quia S\u00e3o Miguel Arcanjo\"},\"image\":{\"@id\":\"https:\/\/www.oarcanjo.net\/site\/#\/schema\/logo\/image\/\"},\"sameAs\":[\"https:\/\/www.facebook.com\/OArcanjoNoAr\/\"]},{\"@type\":\"Person\",\"@id\":\"https:\/\/www.oarcanjo.net\/site\/#\/schema\/person\/f7870e710d8c8c30673de3a0ac2e451d\",\"name\":\"carlos\"}]}<\/script>\n<!-- \/ Yoast SEO plugin. -->","yoast_head_json":{"title":"Prociss\u00e3o de Nossa Senhora de F\u00e1tima com carros - O Arcanjo no ar","robots":{"index":"index","follow":"follow","max-snippet":"max-snippet:-1","max-image-preview":"max-image-preview:large","max-video-preview":"max-video-preview:-1"},"canonical":"https:\/\/www.oarcanjo.net\/site\/procissao-de-nossa-senhora-de-fatima-com-carros\/","og_locale":"pt_BR","og_type":"article","og_title":"Prociss\u00e3o de Nossa Senhora de F\u00e1tima com carros - O Arcanjo no ar","og_description":"A comunidade S\u00e3o Miguel Arcanjo realizou a tradicional prociss\u00e3o de carros com a imagem de Nossa Senhora de Fatima no dia 13 de maio","og_url":"https:\/\/www.oarcanjo.net\/site\/procissao-de-nossa-senhora-de-fatima-com-carros\/","og_site_name":"O Arcanjo no ar","article_publisher":"https:\/\/www.facebook.com\/OArcanjoNoAr\/","article_published_time":"2015-06-01T02:31:41+00:00","article_modified_time":"2015-06-01T22:16:43+00:00","og_image":[{"width":300,"height":300,"url":"https:\/\/www.oarcanjo.net\/site\/wp-content\/uploads\/logo-o-arcanjo-no-ar-facebook.png","type":"image\/png"}],"author":"carlos","twitter_card":"summary_large_image","twitter_misc":{"Escrito por":"carlos","Est. tempo de leitura":"1 minuto"},"schema":{"@context":"https:\/\/schema.org","@graph":[{"@type":"Article","@id":"https:\/\/www.oarcanjo.net\/site\/procissao-de-nossa-senhora-de-fatima-com-carros\/#article","isPartOf":{"@id":"https:\/\/www.oarcanjo.net\/site\/procissao-de-nossa-senhora-de-fatima-com-carros\/"},"author":{"name":"carlos","@id":"https:\/\/www.oarcanjo.net\/site\/#\/schema\/person\/f7870e710d8c8c30673de3a0ac2e451d"},"headline":"Prociss\u00e3o de Nossa Senhora de F\u00e1tima com carros","datePublished":"2015-06-01T02:31:41+00:00","dateModified":"2015-06-01T22:16:43+00:00","mainEntityOfPage":{"@id":"https:\/\/www.oarcanjo.net\/site\/procissao-de-nossa-senhora-de-fatima-com-carros\/"},"wordCount":169,"commentCount":0,"publisher":{"@id":"https:\/\/www.oarcanjo.net\/site\/#organization"},"articleSection":["Rosto da comunidade"],"inLanguage":"pt-BR","potentialAction":[{"@type":"CommentAction","name":"Comment","target":["https:\/\/www.oarcanjo.net\/site\/procissao-de-nossa-senhora-de-fatima-com-carros\/#respond"]}]},{"@type":"WebPage","@id":"https:\/\/www.oarcanjo.net\/site\/procissao-de-nossa-senhora-de-fatima-com-carros\/","url":"https:\/\/www.oarcanjo.net\/site\/procissao-de-nossa-senhora-de-fatima-com-carros\/","name":"Prociss\u00e3o de Nossa Senhora de F\u00e1tima com carros - O Arcanjo no ar","isPartOf":{"@id":"https:\/\/www.oarcanjo.net\/site\/#website"},"datePublished":"2015-06-01T02:31:41+00:00","dateModified":"2015-06-01T22:16:43+00:00","breadcrumb":{"@id":"https:\/\/www.oarcanjo.net\/site\/procissao-de-nossa-senhora-de-fatima-com-carros\/#breadcrumb"},"inLanguage":"pt-BR","potentialAction":[{"@type":"ReadAction","target":["https:\/\/www.oarcanjo.net\/site\/procissao-de-nossa-senhora-de-fatima-com-carros\/"]}]},{"@type":"BreadcrumbList","@id":"https:\/\/www.oarcanjo.net\/site\/procissao-de-nossa-senhora-de-fatima-com-carros\/#breadcrumb","itemListElement":[{"@type":"ListItem","position":1,"name":"In\u00edcio","item":"https:\/\/www.oarcanjo.net\/site\/"},{"@type":"ListItem","position":2,"name":"Prociss\u00e3o de Nossa Senhora de F\u00e1tima com carros"}]},{"@type":"WebSite","@id":"https:\/\/www.oarcanjo.net\/site\/#website","url":"https:\/\/www.oarcanjo.net\/site\/","name":"O Arcanjo no ar","description":"Site da Par\u00f3quia S\u00e3o Miguel Arcanjo (Arquidiocese de SP)","publisher":{"@id":"https:\/\/www.oarcanjo.net\/site\/#organization"},"potentialAction":[{"@type":"SearchAction","target":{"@type":"EntryPoint","urlTemplate":"https:\/\/www.oarcanjo.net\/site\/?s={search_term_string}"},"query-input":{"@type":"PropertyValueSpecification","valueRequired":true,"valueName":"search_term_string"}}],"inLanguage":"pt-BR"},{"@type":"Organization","@id":"https:\/\/www.oarcanjo.net\/site\/#organization","name":"Par\u00f3quia S\u00e3o Miguel Arcanjo","url":"https:\/\/www.oarcanjo.net\/site\/","logo":{"@type":"ImageObject","inLanguage":"pt-BR","@id":"https:\/\/www.oarcanjo.net\/site\/#\/schema\/logo\/image\/","url":"https:\/\/www.oarcanjo.net\/site\/wp-content\/uploads\/LogoOArcanjo.png","contentUrl":"https:\/\/www.oarcanjo.net\/site\/wp-content\/uploads\/LogoOArcanjo.png","width":319,"height":99,"caption":"Par\u00f3quia S\u00e3o Miguel Arcanjo"},"image":{"@id":"https:\/\/www.oarcanjo.net\/site\/#\/schema\/logo\/image\/"},"sameAs":["https:\/\/www.facebook.com\/OArcanjoNoAr\/"]},{"@type":"Person","@id":"https:\/\/www.oarcanjo.net\/site\/#\/schema\/person\/f7870e710d8c8c30673de3a0ac2e451d","name":"carlos"}]}},"publishpress_future_action":{"enabled":false,"date":"2026-05-09 04:48:45","action":"category","newStatus":"draft","terms":[],"taxonomy":"category"},"publishpress_future_workflow_manual_trigger":{"enabledWorkflows":[]},"_links":{"self":[{"href":"https:\/\/www.oarcanjo.net\/site\/wp-json\/wp\/v2\/posts\/62008"}],"collection":[{"href":"https:\/\/www.oarcanjo.net\/site\/wp-json\/wp\/v2\/posts"}],"about":[{"href":"https:\/\/www.oarcanjo.net\/site\/wp-json\/wp\/v2\/types\/post"}],"author":[{"embeddable":true,"href":"https:\/\/www.oarcanjo.net\/site\/wp-json\/wp\/v2\/users\/10"}],"replies":[{"embeddable":true,"href":"https:\/\/www.oarcanjo.net\/site\/wp-json\/wp\/v2\/comments?post=62008"}],"version-history":[{"count":0,"href":"https:\/\/www.oarcanjo.net\/site\/wp-json\/wp\/v2\/posts\/62008\/revisions"}],"wp:attachment":[{"href":"https:\/\/www.oarcanjo.net\/site\/wp-json\/wp\/v2\/media?parent=62008"}],"wp:term":[{"taxonomy":"category","embeddable":true,"href":"https:\/\/www.oarcanjo.net\/site\/wp-json\/wp\/v2\/categories?post=62008"},{"taxonomy":"post_tag","embeddable":true,"href":"https:\/\/www.oarcanjo.net\/site\/wp-json\/wp\/v2\/tags?post=62008"}],"curies":[{"name":"wp","href":"https:\/\/api.w.org\/{rel}","templated":true}]}}