
{"id":6221,"date":"2009-11-28T00:14:56","date_gmt":"2009-11-28T03:14:56","guid":{"rendered":"http:\/\/www.oarcanjo.net\/site\/?p=6221"},"modified":"2009-11-28T00:16:19","modified_gmt":"2009-11-28T03:16:19","slug":"santa-catarina-laboure","status":"publish","type":"post","link":"https:\/\/www.oarcanjo.net\/site\/santa-catarina-laboure\/","title":{"rendered":"Santa Catarina Labour\u00e9"},"content":{"rendered":"<p><strong>27 de novembro<\/strong><\/p>\n<p><strong>A\u00a0Santa da Medalha Milagrosa<\/strong><\/p>\n<p>Celebramos neste dia o testemunho de vida crist\u00e3 e mariana daquela que foi privilegiada com a apari\u00e7\u00e3o de Nossa Senhora, a qual deu origem ao t\u00edtulo de Nossa Senhora das Gra\u00e7as ou da Medalha Milagrosa. Santa Catarina de Labour\u00e9 nasceu em Borgonha (Fran\u00e7a) a 2 de maio de 1806. Era a nona filha de uma fam\u00edlia que, como tantas outras, sofria com as guerras napole\u00f4nicas.<\/p>\n<p>os 9 anos de idade, com a morte da m\u00e3e, Catarina assumiu com empenho e maternidade a educa\u00e7\u00e3o dos irm\u00e3os, at\u00e9 que ao findar desta sua miss\u00e3o, colocou-se a servi\u00e7o do Bom Mestre, quando consagrou-se a Jesus na Congrega\u00e7\u00e3o das Filhas da Caridade. Aconteceu que, em 1830, sua vida se entrela\u00e7ou mais intimamente com os mist\u00e9rios de Deus, pois a Virgem Maria come\u00e7a a aparecer a Santa Catarina, a fim de enriquecer toda a Igreja e atingir o mundo com sua Imaculada Concei\u00e7\u00e3o, por isso descreveu Catarina:<\/p>\n<p>&#8220;A Sant\u00edssima Virgem apareceu ao lado do altar, de p\u00e9, sobre um globo com o semblante de uma senhora de beleza indiz\u00edvel; de veste branca, manto azul, com as m\u00e3os elevadas at\u00e9 \u00e0 cintura, sustentava um globo figurando o mundo encimado por uma cruzinha. A Senhora era toda rodeada de tal esplendor que era imposs\u00edvel fix\u00e1-la. O rosto radiante de claridade celestial conservava os olhos elevados ao c\u00e9u, como para oferecer o globo a Deus. A Sant\u00edssima Virgem disse: Eis o s\u00edmbolo das gra\u00e7as que derramo sobre todas as pessoas que mas pedem&#8221;.<\/p>\n<p>Nossa Senhora apareceu por tr\u00eas vezes a Santa Catarina Labour\u00e9. Na terceira apari\u00e7\u00e3o, Nossa Senhora insiste nos mesmos pedidos e apresenta um modelo da medalha de Nossa Senhora das Gra\u00e7as. Ao final desta apari\u00e7\u00e3o, Nossa Senhora diz: &#8220;Minha filha, doravante n\u00e3o me tornar\u00e1s a ver, mas h\u00e1s-de ouvir a minha voz em tuas ora\u00e7\u00f5es&#8221;.<\/p>\n<p>Somente no fim do ano de 1832, a medalha que Nossa Senhora viera pedir foi cunhada e espalhada aos milh\u00f5es por todo o mundo.<\/p>\n<p>Como disse Sua Santidade Pio XII, esta prodigiosa medalha &#8220;desde o primeiro momento, foi instrumento de t\u00e3o numerosos favores, tanto espirituais como temporais, de tantas curas, prote\u00e7\u00f5es e sobretudo convers\u00f5es, que a voz un\u00e2nime do povo a chamou desde logo medalha milagrosa&#8221;.<\/p>\n<p>Esta devo\u00e7\u00e3o nascida a partir de uma Provid\u00eancia Divina e abertura de cora\u00e7\u00e3o da simples Catarina, tornou-se escola de santidade para muitos, a come\u00e7ar pela pr\u00f3pria Catarina que muito bem soube se relacionar com Jesus por meio da Imaculada Senhora das Gra\u00e7as.<\/p>\n<p>Santa Catarina passou 46 anos de sua vida num convento, onde viveu o Evangelho, principalmente no tocante da humildade, pois ningu\u00e9m sabia que ela tinha sido o canal desta aprovada devo\u00e7\u00e3o que antecedeu e ajudou na proclama\u00e7\u00e3o do Dogma da Imaculada Concei\u00e7\u00e3o de Nossa Senhora em 1854. J\u00e1 como cozinheira e porteira, tratando dos velhinhos no hosp\u00edcio de Enghien, em Paris, Santa Catarina assumiu para si o viver no sil\u00eancio, no escondimento, na humildade. Enquanto viveu, foi desconhecida.<\/p>\n<p>Santa Catarina Labour\u00e9 entrou no C\u00e9u a 31 de dezembro de 1876, com 70 anos de idade.<\/p>\n<p>Foi beatificada em 1933 e canonizada em 1947 pelo Papa Pio XII.<\/p>\n<p><strong>Outros Santos e Santas desta data:<\/strong><\/p>\n<p><a title=\"Nossa Senhora das Gra\u00e7as\" href=\"http:\/\/www.oarcanjo.net\/site\/index.php\/testemunhos\/nossa-senhora-das-gracas\" target=\"_self\">Nossa Senhora das Gra\u00e7as<\/a>\u00a0e <a title=\"Santo Virg\u00edlio\" href=\"http:\/\/www.oarcanjo.net\/site\/index.php\/testemunhos\/santo-virgilio\" target=\"_self\">Santo Virg\u00edlio<\/a>.<\/p>\n<p><em>Colabora\u00e7\u00e3o de Danilo Santana<\/em><\/p>\n<div id=\"themify_builder_content-6221\" data-postid=\"6221\" class=\"themify_builder_content themify_builder_content-6221 themify_builder themify_builder_front\">\n\t<\/div>\n<!-- \/themify_builder_content -->","protected":false},"excerpt":{"rendered":"<p>27 de novembro A\u00a0Santa da Medalha Milagrosa Celebramos neste dia o testemunho de vida crist\u00e3 e mariana daquela que foi privilegiada com a apari\u00e7\u00e3o de Nossa Senhora, a qual deu origem ao t\u00edtulo de Nossa Senhora das Gra\u00e7as ou da Medalha Milagrosa. Santa Catarina de Labour\u00e9 nasceu em Borgonha (Fran\u00e7a) a 2 de maio de [&hellip;]<\/p>\n","protected":false},"author":5,"featured_media":0,"comment_status":"open","ping_status":"open","sticky":false,"template":"","format":"standard","meta":{"ngg_post_thumbnail":0,"footnotes":""},"categories":[186],"tags":[1301,1302,1303],"yoast_head":"<!-- This site is optimized with the Yoast SEO plugin v23.5 - https:\/\/yoast.com\/wordpress\/plugins\/seo\/ -->\n<title>Santa Catarina Labour\u00e9 - O Arcanjo no ar<\/title>\n<meta name=\"robots\" content=\"index, follow, max-snippet:-1, max-image-preview:large, max-video-preview:-1\" \/>\n<link rel=\"canonical\" href=\"https:\/\/www.oarcanjo.net\/site\/santa-catarina-laboure\/\" \/>\n<meta property=\"og:locale\" content=\"pt_BR\" \/>\n<meta property=\"og:type\" content=\"article\" \/>\n<meta property=\"og:title\" content=\"Santa Catarina Labour\u00e9 - O Arcanjo no ar\" \/>\n<meta property=\"og:description\" content=\"27 de novembro A\u00a0Santa da Medalha Milagrosa Celebramos neste dia o testemunho de vida crist\u00e3 e mariana daquela que foi privilegiada com a apari\u00e7\u00e3o de Nossa Senhora, a qual deu origem ao t\u00edtulo de Nossa Senhora das Gra\u00e7as ou da Medalha Milagrosa. Santa Catarina de Labour\u00e9 nasceu em Borgonha (Fran\u00e7a) a 2 de maio de [&hellip;]\" \/>\n<meta property=\"og:url\" content=\"https:\/\/www.oarcanjo.net\/site\/santa-catarina-laboure\/\" \/>\n<meta property=\"og:site_name\" content=\"O Arcanjo no ar\" \/>\n<meta property=\"article:publisher\" content=\"https:\/\/www.facebook.com\/OArcanjoNoAr\/\" \/>\n<meta property=\"article:published_time\" content=\"2009-11-28T03:14:56+00:00\" \/>\n<meta property=\"article:modified_time\" content=\"2009-11-28T03:16:19+00:00\" \/>\n<meta property=\"og:image\" content=\"https:\/\/www.oarcanjo.net\/site\/wp-content\/uploads\/logo-o-arcanjo-no-ar-facebook.png\" \/>\n\t<meta property=\"og:image:width\" content=\"300\" \/>\n\t<meta property=\"og:image:height\" content=\"300\" \/>\n\t<meta property=\"og:image:type\" content=\"image\/png\" \/>\n<meta name=\"author\" content=\"editor\" \/>\n<meta name=\"twitter:card\" content=\"summary_large_image\" \/>\n<meta name=\"twitter:label1\" content=\"Escrito por\" \/>\n\t<meta name=\"twitter:data1\" content=\"editor\" \/>\n\t<meta name=\"twitter:label2\" content=\"Est. tempo de leitura\" \/>\n\t<meta name=\"twitter:data2\" content=\"3 minutos\" \/>\n<script type=\"application\/ld+json\" class=\"yoast-schema-graph\">{\"@context\":\"https:\/\/schema.org\",\"@graph\":[{\"@type\":\"Article\",\"@id\":\"https:\/\/www.oarcanjo.net\/site\/santa-catarina-laboure\/#article\",\"isPartOf\":{\"@id\":\"https:\/\/www.oarcanjo.net\/site\/santa-catarina-laboure\/\"},\"author\":{\"name\":\"editor\",\"@id\":\"https:\/\/www.oarcanjo.net\/site\/#\/schema\/person\/f7024d007863202483a31326673a0838\"},\"headline\":\"Santa Catarina Labour\u00e9\",\"datePublished\":\"2009-11-28T03:14:56+00:00\",\"dateModified\":\"2009-11-28T03:16:19+00:00\",\"mainEntityOfPage\":{\"@id\":\"https:\/\/www.oarcanjo.net\/site\/santa-catarina-laboure\/\"},\"wordCount\":582,\"commentCount\":0,\"publisher\":{\"@id\":\"https:\/\/www.oarcanjo.net\/site\/#organization\"},\"keywords\":[\"Nossa Senhora das Gra\u00e7as\",\"Santa Catarina Labour\u00e9\",\"Santo Virg\u00edlio\"],\"articleSection\":[\"Testemunhos\"],\"inLanguage\":\"pt-BR\",\"potentialAction\":[{\"@type\":\"CommentAction\",\"name\":\"Comment\",\"target\":[\"https:\/\/www.oarcanjo.net\/site\/santa-catarina-laboure\/#respond\"]}]},{\"@type\":\"WebPage\",\"@id\":\"https:\/\/www.oarcanjo.net\/site\/santa-catarina-laboure\/\",\"url\":\"https:\/\/www.oarcanjo.net\/site\/santa-catarina-laboure\/\",\"name\":\"Santa Catarina Labour\u00e9 - O Arcanjo no ar\",\"isPartOf\":{\"@id\":\"https:\/\/www.oarcanjo.net\/site\/#website\"},\"datePublished\":\"2009-11-28T03:14:56+00:00\",\"dateModified\":\"2009-11-28T03:16:19+00:00\",\"breadcrumb\":{\"@id\":\"https:\/\/www.oarcanjo.net\/site\/santa-catarina-laboure\/#breadcrumb\"},\"inLanguage\":\"pt-BR\",\"potentialAction\":[{\"@type\":\"ReadAction\",\"target\":[\"https:\/\/www.oarcanjo.net\/site\/santa-catarina-laboure\/\"]}]},{\"@type\":\"BreadcrumbList\",\"@id\":\"https:\/\/www.oarcanjo.net\/site\/santa-catarina-laboure\/#breadcrumb\",\"itemListElement\":[{\"@type\":\"ListItem\",\"position\":1,\"name\":\"In\u00edcio\",\"item\":\"https:\/\/www.oarcanjo.net\/site\/\"},{\"@type\":\"ListItem\",\"position\":2,\"name\":\"Santa Catarina Labour\u00e9\"}]},{\"@type\":\"WebSite\",\"@id\":\"https:\/\/www.oarcanjo.net\/site\/#website\",\"url\":\"https:\/\/www.oarcanjo.net\/site\/\",\"name\":\"O Arcanjo no ar\",\"description\":\"Site da Par\u00f3quia S\u00e3o Miguel Arcanjo (Arquidiocese de SP)\",\"publisher\":{\"@id\":\"https:\/\/www.oarcanjo.net\/site\/#organization\"},\"potentialAction\":[{\"@type\":\"SearchAction\",\"target\":{\"@type\":\"EntryPoint\",\"urlTemplate\":\"https:\/\/www.oarcanjo.net\/site\/?s={search_term_string}\"},\"query-input\":{\"@type\":\"PropertyValueSpecification\",\"valueRequired\":true,\"valueName\":\"search_term_string\"}}],\"inLanguage\":\"pt-BR\"},{\"@type\":\"Organization\",\"@id\":\"https:\/\/www.oarcanjo.net\/site\/#organization\",\"name\":\"Par\u00f3quia S\u00e3o Miguel Arcanjo\",\"url\":\"https:\/\/www.oarcanjo.net\/site\/\",\"logo\":{\"@type\":\"ImageObject\",\"inLanguage\":\"pt-BR\",\"@id\":\"https:\/\/www.oarcanjo.net\/site\/#\/schema\/logo\/image\/\",\"url\":\"https:\/\/www.oarcanjo.net\/site\/wp-content\/uploads\/LogoOArcanjo.png\",\"contentUrl\":\"https:\/\/www.oarcanjo.net\/site\/wp-content\/uploads\/LogoOArcanjo.png\",\"width\":319,\"height\":99,\"caption\":\"Par\u00f3quia S\u00e3o Miguel Arcanjo\"},\"image\":{\"@id\":\"https:\/\/www.oarcanjo.net\/site\/#\/schema\/logo\/image\/\"},\"sameAs\":[\"https:\/\/www.facebook.com\/OArcanjoNoAr\/\"]},{\"@type\":\"Person\",\"@id\":\"https:\/\/www.oarcanjo.net\/site\/#\/schema\/person\/f7024d007863202483a31326673a0838\",\"name\":\"editor\",\"sameAs\":[\"http:\/\/www.oarcanjo.net\"]}]}<\/script>\n<!-- \/ Yoast SEO plugin. -->","yoast_head_json":{"title":"Santa Catarina Labour\u00e9 - O Arcanjo no ar","robots":{"index":"index","follow":"follow","max-snippet":"max-snippet:-1","max-image-preview":"max-image-preview:large","max-video-preview":"max-video-preview:-1"},"canonical":"https:\/\/www.oarcanjo.net\/site\/santa-catarina-laboure\/","og_locale":"pt_BR","og_type":"article","og_title":"Santa Catarina Labour\u00e9 - O Arcanjo no ar","og_description":"27 de novembro A\u00a0Santa da Medalha Milagrosa Celebramos neste dia o testemunho de vida crist\u00e3 e mariana daquela que foi privilegiada com a apari\u00e7\u00e3o de Nossa Senhora, a qual deu origem ao t\u00edtulo de Nossa Senhora das Gra\u00e7as ou da Medalha Milagrosa. Santa Catarina de Labour\u00e9 nasceu em Borgonha (Fran\u00e7a) a 2 de maio de [&hellip;]","og_url":"https:\/\/www.oarcanjo.net\/site\/santa-catarina-laboure\/","og_site_name":"O Arcanjo no ar","article_publisher":"https:\/\/www.facebook.com\/OArcanjoNoAr\/","article_published_time":"2009-11-28T03:14:56+00:00","article_modified_time":"2009-11-28T03:16:19+00:00","og_image":[{"width":300,"height":300,"url":"https:\/\/www.oarcanjo.net\/site\/wp-content\/uploads\/logo-o-arcanjo-no-ar-facebook.png","type":"image\/png"}],"author":"editor","twitter_card":"summary_large_image","twitter_misc":{"Escrito por":"editor","Est. tempo de leitura":"3 minutos"},"schema":{"@context":"https:\/\/schema.org","@graph":[{"@type":"Article","@id":"https:\/\/www.oarcanjo.net\/site\/santa-catarina-laboure\/#article","isPartOf":{"@id":"https:\/\/www.oarcanjo.net\/site\/santa-catarina-laboure\/"},"author":{"name":"editor","@id":"https:\/\/www.oarcanjo.net\/site\/#\/schema\/person\/f7024d007863202483a31326673a0838"},"headline":"Santa Catarina Labour\u00e9","datePublished":"2009-11-28T03:14:56+00:00","dateModified":"2009-11-28T03:16:19+00:00","mainEntityOfPage":{"@id":"https:\/\/www.oarcanjo.net\/site\/santa-catarina-laboure\/"},"wordCount":582,"commentCount":0,"publisher":{"@id":"https:\/\/www.oarcanjo.net\/site\/#organization"},"keywords":["Nossa Senhora das Gra\u00e7as","Santa Catarina Labour\u00e9","Santo Virg\u00edlio"],"articleSection":["Testemunhos"],"inLanguage":"pt-BR","potentialAction":[{"@type":"CommentAction","name":"Comment","target":["https:\/\/www.oarcanjo.net\/site\/santa-catarina-laboure\/#respond"]}]},{"@type":"WebPage","@id":"https:\/\/www.oarcanjo.net\/site\/santa-catarina-laboure\/","url":"https:\/\/www.oarcanjo.net\/site\/santa-catarina-laboure\/","name":"Santa Catarina Labour\u00e9 - O Arcanjo no ar","isPartOf":{"@id":"https:\/\/www.oarcanjo.net\/site\/#website"},"datePublished":"2009-11-28T03:14:56+00:00","dateModified":"2009-11-28T03:16:19+00:00","breadcrumb":{"@id":"https:\/\/www.oarcanjo.net\/site\/santa-catarina-laboure\/#breadcrumb"},"inLanguage":"pt-BR","potentialAction":[{"@type":"ReadAction","target":["https:\/\/www.oarcanjo.net\/site\/santa-catarina-laboure\/"]}]},{"@type":"BreadcrumbList","@id":"https:\/\/www.oarcanjo.net\/site\/santa-catarina-laboure\/#breadcrumb","itemListElement":[{"@type":"ListItem","position":1,"name":"In\u00edcio","item":"https:\/\/www.oarcanjo.net\/site\/"},{"@type":"ListItem","position":2,"name":"Santa Catarina Labour\u00e9"}]},{"@type":"WebSite","@id":"https:\/\/www.oarcanjo.net\/site\/#website","url":"https:\/\/www.oarcanjo.net\/site\/","name":"O Arcanjo no ar","description":"Site da Par\u00f3quia S\u00e3o Miguel Arcanjo (Arquidiocese de SP)","publisher":{"@id":"https:\/\/www.oarcanjo.net\/site\/#organization"},"potentialAction":[{"@type":"SearchAction","target":{"@type":"EntryPoint","urlTemplate":"https:\/\/www.oarcanjo.net\/site\/?s={search_term_string}"},"query-input":{"@type":"PropertyValueSpecification","valueRequired":true,"valueName":"search_term_string"}}],"inLanguage":"pt-BR"},{"@type":"Organization","@id":"https:\/\/www.oarcanjo.net\/site\/#organization","name":"Par\u00f3quia S\u00e3o Miguel Arcanjo","url":"https:\/\/www.oarcanjo.net\/site\/","logo":{"@type":"ImageObject","inLanguage":"pt-BR","@id":"https:\/\/www.oarcanjo.net\/site\/#\/schema\/logo\/image\/","url":"https:\/\/www.oarcanjo.net\/site\/wp-content\/uploads\/LogoOArcanjo.png","contentUrl":"https:\/\/www.oarcanjo.net\/site\/wp-content\/uploads\/LogoOArcanjo.png","width":319,"height":99,"caption":"Par\u00f3quia S\u00e3o Miguel Arcanjo"},"image":{"@id":"https:\/\/www.oarcanjo.net\/site\/#\/schema\/logo\/image\/"},"sameAs":["https:\/\/www.facebook.com\/OArcanjoNoAr\/"]},{"@type":"Person","@id":"https:\/\/www.oarcanjo.net\/site\/#\/schema\/person\/f7024d007863202483a31326673a0838","name":"editor","sameAs":["http:\/\/www.oarcanjo.net"]}]}},"publishpress_future_action":{"enabled":false,"date":"2026-05-08 01:34:14","action":"category","newStatus":"draft","terms":[],"taxonomy":"category"},"publishpress_future_workflow_manual_trigger":{"enabledWorkflows":[]},"_links":{"self":[{"href":"https:\/\/www.oarcanjo.net\/site\/wp-json\/wp\/v2\/posts\/6221"}],"collection":[{"href":"https:\/\/www.oarcanjo.net\/site\/wp-json\/wp\/v2\/posts"}],"about":[{"href":"https:\/\/www.oarcanjo.net\/site\/wp-json\/wp\/v2\/types\/post"}],"author":[{"embeddable":true,"href":"https:\/\/www.oarcanjo.net\/site\/wp-json\/wp\/v2\/users\/5"}],"replies":[{"embeddable":true,"href":"https:\/\/www.oarcanjo.net\/site\/wp-json\/wp\/v2\/comments?post=6221"}],"version-history":[{"count":0,"href":"https:\/\/www.oarcanjo.net\/site\/wp-json\/wp\/v2\/posts\/6221\/revisions"}],"wp:attachment":[{"href":"https:\/\/www.oarcanjo.net\/site\/wp-json\/wp\/v2\/media?parent=6221"}],"wp:term":[{"taxonomy":"category","embeddable":true,"href":"https:\/\/www.oarcanjo.net\/site\/wp-json\/wp\/v2\/categories?post=6221"},{"taxonomy":"post_tag","embeddable":true,"href":"https:\/\/www.oarcanjo.net\/site\/wp-json\/wp\/v2\/tags?post=6221"}],"curies":[{"name":"wp","href":"https:\/\/api.w.org\/{rel}","templated":true}]}}