
{"id":6225,"date":"2009-11-28T00:24:05","date_gmt":"2009-11-28T03:24:05","guid":{"rendered":"http:\/\/www.oarcanjo.net\/site\/?p=6225"},"modified":"2009-11-28T00:24:05","modified_gmt":"2009-11-28T03:24:05","slug":"santo-virgilio","status":"publish","type":"post","link":"https:\/\/www.oarcanjo.net\/site\/santo-virgilio\/","title":{"rendered":"Santo Virg\u00edlio"},"content":{"rendered":"<p><strong>27 de novembro<\/strong><\/p>\n<p>Foi um dos grandes mission\u00e1rios irlandeses do per\u00edodo medieval e um dos maiores viajantes da importante ilha cat\u00f3lica, ao lado dos santos Columbano, Quiliano e Gallo.<\/p>\n<p>Nasceu na primeira d\u00e9cada do s\u00e9culo VIII e foi batizado com o nome de Fergal, depois traduzido para o latim como Virgilio. Cat\u00f3lico, na juventude voltou-se para a vida religiosa, tornou-se monge e, a seguir, abade do Mosteiro de Aghaboe, na Irlanda. Deixou a ilha em peregrina\u00e7\u00e3o evangelizadora em 743 e n\u00e3o mais voltou.<\/p>\n<p>Morou algum tempo no reino dos francos, quando o rei era Pepino, o Breve, que lhe pedira para organizar um centro cultural. Mas problemas pol\u00edticos surgiram na regi\u00e3o da Baviera, agregada aos seus dom\u00ednios. L\u00e1, o duque era Odilon, que pediu a Pepino para enviar Virgilio para a Abadia de S\u00e3o Pedro de Salzburg, atual \u00c1ustria. E logo depois Odilon nomeou Virgilio como bispo daquela diocese.<\/p>\n<p>Ocorre que, na \u00e9poca, s\u00e3o Bonif\u00e1cio, o chamado ap\u00f3stolo da Alemanha, atuava como representante do papa na regi\u00e3o, e caberia a ele essa indica\u00e7\u00e3o e n\u00e3o a Odilon. O que o desagradou n\u00e3o foi a escolha de Virgilio, mas o fato de ter sido feita por Odilon. Ambos nutriam entre si uma profunda diverg\u00eancia no campo doutrinal e Virgilio participava do mesmo entendimento de Odilon. Essa situa\u00e7\u00e3o perdurou at\u00e9 a morte de s\u00e3o Bonif\u00e1cio, quando, e s\u00f3 ent\u00e3o, ele p\u00f4de ser consagrado bispo de Salzsburg.<\/p>\n<p>Mas Virg\u00edlio era homem de f\u00e9 fortalecida e de vasta cultura, dominava como poucos as ci\u00eancias matem\u00e1ticas, ganhando, mesmo, o apelido de &#8220;o Ge\u00f4metra&#8221; em seu tempo. Viveu oito s\u00e9culos antes de Galileu e Cop\u00e9rnico e j\u00e1 sabia que a Terra era redonda, o que na ocasi\u00e3o e em princ\u00edpio era uma heresia crist\u00e3. Foi para Roma para se justificar com o papa, deixou a ci\u00eancia de lado e abra\u00e7ou integralmente o seu apostolado a servi\u00e7o do Reino de Deus como poucos bispos consagrados o fizeram. Revolucionou a diocese de Salzburg com o seu testemunho e converteu aquele rebanho para a reden\u00e7\u00e3o de Cristo, aproveitando-se do interesse pol\u00edtico do rei.<\/p>\n<p>Em 755, um ano ap\u00f3s a morte de s\u00e3o Bonif\u00e1cio, Virg\u00edlio foi consagrado bispo de Salzburg. Continuou evangelizando a \u00c1ustria de norte a sul, inclusive uma parte do norte da Hungria. Fundou e restaurou mosteiros e igrejas, com isso construiu o primeiro cat\u00e1logo e cr\u00f4nica dos mosteiros beneditinos.<\/p>\n<p>Morreu e foi sepultado na Abadia de Salzburg, \u00c1ustria, em 27 de novembro de 784, em meio \u00e0 forte como\u00e7\u00e3o dos fi\u00e9is, que transformaram essa data a de sua tradicional festa. S\u00e9culos depois, suas rel\u00edquias foram trasladadas para a bela Catedral de Salzburg. Em 1233, foi canonizado, e o dia de sua festa mantido. S\u00e3o Virg\u00edlio foi proclamado padroeiro de Salzburg.<\/p>\n<p><strong>Outros Santos e Santas desta data:<\/strong><\/p>\n<p><a title=\"Nossa Senhora das Gra\u00e7a\" href=\"http:\/\/www.oarcanjo.net\/site\/index.php\/testemunhos\/nossa-senhora-das-gracas\" target=\"_self\">Nossa Senhora das Gra\u00e7as<\/a>\u00a0e <a title=\" dos grandes mission\u00e1rios irlandeses do per\u00edodo medieval e um dos maiores viajantes da importante ilha cat\u00f3lica, ao lado dos santos Columbano, Quiliano e Gallo.\" href=\"http:\/\/www.oarcanjo.net\/site\/index.php\/testemunhos\/santa-catarina-laboure\" target=\"_self\">Santa Catarina Labour\u00e9<\/a>.<\/p>\n<p><em>Colabora\u00e7\u00e3o de Danilo Santana<\/em><\/p>\n<div id=\"themify_builder_content-6225\" data-postid=\"6225\" class=\"themify_builder_content themify_builder_content-6225 themify_builder themify_builder_front\">\n\t<\/div>\n<!-- \/themify_builder_content -->","protected":false},"excerpt":{"rendered":"<p>27 de novembro Foi um dos grandes mission\u00e1rios irlandeses do per\u00edodo medieval e um dos maiores viajantes da importante ilha cat\u00f3lica, ao lado dos santos Columbano, Quiliano e Gallo. Nasceu na primeira d\u00e9cada do s\u00e9culo VIII e foi batizado com o nome de Fergal, depois traduzido para o latim como Virgilio. Cat\u00f3lico, na juventude voltou-se [&hellip;]<\/p>\n","protected":false},"author":5,"featured_media":0,"comment_status":"open","ping_status":"open","sticky":false,"template":"","format":"standard","meta":{"ngg_post_thumbnail":0,"footnotes":""},"categories":[186],"tags":[1301,1302,1303],"yoast_head":"<!-- This site is optimized with the Yoast SEO plugin v23.5 - https:\/\/yoast.com\/wordpress\/plugins\/seo\/ -->\n<title>Santo Virg\u00edlio - O Arcanjo no ar<\/title>\n<meta name=\"robots\" content=\"index, follow, max-snippet:-1, max-image-preview:large, max-video-preview:-1\" \/>\n<link rel=\"canonical\" href=\"https:\/\/www.oarcanjo.net\/site\/santo-virgilio\/\" \/>\n<meta property=\"og:locale\" content=\"pt_BR\" \/>\n<meta property=\"og:type\" content=\"article\" \/>\n<meta property=\"og:title\" content=\"Santo Virg\u00edlio - O Arcanjo no ar\" \/>\n<meta property=\"og:description\" content=\"27 de novembro Foi um dos grandes mission\u00e1rios irlandeses do per\u00edodo medieval e um dos maiores viajantes da importante ilha cat\u00f3lica, ao lado dos santos Columbano, Quiliano e Gallo. Nasceu na primeira d\u00e9cada do s\u00e9culo VIII e foi batizado com o nome de Fergal, depois traduzido para o latim como Virgilio. Cat\u00f3lico, na juventude voltou-se [&hellip;]\" \/>\n<meta property=\"og:url\" content=\"https:\/\/www.oarcanjo.net\/site\/santo-virgilio\/\" \/>\n<meta property=\"og:site_name\" content=\"O Arcanjo no ar\" \/>\n<meta property=\"article:publisher\" content=\"https:\/\/www.facebook.com\/OArcanjoNoAr\/\" \/>\n<meta property=\"article:published_time\" content=\"2009-11-28T03:24:05+00:00\" \/>\n<meta property=\"og:image\" content=\"https:\/\/www.oarcanjo.net\/site\/wp-content\/uploads\/logo-o-arcanjo-no-ar-facebook.png\" \/>\n\t<meta property=\"og:image:width\" content=\"300\" \/>\n\t<meta property=\"og:image:height\" content=\"300\" \/>\n\t<meta property=\"og:image:type\" content=\"image\/png\" \/>\n<meta name=\"author\" content=\"editor\" \/>\n<meta name=\"twitter:card\" content=\"summary_large_image\" \/>\n<meta name=\"twitter:label1\" content=\"Escrito por\" \/>\n\t<meta name=\"twitter:data1\" content=\"editor\" \/>\n\t<meta name=\"twitter:label2\" content=\"Est. tempo de leitura\" \/>\n\t<meta name=\"twitter:data2\" content=\"3 minutos\" \/>\n<script type=\"application\/ld+json\" class=\"yoast-schema-graph\">{\"@context\":\"https:\/\/schema.org\",\"@graph\":[{\"@type\":\"Article\",\"@id\":\"https:\/\/www.oarcanjo.net\/site\/santo-virgilio\/#article\",\"isPartOf\":{\"@id\":\"https:\/\/www.oarcanjo.net\/site\/santo-virgilio\/\"},\"author\":{\"name\":\"editor\",\"@id\":\"https:\/\/www.oarcanjo.net\/site\/#\/schema\/person\/f7024d007863202483a31326673a0838\"},\"headline\":\"Santo Virg\u00edlio\",\"datePublished\":\"2009-11-28T03:24:05+00:00\",\"dateModified\":\"2009-11-28T03:24:05+00:00\",\"mainEntityOfPage\":{\"@id\":\"https:\/\/www.oarcanjo.net\/site\/santo-virgilio\/\"},\"wordCount\":519,\"commentCount\":0,\"publisher\":{\"@id\":\"https:\/\/www.oarcanjo.net\/site\/#organization\"},\"keywords\":[\"Nossa Senhora das Gra\u00e7as\",\"Santa Catarina Labour\u00e9\",\"Santo Virg\u00edlio\"],\"articleSection\":[\"Testemunhos\"],\"inLanguage\":\"pt-BR\",\"potentialAction\":[{\"@type\":\"CommentAction\",\"name\":\"Comment\",\"target\":[\"https:\/\/www.oarcanjo.net\/site\/santo-virgilio\/#respond\"]}]},{\"@type\":\"WebPage\",\"@id\":\"https:\/\/www.oarcanjo.net\/site\/santo-virgilio\/\",\"url\":\"https:\/\/www.oarcanjo.net\/site\/santo-virgilio\/\",\"name\":\"Santo Virg\u00edlio - O Arcanjo no ar\",\"isPartOf\":{\"@id\":\"https:\/\/www.oarcanjo.net\/site\/#website\"},\"datePublished\":\"2009-11-28T03:24:05+00:00\",\"dateModified\":\"2009-11-28T03:24:05+00:00\",\"breadcrumb\":{\"@id\":\"https:\/\/www.oarcanjo.net\/site\/santo-virgilio\/#breadcrumb\"},\"inLanguage\":\"pt-BR\",\"potentialAction\":[{\"@type\":\"ReadAction\",\"target\":[\"https:\/\/www.oarcanjo.net\/site\/santo-virgilio\/\"]}]},{\"@type\":\"BreadcrumbList\",\"@id\":\"https:\/\/www.oarcanjo.net\/site\/santo-virgilio\/#breadcrumb\",\"itemListElement\":[{\"@type\":\"ListItem\",\"position\":1,\"name\":\"In\u00edcio\",\"item\":\"https:\/\/www.oarcanjo.net\/site\/\"},{\"@type\":\"ListItem\",\"position\":2,\"name\":\"Santo Virg\u00edlio\"}]},{\"@type\":\"WebSite\",\"@id\":\"https:\/\/www.oarcanjo.net\/site\/#website\",\"url\":\"https:\/\/www.oarcanjo.net\/site\/\",\"name\":\"O Arcanjo no ar\",\"description\":\"Site da Par\u00f3quia S\u00e3o Miguel Arcanjo (Arquidiocese de SP)\",\"publisher\":{\"@id\":\"https:\/\/www.oarcanjo.net\/site\/#organization\"},\"potentialAction\":[{\"@type\":\"SearchAction\",\"target\":{\"@type\":\"EntryPoint\",\"urlTemplate\":\"https:\/\/www.oarcanjo.net\/site\/?s={search_term_string}\"},\"query-input\":{\"@type\":\"PropertyValueSpecification\",\"valueRequired\":true,\"valueName\":\"search_term_string\"}}],\"inLanguage\":\"pt-BR\"},{\"@type\":\"Organization\",\"@id\":\"https:\/\/www.oarcanjo.net\/site\/#organization\",\"name\":\"Par\u00f3quia S\u00e3o Miguel Arcanjo\",\"url\":\"https:\/\/www.oarcanjo.net\/site\/\",\"logo\":{\"@type\":\"ImageObject\",\"inLanguage\":\"pt-BR\",\"@id\":\"https:\/\/www.oarcanjo.net\/site\/#\/schema\/logo\/image\/\",\"url\":\"https:\/\/www.oarcanjo.net\/site\/wp-content\/uploads\/LogoOArcanjo.png\",\"contentUrl\":\"https:\/\/www.oarcanjo.net\/site\/wp-content\/uploads\/LogoOArcanjo.png\",\"width\":319,\"height\":99,\"caption\":\"Par\u00f3quia S\u00e3o Miguel Arcanjo\"},\"image\":{\"@id\":\"https:\/\/www.oarcanjo.net\/site\/#\/schema\/logo\/image\/\"},\"sameAs\":[\"https:\/\/www.facebook.com\/OArcanjoNoAr\/\"]},{\"@type\":\"Person\",\"@id\":\"https:\/\/www.oarcanjo.net\/site\/#\/schema\/person\/f7024d007863202483a31326673a0838\",\"name\":\"editor\",\"sameAs\":[\"http:\/\/www.oarcanjo.net\"]}]}<\/script>\n<!-- \/ Yoast SEO plugin. -->","yoast_head_json":{"title":"Santo Virg\u00edlio - O Arcanjo no ar","robots":{"index":"index","follow":"follow","max-snippet":"max-snippet:-1","max-image-preview":"max-image-preview:large","max-video-preview":"max-video-preview:-1"},"canonical":"https:\/\/www.oarcanjo.net\/site\/santo-virgilio\/","og_locale":"pt_BR","og_type":"article","og_title":"Santo Virg\u00edlio - O Arcanjo no ar","og_description":"27 de novembro Foi um dos grandes mission\u00e1rios irlandeses do per\u00edodo medieval e um dos maiores viajantes da importante ilha cat\u00f3lica, ao lado dos santos Columbano, Quiliano e Gallo. Nasceu na primeira d\u00e9cada do s\u00e9culo VIII e foi batizado com o nome de Fergal, depois traduzido para o latim como Virgilio. Cat\u00f3lico, na juventude voltou-se [&hellip;]","og_url":"https:\/\/www.oarcanjo.net\/site\/santo-virgilio\/","og_site_name":"O Arcanjo no ar","article_publisher":"https:\/\/www.facebook.com\/OArcanjoNoAr\/","article_published_time":"2009-11-28T03:24:05+00:00","og_image":[{"width":300,"height":300,"url":"https:\/\/www.oarcanjo.net\/site\/wp-content\/uploads\/logo-o-arcanjo-no-ar-facebook.png","type":"image\/png"}],"author":"editor","twitter_card":"summary_large_image","twitter_misc":{"Escrito por":"editor","Est. tempo de leitura":"3 minutos"},"schema":{"@context":"https:\/\/schema.org","@graph":[{"@type":"Article","@id":"https:\/\/www.oarcanjo.net\/site\/santo-virgilio\/#article","isPartOf":{"@id":"https:\/\/www.oarcanjo.net\/site\/santo-virgilio\/"},"author":{"name":"editor","@id":"https:\/\/www.oarcanjo.net\/site\/#\/schema\/person\/f7024d007863202483a31326673a0838"},"headline":"Santo Virg\u00edlio","datePublished":"2009-11-28T03:24:05+00:00","dateModified":"2009-11-28T03:24:05+00:00","mainEntityOfPage":{"@id":"https:\/\/www.oarcanjo.net\/site\/santo-virgilio\/"},"wordCount":519,"commentCount":0,"publisher":{"@id":"https:\/\/www.oarcanjo.net\/site\/#organization"},"keywords":["Nossa Senhora das Gra\u00e7as","Santa Catarina Labour\u00e9","Santo Virg\u00edlio"],"articleSection":["Testemunhos"],"inLanguage":"pt-BR","potentialAction":[{"@type":"CommentAction","name":"Comment","target":["https:\/\/www.oarcanjo.net\/site\/santo-virgilio\/#respond"]}]},{"@type":"WebPage","@id":"https:\/\/www.oarcanjo.net\/site\/santo-virgilio\/","url":"https:\/\/www.oarcanjo.net\/site\/santo-virgilio\/","name":"Santo Virg\u00edlio - O Arcanjo no ar","isPartOf":{"@id":"https:\/\/www.oarcanjo.net\/site\/#website"},"datePublished":"2009-11-28T03:24:05+00:00","dateModified":"2009-11-28T03:24:05+00:00","breadcrumb":{"@id":"https:\/\/www.oarcanjo.net\/site\/santo-virgilio\/#breadcrumb"},"inLanguage":"pt-BR","potentialAction":[{"@type":"ReadAction","target":["https:\/\/www.oarcanjo.net\/site\/santo-virgilio\/"]}]},{"@type":"BreadcrumbList","@id":"https:\/\/www.oarcanjo.net\/site\/santo-virgilio\/#breadcrumb","itemListElement":[{"@type":"ListItem","position":1,"name":"In\u00edcio","item":"https:\/\/www.oarcanjo.net\/site\/"},{"@type":"ListItem","position":2,"name":"Santo Virg\u00edlio"}]},{"@type":"WebSite","@id":"https:\/\/www.oarcanjo.net\/site\/#website","url":"https:\/\/www.oarcanjo.net\/site\/","name":"O Arcanjo no ar","description":"Site da Par\u00f3quia S\u00e3o Miguel Arcanjo (Arquidiocese de SP)","publisher":{"@id":"https:\/\/www.oarcanjo.net\/site\/#organization"},"potentialAction":[{"@type":"SearchAction","target":{"@type":"EntryPoint","urlTemplate":"https:\/\/www.oarcanjo.net\/site\/?s={search_term_string}"},"query-input":{"@type":"PropertyValueSpecification","valueRequired":true,"valueName":"search_term_string"}}],"inLanguage":"pt-BR"},{"@type":"Organization","@id":"https:\/\/www.oarcanjo.net\/site\/#organization","name":"Par\u00f3quia S\u00e3o Miguel Arcanjo","url":"https:\/\/www.oarcanjo.net\/site\/","logo":{"@type":"ImageObject","inLanguage":"pt-BR","@id":"https:\/\/www.oarcanjo.net\/site\/#\/schema\/logo\/image\/","url":"https:\/\/www.oarcanjo.net\/site\/wp-content\/uploads\/LogoOArcanjo.png","contentUrl":"https:\/\/www.oarcanjo.net\/site\/wp-content\/uploads\/LogoOArcanjo.png","width":319,"height":99,"caption":"Par\u00f3quia S\u00e3o Miguel Arcanjo"},"image":{"@id":"https:\/\/www.oarcanjo.net\/site\/#\/schema\/logo\/image\/"},"sameAs":["https:\/\/www.facebook.com\/OArcanjoNoAr\/"]},{"@type":"Person","@id":"https:\/\/www.oarcanjo.net\/site\/#\/schema\/person\/f7024d007863202483a31326673a0838","name":"editor","sameAs":["http:\/\/www.oarcanjo.net"]}]}},"publishpress_future_action":{"enabled":false,"date":"2026-05-08 02:07:15","action":"category","newStatus":"draft","terms":[],"taxonomy":"category"},"publishpress_future_workflow_manual_trigger":{"enabledWorkflows":[]},"_links":{"self":[{"href":"https:\/\/www.oarcanjo.net\/site\/wp-json\/wp\/v2\/posts\/6225"}],"collection":[{"href":"https:\/\/www.oarcanjo.net\/site\/wp-json\/wp\/v2\/posts"}],"about":[{"href":"https:\/\/www.oarcanjo.net\/site\/wp-json\/wp\/v2\/types\/post"}],"author":[{"embeddable":true,"href":"https:\/\/www.oarcanjo.net\/site\/wp-json\/wp\/v2\/users\/5"}],"replies":[{"embeddable":true,"href":"https:\/\/www.oarcanjo.net\/site\/wp-json\/wp\/v2\/comments?post=6225"}],"version-history":[{"count":0,"href":"https:\/\/www.oarcanjo.net\/site\/wp-json\/wp\/v2\/posts\/6225\/revisions"}],"wp:attachment":[{"href":"https:\/\/www.oarcanjo.net\/site\/wp-json\/wp\/v2\/media?parent=6225"}],"wp:term":[{"taxonomy":"category","embeddable":true,"href":"https:\/\/www.oarcanjo.net\/site\/wp-json\/wp\/v2\/categories?post=6225"},{"taxonomy":"post_tag","embeddable":true,"href":"https:\/\/www.oarcanjo.net\/site\/wp-json\/wp\/v2\/tags?post=6225"}],"curies":[{"name":"wp","href":"https:\/\/api.w.org\/{rel}","templated":true}]}}