
{"id":6227,"date":"2009-11-28T08:12:21","date_gmt":"2009-11-28T10:12:21","guid":{"rendered":"http:\/\/www.oarcanjo.net\/site\/?p=6227"},"modified":"2009-12-21T09:41:05","modified_gmt":"2009-12-21T11:41:05","slug":"ficai-atentos","status":"publish","type":"post","link":"https:\/\/www.oarcanjo.net\/site\/ficai-atentos\/","title":{"rendered":"Ficai Atentos!"},"content":{"rendered":"<p>Come\u00e7amos o novo ano lit\u00fargico. Tempo do Advento! Chegada, Espera,Vigil\u00e2ncia e Discernimento!<\/p>\n<p>Diz JESUS: Tomai cuidado para que vossos cora\u00e7\u00f5es n\u00e3o fiquem insens\u00edveis!<\/p>\n<p>Ficai Atentos!<\/p>\n<p>A Esperan\u00e7a n\u00e3o pode esmorecer mas resistir. Esperan\u00e7a Teimosa!!! Nascida do discernimento. Constru\u00edda mesmo no tempo de sofrimento e esmorecimento!<\/p>\n<p>O tempo que vivemos \u00e9 tempo de resistir pela solidariedade ao ego\u00edsmo e ao\u00a0individualismo que nos consomem e nos fazem ser &#8220;normais&#8221;, o mundo sofre de &#8220;normose&#8221;.<\/p>\n<p>Ser sens\u00edvel \u00e9 ser humano! Olhar o mundo sem indiferen\u00e7a. Com compaix\u00e3o e afeto que movam \u00e0 transforma\u00e7\u00e3o!<\/p>\n<p>Vivamos intensamente este Tempo do Advento! Saibamos esperar sem desanimar! Com perseveran\u00e7a e coragem!<\/p>\n<p>O Tempo do Advento vai nos reanimar!<\/p>\n<p>A caminhada do Povo \u00e9 dif\u00edcil! O que esperamos parece imposs\u00edvel!\u00a0 O que acreditamos\u00a0 utopia!<\/p>\n<p>O Advento nos ensina: N\u00e3o canse de esperar o que esperamos vai chegar!<\/p>\n<p><video style=\"width: 100%; height: auto; aspect-ratio: 480\/334; border: none; overflow: hidden;\" controls>\n                <source src=\"mms:\/\/mms.bizmedia.com.br\/bizmedia\/Homilia20091129.wmv\" type=\"video\/x-ms-wmv\">\n                <source src=\"mms:\/\/mms.bizmedia.com.br\/bizmedia\/Homilia20091129.wmv\" type=\"video\/wmv\">\n                Your browser does not support the video tag.\n            <\/video><\/p>\n<div id=\"themify_builder_content-6227\" data-postid=\"6227\" class=\"themify_builder_content themify_builder_content-6227 themify_builder themify_builder_front\">\n\t<\/div>\n<!-- \/themify_builder_content -->","protected":false},"excerpt":{"rendered":"<p>Come\u00e7amos o novo ano lit\u00fargico. Tempo do Advento! Chegada, Espera,Vigil\u00e2ncia e Discernimento! Diz JESUS: Tomai cuidado para que vossos cora\u00e7\u00f5es n\u00e3o fiquem insens\u00edveis! Ficai Atentos! A Esperan\u00e7a n\u00e3o pode esmorecer mas resistir. Esperan\u00e7a Teimosa!!! Nascida do discernimento. Constru\u00edda mesmo no tempo de sofrimento e esmorecimento! O tempo que vivemos \u00e9 tempo de resistir pela solidariedade [&hellip;]<\/p>\n","protected":false},"author":4,"featured_media":0,"comment_status":"open","ping_status":"open","sticky":false,"template":"","format":"standard","meta":{"ngg_post_thumbnail":0,"footnotes":""},"categories":[4,475],"tags":[108,122,164,845],"yoast_head":"<!-- This site is optimized with the Yoast SEO plugin v23.5 - https:\/\/yoast.com\/wordpress\/plugins\/seo\/ -->\n<title>Ficai Atentos! - O Arcanjo no ar<\/title>\n<meta name=\"robots\" content=\"index, follow, max-snippet:-1, max-image-preview:large, max-video-preview:-1\" \/>\n<link rel=\"canonical\" href=\"https:\/\/www.oarcanjo.net\/site\/ficai-atentos\/\" \/>\n<meta property=\"og:locale\" content=\"pt_BR\" \/>\n<meta property=\"og:type\" content=\"article\" \/>\n<meta property=\"og:title\" content=\"Ficai Atentos! - O Arcanjo no ar\" \/>\n<meta property=\"og:description\" content=\"Come\u00e7amos o novo ano lit\u00fargico. Tempo do Advento! Chegada, Espera,Vigil\u00e2ncia e Discernimento! Diz JESUS: Tomai cuidado para que vossos cora\u00e7\u00f5es n\u00e3o fiquem insens\u00edveis! Ficai Atentos! A Esperan\u00e7a n\u00e3o pode esmorecer mas resistir. Esperan\u00e7a Teimosa!!! Nascida do discernimento. Constru\u00edda mesmo no tempo de sofrimento e esmorecimento! O tempo que vivemos \u00e9 tempo de resistir pela solidariedade [&hellip;]\" \/>\n<meta property=\"og:url\" content=\"https:\/\/www.oarcanjo.net\/site\/ficai-atentos\/\" \/>\n<meta property=\"og:site_name\" content=\"O Arcanjo no ar\" \/>\n<meta property=\"article:publisher\" content=\"https:\/\/www.facebook.com\/OArcanjoNoAr\/\" \/>\n<meta property=\"article:published_time\" content=\"2009-11-28T10:12:21+00:00\" \/>\n<meta property=\"article:modified_time\" content=\"2009-12-21T11:41:05+00:00\" \/>\n<meta property=\"og:image\" content=\"https:\/\/www.oarcanjo.net\/site\/wp-content\/uploads\/logo-o-arcanjo-no-ar-facebook.png\" \/>\n\t<meta property=\"og:image:width\" content=\"300\" \/>\n\t<meta property=\"og:image:height\" content=\"300\" \/>\n\t<meta property=\"og:image:type\" content=\"image\/png\" \/>\n<meta name=\"author\" content=\"julio\" \/>\n<meta name=\"twitter:card\" content=\"summary_large_image\" \/>\n<meta name=\"twitter:label1\" content=\"Escrito por\" \/>\n\t<meta name=\"twitter:data1\" content=\"julio\" \/>\n\t<meta name=\"twitter:label2\" content=\"Est. tempo de leitura\" \/>\n\t<meta name=\"twitter:data2\" content=\"1 minuto\" \/>\n<script type=\"application\/ld+json\" class=\"yoast-schema-graph\">{\"@context\":\"https:\/\/schema.org\",\"@graph\":[{\"@type\":\"Article\",\"@id\":\"https:\/\/www.oarcanjo.net\/site\/ficai-atentos\/#article\",\"isPartOf\":{\"@id\":\"https:\/\/www.oarcanjo.net\/site\/ficai-atentos\/\"},\"author\":{\"name\":\"julio\",\"@id\":\"https:\/\/www.oarcanjo.net\/site\/#\/schema\/person\/d78ea01c648c91e29c364b516767079e\"},\"headline\":\"Ficai Atentos!\",\"datePublished\":\"2009-11-28T10:12:21+00:00\",\"dateModified\":\"2009-12-21T11:41:05+00:00\",\"mainEntityOfPage\":{\"@id\":\"https:\/\/www.oarcanjo.net\/site\/ficai-atentos\/\"},\"wordCount\":168,\"commentCount\":18,\"publisher\":{\"@id\":\"https:\/\/www.oarcanjo.net\/site\/#organization\"},\"keywords\":[\"Advento\",\"ano lit\u00fargico\",\"esperan\u00e7a\",\"perseveran\u00e7a\"],\"articleSection\":[\"Blog\",\"Homilias\"],\"inLanguage\":\"pt-BR\",\"potentialAction\":[{\"@type\":\"CommentAction\",\"name\":\"Comment\",\"target\":[\"https:\/\/www.oarcanjo.net\/site\/ficai-atentos\/#respond\"]}]},{\"@type\":\"WebPage\",\"@id\":\"https:\/\/www.oarcanjo.net\/site\/ficai-atentos\/\",\"url\":\"https:\/\/www.oarcanjo.net\/site\/ficai-atentos\/\",\"name\":\"Ficai Atentos! - O Arcanjo no ar\",\"isPartOf\":{\"@id\":\"https:\/\/www.oarcanjo.net\/site\/#website\"},\"datePublished\":\"2009-11-28T10:12:21+00:00\",\"dateModified\":\"2009-12-21T11:41:05+00:00\",\"breadcrumb\":{\"@id\":\"https:\/\/www.oarcanjo.net\/site\/ficai-atentos\/#breadcrumb\"},\"inLanguage\":\"pt-BR\",\"potentialAction\":[{\"@type\":\"ReadAction\",\"target\":[\"https:\/\/www.oarcanjo.net\/site\/ficai-atentos\/\"]}]},{\"@type\":\"BreadcrumbList\",\"@id\":\"https:\/\/www.oarcanjo.net\/site\/ficai-atentos\/#breadcrumb\",\"itemListElement\":[{\"@type\":\"ListItem\",\"position\":1,\"name\":\"In\u00edcio\",\"item\":\"https:\/\/www.oarcanjo.net\/site\/\"},{\"@type\":\"ListItem\",\"position\":2,\"name\":\"Ficai Atentos!\"}]},{\"@type\":\"WebSite\",\"@id\":\"https:\/\/www.oarcanjo.net\/site\/#website\",\"url\":\"https:\/\/www.oarcanjo.net\/site\/\",\"name\":\"O Arcanjo no ar\",\"description\":\"Site da Par\u00f3quia S\u00e3o Miguel Arcanjo (Arquidiocese de SP)\",\"publisher\":{\"@id\":\"https:\/\/www.oarcanjo.net\/site\/#organization\"},\"potentialAction\":[{\"@type\":\"SearchAction\",\"target\":{\"@type\":\"EntryPoint\",\"urlTemplate\":\"https:\/\/www.oarcanjo.net\/site\/?s={search_term_string}\"},\"query-input\":{\"@type\":\"PropertyValueSpecification\",\"valueRequired\":true,\"valueName\":\"search_term_string\"}}],\"inLanguage\":\"pt-BR\"},{\"@type\":\"Organization\",\"@id\":\"https:\/\/www.oarcanjo.net\/site\/#organization\",\"name\":\"Par\u00f3quia S\u00e3o Miguel Arcanjo\",\"url\":\"https:\/\/www.oarcanjo.net\/site\/\",\"logo\":{\"@type\":\"ImageObject\",\"inLanguage\":\"pt-BR\",\"@id\":\"https:\/\/www.oarcanjo.net\/site\/#\/schema\/logo\/image\/\",\"url\":\"https:\/\/www.oarcanjo.net\/site\/wp-content\/uploads\/LogoOArcanjo.png\",\"contentUrl\":\"https:\/\/www.oarcanjo.net\/site\/wp-content\/uploads\/LogoOArcanjo.png\",\"width\":319,\"height\":99,\"caption\":\"Par\u00f3quia S\u00e3o Miguel Arcanjo\"},\"image\":{\"@id\":\"https:\/\/www.oarcanjo.net\/site\/#\/schema\/logo\/image\/\"},\"sameAs\":[\"https:\/\/www.facebook.com\/OArcanjoNoAr\/\"]},{\"@type\":\"Person\",\"@id\":\"https:\/\/www.oarcanjo.net\/site\/#\/schema\/person\/d78ea01c648c91e29c364b516767079e\",\"name\":\"julio\",\"sameAs\":[\"http:\/\/www.oarcanjo.net\"]}]}<\/script>\n<!-- \/ Yoast SEO plugin. -->","yoast_head_json":{"title":"Ficai Atentos! - O Arcanjo no ar","robots":{"index":"index","follow":"follow","max-snippet":"max-snippet:-1","max-image-preview":"max-image-preview:large","max-video-preview":"max-video-preview:-1"},"canonical":"https:\/\/www.oarcanjo.net\/site\/ficai-atentos\/","og_locale":"pt_BR","og_type":"article","og_title":"Ficai Atentos! - O Arcanjo no ar","og_description":"Come\u00e7amos o novo ano lit\u00fargico. Tempo do Advento! Chegada, Espera,Vigil\u00e2ncia e Discernimento! Diz JESUS: Tomai cuidado para que vossos cora\u00e7\u00f5es n\u00e3o fiquem insens\u00edveis! Ficai Atentos! A Esperan\u00e7a n\u00e3o pode esmorecer mas resistir. Esperan\u00e7a Teimosa!!! Nascida do discernimento. Constru\u00edda mesmo no tempo de sofrimento e esmorecimento! O tempo que vivemos \u00e9 tempo de resistir pela solidariedade [&hellip;]","og_url":"https:\/\/www.oarcanjo.net\/site\/ficai-atentos\/","og_site_name":"O Arcanjo no ar","article_publisher":"https:\/\/www.facebook.com\/OArcanjoNoAr\/","article_published_time":"2009-11-28T10:12:21+00:00","article_modified_time":"2009-12-21T11:41:05+00:00","og_image":[{"width":300,"height":300,"url":"https:\/\/www.oarcanjo.net\/site\/wp-content\/uploads\/logo-o-arcanjo-no-ar-facebook.png","type":"image\/png"}],"author":"julio","twitter_card":"summary_large_image","twitter_misc":{"Escrito por":"julio","Est. tempo de leitura":"1 minuto"},"schema":{"@context":"https:\/\/schema.org","@graph":[{"@type":"Article","@id":"https:\/\/www.oarcanjo.net\/site\/ficai-atentos\/#article","isPartOf":{"@id":"https:\/\/www.oarcanjo.net\/site\/ficai-atentos\/"},"author":{"name":"julio","@id":"https:\/\/www.oarcanjo.net\/site\/#\/schema\/person\/d78ea01c648c91e29c364b516767079e"},"headline":"Ficai Atentos!","datePublished":"2009-11-28T10:12:21+00:00","dateModified":"2009-12-21T11:41:05+00:00","mainEntityOfPage":{"@id":"https:\/\/www.oarcanjo.net\/site\/ficai-atentos\/"},"wordCount":168,"commentCount":18,"publisher":{"@id":"https:\/\/www.oarcanjo.net\/site\/#organization"},"keywords":["Advento","ano lit\u00fargico","esperan\u00e7a","perseveran\u00e7a"],"articleSection":["Blog","Homilias"],"inLanguage":"pt-BR","potentialAction":[{"@type":"CommentAction","name":"Comment","target":["https:\/\/www.oarcanjo.net\/site\/ficai-atentos\/#respond"]}]},{"@type":"WebPage","@id":"https:\/\/www.oarcanjo.net\/site\/ficai-atentos\/","url":"https:\/\/www.oarcanjo.net\/site\/ficai-atentos\/","name":"Ficai Atentos! - O Arcanjo no ar","isPartOf":{"@id":"https:\/\/www.oarcanjo.net\/site\/#website"},"datePublished":"2009-11-28T10:12:21+00:00","dateModified":"2009-12-21T11:41:05+00:00","breadcrumb":{"@id":"https:\/\/www.oarcanjo.net\/site\/ficai-atentos\/#breadcrumb"},"inLanguage":"pt-BR","potentialAction":[{"@type":"ReadAction","target":["https:\/\/www.oarcanjo.net\/site\/ficai-atentos\/"]}]},{"@type":"BreadcrumbList","@id":"https:\/\/www.oarcanjo.net\/site\/ficai-atentos\/#breadcrumb","itemListElement":[{"@type":"ListItem","position":1,"name":"In\u00edcio","item":"https:\/\/www.oarcanjo.net\/site\/"},{"@type":"ListItem","position":2,"name":"Ficai Atentos!"}]},{"@type":"WebSite","@id":"https:\/\/www.oarcanjo.net\/site\/#website","url":"https:\/\/www.oarcanjo.net\/site\/","name":"O Arcanjo no ar","description":"Site da Par\u00f3quia S\u00e3o Miguel Arcanjo (Arquidiocese de SP)","publisher":{"@id":"https:\/\/www.oarcanjo.net\/site\/#organization"},"potentialAction":[{"@type":"SearchAction","target":{"@type":"EntryPoint","urlTemplate":"https:\/\/www.oarcanjo.net\/site\/?s={search_term_string}"},"query-input":{"@type":"PropertyValueSpecification","valueRequired":true,"valueName":"search_term_string"}}],"inLanguage":"pt-BR"},{"@type":"Organization","@id":"https:\/\/www.oarcanjo.net\/site\/#organization","name":"Par\u00f3quia S\u00e3o Miguel Arcanjo","url":"https:\/\/www.oarcanjo.net\/site\/","logo":{"@type":"ImageObject","inLanguage":"pt-BR","@id":"https:\/\/www.oarcanjo.net\/site\/#\/schema\/logo\/image\/","url":"https:\/\/www.oarcanjo.net\/site\/wp-content\/uploads\/LogoOArcanjo.png","contentUrl":"https:\/\/www.oarcanjo.net\/site\/wp-content\/uploads\/LogoOArcanjo.png","width":319,"height":99,"caption":"Par\u00f3quia S\u00e3o Miguel Arcanjo"},"image":{"@id":"https:\/\/www.oarcanjo.net\/site\/#\/schema\/logo\/image\/"},"sameAs":["https:\/\/www.facebook.com\/OArcanjoNoAr\/"]},{"@type":"Person","@id":"https:\/\/www.oarcanjo.net\/site\/#\/schema\/person\/d78ea01c648c91e29c364b516767079e","name":"julio","sameAs":["http:\/\/www.oarcanjo.net"]}]}},"publishpress_future_action":{"enabled":false,"date":"2026-05-09 02:54:12","action":"category","newStatus":"draft","terms":[],"taxonomy":"category"},"publishpress_future_workflow_manual_trigger":{"enabledWorkflows":[]},"_links":{"self":[{"href":"https:\/\/www.oarcanjo.net\/site\/wp-json\/wp\/v2\/posts\/6227"}],"collection":[{"href":"https:\/\/www.oarcanjo.net\/site\/wp-json\/wp\/v2\/posts"}],"about":[{"href":"https:\/\/www.oarcanjo.net\/site\/wp-json\/wp\/v2\/types\/post"}],"author":[{"embeddable":true,"href":"https:\/\/www.oarcanjo.net\/site\/wp-json\/wp\/v2\/users\/4"}],"replies":[{"embeddable":true,"href":"https:\/\/www.oarcanjo.net\/site\/wp-json\/wp\/v2\/comments?post=6227"}],"version-history":[{"count":0,"href":"https:\/\/www.oarcanjo.net\/site\/wp-json\/wp\/v2\/posts\/6227\/revisions"}],"wp:attachment":[{"href":"https:\/\/www.oarcanjo.net\/site\/wp-json\/wp\/v2\/media?parent=6227"}],"wp:term":[{"taxonomy":"category","embeddable":true,"href":"https:\/\/www.oarcanjo.net\/site\/wp-json\/wp\/v2\/categories?post=6227"},{"taxonomy":"post_tag","embeddable":true,"href":"https:\/\/www.oarcanjo.net\/site\/wp-json\/wp\/v2\/tags?post=6227"}],"curies":[{"name":"wp","href":"https:\/\/api.w.org\/{rel}","templated":true}]}}