
{"id":6236,"date":"2009-12-12T12:31:41","date_gmt":"2009-12-12T15:31:41","guid":{"rendered":"http:\/\/www.oarcanjo.net\/site\/?p=6236"},"modified":"2010-08-16T00:10:55","modified_gmt":"2010-08-16T03:10:55","slug":"campanha-para-a-evangelizacao-2009","status":"publish","type":"post","link":"https:\/\/www.oarcanjo.net\/site\/campanha-para-a-evangelizacao-2009\/","title":{"rendered":"Campanha para a Evangeliza\u00e7\u00e3o 2009"},"content":{"rendered":"<p><img loading=\"lazy\" decoding=\"async\" class=\"alignnone size-medium wp-image-6237\" style=\"margin-top: 4px; margin-bottom: 4px; margin-left: 5px; margin-right: 5px;\" title=\"Campanha para Evangeliza\u00e7\u00e3o 2009\" src=\"http:\/\/www.oarcanjo.net\/site\/wp-content\/uploads\/CampEvang2009-210x300.jpg\" alt=\"Campanha para Evangeliza\u00e7\u00e3o 2009\" width=\"147\" height=\"210\" align=\"left\" srcset=\"https:\/\/www.oarcanjo.net\/site\/wp-content\/uploads\/CampEvang2009-210x300.jpg 210w, https:\/\/www.oarcanjo.net\/site\/wp-content\/uploads\/CampEvang2009-718x1024.jpg 718w, https:\/\/www.oarcanjo.net\/site\/wp-content\/uploads\/CampEvang2009.jpg 770w\" sizes=\"(max-width: 147px) 100vw, 147px\" \/>Todos os anos, a Igreja no Brasil realiza a Campanha para a Evangeliza\u00e7\u00e3o, que acontece no tempo do Advento, e assim procura despertar na consci\u00eancia de todos os seus membros a responsabilidade diante da miss\u00e3o evangelizadora para que todos venham a participar ativamente desta miss\u00e3o.<\/p>\n<p>Este ano, a Campanha para a Evangeliza\u00e7\u00e3o tem como tema: <em>Ele se fez pobre para nos enriquecer<\/em>. Este tema foi escolhido para dar unidade ao ano lit\u00fargico de 2010, que abordar\u00e1 a quest\u00e3o da economia tanto na Campanha para a Evangeliza\u00e7\u00e3o, que acontece no tempo do Advento, como na Campanha da Fraternidade, que acontece no tempo da Quaresma, e na Campanha Mission\u00e1ria, que acontece em outubro, durante o tempo comum.<\/p>\n<p><span style=\"background-color: #ffffff;\"><strong>Ora\u00e7\u00e3o<\/strong><\/span><\/p>\n<p>Senhor Jesus Cristo,<\/p>\n<p><span style=\"background-color: #ffffff;\">que vos fizestes pobre para nos enriquecer,<\/p>\n<p>concedei-nos que, a Vosso exemplo,<\/p>\n<p>possamos contribuir na nossa pobreza<\/p>\n<p>para que as riquezas do Vosso Evangelho<\/p>\n<p>possam chegar a todas as pessoas.<\/p>\n<p>V\u00f3s que sois Deus com o Pai na unidade do Esp\u00edrito Santo.<\/p>\n<p>Am\u00e9m.<\/span><\/p>\n<p><span style=\"background-color: #ffffff;\"><\/p>\n<p><object width=\"480\" height=\"385\"><param name=\"movie\" value=\"http:\/\/www.youtube.com\/v\/WDnlFXcJUi8&#038;hl=pt_BR&#038;fs=1&#038;rel=0&#038;color1=0xe1600f&#038;color2=0xfebd01\"><\/param><param name=\"allowFullScreen\" value=\"true\"><\/param><param name=\"allowscriptaccess\" value=\"always\"><\/param><embed src=\"http:\/\/www.youtube.com\/v\/WDnlFXcJUi8&#038;hl=pt_BR&#038;fs=1&#038;rel=0&#038;color1=0xe1600f&#038;color2=0xfebd01\" type=\"application\/x-shockwave-flash\" allowscriptaccess=\"always\" allowfullscreen=\"true\" width=\"480\" height=\"385\"><\/embed><\/object><\/p>\n<p><object width=\"480\" height=\"385\"><param name=\"movie\" value=\"http:\/\/www.youtube.com\/v\/YV2TgNnOSNo&#038;hl=pt_BR&#038;fs=1&#038;rel=0&#038;color1=0xe1600f&#038;color2=0xfebd01\"><\/param><param name=\"allowFullScreen\" value=\"true\"><\/param><param name=\"allowscriptaccess\" value=\"always\"><\/param><embed src=\"http:\/\/www.youtube.com\/v\/YV2TgNnOSNo&#038;hl=pt_BR&#038;fs=1&#038;rel=0&#038;color1=0xe1600f&#038;color2=0xfebd01\" type=\"application\/x-shockwave-flash\" allowscriptaccess=\"always\" allowfullscreen=\"true\" width=\"480\" height=\"385\"><\/embed><\/object><\/p>\n<p><em>Para mais informa\u00e7\u00f5es, leia o <\/em><a href=\"http:\/\/www.oarcanjo.net\/download\/CampEvang2009.pdf\" target=\"_blank\"><em>texto-base da Campanha<\/em><\/a><\/span><\/p>\n<div id=\"themify_builder_content-6236\" data-postid=\"6236\" class=\"themify_builder_content themify_builder_content-6236 themify_builder themify_builder_front\">\n\t<\/div>\n<!-- \/themify_builder_content -->","protected":false},"excerpt":{"rendered":"<p>Todos os anos, a Igreja no Brasil realiza a Campanha para a Evangeliza\u00e7\u00e3o, que acontece no tempo do Advento, e assim procura despertar na consci\u00eancia de todos os seus membros a responsabilidade diante da miss\u00e3o evangelizadora para que todos venham a participar ativamente desta miss\u00e3o. Este ano, a Campanha para a Evangeliza\u00e7\u00e3o tem como tema: [&hellip;]<\/p>\n","protected":false},"author":5,"featured_media":0,"comment_status":"open","ping_status":"open","sticky":false,"template":"","format":"standard","meta":{"ngg_post_thumbnail":0,"footnotes":""},"categories":[8],"tags":[1307],"yoast_head":"<!-- This site is optimized with the Yoast SEO plugin v23.5 - https:\/\/yoast.com\/wordpress\/plugins\/seo\/ -->\n<title>Campanha para a Evangeliza\u00e7\u00e3o 2009 - O Arcanjo no ar<\/title>\n<meta name=\"robots\" content=\"index, follow, max-snippet:-1, max-image-preview:large, max-video-preview:-1\" \/>\n<link rel=\"canonical\" href=\"https:\/\/www.oarcanjo.net\/site\/campanha-para-a-evangelizacao-2009\/\" \/>\n<meta property=\"og:locale\" content=\"pt_BR\" \/>\n<meta property=\"og:type\" content=\"article\" \/>\n<meta property=\"og:title\" content=\"Campanha para a Evangeliza\u00e7\u00e3o 2009 - O Arcanjo no ar\" \/>\n<meta property=\"og:description\" content=\"Todos os anos, a Igreja no Brasil realiza a Campanha para a Evangeliza\u00e7\u00e3o, que acontece no tempo do Advento, e assim procura despertar na consci\u00eancia de todos os seus membros a responsabilidade diante da miss\u00e3o evangelizadora para que todos venham a participar ativamente desta miss\u00e3o. Este ano, a Campanha para a Evangeliza\u00e7\u00e3o tem como tema: [&hellip;]\" \/>\n<meta property=\"og:url\" content=\"https:\/\/www.oarcanjo.net\/site\/campanha-para-a-evangelizacao-2009\/\" \/>\n<meta property=\"og:site_name\" content=\"O Arcanjo no ar\" \/>\n<meta property=\"article:publisher\" content=\"https:\/\/www.facebook.com\/OArcanjoNoAr\/\" \/>\n<meta property=\"article:published_time\" content=\"2009-12-12T15:31:41+00:00\" \/>\n<meta property=\"article:modified_time\" content=\"2010-08-16T03:10:55+00:00\" \/>\n<meta property=\"og:image\" content=\"http:\/\/www.oarcanjo.net\/site\/wp-content\/uploads\/CampEvang2009-210x300.jpg\" \/>\n<meta name=\"author\" content=\"editor\" \/>\n<meta name=\"twitter:card\" content=\"summary_large_image\" \/>\n<meta name=\"twitter:label1\" content=\"Escrito por\" \/>\n\t<meta name=\"twitter:data1\" content=\"editor\" \/>\n\t<meta name=\"twitter:label2\" content=\"Est. tempo de leitura\" \/>\n\t<meta name=\"twitter:data2\" content=\"1 minuto\" \/>\n<script type=\"application\/ld+json\" class=\"yoast-schema-graph\">{\"@context\":\"https:\/\/schema.org\",\"@graph\":[{\"@type\":\"Article\",\"@id\":\"https:\/\/www.oarcanjo.net\/site\/campanha-para-a-evangelizacao-2009\/#article\",\"isPartOf\":{\"@id\":\"https:\/\/www.oarcanjo.net\/site\/campanha-para-a-evangelizacao-2009\/\"},\"author\":{\"name\":\"editor\",\"@id\":\"https:\/\/www.oarcanjo.net\/site\/#\/schema\/person\/f7024d007863202483a31326673a0838\"},\"headline\":\"Campanha para a Evangeliza\u00e7\u00e3o 2009\",\"datePublished\":\"2009-12-12T15:31:41+00:00\",\"dateModified\":\"2010-08-16T03:10:55+00:00\",\"mainEntityOfPage\":{\"@id\":\"https:\/\/www.oarcanjo.net\/site\/campanha-para-a-evangelizacao-2009\/\"},\"wordCount\":188,\"commentCount\":1,\"publisher\":{\"@id\":\"https:\/\/www.oarcanjo.net\/site\/#organization\"},\"image\":{\"@id\":\"https:\/\/www.oarcanjo.net\/site\/campanha-para-a-evangelizacao-2009\/#primaryimage\"},\"thumbnailUrl\":\"http:\/\/www.oarcanjo.net\/site\/wp-content\/uploads\/CampEvang2009-210x300.jpg\",\"keywords\":[\"Campanha para Evangeliza\u00e7\u00e3o\"],\"articleSection\":[\"Not\u00edcias\"],\"inLanguage\":\"pt-BR\",\"potentialAction\":[{\"@type\":\"CommentAction\",\"name\":\"Comment\",\"target\":[\"https:\/\/www.oarcanjo.net\/site\/campanha-para-a-evangelizacao-2009\/#respond\"]}]},{\"@type\":\"WebPage\",\"@id\":\"https:\/\/www.oarcanjo.net\/site\/campanha-para-a-evangelizacao-2009\/\",\"url\":\"https:\/\/www.oarcanjo.net\/site\/campanha-para-a-evangelizacao-2009\/\",\"name\":\"Campanha para a Evangeliza\u00e7\u00e3o 2009 - O Arcanjo no ar\",\"isPartOf\":{\"@id\":\"https:\/\/www.oarcanjo.net\/site\/#website\"},\"primaryImageOfPage\":{\"@id\":\"https:\/\/www.oarcanjo.net\/site\/campanha-para-a-evangelizacao-2009\/#primaryimage\"},\"image\":{\"@id\":\"https:\/\/www.oarcanjo.net\/site\/campanha-para-a-evangelizacao-2009\/#primaryimage\"},\"thumbnailUrl\":\"http:\/\/www.oarcanjo.net\/site\/wp-content\/uploads\/CampEvang2009-210x300.jpg\",\"datePublished\":\"2009-12-12T15:31:41+00:00\",\"dateModified\":\"2010-08-16T03:10:55+00:00\",\"breadcrumb\":{\"@id\":\"https:\/\/www.oarcanjo.net\/site\/campanha-para-a-evangelizacao-2009\/#breadcrumb\"},\"inLanguage\":\"pt-BR\",\"potentialAction\":[{\"@type\":\"ReadAction\",\"target\":[\"https:\/\/www.oarcanjo.net\/site\/campanha-para-a-evangelizacao-2009\/\"]}]},{\"@type\":\"ImageObject\",\"inLanguage\":\"pt-BR\",\"@id\":\"https:\/\/www.oarcanjo.net\/site\/campanha-para-a-evangelizacao-2009\/#primaryimage\",\"url\":\"https:\/\/www.oarcanjo.net\/site\/wp-content\/uploads\/CampEvang2009.jpg\",\"contentUrl\":\"https:\/\/www.oarcanjo.net\/site\/wp-content\/uploads\/CampEvang2009.jpg\",\"width\":\"770\",\"height\":\"1097\"},{\"@type\":\"BreadcrumbList\",\"@id\":\"https:\/\/www.oarcanjo.net\/site\/campanha-para-a-evangelizacao-2009\/#breadcrumb\",\"itemListElement\":[{\"@type\":\"ListItem\",\"position\":1,\"name\":\"In\u00edcio\",\"item\":\"https:\/\/www.oarcanjo.net\/site\/\"},{\"@type\":\"ListItem\",\"position\":2,\"name\":\"Campanha para a Evangeliza\u00e7\u00e3o 2009\"}]},{\"@type\":\"WebSite\",\"@id\":\"https:\/\/www.oarcanjo.net\/site\/#website\",\"url\":\"https:\/\/www.oarcanjo.net\/site\/\",\"name\":\"O Arcanjo no ar\",\"description\":\"Site da Par\u00f3quia S\u00e3o Miguel Arcanjo (Arquidiocese de SP)\",\"publisher\":{\"@id\":\"https:\/\/www.oarcanjo.net\/site\/#organization\"},\"potentialAction\":[{\"@type\":\"SearchAction\",\"target\":{\"@type\":\"EntryPoint\",\"urlTemplate\":\"https:\/\/www.oarcanjo.net\/site\/?s={search_term_string}\"},\"query-input\":{\"@type\":\"PropertyValueSpecification\",\"valueRequired\":true,\"valueName\":\"search_term_string\"}}],\"inLanguage\":\"pt-BR\"},{\"@type\":\"Organization\",\"@id\":\"https:\/\/www.oarcanjo.net\/site\/#organization\",\"name\":\"Par\u00f3quia S\u00e3o Miguel Arcanjo\",\"url\":\"https:\/\/www.oarcanjo.net\/site\/\",\"logo\":{\"@type\":\"ImageObject\",\"inLanguage\":\"pt-BR\",\"@id\":\"https:\/\/www.oarcanjo.net\/site\/#\/schema\/logo\/image\/\",\"url\":\"https:\/\/www.oarcanjo.net\/site\/wp-content\/uploads\/LogoOArcanjo.png\",\"contentUrl\":\"https:\/\/www.oarcanjo.net\/site\/wp-content\/uploads\/LogoOArcanjo.png\",\"width\":319,\"height\":99,\"caption\":\"Par\u00f3quia S\u00e3o Miguel Arcanjo\"},\"image\":{\"@id\":\"https:\/\/www.oarcanjo.net\/site\/#\/schema\/logo\/image\/\"},\"sameAs\":[\"https:\/\/www.facebook.com\/OArcanjoNoAr\/\"]},{\"@type\":\"Person\",\"@id\":\"https:\/\/www.oarcanjo.net\/site\/#\/schema\/person\/f7024d007863202483a31326673a0838\",\"name\":\"editor\",\"sameAs\":[\"http:\/\/www.oarcanjo.net\"]}]}<\/script>\n<!-- \/ Yoast SEO plugin. -->","yoast_head_json":{"title":"Campanha para a Evangeliza\u00e7\u00e3o 2009 - O Arcanjo no ar","robots":{"index":"index","follow":"follow","max-snippet":"max-snippet:-1","max-image-preview":"max-image-preview:large","max-video-preview":"max-video-preview:-1"},"canonical":"https:\/\/www.oarcanjo.net\/site\/campanha-para-a-evangelizacao-2009\/","og_locale":"pt_BR","og_type":"article","og_title":"Campanha para a Evangeliza\u00e7\u00e3o 2009 - O Arcanjo no ar","og_description":"Todos os anos, a Igreja no Brasil realiza a Campanha para a Evangeliza\u00e7\u00e3o, que acontece no tempo do Advento, e assim procura despertar na consci\u00eancia de todos os seus membros a responsabilidade diante da miss\u00e3o evangelizadora para que todos venham a participar ativamente desta miss\u00e3o. Este ano, a Campanha para a Evangeliza\u00e7\u00e3o tem como tema: [&hellip;]","og_url":"https:\/\/www.oarcanjo.net\/site\/campanha-para-a-evangelizacao-2009\/","og_site_name":"O Arcanjo no ar","article_publisher":"https:\/\/www.facebook.com\/OArcanjoNoAr\/","article_published_time":"2009-12-12T15:31:41+00:00","article_modified_time":"2010-08-16T03:10:55+00:00","og_image":[{"url":"http:\/\/www.oarcanjo.net\/site\/wp-content\/uploads\/CampEvang2009-210x300.jpg"}],"author":"editor","twitter_card":"summary_large_image","twitter_misc":{"Escrito por":"editor","Est. tempo de leitura":"1 minuto"},"schema":{"@context":"https:\/\/schema.org","@graph":[{"@type":"Article","@id":"https:\/\/www.oarcanjo.net\/site\/campanha-para-a-evangelizacao-2009\/#article","isPartOf":{"@id":"https:\/\/www.oarcanjo.net\/site\/campanha-para-a-evangelizacao-2009\/"},"author":{"name":"editor","@id":"https:\/\/www.oarcanjo.net\/site\/#\/schema\/person\/f7024d007863202483a31326673a0838"},"headline":"Campanha para a Evangeliza\u00e7\u00e3o 2009","datePublished":"2009-12-12T15:31:41+00:00","dateModified":"2010-08-16T03:10:55+00:00","mainEntityOfPage":{"@id":"https:\/\/www.oarcanjo.net\/site\/campanha-para-a-evangelizacao-2009\/"},"wordCount":188,"commentCount":1,"publisher":{"@id":"https:\/\/www.oarcanjo.net\/site\/#organization"},"image":{"@id":"https:\/\/www.oarcanjo.net\/site\/campanha-para-a-evangelizacao-2009\/#primaryimage"},"thumbnailUrl":"http:\/\/www.oarcanjo.net\/site\/wp-content\/uploads\/CampEvang2009-210x300.jpg","keywords":["Campanha para Evangeliza\u00e7\u00e3o"],"articleSection":["Not\u00edcias"],"inLanguage":"pt-BR","potentialAction":[{"@type":"CommentAction","name":"Comment","target":["https:\/\/www.oarcanjo.net\/site\/campanha-para-a-evangelizacao-2009\/#respond"]}]},{"@type":"WebPage","@id":"https:\/\/www.oarcanjo.net\/site\/campanha-para-a-evangelizacao-2009\/","url":"https:\/\/www.oarcanjo.net\/site\/campanha-para-a-evangelizacao-2009\/","name":"Campanha para a Evangeliza\u00e7\u00e3o 2009 - O Arcanjo no ar","isPartOf":{"@id":"https:\/\/www.oarcanjo.net\/site\/#website"},"primaryImageOfPage":{"@id":"https:\/\/www.oarcanjo.net\/site\/campanha-para-a-evangelizacao-2009\/#primaryimage"},"image":{"@id":"https:\/\/www.oarcanjo.net\/site\/campanha-para-a-evangelizacao-2009\/#primaryimage"},"thumbnailUrl":"http:\/\/www.oarcanjo.net\/site\/wp-content\/uploads\/CampEvang2009-210x300.jpg","datePublished":"2009-12-12T15:31:41+00:00","dateModified":"2010-08-16T03:10:55+00:00","breadcrumb":{"@id":"https:\/\/www.oarcanjo.net\/site\/campanha-para-a-evangelizacao-2009\/#breadcrumb"},"inLanguage":"pt-BR","potentialAction":[{"@type":"ReadAction","target":["https:\/\/www.oarcanjo.net\/site\/campanha-para-a-evangelizacao-2009\/"]}]},{"@type":"ImageObject","inLanguage":"pt-BR","@id":"https:\/\/www.oarcanjo.net\/site\/campanha-para-a-evangelizacao-2009\/#primaryimage","url":"https:\/\/www.oarcanjo.net\/site\/wp-content\/uploads\/CampEvang2009.jpg","contentUrl":"https:\/\/www.oarcanjo.net\/site\/wp-content\/uploads\/CampEvang2009.jpg","width":"770","height":"1097"},{"@type":"BreadcrumbList","@id":"https:\/\/www.oarcanjo.net\/site\/campanha-para-a-evangelizacao-2009\/#breadcrumb","itemListElement":[{"@type":"ListItem","position":1,"name":"In\u00edcio","item":"https:\/\/www.oarcanjo.net\/site\/"},{"@type":"ListItem","position":2,"name":"Campanha para a Evangeliza\u00e7\u00e3o 2009"}]},{"@type":"WebSite","@id":"https:\/\/www.oarcanjo.net\/site\/#website","url":"https:\/\/www.oarcanjo.net\/site\/","name":"O Arcanjo no ar","description":"Site da Par\u00f3quia S\u00e3o Miguel Arcanjo (Arquidiocese de SP)","publisher":{"@id":"https:\/\/www.oarcanjo.net\/site\/#organization"},"potentialAction":[{"@type":"SearchAction","target":{"@type":"EntryPoint","urlTemplate":"https:\/\/www.oarcanjo.net\/site\/?s={search_term_string}"},"query-input":{"@type":"PropertyValueSpecification","valueRequired":true,"valueName":"search_term_string"}}],"inLanguage":"pt-BR"},{"@type":"Organization","@id":"https:\/\/www.oarcanjo.net\/site\/#organization","name":"Par\u00f3quia S\u00e3o Miguel Arcanjo","url":"https:\/\/www.oarcanjo.net\/site\/","logo":{"@type":"ImageObject","inLanguage":"pt-BR","@id":"https:\/\/www.oarcanjo.net\/site\/#\/schema\/logo\/image\/","url":"https:\/\/www.oarcanjo.net\/site\/wp-content\/uploads\/LogoOArcanjo.png","contentUrl":"https:\/\/www.oarcanjo.net\/site\/wp-content\/uploads\/LogoOArcanjo.png","width":319,"height":99,"caption":"Par\u00f3quia S\u00e3o Miguel Arcanjo"},"image":{"@id":"https:\/\/www.oarcanjo.net\/site\/#\/schema\/logo\/image\/"},"sameAs":["https:\/\/www.facebook.com\/OArcanjoNoAr\/"]},{"@type":"Person","@id":"https:\/\/www.oarcanjo.net\/site\/#\/schema\/person\/f7024d007863202483a31326673a0838","name":"editor","sameAs":["http:\/\/www.oarcanjo.net"]}]}},"publishpress_future_action":{"enabled":false,"date":"2026-05-07 10:07:19","action":"category","newStatus":"draft","terms":[],"taxonomy":"category"},"publishpress_future_workflow_manual_trigger":{"enabledWorkflows":[]},"_links":{"self":[{"href":"https:\/\/www.oarcanjo.net\/site\/wp-json\/wp\/v2\/posts\/6236"}],"collection":[{"href":"https:\/\/www.oarcanjo.net\/site\/wp-json\/wp\/v2\/posts"}],"about":[{"href":"https:\/\/www.oarcanjo.net\/site\/wp-json\/wp\/v2\/types\/post"}],"author":[{"embeddable":true,"href":"https:\/\/www.oarcanjo.net\/site\/wp-json\/wp\/v2\/users\/5"}],"replies":[{"embeddable":true,"href":"https:\/\/www.oarcanjo.net\/site\/wp-json\/wp\/v2\/comments?post=6236"}],"version-history":[{"count":0,"href":"https:\/\/www.oarcanjo.net\/site\/wp-json\/wp\/v2\/posts\/6236\/revisions"}],"wp:attachment":[{"href":"https:\/\/www.oarcanjo.net\/site\/wp-json\/wp\/v2\/media?parent=6236"}],"wp:term":[{"taxonomy":"category","embeddable":true,"href":"https:\/\/www.oarcanjo.net\/site\/wp-json\/wp\/v2\/categories?post=6236"},{"taxonomy":"post_tag","embeddable":true,"href":"https:\/\/www.oarcanjo.net\/site\/wp-json\/wp\/v2\/tags?post=6236"}],"curies":[{"name":"wp","href":"https:\/\/api.w.org\/{rel}","templated":true}]}}