
{"id":6244,"date":"2009-11-28T10:31:01","date_gmt":"2009-11-28T12:31:01","guid":{"rendered":"http:\/\/www.oarcanjo.net\/site\/?p=6244"},"modified":"2009-12-01T08:00:33","modified_gmt":"2009-12-01T10:00:33","slug":"sao-tiago-da-marca","status":"publish","type":"post","link":"https:\/\/www.oarcanjo.net\/site\/sao-tiago-da-marca\/","title":{"rendered":"S\u00e3o Tiago da Marca"},"content":{"rendered":"<p><strong>28 de novembro<\/strong><\/p>\n<p>O santo de hoje morreu dizendo &#8220;Jesus, Maria, bendita paix\u00e3o de Jesus&#8221;, isto porque sua vida toda foi dedicada para a causa do Evangelho. Tiago da Marca nasceu no ano 1391 numa aldeia da Marca de Ancona, It\u00e1lia. Recebeu no Batismo o nome de Domingos. Tendo morrido seu pai e sua m\u00e3e, ficou aos cuidados de um homem rico que o encaminhou para trabalhos administrativos. Desta forma, S\u00e3o Tiago conheceu a iniquidade do mundo, tomando a decis\u00e3o de se retirar para um convento.<br \/>\nQuando despertou para a voca\u00e7\u00e3o \u00e0 vida Consagrada, S\u00e3o Tiago pensou em entrar para os Cartuxos, mas ao viajar para Babiena, na Toscana, ficou t\u00e3o edificado com os di\u00e1logos que travou com os franciscanos, que resolveu entrar para a Fam\u00edlia de S\u00e3o Francisco de Assis. Recebeu o h\u00e1bito, tomando o nome de Tiago, no Convento de Nossa Senhora dos Anjos, perto de Assis, onde, pouco tempo depois, fez profiss\u00e3o.<\/p>\n<p>Dormia apenas tr\u00eas horas por noite; e passava o restante da noite na medita\u00e7\u00e3o das coisas celestes. Nunca comia carne, jejuava inviolavelmente as sete quaresmas de S. Francisco. Todos os dias se disciplinava com rigor. A \u00fanica pena que sentia era n\u00e3o poder dedicar-se \u00e0 prega\u00e7\u00e3o, \u00fanico emprego que desejava na sua Ordem. Para conseguir o que tanto desejava, foi a Nossa Senhora do Loreto, celebrou a Santa Missa e, depois da consagra\u00e7\u00e3o, a Sant\u00edssima Virgem apareceu=lhe a dizer que a sua ora\u00e7\u00e3o tinha sido ouvida.<\/p>\n<p>Come\u00e7ou a pregar com tanto fervor que nunca subia ao p\u00falpito sem tocar os cora\u00e7\u00f5es mais endurecidos, fazendo muitas convers\u00f5es miraculosas. Foi associado a S\u00e3o Jo\u00e3o Capistrano para pregar a Cruzada contra os turcos que, tendo-se apoderado de Constantinopla, enchiam de terror toda a cristandade. Foi tal o seu zelo por esta ocasi\u00e3o que se lhe pode atribuir em grande parte o sucesso desta gloriosa empreitada.<\/p>\n<p>Como sacerdote dedicou-se nas prega\u00e7\u00f5es populares onde, de modo simples, vivo e eficaz, evangelizava e espalhava a S\u00e3 Doutrina Cat\u00f3lica em diversas regi\u00f5es da Europa.<\/p>\n<p>S\u00e3o Tiago anunciava, mas tamb\u00e9m denunciava toda opress\u00e3o social, pois os negociantes e mercadores tiranizavam o povo com empr\u00e9stimos de juros sem fim, por causa disso o santo fundou os bancos populares que emprestavam com juros m\u00ednimos.<\/p>\n<p>Por fim, S\u00e3o Tiago se instalou em N\u00e1poles onde teve a revela\u00e7\u00e3o que a\u00ed terminaria seus dias, como de fato aconteceu a 28 de novembro de 1476, isto depois de ser atingido por uma doen\u00e7a mortal.<\/p>\n<p>Foi canonizado em 1726 pelo Papa Bento XIII.<\/p>\n<p><em>Colabora\u00e7\u00e3o de Danilo Santana<\/em><\/p>\n<div id=\"themify_builder_content-6244\" data-postid=\"6244\" class=\"themify_builder_content themify_builder_content-6244 themify_builder themify_builder_front\">\n\t<\/div>\n<!-- \/themify_builder_content -->","protected":false},"excerpt":{"rendered":"<p>28 de novembro O santo de hoje morreu dizendo &#8220;Jesus, Maria, bendita paix\u00e3o de Jesus&#8221;, isto porque sua vida toda foi dedicada para a causa do Evangelho. Tiago da Marca nasceu no ano 1391 numa aldeia da Marca de Ancona, It\u00e1lia. Recebeu no Batismo o nome de Domingos. Tendo morrido seu pai e sua m\u00e3e, [&hellip;]<\/p>\n","protected":false},"author":5,"featured_media":0,"comment_status":"open","ping_status":"open","sticky":false,"template":"","format":"standard","meta":{"ngg_post_thumbnail":0,"footnotes":""},"categories":[186],"tags":[1308],"yoast_head":"<!-- This site is optimized with the Yoast SEO plugin v23.5 - https:\/\/yoast.com\/wordpress\/plugins\/seo\/ -->\n<title>S\u00e3o Tiago da Marca - O Arcanjo no ar<\/title>\n<meta name=\"robots\" content=\"index, follow, max-snippet:-1, max-image-preview:large, max-video-preview:-1\" \/>\n<link rel=\"canonical\" href=\"https:\/\/www.oarcanjo.net\/site\/sao-tiago-da-marca\/\" \/>\n<meta property=\"og:locale\" content=\"pt_BR\" \/>\n<meta property=\"og:type\" content=\"article\" \/>\n<meta property=\"og:title\" content=\"S\u00e3o Tiago da Marca - O Arcanjo no ar\" \/>\n<meta property=\"og:description\" content=\"28 de novembro O santo de hoje morreu dizendo &#8220;Jesus, Maria, bendita paix\u00e3o de Jesus&#8221;, isto porque sua vida toda foi dedicada para a causa do Evangelho. Tiago da Marca nasceu no ano 1391 numa aldeia da Marca de Ancona, It\u00e1lia. Recebeu no Batismo o nome de Domingos. Tendo morrido seu pai e sua m\u00e3e, [&hellip;]\" \/>\n<meta property=\"og:url\" content=\"https:\/\/www.oarcanjo.net\/site\/sao-tiago-da-marca\/\" \/>\n<meta property=\"og:site_name\" content=\"O Arcanjo no ar\" \/>\n<meta property=\"article:publisher\" content=\"https:\/\/www.facebook.com\/OArcanjoNoAr\/\" \/>\n<meta property=\"article:published_time\" content=\"2009-11-28T12:31:01+00:00\" \/>\n<meta property=\"article:modified_time\" content=\"2009-12-01T10:00:33+00:00\" \/>\n<meta property=\"og:image\" content=\"https:\/\/www.oarcanjo.net\/site\/wp-content\/uploads\/logo-o-arcanjo-no-ar-facebook.png\" \/>\n\t<meta property=\"og:image:width\" content=\"300\" \/>\n\t<meta property=\"og:image:height\" content=\"300\" \/>\n\t<meta property=\"og:image:type\" content=\"image\/png\" \/>\n<meta name=\"author\" content=\"editor\" \/>\n<meta name=\"twitter:card\" content=\"summary_large_image\" \/>\n<meta name=\"twitter:label1\" content=\"Escrito por\" \/>\n\t<meta name=\"twitter:data1\" content=\"editor\" \/>\n\t<meta name=\"twitter:label2\" content=\"Est. tempo de leitura\" \/>\n\t<meta name=\"twitter:data2\" content=\"2 minutos\" \/>\n<script type=\"application\/ld+json\" class=\"yoast-schema-graph\">{\"@context\":\"https:\/\/schema.org\",\"@graph\":[{\"@type\":\"Article\",\"@id\":\"https:\/\/www.oarcanjo.net\/site\/sao-tiago-da-marca\/#article\",\"isPartOf\":{\"@id\":\"https:\/\/www.oarcanjo.net\/site\/sao-tiago-da-marca\/\"},\"author\":{\"name\":\"editor\",\"@id\":\"https:\/\/www.oarcanjo.net\/site\/#\/schema\/person\/f7024d007863202483a31326673a0838\"},\"headline\":\"S\u00e3o Tiago da Marca\",\"datePublished\":\"2009-11-28T12:31:01+00:00\",\"dateModified\":\"2009-12-01T10:00:33+00:00\",\"mainEntityOfPage\":{\"@id\":\"https:\/\/www.oarcanjo.net\/site\/sao-tiago-da-marca\/\"},\"wordCount\":456,\"commentCount\":0,\"publisher\":{\"@id\":\"https:\/\/www.oarcanjo.net\/site\/#organization\"},\"keywords\":[\"S\u00e3o Tiago da Marca\"],\"articleSection\":[\"Testemunhos\"],\"inLanguage\":\"pt-BR\",\"potentialAction\":[{\"@type\":\"CommentAction\",\"name\":\"Comment\",\"target\":[\"https:\/\/www.oarcanjo.net\/site\/sao-tiago-da-marca\/#respond\"]}]},{\"@type\":\"WebPage\",\"@id\":\"https:\/\/www.oarcanjo.net\/site\/sao-tiago-da-marca\/\",\"url\":\"https:\/\/www.oarcanjo.net\/site\/sao-tiago-da-marca\/\",\"name\":\"S\u00e3o Tiago da Marca - O Arcanjo no ar\",\"isPartOf\":{\"@id\":\"https:\/\/www.oarcanjo.net\/site\/#website\"},\"datePublished\":\"2009-11-28T12:31:01+00:00\",\"dateModified\":\"2009-12-01T10:00:33+00:00\",\"breadcrumb\":{\"@id\":\"https:\/\/www.oarcanjo.net\/site\/sao-tiago-da-marca\/#breadcrumb\"},\"inLanguage\":\"pt-BR\",\"potentialAction\":[{\"@type\":\"ReadAction\",\"target\":[\"https:\/\/www.oarcanjo.net\/site\/sao-tiago-da-marca\/\"]}]},{\"@type\":\"BreadcrumbList\",\"@id\":\"https:\/\/www.oarcanjo.net\/site\/sao-tiago-da-marca\/#breadcrumb\",\"itemListElement\":[{\"@type\":\"ListItem\",\"position\":1,\"name\":\"In\u00edcio\",\"item\":\"https:\/\/www.oarcanjo.net\/site\/\"},{\"@type\":\"ListItem\",\"position\":2,\"name\":\"S\u00e3o Tiago da Marca\"}]},{\"@type\":\"WebSite\",\"@id\":\"https:\/\/www.oarcanjo.net\/site\/#website\",\"url\":\"https:\/\/www.oarcanjo.net\/site\/\",\"name\":\"O Arcanjo no ar\",\"description\":\"Site da Par\u00f3quia S\u00e3o Miguel Arcanjo (Arquidiocese de SP)\",\"publisher\":{\"@id\":\"https:\/\/www.oarcanjo.net\/site\/#organization\"},\"potentialAction\":[{\"@type\":\"SearchAction\",\"target\":{\"@type\":\"EntryPoint\",\"urlTemplate\":\"https:\/\/www.oarcanjo.net\/site\/?s={search_term_string}\"},\"query-input\":{\"@type\":\"PropertyValueSpecification\",\"valueRequired\":true,\"valueName\":\"search_term_string\"}}],\"inLanguage\":\"pt-BR\"},{\"@type\":\"Organization\",\"@id\":\"https:\/\/www.oarcanjo.net\/site\/#organization\",\"name\":\"Par\u00f3quia S\u00e3o Miguel Arcanjo\",\"url\":\"https:\/\/www.oarcanjo.net\/site\/\",\"logo\":{\"@type\":\"ImageObject\",\"inLanguage\":\"pt-BR\",\"@id\":\"https:\/\/www.oarcanjo.net\/site\/#\/schema\/logo\/image\/\",\"url\":\"https:\/\/www.oarcanjo.net\/site\/wp-content\/uploads\/LogoOArcanjo.png\",\"contentUrl\":\"https:\/\/www.oarcanjo.net\/site\/wp-content\/uploads\/LogoOArcanjo.png\",\"width\":319,\"height\":99,\"caption\":\"Par\u00f3quia S\u00e3o Miguel Arcanjo\"},\"image\":{\"@id\":\"https:\/\/www.oarcanjo.net\/site\/#\/schema\/logo\/image\/\"},\"sameAs\":[\"https:\/\/www.facebook.com\/OArcanjoNoAr\/\"]},{\"@type\":\"Person\",\"@id\":\"https:\/\/www.oarcanjo.net\/site\/#\/schema\/person\/f7024d007863202483a31326673a0838\",\"name\":\"editor\",\"sameAs\":[\"http:\/\/www.oarcanjo.net\"]}]}<\/script>\n<!-- \/ Yoast SEO plugin. -->","yoast_head_json":{"title":"S\u00e3o Tiago da Marca - O Arcanjo no ar","robots":{"index":"index","follow":"follow","max-snippet":"max-snippet:-1","max-image-preview":"max-image-preview:large","max-video-preview":"max-video-preview:-1"},"canonical":"https:\/\/www.oarcanjo.net\/site\/sao-tiago-da-marca\/","og_locale":"pt_BR","og_type":"article","og_title":"S\u00e3o Tiago da Marca - O Arcanjo no ar","og_description":"28 de novembro O santo de hoje morreu dizendo &#8220;Jesus, Maria, bendita paix\u00e3o de Jesus&#8221;, isto porque sua vida toda foi dedicada para a causa do Evangelho. Tiago da Marca nasceu no ano 1391 numa aldeia da Marca de Ancona, It\u00e1lia. Recebeu no Batismo o nome de Domingos. Tendo morrido seu pai e sua m\u00e3e, [&hellip;]","og_url":"https:\/\/www.oarcanjo.net\/site\/sao-tiago-da-marca\/","og_site_name":"O Arcanjo no ar","article_publisher":"https:\/\/www.facebook.com\/OArcanjoNoAr\/","article_published_time":"2009-11-28T12:31:01+00:00","article_modified_time":"2009-12-01T10:00:33+00:00","og_image":[{"width":300,"height":300,"url":"https:\/\/www.oarcanjo.net\/site\/wp-content\/uploads\/logo-o-arcanjo-no-ar-facebook.png","type":"image\/png"}],"author":"editor","twitter_card":"summary_large_image","twitter_misc":{"Escrito por":"editor","Est. tempo de leitura":"2 minutos"},"schema":{"@context":"https:\/\/schema.org","@graph":[{"@type":"Article","@id":"https:\/\/www.oarcanjo.net\/site\/sao-tiago-da-marca\/#article","isPartOf":{"@id":"https:\/\/www.oarcanjo.net\/site\/sao-tiago-da-marca\/"},"author":{"name":"editor","@id":"https:\/\/www.oarcanjo.net\/site\/#\/schema\/person\/f7024d007863202483a31326673a0838"},"headline":"S\u00e3o Tiago da Marca","datePublished":"2009-11-28T12:31:01+00:00","dateModified":"2009-12-01T10:00:33+00:00","mainEntityOfPage":{"@id":"https:\/\/www.oarcanjo.net\/site\/sao-tiago-da-marca\/"},"wordCount":456,"commentCount":0,"publisher":{"@id":"https:\/\/www.oarcanjo.net\/site\/#organization"},"keywords":["S\u00e3o Tiago da Marca"],"articleSection":["Testemunhos"],"inLanguage":"pt-BR","potentialAction":[{"@type":"CommentAction","name":"Comment","target":["https:\/\/www.oarcanjo.net\/site\/sao-tiago-da-marca\/#respond"]}]},{"@type":"WebPage","@id":"https:\/\/www.oarcanjo.net\/site\/sao-tiago-da-marca\/","url":"https:\/\/www.oarcanjo.net\/site\/sao-tiago-da-marca\/","name":"S\u00e3o Tiago da Marca - O Arcanjo no ar","isPartOf":{"@id":"https:\/\/www.oarcanjo.net\/site\/#website"},"datePublished":"2009-11-28T12:31:01+00:00","dateModified":"2009-12-01T10:00:33+00:00","breadcrumb":{"@id":"https:\/\/www.oarcanjo.net\/site\/sao-tiago-da-marca\/#breadcrumb"},"inLanguage":"pt-BR","potentialAction":[{"@type":"ReadAction","target":["https:\/\/www.oarcanjo.net\/site\/sao-tiago-da-marca\/"]}]},{"@type":"BreadcrumbList","@id":"https:\/\/www.oarcanjo.net\/site\/sao-tiago-da-marca\/#breadcrumb","itemListElement":[{"@type":"ListItem","position":1,"name":"In\u00edcio","item":"https:\/\/www.oarcanjo.net\/site\/"},{"@type":"ListItem","position":2,"name":"S\u00e3o Tiago da Marca"}]},{"@type":"WebSite","@id":"https:\/\/www.oarcanjo.net\/site\/#website","url":"https:\/\/www.oarcanjo.net\/site\/","name":"O Arcanjo no ar","description":"Site da Par\u00f3quia S\u00e3o Miguel Arcanjo (Arquidiocese de SP)","publisher":{"@id":"https:\/\/www.oarcanjo.net\/site\/#organization"},"potentialAction":[{"@type":"SearchAction","target":{"@type":"EntryPoint","urlTemplate":"https:\/\/www.oarcanjo.net\/site\/?s={search_term_string}"},"query-input":{"@type":"PropertyValueSpecification","valueRequired":true,"valueName":"search_term_string"}}],"inLanguage":"pt-BR"},{"@type":"Organization","@id":"https:\/\/www.oarcanjo.net\/site\/#organization","name":"Par\u00f3quia S\u00e3o Miguel Arcanjo","url":"https:\/\/www.oarcanjo.net\/site\/","logo":{"@type":"ImageObject","inLanguage":"pt-BR","@id":"https:\/\/www.oarcanjo.net\/site\/#\/schema\/logo\/image\/","url":"https:\/\/www.oarcanjo.net\/site\/wp-content\/uploads\/LogoOArcanjo.png","contentUrl":"https:\/\/www.oarcanjo.net\/site\/wp-content\/uploads\/LogoOArcanjo.png","width":319,"height":99,"caption":"Par\u00f3quia S\u00e3o Miguel Arcanjo"},"image":{"@id":"https:\/\/www.oarcanjo.net\/site\/#\/schema\/logo\/image\/"},"sameAs":["https:\/\/www.facebook.com\/OArcanjoNoAr\/"]},{"@type":"Person","@id":"https:\/\/www.oarcanjo.net\/site\/#\/schema\/person\/f7024d007863202483a31326673a0838","name":"editor","sameAs":["http:\/\/www.oarcanjo.net"]}]}},"publishpress_future_action":{"enabled":false,"date":"2026-05-08 03:40:32","action":"category","newStatus":"draft","terms":[],"taxonomy":"category"},"publishpress_future_workflow_manual_trigger":{"enabledWorkflows":[]},"_links":{"self":[{"href":"https:\/\/www.oarcanjo.net\/site\/wp-json\/wp\/v2\/posts\/6244"}],"collection":[{"href":"https:\/\/www.oarcanjo.net\/site\/wp-json\/wp\/v2\/posts"}],"about":[{"href":"https:\/\/www.oarcanjo.net\/site\/wp-json\/wp\/v2\/types\/post"}],"author":[{"embeddable":true,"href":"https:\/\/www.oarcanjo.net\/site\/wp-json\/wp\/v2\/users\/5"}],"replies":[{"embeddable":true,"href":"https:\/\/www.oarcanjo.net\/site\/wp-json\/wp\/v2\/comments?post=6244"}],"version-history":[{"count":0,"href":"https:\/\/www.oarcanjo.net\/site\/wp-json\/wp\/v2\/posts\/6244\/revisions"}],"wp:attachment":[{"href":"https:\/\/www.oarcanjo.net\/site\/wp-json\/wp\/v2\/media?parent=6244"}],"wp:term":[{"taxonomy":"category","embeddable":true,"href":"https:\/\/www.oarcanjo.net\/site\/wp-json\/wp\/v2\/categories?post=6244"},{"taxonomy":"post_tag","embeddable":true,"href":"https:\/\/www.oarcanjo.net\/site\/wp-json\/wp\/v2\/tags?post=6244"}],"curies":[{"name":"wp","href":"https:\/\/api.w.org\/{rel}","templated":true}]}}